{"id":470,"date":"2026-01-18T00:00:00","date_gmt":"2026-01-18T03:00:00","guid":{"rendered":"https:\/\/www.sistemametra.com.br\/blog\/programa-emissao-aso-sst\/"},"modified":"2026-04-28T16:51:25","modified_gmt":"2026-04-28T19:51:25","slug":"programa-emissao-aso-sst","status":"publish","type":"post","link":"https:\/\/www.sistemametra.com.br\/blog\/programa-emissao-aso-sst\/","title":{"rendered":"Programa de emiss\u00e3o de aso sst"},"content":{"rendered":"<article>\n<p>Se voc\u00ea est\u00e1 em busca de um sistema de gest\u00e3o de SST e eSocial eficiente e que atenda todas as necessidades da sua empresa, ent\u00e3o voc\u00ea precisa conhecer o programa de emiss\u00e3o de ASO da Sistema METRA. Com mais anos de atua\u00e7\u00e3o no mercado, somos l\u00edderes no segmento de Como Aprimorar o Sistema de Solu\u00e7\u00f5es para Gest\u00e3o de SST e eSocial e oferecemos o que h\u00e1 de mais completo e moderno em tecnologia para ajudar a sua empresa a garantir a seguran\u00e7a e a sa\u00fade dos seus colaboradores.<\/p>\n<h2>PROGRAMA DE EMISS\u00c3O DE ASO SST: O QUE \u00c9 E COMO FUNCIONA?<\/h2>\n<p>O ASO (Atestado de Sa\u00fade Ocupacional) \u00e9 um documento importante para as empresas que precisam comprovar que seus colaboradores est\u00e3o aptos para o exerc\u00edcio de suas fun\u00e7\u00f5es. Ele \u00e9 exigido por lei e serve para atestar a sa\u00fade ocupacional dos trabalhadores, permitindo a preven\u00e7\u00e3o de acidentes e doen\u00e7as no ambiente de trabalho.<\/p>\n<p>O <strong>programa de emiss\u00e3o de aso sst<\/strong> da Sistema METRA foi desenvolvido para facilitar e agilizar esse processo dentro das empresas. Com ele, \u00e9 poss\u00edvel fazer o controle dos exames m\u00e9dicos ocupacionais de forma totalmente online, al\u00e9m de armazenar todas as informa\u00e7\u00f5es dos colaboradores de forma segura e acess\u00edvel a qualquer momento.<\/p>\n<h2>VANTAGENS DO PROGRAMA DE EMISS\u00c3O DE ASO SST<\/h2>\n<p>Al\u00e9m da praticidade e efici\u00eancia, h\u00e1 outras vantagens em utilizar o <strong>programa de emiss\u00e3o de aso sst<\/strong> da Sistema METRA. Confira algumas delas:<\/p>\n<p>Maior precis\u00e3o nas informa\u00e7\u00f5es, evitando erros e retrabalho;<\/p>\n<p>Agilidade no processo de emiss\u00e3o do ASO, reduzindo o tempo de espera e o risco de multas por descumprimento de prazos;<\/p>\n<p>Controle completo dos exames m\u00e9dicos ocupacionais, com hist\u00f3rico e agendamentos;<\/p>\n<p>Integra\u00e7\u00e3o com o eSocial, garantindo o cumprimento de todas as exig\u00eancias legais;<\/p>\n<p>Maior seguran\u00e7a e confidencialidade das informa\u00e7\u00f5es dos colaboradores;<\/p>\n<p>Acesso online e f\u00e1cil para os funcion\u00e1rios, permitindo a visualiza\u00e7\u00e3o dos exames e resultados;<\/p>\n<p>Suporte t\u00e9cnico especializado para auxiliar em caso de d\u00favidas ou problemas.<\/p>\n<h2>COMO O PROGRAMA DE EMISS\u00c3O DE ASO SST PODE SER APLICADO?<\/h2>\n<p>O <strong>programa de emiss\u00e3o de aso sst<\/strong> pode ser aplicado em empresas de qualquer segmento e porte, desde pequenas at\u00e9 grandes organiza\u00e7\u00f5es. \u00c9 uma ferramenta essencial para garantir a sa\u00fade e seguran\u00e7a dos colaboradores, bem como o cumprimento das legisla\u00e7\u00f5es trabalhistas.<\/p>\n<p>Ao implementar o sistema de gest\u00e3o de ASO da Sistema METRA, a empresa estar\u00e1 mais preparada para atender \u00e0s exig\u00eancias do eSocial e se manter em dia com as obriga\u00e7\u00f5es legais. Al\u00e9m disso, ser\u00e1 poss\u00edvel ter um controle mais efetivo dos exames m\u00e9dicos ocupacionais, ajudando a prevenir acidentes e doen\u00e7as ocupacionais e, consequentemente, reduzindo os custos com afastamentos e processos judiciais.<\/p>\n<h2>RECOMENDA\u00c7\u00d5ES FINAIS<\/h2>\n<p>Para as empresas que desejam ter uma gest\u00e3o de SST eficiente e estar em conformidade com o eSocial, o programa de emiss\u00e3o de ASO da Sistema METRA \u00e9 a solu\u00e7\u00e3o ideal. Al\u00e9m de atender a todas as demandas exigidas pela legisla\u00e7\u00e3o, ele proporciona uma gest\u00e3o mais segura, eficiente e confi\u00e1vel dos exames m\u00e9dicos ocupacionais da sua empresa.<\/p>\n<p>N\u00e3o perca mais tempo e fa\u00e7a agora mesmo uma cota\u00e7\u00e3o na Sistema METRA para adquirir o melhor sistema de gest\u00e3o de ASO SST do mercado! Entre em contato conosco e descubra como podemos ajudar a sua empresa a garantir a sa\u00fade e a seguran\u00e7a dos seus colaboradores.<\/p>\n<h2>Para saber mais sobre Programa de emiss\u00e3o de aso sst<\/h2>\n<p>Ligue para <strong>0800-707-5900 <\/strong>ou clique aqui e entre em contato por email.<\/p>\n<p>O conte\u00fado do texto desta p\u00e1gina \u00e9 de direito reservado. Sua reprodu\u00e7\u00e3o, parcial ou total, mesmo citando nossos links, \u00e9 proibida sem a autoriza\u00e7\u00e3o do autor. Crime de viola\u00e7\u00e3o de direito autoral \u2013 artigo 184 do C\u00f3digo Penal \u2013 Lei 9610\/98 &#8211; Lei de direitos autorais. <\/article>\n","protected":false},"excerpt":{"rendered":"<p>Se voc\u00ea est\u00e1 em busca de um sistema de gest\u00e3o de SST e eSocial eficiente e que atenda todas as necessidades da sua empresa, ent\u00e3o voc\u00ea precisa conhecer o programa de emiss\u00e3o de ASO da Sistema METRA. Com mais anos de atua\u00e7\u00e3o no mercado, somos l\u00edderes no segmento de Como Aprimorar o Sistema de Solu\u00e7\u00f5es [&hellip;]<\/p>\n","protected":false},"author":3,"featured_media":471,"comment_status":"open","ping_status":"open","sticky":false,"template":"","format":"standard","meta":{"footnotes":""},"categories":[12],"tags":[],"class_list":["post-470","post","type-post","status-publish","format-standard","has-post-thumbnail","hentry","category-programas-e-documentos"],"yoast_head":"<!-- This site is optimized with the Yoast SEO plugin v27.5 - https:\/\/yoast.com\/product\/yoast-seo-wordpress\/ -->\n<title>Programa de emiss\u00e3o de aso sst | Sistema Metra<\/title>\n<meta name=\"robots\" content=\"index, follow, max-snippet:-1, max-image-preview:large, max-video-preview:-1\" \/>\n<link rel=\"canonical\" href=\"https:\/\/www.sistemametra.com.br\/blog\/programa-emissao-aso-sst\/\" \/>\n<meta property=\"og:locale\" content=\"pt_BR\" \/>\n<meta property=\"og:type\" content=\"article\" \/>\n<meta property=\"og:title\" content=\"Programa de emiss\u00e3o de aso sst | Sistema Metra\" \/>\n<meta property=\"og:description\" content=\"Se voc\u00ea est\u00e1 em busca de um sistema de gest\u00e3o de SST e eSocial eficiente e que atenda todas as necessidades da sua empresa, ent\u00e3o voc\u00ea precisa conhecer o programa de emiss\u00e3o de ASO da Sistema METRA. Com mais anos de atua\u00e7\u00e3o no mercado, somos l\u00edderes no segmento de Como Aprimorar o Sistema de Solu\u00e7\u00f5es [&hellip;]\" \/>\n<meta property=\"og:url\" content=\"https:\/\/www.sistemametra.com.br\/blog\/programa-emissao-aso-sst\/\" \/>\n<meta property=\"og:site_name\" content=\"Blog Metra\" \/>\n<meta property=\"article:publisher\" content=\"https:\/\/www.facebook.com\/metraweb\" \/>\n<meta property=\"article:published_time\" content=\"2026-01-18T03:00:00+00:00\" \/>\n<meta property=\"article:modified_time\" content=\"2026-04-28T19:51:25+00:00\" \/>\n<meta property=\"og:image\" content=\"https:\/\/www.sistemametra.com.br\/blog\/wp-content\/uploads\/2026\/04\/programa-emissao-aso-sst.webp\" \/>\n\t<meta property=\"og:image:width\" content=\"800\" \/>\n\t<meta property=\"og:image:height\" content=\"800\" \/>\n\t<meta property=\"og:image:type\" content=\"image\/jpeg\" \/>\n<meta name=\"author\" content=\"Anderson Fernandes\" \/>\n<meta name=\"twitter:card\" content=\"summary_large_image\" \/>\n<meta name=\"twitter:label1\" content=\"Escrito por\" \/>\n\t<meta name=\"twitter:data1\" content=\"Anderson Fernandes\" \/>\n\t<meta name=\"twitter:label2\" content=\"Est. tempo de leitura\" \/>\n\t<meta name=\"twitter:data2\" content=\"3 minutos\" \/>\n<script type=\"application\/ld+json\" class=\"yoast-schema-graph\">{\"@context\":\"https:\\\/\\\/schema.org\",\"@graph\":[{\"@type\":\"Article\",\"@id\":\"https:\\\/\\\/www.sistemametra.com.br\\\/blog\\\/programa-emissao-aso-sst\\\/#article\",\"isPartOf\":{\"@id\":\"https:\\\/\\\/www.sistemametra.com.br\\\/blog\\\/programa-emissao-aso-sst\\\/\"},\"author\":{\"name\":\"Anderson Fernandes\",\"@id\":\"https:\\\/\\\/www.sistemametra.com.br\\\/blog\\\/#\\\/schema\\\/person\\\/7c04d9110a7e64758ca9951890e56d82\"},\"headline\":\"Programa de emiss\u00e3o de aso sst\",\"datePublished\":\"2026-01-18T03:00:00+00:00\",\"dateModified\":\"2026-04-28T19:51:25+00:00\",\"mainEntityOfPage\":{\"@id\":\"https:\\\/\\\/www.sistemametra.com.br\\\/blog\\\/programa-emissao-aso-sst\\\/\"},\"wordCount\":678,\"commentCount\":0,\"publisher\":{\"@id\":\"https:\\\/\\\/www.sistemametra.com.br\\\/blog\\\/#organization\"},\"image\":{\"@id\":\"https:\\\/\\\/www.sistemametra.com.br\\\/blog\\\/programa-emissao-aso-sst\\\/#primaryimage\"},\"thumbnailUrl\":\"https:\\\/\\\/www.sistemametra.com.br\\\/blog\\\/wp-content\\\/uploads\\\/2026\\\/04\\\/programa-emissao-aso-sst.webp\",\"articleSection\":[\"Programas e Documentos\"],\"inLanguage\":\"pt-BR\",\"potentialAction\":[{\"@type\":\"CommentAction\",\"name\":\"Comment\",\"target\":[\"https:\\\/\\\/www.sistemametra.com.br\\\/blog\\\/programa-emissao-aso-sst\\\/#respond\"]}]},{\"@type\":\"WebPage\",\"@id\":\"https:\\\/\\\/www.sistemametra.com.br\\\/blog\\\/programa-emissao-aso-sst\\\/\",\"url\":\"https:\\\/\\\/www.sistemametra.com.br\\\/blog\\\/programa-emissao-aso-sst\\\/\",\"name\":\"Programa de emiss\u00e3o de aso sst | Sistema Metra\",\"isPartOf\":{\"@id\":\"https:\\\/\\\/www.sistemametra.com.br\\\/blog\\\/#website\"},\"primaryImageOfPage\":{\"@id\":\"https:\\\/\\\/www.sistemametra.com.br\\\/blog\\\/programa-emissao-aso-sst\\\/#primaryimage\"},\"image\":{\"@id\":\"https:\\\/\\\/www.sistemametra.com.br\\\/blog\\\/programa-emissao-aso-sst\\\/#primaryimage\"},\"thumbnailUrl\":\"https:\\\/\\\/www.sistemametra.com.br\\\/blog\\\/wp-content\\\/uploads\\\/2026\\\/04\\\/programa-emissao-aso-sst.webp\",\"datePublished\":\"2026-01-18T03:00:00+00:00\",\"dateModified\":\"2026-04-28T19:51:25+00:00\",\"breadcrumb\":{\"@id\":\"https:\\\/\\\/www.sistemametra.com.br\\\/blog\\\/programa-emissao-aso-sst\\\/#breadcrumb\"},\"inLanguage\":\"pt-BR\",\"potentialAction\":[{\"@type\":\"ReadAction\",\"target\":[\"https:\\\/\\\/www.sistemametra.com.br\\\/blog\\\/programa-emissao-aso-sst\\\/\"]}]},{\"@type\":\"ImageObject\",\"inLanguage\":\"pt-BR\",\"@id\":\"https:\\\/\\\/www.sistemametra.com.br\\\/blog\\\/programa-emissao-aso-sst\\\/#primaryimage\",\"url\":\"https:\\\/\\\/www.sistemametra.com.br\\\/blog\\\/wp-content\\\/uploads\\\/2026\\\/04\\\/programa-emissao-aso-sst.webp\",\"contentUrl\":\"https:\\\/\\\/www.sistemametra.com.br\\\/blog\\\/wp-content\\\/uploads\\\/2026\\\/04\\\/programa-emissao-aso-sst.webp\",\"width\":800,\"height\":800,\"caption\":\"sobre emiss\u00e3o de aso sst | Blog Metra\"},{\"@type\":\"BreadcrumbList\",\"@id\":\"https:\\\/\\\/www.sistemametra.com.br\\\/blog\\\/programa-emissao-aso-sst\\\/#breadcrumb\",\"itemListElement\":[{\"@type\":\"ListItem\",\"position\":1,\"name\":\"In\u00edcio\",\"item\":\"https:\\\/\\\/www.sistemametra.com.br\\\/blog\\\/\"},{\"@type\":\"ListItem\",\"position\":2,\"name\":\"Programa de emiss\u00e3o de aso sst\"}]},{\"@type\":\"WebSite\",\"@id\":\"https:\\\/\\\/www.sistemametra.com.br\\\/blog\\\/#website\",\"url\":\"https:\\\/\\\/www.sistemametra.com.br\\\/blog\\\/\",\"name\":\"Blog Metra\",\"description\":\"Conte\u00fado pr\u00e1tico sobre Sa\u00fade e Seguran\u00e7a do Trabalho: normas, documentos e obriga\u00e7\u00f5es explicados de forma direta para profissionais e empresas.\",\"publisher\":{\"@id\":\"https:\\\/\\\/www.sistemametra.com.br\\\/blog\\\/#organization\"},\"alternateName\":\"Sistema Metra\",\"potentialAction\":[{\"@type\":\"SearchAction\",\"target\":{\"@type\":\"EntryPoint\",\"urlTemplate\":\"https:\\\/\\\/www.sistemametra.com.br\\\/blog\\\/?s={search_term_string}\"},\"query-input\":{\"@type\":\"PropertyValueSpecification\",\"valueRequired\":true,\"valueName\":\"search_term_string\"}}],\"inLanguage\":\"pt-BR\"},{\"@type\":\"Organization\",\"@id\":\"https:\\\/\\\/www.sistemametra.com.br\\\/blog\\\/#organization\",\"name\":\"Sistema Metra\",\"url\":\"https:\\\/\\\/www.sistemametra.com.br\\\/blog\\\/\",\"logo\":{\"@type\":\"ImageObject\",\"inLanguage\":\"pt-BR\",\"@id\":\"https:\\\/\\\/www.sistemametra.com.br\\\/blog\\\/#\\\/schema\\\/logo\\\/image\\\/\",\"url\":\"https:\\\/\\\/www.sistemametra.com.br\\\/blog\\\/wp-content\\\/uploads\\\/2026\\\/04\\\/blog-metra.webp\",\"contentUrl\":\"https:\\\/\\\/www.sistemametra.com.br\\\/blog\\\/wp-content\\\/uploads\\\/2026\\\/04\\\/blog-metra.webp\",\"width\":800,\"height\":800,\"caption\":\"Sistema Metra\"},\"image\":{\"@id\":\"https:\\\/\\\/www.sistemametra.com.br\\\/blog\\\/#\\\/schema\\\/logo\\\/image\\\/\"},\"sameAs\":[\"https:\\\/\\\/www.facebook.com\\\/metraweb\",\"https:\\\/\\\/www.linkedin.com\\\/company\\\/metra-web\\\/?viewAsMember=true\",\"https:\\\/\\\/www.youtube.com\\\/@SistemaMetra\"]},{\"@type\":\"Person\",\"@id\":\"https:\\\/\\\/www.sistemametra.com.br\\\/blog\\\/#\\\/schema\\\/person\\\/7c04d9110a7e64758ca9951890e56d82\",\"name\":\"Anderson Fernandes\",\"image\":{\"@type\":\"ImageObject\",\"inLanguage\":\"pt-BR\",\"@id\":\"https:\\\/\\\/secure.gravatar.com\\\/avatar\\\/fbe9c5fc3e57710af6aceaea09e3d466e4721a3069e8568b6c9655c7231c5b5e?s=96&d=mm&r=g\",\"url\":\"https:\\\/\\\/secure.gravatar.com\\\/avatar\\\/fbe9c5fc3e57710af6aceaea09e3d466e4721a3069e8568b6c9655c7231c5b5e?s=96&d=mm&r=g\",\"contentUrl\":\"https:\\\/\\\/secure.gravatar.com\\\/avatar\\\/fbe9c5fc3e57710af6aceaea09e3d466e4721a3069e8568b6c9655c7231c5b5e?s=96&d=mm&r=g\",\"caption\":\"Anderson Fernandes\"},\"description\":\"Com forma\u00e7\u00e3o superior \u00e9 t\u00e9cnico em Seguran\u00e7a do Trabalho do Sistema Metra. H\u00e1 30 anos trabalhando ininterruptamente na \u00e1rea desde 2002. Formado ainda no Curso de Tecn\u00f3logo em Seguran\u00e7a do Trabalho e cursando Engenharia visando a p\u00f3s gradua\u00e7\u00e3o em Seguran\u00e7a do Trabalho. Atua ainda como int\u00e9rprete de LIBRAS e atualmente \u00e9 consultor de diversas empresas em ramos de atividade como: Minera\u00e7\u00e3o, Automobil\u00edstica, Manuten\u00e7\u00e3o El\u00e9trica de Grande Porte, Cer\u00e2mica, Refrat\u00e1rios, Sa\u00fade entre outros. \u00c9 propriet\u00e1rio da empresa Mais Sa\u00fade e Seguran\u00e7a do Trabalho e atende seus clientes de forma personalizada moldando a\u00e7\u00f5es conforme as caracter\u00edsticas de cliente.\",\"sameAs\":[\"https:\\\/\\\/www.sistemametra.com.br\",\"https:\\\/\\\/www.instagram.com\\\/andfergom17121999\"],\"url\":\"https:\\\/\\\/www.sistemametra.com.br\\\/blog\\\/author\\\/anderson-fernandes\\\/\"}]}<\/script>\n<!-- \/ Yoast SEO plugin. -->","yoast_head_json":{"title":"Programa de emiss\u00e3o de aso sst | Sistema Metra","robots":{"index":"index","follow":"follow","max-snippet":"max-snippet:-1","max-image-preview":"max-image-preview:large","max-video-preview":"max-video-preview:-1"},"canonical":"https:\/\/www.sistemametra.com.br\/blog\/programa-emissao-aso-sst\/","og_locale":"pt_BR","og_type":"article","og_title":"Programa de emiss\u00e3o de aso sst | Sistema Metra","og_description":"Se voc\u00ea est\u00e1 em busca de um sistema de gest\u00e3o de SST e eSocial eficiente e que atenda todas as necessidades da sua empresa, ent\u00e3o voc\u00ea precisa conhecer o programa de emiss\u00e3o de ASO da Sistema METRA. Com mais anos de atua\u00e7\u00e3o no mercado, somos l\u00edderes no segmento de Como Aprimorar o Sistema de Solu\u00e7\u00f5es [&hellip;]","og_url":"https:\/\/www.sistemametra.com.br\/blog\/programa-emissao-aso-sst\/","og_site_name":"Blog Metra","article_publisher":"https:\/\/www.facebook.com\/metraweb","article_published_time":"2026-01-18T03:00:00+00:00","article_modified_time":"2026-04-28T19:51:25+00:00","og_image":[{"width":800,"height":800,"url":"https:\/\/www.sistemametra.com.br\/blog\/wp-content\/uploads\/2026\/04\/programa-emissao-aso-sst.webp","type":"image\/jpeg"}],"author":"Anderson Fernandes","twitter_card":"summary_large_image","twitter_misc":{"Escrito por":"Anderson Fernandes","Est. tempo de leitura":"3 minutos"},"schema":{"@context":"https:\/\/schema.org","@graph":[{"@type":"Article","@id":"https:\/\/www.sistemametra.com.br\/blog\/programa-emissao-aso-sst\/#article","isPartOf":{"@id":"https:\/\/www.sistemametra.com.br\/blog\/programa-emissao-aso-sst\/"},"author":{"name":"Anderson Fernandes","@id":"https:\/\/www.sistemametra.com.br\/blog\/#\/schema\/person\/7c04d9110a7e64758ca9951890e56d82"},"headline":"Programa de emiss\u00e3o de aso sst","datePublished":"2026-01-18T03:00:00+00:00","dateModified":"2026-04-28T19:51:25+00:00","mainEntityOfPage":{"@id":"https:\/\/www.sistemametra.com.br\/blog\/programa-emissao-aso-sst\/"},"wordCount":678,"commentCount":0,"publisher":{"@id":"https:\/\/www.sistemametra.com.br\/blog\/#organization"},"image":{"@id":"https:\/\/www.sistemametra.com.br\/blog\/programa-emissao-aso-sst\/#primaryimage"},"thumbnailUrl":"https:\/\/www.sistemametra.com.br\/blog\/wp-content\/uploads\/2026\/04\/programa-emissao-aso-sst.webp","articleSection":["Programas e Documentos"],"inLanguage":"pt-BR","potentialAction":[{"@type":"CommentAction","name":"Comment","target":["https:\/\/www.sistemametra.com.br\/blog\/programa-emissao-aso-sst\/#respond"]}]},{"@type":"WebPage","@id":"https:\/\/www.sistemametra.com.br\/blog\/programa-emissao-aso-sst\/","url":"https:\/\/www.sistemametra.com.br\/blog\/programa-emissao-aso-sst\/","name":"Programa de emiss\u00e3o de aso sst | Sistema Metra","isPartOf":{"@id":"https:\/\/www.sistemametra.com.br\/blog\/#website"},"primaryImageOfPage":{"@id":"https:\/\/www.sistemametra.com.br\/blog\/programa-emissao-aso-sst\/#primaryimage"},"image":{"@id":"https:\/\/www.sistemametra.com.br\/blog\/programa-emissao-aso-sst\/#primaryimage"},"thumbnailUrl":"https:\/\/www.sistemametra.com.br\/blog\/wp-content\/uploads\/2026\/04\/programa-emissao-aso-sst.webp","datePublished":"2026-01-18T03:00:00+00:00","dateModified":"2026-04-28T19:51:25+00:00","breadcrumb":{"@id":"https:\/\/www.sistemametra.com.br\/blog\/programa-emissao-aso-sst\/#breadcrumb"},"inLanguage":"pt-BR","potentialAction":[{"@type":"ReadAction","target":["https:\/\/www.sistemametra.com.br\/blog\/programa-emissao-aso-sst\/"]}]},{"@type":"ImageObject","inLanguage":"pt-BR","@id":"https:\/\/www.sistemametra.com.br\/blog\/programa-emissao-aso-sst\/#primaryimage","url":"https:\/\/www.sistemametra.com.br\/blog\/wp-content\/uploads\/2026\/04\/programa-emissao-aso-sst.webp","contentUrl":"https:\/\/www.sistemametra.com.br\/blog\/wp-content\/uploads\/2026\/04\/programa-emissao-aso-sst.webp","width":800,"height":800,"caption":"sobre emiss\u00e3o de aso sst | Blog Metra"},{"@type":"BreadcrumbList","@id":"https:\/\/www.sistemametra.com.br\/blog\/programa-emissao-aso-sst\/#breadcrumb","itemListElement":[{"@type":"ListItem","position":1,"name":"In\u00edcio","item":"https:\/\/www.sistemametra.com.br\/blog\/"},{"@type":"ListItem","position":2,"name":"Programa de emiss\u00e3o de aso sst"}]},{"@type":"WebSite","@id":"https:\/\/www.sistemametra.com.br\/blog\/#website","url":"https:\/\/www.sistemametra.com.br\/blog\/","name":"Blog Metra","description":"Conte\u00fado pr\u00e1tico sobre Sa\u00fade e Seguran\u00e7a do Trabalho: normas, documentos e obriga\u00e7\u00f5es explicados de forma direta para profissionais e empresas.","publisher":{"@id":"https:\/\/www.sistemametra.com.br\/blog\/#organization"},"alternateName":"Sistema Metra","potentialAction":[{"@type":"SearchAction","target":{"@type":"EntryPoint","urlTemplate":"https:\/\/www.sistemametra.com.br\/blog\/?s={search_term_string}"},"query-input":{"@type":"PropertyValueSpecification","valueRequired":true,"valueName":"search_term_string"}}],"inLanguage":"pt-BR"},{"@type":"Organization","@id":"https:\/\/www.sistemametra.com.br\/blog\/#organization","name":"Sistema Metra","url":"https:\/\/www.sistemametra.com.br\/blog\/","logo":{"@type":"ImageObject","inLanguage":"pt-BR","@id":"https:\/\/www.sistemametra.com.br\/blog\/#\/schema\/logo\/image\/","url":"https:\/\/www.sistemametra.com.br\/blog\/wp-content\/uploads\/2026\/04\/blog-metra.webp","contentUrl":"https:\/\/www.sistemametra.com.br\/blog\/wp-content\/uploads\/2026\/04\/blog-metra.webp","width":800,"height":800,"caption":"Sistema Metra"},"image":{"@id":"https:\/\/www.sistemametra.com.br\/blog\/#\/schema\/logo\/image\/"},"sameAs":["https:\/\/www.facebook.com\/metraweb","https:\/\/www.linkedin.com\/company\/metra-web\/?viewAsMember=true","https:\/\/www.youtube.com\/@SistemaMetra"]},{"@type":"Person","@id":"https:\/\/www.sistemametra.com.br\/blog\/#\/schema\/person\/7c04d9110a7e64758ca9951890e56d82","name":"Anderson Fernandes","image":{"@type":"ImageObject","inLanguage":"pt-BR","@id":"https:\/\/secure.gravatar.com\/avatar\/fbe9c5fc3e57710af6aceaea09e3d466e4721a3069e8568b6c9655c7231c5b5e?s=96&d=mm&r=g","url":"https:\/\/secure.gravatar.com\/avatar\/fbe9c5fc3e57710af6aceaea09e3d466e4721a3069e8568b6c9655c7231c5b5e?s=96&d=mm&r=g","contentUrl":"https:\/\/secure.gravatar.com\/avatar\/fbe9c5fc3e57710af6aceaea09e3d466e4721a3069e8568b6c9655c7231c5b5e?s=96&d=mm&r=g","caption":"Anderson Fernandes"},"description":"Com forma\u00e7\u00e3o superior \u00e9 t\u00e9cnico em Seguran\u00e7a do Trabalho do Sistema Metra. H\u00e1 30 anos trabalhando ininterruptamente na \u00e1rea desde 2002. Formado ainda no Curso de Tecn\u00f3logo em Seguran\u00e7a do Trabalho e cursando Engenharia visando a p\u00f3s gradua\u00e7\u00e3o em Seguran\u00e7a do Trabalho. Atua ainda como int\u00e9rprete de LIBRAS e atualmente \u00e9 consultor de diversas empresas em ramos de atividade como: Minera\u00e7\u00e3o, Automobil\u00edstica, Manuten\u00e7\u00e3o El\u00e9trica de Grande Porte, Cer\u00e2mica, Refrat\u00e1rios, Sa\u00fade entre outros. \u00c9 propriet\u00e1rio da empresa Mais Sa\u00fade e Seguran\u00e7a do Trabalho e atende seus clientes de forma personalizada moldando a\u00e7\u00f5es conforme as caracter\u00edsticas de cliente.","sameAs":["https:\/\/www.sistemametra.com.br","https:\/\/www.instagram.com\/andfergom17121999"],"url":"https:\/\/www.sistemametra.com.br\/blog\/author\/anderson-fernandes\/"}]}},"_links":{"self":[{"href":"https:\/\/www.sistemametra.com.br\/blog\/wp-json\/wp\/v2\/posts\/470","targetHints":{"allow":["GET"]}}],"collection":[{"href":"https:\/\/www.sistemametra.com.br\/blog\/wp-json\/wp\/v2\/posts"}],"about":[{"href":"https:\/\/www.sistemametra.com.br\/blog\/wp-json\/wp\/v2\/types\/post"}],"author":[{"embeddable":true,"href":"https:\/\/www.sistemametra.com.br\/blog\/wp-json\/wp\/v2\/users\/3"}],"replies":[{"embeddable":true,"href":"https:\/\/www.sistemametra.com.br\/blog\/wp-json\/wp\/v2\/comments?post=470"}],"version-history":[{"count":1,"href":"https:\/\/www.sistemametra.com.br\/blog\/wp-json\/wp\/v2\/posts\/470\/revisions"}],"predecessor-version":[{"id":849,"href":"https:\/\/www.sistemametra.com.br\/blog\/wp-json\/wp\/v2\/posts\/470\/revisions\/849"}],"wp:featuredmedia":[{"embeddable":true,"href":"https:\/\/www.sistemametra.com.br\/blog\/wp-json\/wp\/v2\/media\/471"}],"wp:attachment":[{"href":"https:\/\/www.sistemametra.com.br\/blog\/wp-json\/wp\/v2\/media?parent=470"}],"wp:term":[{"taxonomy":"category","embeddable":true,"href":"https:\/\/www.sistemametra.com.br\/blog\/wp-json\/wp\/v2\/categories?post=470"},{"taxonomy":"post_tag","embeddable":true,"href":"https:\/\/www.sistemametra.com.br\/blog\/wp-json\/wp\/v2\/tags?post=470"}],"curies":[{"name":"wp","href":"https:\/\/api.w.org\/{rel}","templated":true}]}}