{"id":476,"date":"2026-01-21T00:00:00","date_gmt":"2026-01-21T03:00:00","guid":{"rendered":"https:\/\/www.sistemametra.com.br\/blog\/programa-gerenciamento-medicina-do-trabalho\/"},"modified":"2026-04-28T16:51:24","modified_gmt":"2026-04-28T19:51:24","slug":"programa-gerenciamento-medicina-do-trabalho","status":"publish","type":"post","link":"https:\/\/www.sistemametra.com.br\/blog\/programa-gerenciamento-medicina-do-trabalho\/","title":{"rendered":"Programa de gerenciamento de medicina do trabalho"},"content":{"rendered":"<article>\n<p>Gest\u00e3o de SST e eSocial \u00e9 um assunto de extrema import\u00e2ncia no mundo empresarial, pois envolve quest\u00f5es relacionadas \u00e0 sa\u00fade e seguran\u00e7a do trabalhador. E para garantir que todas as obriga\u00e7\u00f5es legais sejam cumpridas pelas empresas, \u00e9 essencial contar com um bom <strong>programa de gerenciamento de medicina do trabalho<\/strong>. Se voc\u00ea est\u00e1 procurando a melhor solu\u00e7\u00e3o para sua empresa, venha conhecer o Como Aprimorar o Sistema de Solu\u00e7\u00f5es para Gest\u00e3o de SST e eSocial da Sistema METRA!<\/p>\n<h2>POR QUE ESCOLHER O SISTEMA METRA PARA SEU PROGRAMA DE GERENCIAMENTO DE MEDICINA DO TRABALHO?<\/h2>\n<p>A Sistema METRA \u00e9 uma empresa especializada em solu\u00e7\u00f5es para gest\u00e3o de SST e eSocial, com mais de 20 anos de experi\u00eancia e atua\u00e7\u00e3o em todo o Brasil. Nossos sistemas s\u00e3o desenvolvidos por uma equipe t\u00e9cnica altamente qualificada e com conhecimento aprofundado nas normas e regulamenta\u00e7\u00f5es vigentes. Al\u00e9m disso, nossos clientes contam com suporte t\u00e9cnico especializado e treinamento para utiliza\u00e7\u00e3o do sistema, garantindo uma experi\u00eancia completa e eficiente.<\/p>\n<h2>FUNCIONALIDADES DO PROGRAMA DE GERENCIAMENTO DE MEDICINA DO TRABALHO DA SISTEMA METRA<\/h2>\n<p>O nosso sistema de gerenciamento de medicina do trabalho oferece diversas funcionalidades, entre as quais destacamos:<\/p>\n<p>Emiss\u00e3o de relat\u00f3rios: nosso sistema permite a gera\u00e7\u00e3o de relat\u00f3rios completos e personalizados, facilitando a visualiza\u00e7\u00e3o dos dados e auxiliando na tomada de decis\u00f5es;<\/p>\n<p>Controle de exames m\u00e9dicos: com o sistema \u00e9 poss\u00edvel acompanhar e gerenciar datas de realiza\u00e7\u00e3o de exames m\u00e9dicos dos colaboradores, garantindo que todos estejam em dia com as exig\u00eancias legais;<\/p>\n<p>Gest\u00e3o de documentos: digitalize e armazene todos os documentos relacionados \u00e0 sa\u00fade e seguran\u00e7a do trabalho em um \u00fanico lugar, facilitando o acesso e garantindo a organiza\u00e7\u00e3o;<\/p>\n<p>Alertas: o sistema emite alertas autom\u00e1ticos para lembrar sobre datas de exames e documenta\u00e7\u00f5es vencidas, evitando poss\u00edveis atrasos e multas;<\/p>\n<p>Integra\u00e7\u00e3o com o eSocial: nosso sistema est\u00e1 preparado para atender \u00e0s exig\u00eancias do eSocial, facilitando o cumprimento das obriga\u00e7\u00f5es legais;<\/p>\n<p>Acesso remoto: o sistema pode ser acessado de qualquer lugar e a qualquer hora, proporcionando mais flexibilidade e agilidade na gest\u00e3o de medicina do trabalho.<\/p>\n<h3>Vantagens em utilizar o sistema de gerenciamento de medicina do trabalho da Sistema METRA<\/h3>\n<p>Ao escolher o nosso sistema de gerenciamento de medicina do trabalho, voc\u00ea ter\u00e1 uma s\u00e9rie de vantagens, tais como:<\/p>\n<p>Aumento da efici\u00eancia: nosso sistema automatiza processos, facilitando a gest\u00e3o e reduzindo tempo e custos;<\/p>\n<p>Garantia de compliance: com as constantes atualiza\u00e7\u00f5es e adequa\u00e7\u00e3o \u00e0s normas e regulamenta\u00e7\u00f5es, voc\u00ea ter\u00e1 a certeza de que estar\u00e1 sempre em conformidade com as exig\u00eancias legais;<\/p>\n<p>Redu\u00e7\u00e3o de riscos: a gest\u00e3o adequada da medicina do trabalho evita acidentes e doen\u00e7as ocupacionais, garantindo a seguran\u00e7a e integridade dos colaboradores;<\/p>\n<p>Economia de recursos: o sistema permite um melhor controle e planejamento dos gastos com sa\u00fade e seguran\u00e7a do trabalho, evitando desperd\u00edcios e gastos desnecess\u00e1rios.<\/p>\n<h2>RECOMENDA\u00c7\u00d5ES PARA UMA GEST\u00c3O EFICIENTE DE MEDICINA DO TRABALHO<\/h2>\n<p>Al\u00e9m de utilizar um sistema de gerenciamento de medicina do trabalho eficiente, \u00e9 importante adotar outras pr\u00e1ticas que contribuam para uma gest\u00e3o mais eficiente, tais como:<\/p>\n<p>Investir em treinamentos e capacita\u00e7\u00f5es para os colaboradores, conscientizando-os sobre a import\u00e2ncia da seguran\u00e7a no trabalho;<\/p>\n<p>Realizar auditorias e inspe\u00e7\u00f5es peri\u00f3dicas nas condi\u00e7\u00f5es de trabalho, identificando e corrigindo poss\u00edveis falhas;<\/p>\n<p>Manter um canal aberto de comunica\u00e7\u00e3o entre empresa e colaboradores, para que possam reportar eventuais problemas ou sugest\u00f5es;<\/p>\n<p>Incentivar a promo\u00e7\u00e3o da sa\u00fade e preven\u00e7\u00e3o de doen\u00e7as, atrav\u00e9s de campanhas internas e a\u00e7\u00f5es educativas.<\/p>\n<p>Com o Como Aprimorar o Sistema de Solu\u00e7\u00f5es para Gest\u00e3o de SST e eSocial da Sistema METRA e a ado\u00e7\u00e3o de boas pr\u00e1ticas, sua empresa ter\u00e1 uma gest\u00e3o de medicina do trabalho mais eficiente, garantindo a sa\u00fade e seguran\u00e7a dos seus colaboradores e o cumprimento das obriga\u00e7\u00f5es legais. N\u00e3o deixe de fazer uma cota\u00e7\u00e3o e conhecer todas as vantagens que podemos oferecer para sua empresa!<\/p>\n<h2>Para saber mais sobre Programa de gerenciamento de medicina do trabalho<\/h2>\n<p>Ligue para <strong>0800-707-5900 <\/strong>ou clique aqui e entre em contato por email.<\/p>\n<p>O conte\u00fado do texto desta p\u00e1gina \u00e9 de direito reservado. Sua reprodu\u00e7\u00e3o, parcial ou total, mesmo citando nossos links, \u00e9 proibida sem a autoriza\u00e7\u00e3o do autor. Crime de viola\u00e7\u00e3o de direito autoral \u2013 artigo 184 do C\u00f3digo Penal \u2013 Lei 9610\/98 &#8211; Lei de direitos autorais. <\/article>\n","protected":false},"excerpt":{"rendered":"<p>Gest\u00e3o de SST e eSocial \u00e9 um assunto de extrema import\u00e2ncia no mundo empresarial, pois envolve quest\u00f5es relacionadas \u00e0 sa\u00fade e seguran\u00e7a do trabalhador. E para garantir que todas as obriga\u00e7\u00f5es legais sejam cumpridas pelas empresas, \u00e9 essencial contar com um bom programa de gerenciamento de medicina do trabalho. Se voc\u00ea est\u00e1 procurando a melhor [&hellip;]<\/p>\n","protected":false},"author":3,"featured_media":477,"comment_status":"open","ping_status":"open","sticky":false,"template":"","format":"standard","meta":{"footnotes":""},"categories":[8],"tags":[],"class_list":["post-476","post","type-post","status-publish","format-standard","has-post-thumbnail","hentry","category-saude-ocupacional"],"yoast_head":"<!-- This site is optimized with the Yoast SEO plugin v27.5 - https:\/\/yoast.com\/product\/yoast-seo-wordpress\/ -->\n<title>Programa de gerenciamento de medicina do trabalho | Sistema Metra<\/title>\n<meta name=\"robots\" content=\"index, follow, max-snippet:-1, max-image-preview:large, max-video-preview:-1\" \/>\n<link rel=\"canonical\" href=\"https:\/\/www.sistemametra.com.br\/blog\/programa-gerenciamento-medicina-do-trabalho\/\" \/>\n<meta property=\"og:locale\" content=\"pt_BR\" \/>\n<meta property=\"og:type\" content=\"article\" \/>\n<meta property=\"og:title\" content=\"Programa de gerenciamento de medicina do trabalho | Sistema Metra\" \/>\n<meta property=\"og:description\" content=\"Gest\u00e3o de SST e eSocial \u00e9 um assunto de extrema import\u00e2ncia no mundo empresarial, pois envolve quest\u00f5es relacionadas \u00e0 sa\u00fade e seguran\u00e7a do trabalhador. E para garantir que todas as obriga\u00e7\u00f5es legais sejam cumpridas pelas empresas, \u00e9 essencial contar com um bom programa de gerenciamento de medicina do trabalho. Se voc\u00ea est\u00e1 procurando a melhor [&hellip;]\" \/>\n<meta property=\"og:url\" content=\"https:\/\/www.sistemametra.com.br\/blog\/programa-gerenciamento-medicina-do-trabalho\/\" \/>\n<meta property=\"og:site_name\" content=\"Blog Metra\" \/>\n<meta property=\"article:publisher\" content=\"https:\/\/www.facebook.com\/metraweb\" \/>\n<meta property=\"article:published_time\" content=\"2026-01-21T03:00:00+00:00\" \/>\n<meta property=\"article:modified_time\" content=\"2026-04-28T19:51:24+00:00\" \/>\n<meta property=\"og:image\" content=\"https:\/\/www.sistemametra.com.br\/blog\/wp-content\/uploads\/2026\/04\/programa-gerenciamento-medicina-do-trabalho.webp\" \/>\n\t<meta property=\"og:image:width\" content=\"800\" \/>\n\t<meta property=\"og:image:height\" content=\"800\" \/>\n\t<meta property=\"og:image:type\" content=\"image\/jpeg\" \/>\n<meta name=\"author\" content=\"Anderson Fernandes\" \/>\n<meta name=\"twitter:card\" content=\"summary_large_image\" \/>\n<meta name=\"twitter:label1\" content=\"Escrito por\" \/>\n\t<meta name=\"twitter:data1\" content=\"Anderson Fernandes\" \/>\n\t<meta name=\"twitter:label2\" content=\"Est. tempo de leitura\" \/>\n\t<meta name=\"twitter:data2\" content=\"4 minutos\" \/>\n<script type=\"application\/ld+json\" class=\"yoast-schema-graph\">{\"@context\":\"https:\\\/\\\/schema.org\",\"@graph\":[{\"@type\":\"Article\",\"@id\":\"https:\\\/\\\/www.sistemametra.com.br\\\/blog\\\/programa-gerenciamento-medicina-do-trabalho\\\/#article\",\"isPartOf\":{\"@id\":\"https:\\\/\\\/www.sistemametra.com.br\\\/blog\\\/programa-gerenciamento-medicina-do-trabalho\\\/\"},\"author\":{\"name\":\"Anderson Fernandes\",\"@id\":\"https:\\\/\\\/www.sistemametra.com.br\\\/blog\\\/#\\\/schema\\\/person\\\/7c04d9110a7e64758ca9951890e56d82\"},\"headline\":\"Programa de gerenciamento de medicina do trabalho\",\"datePublished\":\"2026-01-21T03:00:00+00:00\",\"dateModified\":\"2026-04-28T19:51:24+00:00\",\"mainEntityOfPage\":{\"@id\":\"https:\\\/\\\/www.sistemametra.com.br\\\/blog\\\/programa-gerenciamento-medicina-do-trabalho\\\/\"},\"wordCount\":775,\"commentCount\":0,\"publisher\":{\"@id\":\"https:\\\/\\\/www.sistemametra.com.br\\\/blog\\\/#organization\"},\"image\":{\"@id\":\"https:\\\/\\\/www.sistemametra.com.br\\\/blog\\\/programa-gerenciamento-medicina-do-trabalho\\\/#primaryimage\"},\"thumbnailUrl\":\"https:\\\/\\\/www.sistemametra.com.br\\\/blog\\\/wp-content\\\/uploads\\\/2026\\\/04\\\/programa-gerenciamento-medicina-do-trabalho.webp\",\"articleSection\":[\"Sa\u00fade Ocupacional\"],\"inLanguage\":\"pt-BR\",\"potentialAction\":[{\"@type\":\"CommentAction\",\"name\":\"Comment\",\"target\":[\"https:\\\/\\\/www.sistemametra.com.br\\\/blog\\\/programa-gerenciamento-medicina-do-trabalho\\\/#respond\"]}]},{\"@type\":\"WebPage\",\"@id\":\"https:\\\/\\\/www.sistemametra.com.br\\\/blog\\\/programa-gerenciamento-medicina-do-trabalho\\\/\",\"url\":\"https:\\\/\\\/www.sistemametra.com.br\\\/blog\\\/programa-gerenciamento-medicina-do-trabalho\\\/\",\"name\":\"Programa de gerenciamento de medicina do trabalho | Sistema Metra\",\"isPartOf\":{\"@id\":\"https:\\\/\\\/www.sistemametra.com.br\\\/blog\\\/#website\"},\"primaryImageOfPage\":{\"@id\":\"https:\\\/\\\/www.sistemametra.com.br\\\/blog\\\/programa-gerenciamento-medicina-do-trabalho\\\/#primaryimage\"},\"image\":{\"@id\":\"https:\\\/\\\/www.sistemametra.com.br\\\/blog\\\/programa-gerenciamento-medicina-do-trabalho\\\/#primaryimage\"},\"thumbnailUrl\":\"https:\\\/\\\/www.sistemametra.com.br\\\/blog\\\/wp-content\\\/uploads\\\/2026\\\/04\\\/programa-gerenciamento-medicina-do-trabalho.webp\",\"datePublished\":\"2026-01-21T03:00:00+00:00\",\"dateModified\":\"2026-04-28T19:51:24+00:00\",\"breadcrumb\":{\"@id\":\"https:\\\/\\\/www.sistemametra.com.br\\\/blog\\\/programa-gerenciamento-medicina-do-trabalho\\\/#breadcrumb\"},\"inLanguage\":\"pt-BR\",\"potentialAction\":[{\"@type\":\"ReadAction\",\"target\":[\"https:\\\/\\\/www.sistemametra.com.br\\\/blog\\\/programa-gerenciamento-medicina-do-trabalho\\\/\"]}]},{\"@type\":\"ImageObject\",\"inLanguage\":\"pt-BR\",\"@id\":\"https:\\\/\\\/www.sistemametra.com.br\\\/blog\\\/programa-gerenciamento-medicina-do-trabalho\\\/#primaryimage\",\"url\":\"https:\\\/\\\/www.sistemametra.com.br\\\/blog\\\/wp-content\\\/uploads\\\/2026\\\/04\\\/programa-gerenciamento-medicina-do-trabalho.webp\",\"contentUrl\":\"https:\\\/\\\/www.sistemametra.com.br\\\/blog\\\/wp-content\\\/uploads\\\/2026\\\/04\\\/programa-gerenciamento-medicina-do-trabalho.webp\",\"width\":800,\"height\":800,\"caption\":\"sobre gerenciamento de medicina do trabalho | Blog Metra\"},{\"@type\":\"BreadcrumbList\",\"@id\":\"https:\\\/\\\/www.sistemametra.com.br\\\/blog\\\/programa-gerenciamento-medicina-do-trabalho\\\/#breadcrumb\",\"itemListElement\":[{\"@type\":\"ListItem\",\"position\":1,\"name\":\"In\u00edcio\",\"item\":\"https:\\\/\\\/www.sistemametra.com.br\\\/blog\\\/\"},{\"@type\":\"ListItem\",\"position\":2,\"name\":\"Programa de gerenciamento de medicina do trabalho\"}]},{\"@type\":\"WebSite\",\"@id\":\"https:\\\/\\\/www.sistemametra.com.br\\\/blog\\\/#website\",\"url\":\"https:\\\/\\\/www.sistemametra.com.br\\\/blog\\\/\",\"name\":\"Blog Metra\",\"description\":\"Conte\u00fado pr\u00e1tico sobre Sa\u00fade e Seguran\u00e7a do Trabalho: normas, documentos e obriga\u00e7\u00f5es explicados de forma direta para profissionais e empresas.\",\"publisher\":{\"@id\":\"https:\\\/\\\/www.sistemametra.com.br\\\/blog\\\/#organization\"},\"alternateName\":\"Sistema Metra\",\"potentialAction\":[{\"@type\":\"SearchAction\",\"target\":{\"@type\":\"EntryPoint\",\"urlTemplate\":\"https:\\\/\\\/www.sistemametra.com.br\\\/blog\\\/?s={search_term_string}\"},\"query-input\":{\"@type\":\"PropertyValueSpecification\",\"valueRequired\":true,\"valueName\":\"search_term_string\"}}],\"inLanguage\":\"pt-BR\"},{\"@type\":\"Organization\",\"@id\":\"https:\\\/\\\/www.sistemametra.com.br\\\/blog\\\/#organization\",\"name\":\"Sistema Metra\",\"url\":\"https:\\\/\\\/www.sistemametra.com.br\\\/blog\\\/\",\"logo\":{\"@type\":\"ImageObject\",\"inLanguage\":\"pt-BR\",\"@id\":\"https:\\\/\\\/www.sistemametra.com.br\\\/blog\\\/#\\\/schema\\\/logo\\\/image\\\/\",\"url\":\"https:\\\/\\\/www.sistemametra.com.br\\\/blog\\\/wp-content\\\/uploads\\\/2026\\\/04\\\/blog-metra.webp\",\"contentUrl\":\"https:\\\/\\\/www.sistemametra.com.br\\\/blog\\\/wp-content\\\/uploads\\\/2026\\\/04\\\/blog-metra.webp\",\"width\":800,\"height\":800,\"caption\":\"Sistema Metra\"},\"image\":{\"@id\":\"https:\\\/\\\/www.sistemametra.com.br\\\/blog\\\/#\\\/schema\\\/logo\\\/image\\\/\"},\"sameAs\":[\"https:\\\/\\\/www.facebook.com\\\/metraweb\",\"https:\\\/\\\/www.linkedin.com\\\/company\\\/metra-web\\\/?viewAsMember=true\",\"https:\\\/\\\/www.youtube.com\\\/@SistemaMetra\"]},{\"@type\":\"Person\",\"@id\":\"https:\\\/\\\/www.sistemametra.com.br\\\/blog\\\/#\\\/schema\\\/person\\\/7c04d9110a7e64758ca9951890e56d82\",\"name\":\"Anderson Fernandes\",\"image\":{\"@type\":\"ImageObject\",\"inLanguage\":\"pt-BR\",\"@id\":\"https:\\\/\\\/secure.gravatar.com\\\/avatar\\\/fbe9c5fc3e57710af6aceaea09e3d466e4721a3069e8568b6c9655c7231c5b5e?s=96&d=mm&r=g\",\"url\":\"https:\\\/\\\/secure.gravatar.com\\\/avatar\\\/fbe9c5fc3e57710af6aceaea09e3d466e4721a3069e8568b6c9655c7231c5b5e?s=96&d=mm&r=g\",\"contentUrl\":\"https:\\\/\\\/secure.gravatar.com\\\/avatar\\\/fbe9c5fc3e57710af6aceaea09e3d466e4721a3069e8568b6c9655c7231c5b5e?s=96&d=mm&r=g\",\"caption\":\"Anderson Fernandes\"},\"description\":\"Com forma\u00e7\u00e3o superior \u00e9 t\u00e9cnico em Seguran\u00e7a do Trabalho do Sistema Metra. H\u00e1 30 anos trabalhando ininterruptamente na \u00e1rea desde 2002. Formado ainda no Curso de Tecn\u00f3logo em Seguran\u00e7a do Trabalho e cursando Engenharia visando a p\u00f3s gradua\u00e7\u00e3o em Seguran\u00e7a do Trabalho. Atua ainda como int\u00e9rprete de LIBRAS e atualmente \u00e9 consultor de diversas empresas em ramos de atividade como: Minera\u00e7\u00e3o, Automobil\u00edstica, Manuten\u00e7\u00e3o El\u00e9trica de Grande Porte, Cer\u00e2mica, Refrat\u00e1rios, Sa\u00fade entre outros. \u00c9 propriet\u00e1rio da empresa Mais Sa\u00fade e Seguran\u00e7a do Trabalho e atende seus clientes de forma personalizada moldando a\u00e7\u00f5es conforme as caracter\u00edsticas de cliente.\",\"sameAs\":[\"https:\\\/\\\/www.sistemametra.com.br\",\"https:\\\/\\\/www.instagram.com\\\/andfergom17121999\"],\"url\":\"https:\\\/\\\/www.sistemametra.com.br\\\/blog\\\/author\\\/anderson-fernandes\\\/\"}]}<\/script>\n<!-- \/ Yoast SEO plugin. -->","yoast_head_json":{"title":"Programa de gerenciamento de medicina do trabalho | Sistema Metra","robots":{"index":"index","follow":"follow","max-snippet":"max-snippet:-1","max-image-preview":"max-image-preview:large","max-video-preview":"max-video-preview:-1"},"canonical":"https:\/\/www.sistemametra.com.br\/blog\/programa-gerenciamento-medicina-do-trabalho\/","og_locale":"pt_BR","og_type":"article","og_title":"Programa de gerenciamento de medicina do trabalho | Sistema Metra","og_description":"Gest\u00e3o de SST e eSocial \u00e9 um assunto de extrema import\u00e2ncia no mundo empresarial, pois envolve quest\u00f5es relacionadas \u00e0 sa\u00fade e seguran\u00e7a do trabalhador. E para garantir que todas as obriga\u00e7\u00f5es legais sejam cumpridas pelas empresas, \u00e9 essencial contar com um bom programa de gerenciamento de medicina do trabalho. Se voc\u00ea est\u00e1 procurando a melhor [&hellip;]","og_url":"https:\/\/www.sistemametra.com.br\/blog\/programa-gerenciamento-medicina-do-trabalho\/","og_site_name":"Blog Metra","article_publisher":"https:\/\/www.facebook.com\/metraweb","article_published_time":"2026-01-21T03:00:00+00:00","article_modified_time":"2026-04-28T19:51:24+00:00","og_image":[{"width":800,"height":800,"url":"https:\/\/www.sistemametra.com.br\/blog\/wp-content\/uploads\/2026\/04\/programa-gerenciamento-medicina-do-trabalho.webp","type":"image\/jpeg"}],"author":"Anderson Fernandes","twitter_card":"summary_large_image","twitter_misc":{"Escrito por":"Anderson Fernandes","Est. tempo de leitura":"4 minutos"},"schema":{"@context":"https:\/\/schema.org","@graph":[{"@type":"Article","@id":"https:\/\/www.sistemametra.com.br\/blog\/programa-gerenciamento-medicina-do-trabalho\/#article","isPartOf":{"@id":"https:\/\/www.sistemametra.com.br\/blog\/programa-gerenciamento-medicina-do-trabalho\/"},"author":{"name":"Anderson Fernandes","@id":"https:\/\/www.sistemametra.com.br\/blog\/#\/schema\/person\/7c04d9110a7e64758ca9951890e56d82"},"headline":"Programa de gerenciamento de medicina do trabalho","datePublished":"2026-01-21T03:00:00+00:00","dateModified":"2026-04-28T19:51:24+00:00","mainEntityOfPage":{"@id":"https:\/\/www.sistemametra.com.br\/blog\/programa-gerenciamento-medicina-do-trabalho\/"},"wordCount":775,"commentCount":0,"publisher":{"@id":"https:\/\/www.sistemametra.com.br\/blog\/#organization"},"image":{"@id":"https:\/\/www.sistemametra.com.br\/blog\/programa-gerenciamento-medicina-do-trabalho\/#primaryimage"},"thumbnailUrl":"https:\/\/www.sistemametra.com.br\/blog\/wp-content\/uploads\/2026\/04\/programa-gerenciamento-medicina-do-trabalho.webp","articleSection":["Sa\u00fade Ocupacional"],"inLanguage":"pt-BR","potentialAction":[{"@type":"CommentAction","name":"Comment","target":["https:\/\/www.sistemametra.com.br\/blog\/programa-gerenciamento-medicina-do-trabalho\/#respond"]}]},{"@type":"WebPage","@id":"https:\/\/www.sistemametra.com.br\/blog\/programa-gerenciamento-medicina-do-trabalho\/","url":"https:\/\/www.sistemametra.com.br\/blog\/programa-gerenciamento-medicina-do-trabalho\/","name":"Programa de gerenciamento de medicina do trabalho | Sistema Metra","isPartOf":{"@id":"https:\/\/www.sistemametra.com.br\/blog\/#website"},"primaryImageOfPage":{"@id":"https:\/\/www.sistemametra.com.br\/blog\/programa-gerenciamento-medicina-do-trabalho\/#primaryimage"},"image":{"@id":"https:\/\/www.sistemametra.com.br\/blog\/programa-gerenciamento-medicina-do-trabalho\/#primaryimage"},"thumbnailUrl":"https:\/\/www.sistemametra.com.br\/blog\/wp-content\/uploads\/2026\/04\/programa-gerenciamento-medicina-do-trabalho.webp","datePublished":"2026-01-21T03:00:00+00:00","dateModified":"2026-04-28T19:51:24+00:00","breadcrumb":{"@id":"https:\/\/www.sistemametra.com.br\/blog\/programa-gerenciamento-medicina-do-trabalho\/#breadcrumb"},"inLanguage":"pt-BR","potentialAction":[{"@type":"ReadAction","target":["https:\/\/www.sistemametra.com.br\/blog\/programa-gerenciamento-medicina-do-trabalho\/"]}]},{"@type":"ImageObject","inLanguage":"pt-BR","@id":"https:\/\/www.sistemametra.com.br\/blog\/programa-gerenciamento-medicina-do-trabalho\/#primaryimage","url":"https:\/\/www.sistemametra.com.br\/blog\/wp-content\/uploads\/2026\/04\/programa-gerenciamento-medicina-do-trabalho.webp","contentUrl":"https:\/\/www.sistemametra.com.br\/blog\/wp-content\/uploads\/2026\/04\/programa-gerenciamento-medicina-do-trabalho.webp","width":800,"height":800,"caption":"sobre gerenciamento de medicina do trabalho | Blog Metra"},{"@type":"BreadcrumbList","@id":"https:\/\/www.sistemametra.com.br\/blog\/programa-gerenciamento-medicina-do-trabalho\/#breadcrumb","itemListElement":[{"@type":"ListItem","position":1,"name":"In\u00edcio","item":"https:\/\/www.sistemametra.com.br\/blog\/"},{"@type":"ListItem","position":2,"name":"Programa de gerenciamento de medicina do trabalho"}]},{"@type":"WebSite","@id":"https:\/\/www.sistemametra.com.br\/blog\/#website","url":"https:\/\/www.sistemametra.com.br\/blog\/","name":"Blog Metra","description":"Conte\u00fado pr\u00e1tico sobre Sa\u00fade e Seguran\u00e7a do Trabalho: normas, documentos e obriga\u00e7\u00f5es explicados de forma direta para profissionais e empresas.","publisher":{"@id":"https:\/\/www.sistemametra.com.br\/blog\/#organization"},"alternateName":"Sistema Metra","potentialAction":[{"@type":"SearchAction","target":{"@type":"EntryPoint","urlTemplate":"https:\/\/www.sistemametra.com.br\/blog\/?s={search_term_string}"},"query-input":{"@type":"PropertyValueSpecification","valueRequired":true,"valueName":"search_term_string"}}],"inLanguage":"pt-BR"},{"@type":"Organization","@id":"https:\/\/www.sistemametra.com.br\/blog\/#organization","name":"Sistema Metra","url":"https:\/\/www.sistemametra.com.br\/blog\/","logo":{"@type":"ImageObject","inLanguage":"pt-BR","@id":"https:\/\/www.sistemametra.com.br\/blog\/#\/schema\/logo\/image\/","url":"https:\/\/www.sistemametra.com.br\/blog\/wp-content\/uploads\/2026\/04\/blog-metra.webp","contentUrl":"https:\/\/www.sistemametra.com.br\/blog\/wp-content\/uploads\/2026\/04\/blog-metra.webp","width":800,"height":800,"caption":"Sistema Metra"},"image":{"@id":"https:\/\/www.sistemametra.com.br\/blog\/#\/schema\/logo\/image\/"},"sameAs":["https:\/\/www.facebook.com\/metraweb","https:\/\/www.linkedin.com\/company\/metra-web\/?viewAsMember=true","https:\/\/www.youtube.com\/@SistemaMetra"]},{"@type":"Person","@id":"https:\/\/www.sistemametra.com.br\/blog\/#\/schema\/person\/7c04d9110a7e64758ca9951890e56d82","name":"Anderson Fernandes","image":{"@type":"ImageObject","inLanguage":"pt-BR","@id":"https:\/\/secure.gravatar.com\/avatar\/fbe9c5fc3e57710af6aceaea09e3d466e4721a3069e8568b6c9655c7231c5b5e?s=96&d=mm&r=g","url":"https:\/\/secure.gravatar.com\/avatar\/fbe9c5fc3e57710af6aceaea09e3d466e4721a3069e8568b6c9655c7231c5b5e?s=96&d=mm&r=g","contentUrl":"https:\/\/secure.gravatar.com\/avatar\/fbe9c5fc3e57710af6aceaea09e3d466e4721a3069e8568b6c9655c7231c5b5e?s=96&d=mm&r=g","caption":"Anderson Fernandes"},"description":"Com forma\u00e7\u00e3o superior \u00e9 t\u00e9cnico em Seguran\u00e7a do Trabalho do Sistema Metra. H\u00e1 30 anos trabalhando ininterruptamente na \u00e1rea desde 2002. Formado ainda no Curso de Tecn\u00f3logo em Seguran\u00e7a do Trabalho e cursando Engenharia visando a p\u00f3s gradua\u00e7\u00e3o em Seguran\u00e7a do Trabalho. Atua ainda como int\u00e9rprete de LIBRAS e atualmente \u00e9 consultor de diversas empresas em ramos de atividade como: Minera\u00e7\u00e3o, Automobil\u00edstica, Manuten\u00e7\u00e3o El\u00e9trica de Grande Porte, Cer\u00e2mica, Refrat\u00e1rios, Sa\u00fade entre outros. \u00c9 propriet\u00e1rio da empresa Mais Sa\u00fade e Seguran\u00e7a do Trabalho e atende seus clientes de forma personalizada moldando a\u00e7\u00f5es conforme as caracter\u00edsticas de cliente.","sameAs":["https:\/\/www.sistemametra.com.br","https:\/\/www.instagram.com\/andfergom17121999"],"url":"https:\/\/www.sistemametra.com.br\/blog\/author\/anderson-fernandes\/"}]}},"_links":{"self":[{"href":"https:\/\/www.sistemametra.com.br\/blog\/wp-json\/wp\/v2\/posts\/476","targetHints":{"allow":["GET"]}}],"collection":[{"href":"https:\/\/www.sistemametra.com.br\/blog\/wp-json\/wp\/v2\/posts"}],"about":[{"href":"https:\/\/www.sistemametra.com.br\/blog\/wp-json\/wp\/v2\/types\/post"}],"author":[{"embeddable":true,"href":"https:\/\/www.sistemametra.com.br\/blog\/wp-json\/wp\/v2\/users\/3"}],"replies":[{"embeddable":true,"href":"https:\/\/www.sistemametra.com.br\/blog\/wp-json\/wp\/v2\/comments?post=476"}],"version-history":[{"count":1,"href":"https:\/\/www.sistemametra.com.br\/blog\/wp-json\/wp\/v2\/posts\/476\/revisions"}],"predecessor-version":[{"id":846,"href":"https:\/\/www.sistemametra.com.br\/blog\/wp-json\/wp\/v2\/posts\/476\/revisions\/846"}],"wp:featuredmedia":[{"embeddable":true,"href":"https:\/\/www.sistemametra.com.br\/blog\/wp-json\/wp\/v2\/media\/477"}],"wp:attachment":[{"href":"https:\/\/www.sistemametra.com.br\/blog\/wp-json\/wp\/v2\/media?parent=476"}],"wp:term":[{"taxonomy":"category","embeddable":true,"href":"https:\/\/www.sistemametra.com.br\/blog\/wp-json\/wp\/v2\/categories?post=476"},{"taxonomy":"post_tag","embeddable":true,"href":"https:\/\/www.sistemametra.com.br\/blog\/wp-json\/wp\/v2\/tags?post=476"}],"curies":[{"name":"wp","href":"https:\/\/api.w.org\/{rel}","templated":true}]}}