{"id":478,"date":"2026-01-22T00:00:00","date_gmt":"2026-01-22T03:00:00","guid":{"rendered":"https:\/\/www.sistemametra.com.br\/blog\/programa-gestao-saude-ocupacional\/"},"modified":"2026-04-28T16:51:24","modified_gmt":"2026-04-28T19:51:24","slug":"programa-gestao-saude-ocupacional","status":"publish","type":"post","link":"https:\/\/www.sistemametra.com.br\/blog\/programa-gestao-saude-ocupacional\/","title":{"rendered":"Programa de gest\u00e3o de sa\u00fade ocupacional"},"content":{"rendered":"<article>\n<p>Voc\u00ea, empres\u00e1rio ou gestor de RH, sabe da import\u00e2ncia de garantir a sa\u00fade e seguran\u00e7a dos colaboradores em sua empresa. Al\u00e9m de ser uma obriga\u00e7\u00e3o legal, investir em um <strong>programa de gest\u00e3o de sa\u00fade ocupacional<\/strong> pode trazer uma s\u00e9rie de benef\u00edcios para o seu neg\u00f3cio. Por isso, convidamos voc\u00ea a fazer uma cota\u00e7\u00e3o na empresa Sistema METRA, especialista em Como Aprimorar o Sistema de Solu\u00e7\u00f5es para Gest\u00e3o de SST e eSocial. Tenha a certeza de contar com uma solu\u00e7\u00e3o eficaz para garantir a sa\u00fade dos seus colaboradores e estar em dia com as obriga\u00e7\u00f5es trabalhistas.<\/p>\n<h2>PROGRAMA DE GEST\u00c3O DE SA\u00daDE OCUPACIONAL: O QUE \u00c9 E COMO FUNCIONA?<\/h2>\n<p>O <strong>programa de gest\u00e3o de sa\u00fade ocupacional<\/strong> \u00e9 um conjunto de a\u00e7\u00f5es e medidas que visam garantir a sa\u00fade, prevenir acidentes e doen\u00e7as relacionados ao trabalho e promover a qualidade de vida dos colaboradores. \u00c9 composto por diversas etapas, como avalia\u00e7\u00f5es m\u00e9dicas, treinamentos, an\u00e1lise ergon\u00f4mica do trabalho, entre outros.<\/p>\n<h2>USO E VANTAGENS DO PROGRAMA DE GEST\u00c3O DE SA\u00daDE OCUPACIONAL<\/h2>\n<p>O <strong>programa de gest\u00e3o de sa\u00fade ocupacional<\/strong> \u00e9 uma ferramenta essencial para garantir a sa\u00fade e seguran\u00e7a dos colaboradores. Al\u00e9m disso, traz uma s\u00e9rie de vantagens para a empresa, como:<\/p>\n<p>Redu\u00e7\u00e3o do n\u00famero de acidentes de trabalho e afastamentos;<\/p>\n<p>Melhora na produtividade;<\/p>\n<p>Redu\u00e7\u00e3o de custos com processos trabalhistas;<\/p>\n<p>Melhora na imagem da empresa;<\/p>\n<p>Atendimento \u00e0s obriga\u00e7\u00f5es legais, como o eSocial;<\/p>\n<p>Promo\u00e7\u00e3o de um ambiente de trabalho saud\u00e1vel e produtivo.<\/p>\n<h2>FUNCIONALIDADE E APLICABILIDADE DO PROGRAMA DE GEST\u00c3O DE SA\u00daDE OCUPACIONAL<\/h2>\n<p>O <strong>programa de gest\u00e3o de sa\u00fade ocupacional<\/strong> \u00e9 aplic\u00e1vel a qualquer tipo de empresa, independente do porte ou segmento de atua\u00e7\u00e3o. Ele \u00e9 personalizado de acordo com as necessidades de cada empresa, levando em considera\u00e7\u00e3o os riscos presentes no ambiente de trabalho e as atividades desenvolvidas pelos colaboradores.<\/p>\n<p>A funcionalidade do programa \u00e9 garantir que os colaboradores estejam saud\u00e1veis e aptos para desempenhar suas fun\u00e7\u00f5es, evitando a ocorr\u00eancia de acidentes e doen\u00e7as relacionados ao trabalho.<\/p>\n<h2>RECOMENDA\u00c7\u00d5ES PARA A IMPLEMENTA\u00c7\u00c3O DO PROGRAMA DE GEST\u00c3O DE SA\u00daDE OCUPACIONAL<\/h2>\n<p>Para garantir o sucesso do <strong>programa de gest\u00e3o de sa\u00fade ocupacional<\/strong>, \u00e9 importante seguir algumas recomenda\u00e7\u00f5es, tais como:<\/p>\n<p>Contar com uma equipe multidisciplinar, composta por m\u00e9dicos, enfermeiros, t\u00e9cnicos de seguran\u00e7a do trabalho, entre outros profissionais;<\/p>\n<p>Fazer um mapeamento dos riscos presentes no ambiente de trabalho;<\/p>\n<p>Realizar treinamentos e capacita\u00e7\u00f5es para os colaboradores e gestores;<\/p>\n<p>Manter um cronograma de avalia\u00e7\u00f5es e exames m\u00e9dicos peri\u00f3dicos;<\/p>\n<p>Ter um sistema de gest\u00e3o integrado, que facilite o controle e acompanhamento das a\u00e7\u00f5es do programa.<\/p>\n<p>Em resumo, o investimento em um <strong>programa de gest\u00e3o de sa\u00fade ocupacional<\/strong> \u00e9 fundamental para garantir a sa\u00fade e bem-estar dos colaboradores e evitar problemas trabalhistas. Al\u00e9m disso, traz uma s\u00e9rie de benef\u00edcios para a empresa, como melhora na produtividade e imagem corporativa. Fa\u00e7a uma cota\u00e7\u00e3o na empresa Sistema METRA e tenha a certeza de contar com uma solu\u00e7\u00e3o eficaz e personalizada para a gest\u00e3o da sa\u00fade ocupacional em sua empresa. Invista na sa\u00fade dos seus colaboradores e no sucesso do seu neg\u00f3cio!<\/p>\n<h2>Para saber mais sobre Programa de gest\u00e3o de sa\u00fade ocupacional<\/h2>\n<p>Ligue para <strong>0800-707-5900 <\/strong>ou clique aqui e entre em contato por email.<\/p>\n<p>O conte\u00fado do texto desta p\u00e1gina \u00e9 de direito reservado. Sua reprodu\u00e7\u00e3o, parcial ou total, mesmo citando nossos links, \u00e9 proibida sem a autoriza\u00e7\u00e3o do autor. Crime de viola\u00e7\u00e3o de direito autoral \u2013 artigo 184 do C\u00f3digo Penal \u2013 Lei 9610\/98 &#8211; Lei de direitos autorais. <\/article>\n","protected":false},"excerpt":{"rendered":"<p>Voc\u00ea, empres\u00e1rio ou gestor de RH, sabe da import\u00e2ncia de garantir a sa\u00fade e seguran\u00e7a dos colaboradores em sua empresa. Al\u00e9m de ser uma obriga\u00e7\u00e3o legal, investir em um programa de gest\u00e3o de sa\u00fade ocupacional pode trazer uma s\u00e9rie de benef\u00edcios para o seu neg\u00f3cio. Por isso, convidamos voc\u00ea a fazer uma cota\u00e7\u00e3o na empresa [&hellip;]<\/p>\n","protected":false},"author":3,"featured_media":479,"comment_status":"open","ping_status":"open","sticky":false,"template":"","format":"standard","meta":{"footnotes":""},"categories":[8],"tags":[],"class_list":["post-478","post","type-post","status-publish","format-standard","has-post-thumbnail","hentry","category-saude-ocupacional"],"yoast_head":"<!-- This site is optimized with the Yoast SEO plugin v27.5 - https:\/\/yoast.com\/product\/yoast-seo-wordpress\/ -->\n<title>Programa de gest\u00e3o de sa\u00fade ocupacional | Sistema Metra<\/title>\n<meta name=\"robots\" content=\"index, follow, max-snippet:-1, max-image-preview:large, max-video-preview:-1\" \/>\n<link rel=\"canonical\" href=\"https:\/\/www.sistemametra.com.br\/blog\/programa-gestao-saude-ocupacional\/\" \/>\n<meta property=\"og:locale\" content=\"pt_BR\" \/>\n<meta property=\"og:type\" content=\"article\" \/>\n<meta property=\"og:title\" content=\"Programa de gest\u00e3o de sa\u00fade ocupacional | Sistema Metra\" \/>\n<meta property=\"og:description\" content=\"Voc\u00ea, empres\u00e1rio ou gestor de RH, sabe da import\u00e2ncia de garantir a sa\u00fade e seguran\u00e7a dos colaboradores em sua empresa. Al\u00e9m de ser uma obriga\u00e7\u00e3o legal, investir em um programa de gest\u00e3o de sa\u00fade ocupacional pode trazer uma s\u00e9rie de benef\u00edcios para o seu neg\u00f3cio. Por isso, convidamos voc\u00ea a fazer uma cota\u00e7\u00e3o na empresa [&hellip;]\" \/>\n<meta property=\"og:url\" content=\"https:\/\/www.sistemametra.com.br\/blog\/programa-gestao-saude-ocupacional\/\" \/>\n<meta property=\"og:site_name\" content=\"Blog Metra\" \/>\n<meta property=\"article:publisher\" content=\"https:\/\/www.facebook.com\/metraweb\" \/>\n<meta property=\"article:published_time\" content=\"2026-01-22T03:00:00+00:00\" \/>\n<meta property=\"article:modified_time\" content=\"2026-04-28T19:51:24+00:00\" \/>\n<meta property=\"og:image\" content=\"https:\/\/www.sistemametra.com.br\/blog\/wp-content\/uploads\/2026\/04\/programa-gestao-saude-ocupacional.webp\" \/>\n\t<meta property=\"og:image:width\" content=\"800\" \/>\n\t<meta property=\"og:image:height\" content=\"800\" \/>\n\t<meta property=\"og:image:type\" content=\"image\/jpeg\" \/>\n<meta name=\"author\" content=\"Anderson Fernandes\" \/>\n<meta name=\"twitter:card\" content=\"summary_large_image\" \/>\n<meta name=\"twitter:label1\" content=\"Escrito por\" \/>\n\t<meta name=\"twitter:data1\" content=\"Anderson Fernandes\" \/>\n\t<meta name=\"twitter:label2\" content=\"Est. tempo de leitura\" \/>\n\t<meta name=\"twitter:data2\" content=\"3 minutos\" \/>\n<script type=\"application\/ld+json\" class=\"yoast-schema-graph\">{\"@context\":\"https:\\\/\\\/schema.org\",\"@graph\":[{\"@type\":\"Article\",\"@id\":\"https:\\\/\\\/www.sistemametra.com.br\\\/blog\\\/programa-gestao-saude-ocupacional\\\/#article\",\"isPartOf\":{\"@id\":\"https:\\\/\\\/www.sistemametra.com.br\\\/blog\\\/programa-gestao-saude-ocupacional\\\/\"},\"author\":{\"name\":\"Anderson Fernandes\",\"@id\":\"https:\\\/\\\/www.sistemametra.com.br\\\/blog\\\/#\\\/schema\\\/person\\\/7c04d9110a7e64758ca9951890e56d82\"},\"headline\":\"Programa de gest\u00e3o de sa\u00fade ocupacional\",\"datePublished\":\"2026-01-22T03:00:00+00:00\",\"dateModified\":\"2026-04-28T19:51:24+00:00\",\"mainEntityOfPage\":{\"@id\":\"https:\\\/\\\/www.sistemametra.com.br\\\/blog\\\/programa-gestao-saude-ocupacional\\\/\"},\"wordCount\":645,\"commentCount\":0,\"publisher\":{\"@id\":\"https:\\\/\\\/www.sistemametra.com.br\\\/blog\\\/#organization\"},\"image\":{\"@id\":\"https:\\\/\\\/www.sistemametra.com.br\\\/blog\\\/programa-gestao-saude-ocupacional\\\/#primaryimage\"},\"thumbnailUrl\":\"https:\\\/\\\/www.sistemametra.com.br\\\/blog\\\/wp-content\\\/uploads\\\/2026\\\/04\\\/programa-gestao-saude-ocupacional.webp\",\"articleSection\":[\"Sa\u00fade Ocupacional\"],\"inLanguage\":\"pt-BR\",\"potentialAction\":[{\"@type\":\"CommentAction\",\"name\":\"Comment\",\"target\":[\"https:\\\/\\\/www.sistemametra.com.br\\\/blog\\\/programa-gestao-saude-ocupacional\\\/#respond\"]}]},{\"@type\":\"WebPage\",\"@id\":\"https:\\\/\\\/www.sistemametra.com.br\\\/blog\\\/programa-gestao-saude-ocupacional\\\/\",\"url\":\"https:\\\/\\\/www.sistemametra.com.br\\\/blog\\\/programa-gestao-saude-ocupacional\\\/\",\"name\":\"Programa de gest\u00e3o de sa\u00fade ocupacional | Sistema Metra\",\"isPartOf\":{\"@id\":\"https:\\\/\\\/www.sistemametra.com.br\\\/blog\\\/#website\"},\"primaryImageOfPage\":{\"@id\":\"https:\\\/\\\/www.sistemametra.com.br\\\/blog\\\/programa-gestao-saude-ocupacional\\\/#primaryimage\"},\"image\":{\"@id\":\"https:\\\/\\\/www.sistemametra.com.br\\\/blog\\\/programa-gestao-saude-ocupacional\\\/#primaryimage\"},\"thumbnailUrl\":\"https:\\\/\\\/www.sistemametra.com.br\\\/blog\\\/wp-content\\\/uploads\\\/2026\\\/04\\\/programa-gestao-saude-ocupacional.webp\",\"datePublished\":\"2026-01-22T03:00:00+00:00\",\"dateModified\":\"2026-04-28T19:51:24+00:00\",\"breadcrumb\":{\"@id\":\"https:\\\/\\\/www.sistemametra.com.br\\\/blog\\\/programa-gestao-saude-ocupacional\\\/#breadcrumb\"},\"inLanguage\":\"pt-BR\",\"potentialAction\":[{\"@type\":\"ReadAction\",\"target\":[\"https:\\\/\\\/www.sistemametra.com.br\\\/blog\\\/programa-gestao-saude-ocupacional\\\/\"]}]},{\"@type\":\"ImageObject\",\"inLanguage\":\"pt-BR\",\"@id\":\"https:\\\/\\\/www.sistemametra.com.br\\\/blog\\\/programa-gestao-saude-ocupacional\\\/#primaryimage\",\"url\":\"https:\\\/\\\/www.sistemametra.com.br\\\/blog\\\/wp-content\\\/uploads\\\/2026\\\/04\\\/programa-gestao-saude-ocupacional.webp\",\"contentUrl\":\"https:\\\/\\\/www.sistemametra.com.br\\\/blog\\\/wp-content\\\/uploads\\\/2026\\\/04\\\/programa-gestao-saude-ocupacional.webp\",\"width\":800,\"height\":800,\"caption\":\"sobre gest\u00e3o de sa\u00fade ocupacional | Blog Metra\"},{\"@type\":\"BreadcrumbList\",\"@id\":\"https:\\\/\\\/www.sistemametra.com.br\\\/blog\\\/programa-gestao-saude-ocupacional\\\/#breadcrumb\",\"itemListElement\":[{\"@type\":\"ListItem\",\"position\":1,\"name\":\"In\u00edcio\",\"item\":\"https:\\\/\\\/www.sistemametra.com.br\\\/blog\\\/\"},{\"@type\":\"ListItem\",\"position\":2,\"name\":\"Programa de gest\u00e3o de sa\u00fade ocupacional\"}]},{\"@type\":\"WebSite\",\"@id\":\"https:\\\/\\\/www.sistemametra.com.br\\\/blog\\\/#website\",\"url\":\"https:\\\/\\\/www.sistemametra.com.br\\\/blog\\\/\",\"name\":\"Blog Metra\",\"description\":\"Conte\u00fado pr\u00e1tico sobre Sa\u00fade e Seguran\u00e7a do Trabalho: normas, documentos e obriga\u00e7\u00f5es explicados de forma direta para profissionais e empresas.\",\"publisher\":{\"@id\":\"https:\\\/\\\/www.sistemametra.com.br\\\/blog\\\/#organization\"},\"alternateName\":\"Sistema Metra\",\"potentialAction\":[{\"@type\":\"SearchAction\",\"target\":{\"@type\":\"EntryPoint\",\"urlTemplate\":\"https:\\\/\\\/www.sistemametra.com.br\\\/blog\\\/?s={search_term_string}\"},\"query-input\":{\"@type\":\"PropertyValueSpecification\",\"valueRequired\":true,\"valueName\":\"search_term_string\"}}],\"inLanguage\":\"pt-BR\"},{\"@type\":\"Organization\",\"@id\":\"https:\\\/\\\/www.sistemametra.com.br\\\/blog\\\/#organization\",\"name\":\"Sistema Metra\",\"url\":\"https:\\\/\\\/www.sistemametra.com.br\\\/blog\\\/\",\"logo\":{\"@type\":\"ImageObject\",\"inLanguage\":\"pt-BR\",\"@id\":\"https:\\\/\\\/www.sistemametra.com.br\\\/blog\\\/#\\\/schema\\\/logo\\\/image\\\/\",\"url\":\"https:\\\/\\\/www.sistemametra.com.br\\\/blog\\\/wp-content\\\/uploads\\\/2026\\\/04\\\/blog-metra.webp\",\"contentUrl\":\"https:\\\/\\\/www.sistemametra.com.br\\\/blog\\\/wp-content\\\/uploads\\\/2026\\\/04\\\/blog-metra.webp\",\"width\":800,\"height\":800,\"caption\":\"Sistema Metra\"},\"image\":{\"@id\":\"https:\\\/\\\/www.sistemametra.com.br\\\/blog\\\/#\\\/schema\\\/logo\\\/image\\\/\"},\"sameAs\":[\"https:\\\/\\\/www.facebook.com\\\/metraweb\",\"https:\\\/\\\/www.linkedin.com\\\/company\\\/metra-web\\\/?viewAsMember=true\",\"https:\\\/\\\/www.youtube.com\\\/@SistemaMetra\"]},{\"@type\":\"Person\",\"@id\":\"https:\\\/\\\/www.sistemametra.com.br\\\/blog\\\/#\\\/schema\\\/person\\\/7c04d9110a7e64758ca9951890e56d82\",\"name\":\"Anderson Fernandes\",\"image\":{\"@type\":\"ImageObject\",\"inLanguage\":\"pt-BR\",\"@id\":\"https:\\\/\\\/secure.gravatar.com\\\/avatar\\\/fbe9c5fc3e57710af6aceaea09e3d466e4721a3069e8568b6c9655c7231c5b5e?s=96&d=mm&r=g\",\"url\":\"https:\\\/\\\/secure.gravatar.com\\\/avatar\\\/fbe9c5fc3e57710af6aceaea09e3d466e4721a3069e8568b6c9655c7231c5b5e?s=96&d=mm&r=g\",\"contentUrl\":\"https:\\\/\\\/secure.gravatar.com\\\/avatar\\\/fbe9c5fc3e57710af6aceaea09e3d466e4721a3069e8568b6c9655c7231c5b5e?s=96&d=mm&r=g\",\"caption\":\"Anderson Fernandes\"},\"description\":\"Com forma\u00e7\u00e3o superior \u00e9 t\u00e9cnico em Seguran\u00e7a do Trabalho do Sistema Metra. H\u00e1 30 anos trabalhando ininterruptamente na \u00e1rea desde 2002. Formado ainda no Curso de Tecn\u00f3logo em Seguran\u00e7a do Trabalho e cursando Engenharia visando a p\u00f3s gradua\u00e7\u00e3o em Seguran\u00e7a do Trabalho. Atua ainda como int\u00e9rprete de LIBRAS e atualmente \u00e9 consultor de diversas empresas em ramos de atividade como: Minera\u00e7\u00e3o, Automobil\u00edstica, Manuten\u00e7\u00e3o El\u00e9trica de Grande Porte, Cer\u00e2mica, Refrat\u00e1rios, Sa\u00fade entre outros. \u00c9 propriet\u00e1rio da empresa Mais Sa\u00fade e Seguran\u00e7a do Trabalho e atende seus clientes de forma personalizada moldando a\u00e7\u00f5es conforme as caracter\u00edsticas de cliente.\",\"sameAs\":[\"https:\\\/\\\/www.sistemametra.com.br\",\"https:\\\/\\\/www.instagram.com\\\/andfergom17121999\"],\"url\":\"https:\\\/\\\/www.sistemametra.com.br\\\/blog\\\/author\\\/anderson-fernandes\\\/\"}]}<\/script>\n<!-- \/ Yoast SEO plugin. -->","yoast_head_json":{"title":"Programa de gest\u00e3o de sa\u00fade ocupacional | Sistema Metra","robots":{"index":"index","follow":"follow","max-snippet":"max-snippet:-1","max-image-preview":"max-image-preview:large","max-video-preview":"max-video-preview:-1"},"canonical":"https:\/\/www.sistemametra.com.br\/blog\/programa-gestao-saude-ocupacional\/","og_locale":"pt_BR","og_type":"article","og_title":"Programa de gest\u00e3o de sa\u00fade ocupacional | Sistema Metra","og_description":"Voc\u00ea, empres\u00e1rio ou gestor de RH, sabe da import\u00e2ncia de garantir a sa\u00fade e seguran\u00e7a dos colaboradores em sua empresa. Al\u00e9m de ser uma obriga\u00e7\u00e3o legal, investir em um programa de gest\u00e3o de sa\u00fade ocupacional pode trazer uma s\u00e9rie de benef\u00edcios para o seu neg\u00f3cio. Por isso, convidamos voc\u00ea a fazer uma cota\u00e7\u00e3o na empresa [&hellip;]","og_url":"https:\/\/www.sistemametra.com.br\/blog\/programa-gestao-saude-ocupacional\/","og_site_name":"Blog Metra","article_publisher":"https:\/\/www.facebook.com\/metraweb","article_published_time":"2026-01-22T03:00:00+00:00","article_modified_time":"2026-04-28T19:51:24+00:00","og_image":[{"width":800,"height":800,"url":"https:\/\/www.sistemametra.com.br\/blog\/wp-content\/uploads\/2026\/04\/programa-gestao-saude-ocupacional.webp","type":"image\/jpeg"}],"author":"Anderson Fernandes","twitter_card":"summary_large_image","twitter_misc":{"Escrito por":"Anderson Fernandes","Est. tempo de leitura":"3 minutos"},"schema":{"@context":"https:\/\/schema.org","@graph":[{"@type":"Article","@id":"https:\/\/www.sistemametra.com.br\/blog\/programa-gestao-saude-ocupacional\/#article","isPartOf":{"@id":"https:\/\/www.sistemametra.com.br\/blog\/programa-gestao-saude-ocupacional\/"},"author":{"name":"Anderson Fernandes","@id":"https:\/\/www.sistemametra.com.br\/blog\/#\/schema\/person\/7c04d9110a7e64758ca9951890e56d82"},"headline":"Programa de gest\u00e3o de sa\u00fade ocupacional","datePublished":"2026-01-22T03:00:00+00:00","dateModified":"2026-04-28T19:51:24+00:00","mainEntityOfPage":{"@id":"https:\/\/www.sistemametra.com.br\/blog\/programa-gestao-saude-ocupacional\/"},"wordCount":645,"commentCount":0,"publisher":{"@id":"https:\/\/www.sistemametra.com.br\/blog\/#organization"},"image":{"@id":"https:\/\/www.sistemametra.com.br\/blog\/programa-gestao-saude-ocupacional\/#primaryimage"},"thumbnailUrl":"https:\/\/www.sistemametra.com.br\/blog\/wp-content\/uploads\/2026\/04\/programa-gestao-saude-ocupacional.webp","articleSection":["Sa\u00fade Ocupacional"],"inLanguage":"pt-BR","potentialAction":[{"@type":"CommentAction","name":"Comment","target":["https:\/\/www.sistemametra.com.br\/blog\/programa-gestao-saude-ocupacional\/#respond"]}]},{"@type":"WebPage","@id":"https:\/\/www.sistemametra.com.br\/blog\/programa-gestao-saude-ocupacional\/","url":"https:\/\/www.sistemametra.com.br\/blog\/programa-gestao-saude-ocupacional\/","name":"Programa de gest\u00e3o de sa\u00fade ocupacional | Sistema Metra","isPartOf":{"@id":"https:\/\/www.sistemametra.com.br\/blog\/#website"},"primaryImageOfPage":{"@id":"https:\/\/www.sistemametra.com.br\/blog\/programa-gestao-saude-ocupacional\/#primaryimage"},"image":{"@id":"https:\/\/www.sistemametra.com.br\/blog\/programa-gestao-saude-ocupacional\/#primaryimage"},"thumbnailUrl":"https:\/\/www.sistemametra.com.br\/blog\/wp-content\/uploads\/2026\/04\/programa-gestao-saude-ocupacional.webp","datePublished":"2026-01-22T03:00:00+00:00","dateModified":"2026-04-28T19:51:24+00:00","breadcrumb":{"@id":"https:\/\/www.sistemametra.com.br\/blog\/programa-gestao-saude-ocupacional\/#breadcrumb"},"inLanguage":"pt-BR","potentialAction":[{"@type":"ReadAction","target":["https:\/\/www.sistemametra.com.br\/blog\/programa-gestao-saude-ocupacional\/"]}]},{"@type":"ImageObject","inLanguage":"pt-BR","@id":"https:\/\/www.sistemametra.com.br\/blog\/programa-gestao-saude-ocupacional\/#primaryimage","url":"https:\/\/www.sistemametra.com.br\/blog\/wp-content\/uploads\/2026\/04\/programa-gestao-saude-ocupacional.webp","contentUrl":"https:\/\/www.sistemametra.com.br\/blog\/wp-content\/uploads\/2026\/04\/programa-gestao-saude-ocupacional.webp","width":800,"height":800,"caption":"sobre gest\u00e3o de sa\u00fade ocupacional | Blog Metra"},{"@type":"BreadcrumbList","@id":"https:\/\/www.sistemametra.com.br\/blog\/programa-gestao-saude-ocupacional\/#breadcrumb","itemListElement":[{"@type":"ListItem","position":1,"name":"In\u00edcio","item":"https:\/\/www.sistemametra.com.br\/blog\/"},{"@type":"ListItem","position":2,"name":"Programa de gest\u00e3o de sa\u00fade ocupacional"}]},{"@type":"WebSite","@id":"https:\/\/www.sistemametra.com.br\/blog\/#website","url":"https:\/\/www.sistemametra.com.br\/blog\/","name":"Blog Metra","description":"Conte\u00fado pr\u00e1tico sobre Sa\u00fade e Seguran\u00e7a do Trabalho: normas, documentos e obriga\u00e7\u00f5es explicados de forma direta para profissionais e empresas.","publisher":{"@id":"https:\/\/www.sistemametra.com.br\/blog\/#organization"},"alternateName":"Sistema Metra","potentialAction":[{"@type":"SearchAction","target":{"@type":"EntryPoint","urlTemplate":"https:\/\/www.sistemametra.com.br\/blog\/?s={search_term_string}"},"query-input":{"@type":"PropertyValueSpecification","valueRequired":true,"valueName":"search_term_string"}}],"inLanguage":"pt-BR"},{"@type":"Organization","@id":"https:\/\/www.sistemametra.com.br\/blog\/#organization","name":"Sistema Metra","url":"https:\/\/www.sistemametra.com.br\/blog\/","logo":{"@type":"ImageObject","inLanguage":"pt-BR","@id":"https:\/\/www.sistemametra.com.br\/blog\/#\/schema\/logo\/image\/","url":"https:\/\/www.sistemametra.com.br\/blog\/wp-content\/uploads\/2026\/04\/blog-metra.webp","contentUrl":"https:\/\/www.sistemametra.com.br\/blog\/wp-content\/uploads\/2026\/04\/blog-metra.webp","width":800,"height":800,"caption":"Sistema Metra"},"image":{"@id":"https:\/\/www.sistemametra.com.br\/blog\/#\/schema\/logo\/image\/"},"sameAs":["https:\/\/www.facebook.com\/metraweb","https:\/\/www.linkedin.com\/company\/metra-web\/?viewAsMember=true","https:\/\/www.youtube.com\/@SistemaMetra"]},{"@type":"Person","@id":"https:\/\/www.sistemametra.com.br\/blog\/#\/schema\/person\/7c04d9110a7e64758ca9951890e56d82","name":"Anderson Fernandes","image":{"@type":"ImageObject","inLanguage":"pt-BR","@id":"https:\/\/secure.gravatar.com\/avatar\/fbe9c5fc3e57710af6aceaea09e3d466e4721a3069e8568b6c9655c7231c5b5e?s=96&d=mm&r=g","url":"https:\/\/secure.gravatar.com\/avatar\/fbe9c5fc3e57710af6aceaea09e3d466e4721a3069e8568b6c9655c7231c5b5e?s=96&d=mm&r=g","contentUrl":"https:\/\/secure.gravatar.com\/avatar\/fbe9c5fc3e57710af6aceaea09e3d466e4721a3069e8568b6c9655c7231c5b5e?s=96&d=mm&r=g","caption":"Anderson Fernandes"},"description":"Com forma\u00e7\u00e3o superior \u00e9 t\u00e9cnico em Seguran\u00e7a do Trabalho do Sistema Metra. H\u00e1 30 anos trabalhando ininterruptamente na \u00e1rea desde 2002. Formado ainda no Curso de Tecn\u00f3logo em Seguran\u00e7a do Trabalho e cursando Engenharia visando a p\u00f3s gradua\u00e7\u00e3o em Seguran\u00e7a do Trabalho. Atua ainda como int\u00e9rprete de LIBRAS e atualmente \u00e9 consultor de diversas empresas em ramos de atividade como: Minera\u00e7\u00e3o, Automobil\u00edstica, Manuten\u00e7\u00e3o El\u00e9trica de Grande Porte, Cer\u00e2mica, Refrat\u00e1rios, Sa\u00fade entre outros. \u00c9 propriet\u00e1rio da empresa Mais Sa\u00fade e Seguran\u00e7a do Trabalho e atende seus clientes de forma personalizada moldando a\u00e7\u00f5es conforme as caracter\u00edsticas de cliente.","sameAs":["https:\/\/www.sistemametra.com.br","https:\/\/www.instagram.com\/andfergom17121999"],"url":"https:\/\/www.sistemametra.com.br\/blog\/author\/anderson-fernandes\/"}]}},"_links":{"self":[{"href":"https:\/\/www.sistemametra.com.br\/blog\/wp-json\/wp\/v2\/posts\/478","targetHints":{"allow":["GET"]}}],"collection":[{"href":"https:\/\/www.sistemametra.com.br\/blog\/wp-json\/wp\/v2\/posts"}],"about":[{"href":"https:\/\/www.sistemametra.com.br\/blog\/wp-json\/wp\/v2\/types\/post"}],"author":[{"embeddable":true,"href":"https:\/\/www.sistemametra.com.br\/blog\/wp-json\/wp\/v2\/users\/3"}],"replies":[{"embeddable":true,"href":"https:\/\/www.sistemametra.com.br\/blog\/wp-json\/wp\/v2\/comments?post=478"}],"version-history":[{"count":1,"href":"https:\/\/www.sistemametra.com.br\/blog\/wp-json\/wp\/v2\/posts\/478\/revisions"}],"predecessor-version":[{"id":845,"href":"https:\/\/www.sistemametra.com.br\/blog\/wp-json\/wp\/v2\/posts\/478\/revisions\/845"}],"wp:featuredmedia":[{"embeddable":true,"href":"https:\/\/www.sistemametra.com.br\/blog\/wp-json\/wp\/v2\/media\/479"}],"wp:attachment":[{"href":"https:\/\/www.sistemametra.com.br\/blog\/wp-json\/wp\/v2\/media?parent=478"}],"wp:term":[{"taxonomy":"category","embeddable":true,"href":"https:\/\/www.sistemametra.com.br\/blog\/wp-json\/wp\/v2\/categories?post=478"},{"taxonomy":"post_tag","embeddable":true,"href":"https:\/\/www.sistemametra.com.br\/blog\/wp-json\/wp\/v2\/tags?post=478"}],"curies":[{"name":"wp","href":"https:\/\/api.w.org\/{rel}","templated":true}]}}