{"id":482,"date":"2026-01-24T00:00:00","date_gmt":"2026-01-24T03:00:00","guid":{"rendered":"https:\/\/www.sistemametra.com.br\/blog\/programa-gestao-seguranca-saude-no-trabalho\/"},"modified":"2026-04-28T16:51:23","modified_gmt":"2026-04-28T19:51:23","slug":"programa-gestao-seguranca-saude-no-trabalho","status":"publish","type":"post","link":"https:\/\/www.sistemametra.com.br\/blog\/programa-gestao-seguranca-saude-no-trabalho\/","title":{"rendered":"Programa de gest\u00e3o de seguran\u00e7a e sa\u00fade no trabalho"},"content":{"rendered":"<article>\n<p>Est\u00e1 buscando uma solu\u00e7\u00e3o eficiente para gerenciar a seguran\u00e7a e sa\u00fade no trabalho de sua empresa? Conhe\u00e7a o <strong>programa de gest\u00e3o de seguran\u00e7a e sa\u00fade no trabalho<\/strong> da Sistema METRA! Somos uma empresa especializada em Como Aprimorar o Sistema de Solu\u00e7\u00f5es para Gest\u00e3o de SST e eSocial. Fa\u00e7a agora mesmo uma cota\u00e7\u00e3o conosco e garanta a seguran\u00e7a e bem-estar de seus colaboradores!<\/p>\n<h2>O QUE \u00c9 UM PROGRAMA DE GEST\u00c3O DE SEGURAN\u00c7A E SA\u00daDE NO TRABALHO?<\/h2>\n<p>Um <strong>programa de gest\u00e3o de seguran\u00e7a e sa\u00fade no trabalho<\/strong> \u00e9 um conjunto de medidas e a\u00e7\u00f5es planejadas e implementadas para promover e garantir a sa\u00fade e seguran\u00e7a dos colaboradores em um ambiente de trabalho. Ele \u00e9 fundamental para prevenir acidentes e doen\u00e7as ocupacionais, bem como para garantir o cumprimento das normas regulamentadoras vigentes.<\/p>\n<h2>USO E VANTAGENS DO PROGRAMA DE GEST\u00c3O DE SEGURAN\u00c7A E SA\u00daDE NO TRABALHO<\/h2>\n<p>O <strong>programa de gest\u00e3o de seguran\u00e7a e sa\u00fade no trabalho<\/strong> \u00e9 utilizado por empresas de todos os segmentos e portes, visando garantir a integridade f\u00edsica e mental dos colaboradores e tamb\u00e9m a qualidade e efici\u00eancia do trabalho realizado. Entre as vantagens desse programa, podemos destacar:<\/p>\n<p>Preven\u00e7\u00e3o de acidentes e doen\u00e7as ocupacionais: a implanta\u00e7\u00e3o de um programa de gest\u00e3o de seguran\u00e7a e sa\u00fade no trabalho contribui para identificar e eliminar poss\u00edveis riscos no ambiente de trabalho, reduzindo a incid\u00eancia de acidentes e doen\u00e7as ocupacionais;<\/p>\n<p>Melhoria do clima organizacional: ao priorizar a seguran\u00e7a e bem-estar dos colaboradores, a empresa demonstra preocupa\u00e7\u00e3o com seus funcion\u00e1rios, o que contribui para um clima organizacional mais saud\u00e1vel e motivador;<\/p>\n<p>Cumprimento das normas regulamentadoras: o programa de gest\u00e3o de seguran\u00e7a e sa\u00fade no trabalho auxilia na adequa\u00e7\u00e3o e cumprimento das normas regulamentadoras, evitando poss\u00edveis san\u00e7\u00f5es e multas por parte dos \u00f3rg\u00e3os fiscalizadores;<\/p>\n<p>Aumento da produtividade: colaboradores que se sentem seguros e valorizados tendem a ser mais produtivos, o que impacta diretamente nos resultados da empresa.<\/p>\n<h2>FUNCIONALIDADE E APLICABILIDADE DO PROGRAMA DE GEST\u00c3O DE SEGURAN\u00c7A E SA\u00daDE NO TRABALHO<\/h2>\n<p>O <strong>programa de gest\u00e3o de seguran\u00e7a e sa\u00fade no trabalho<\/strong> pode ser aplicado em empresas de todos os segmentos, desde ind\u00fastrias at\u00e9 escrit\u00f3rios. Ele engloba medidas de preven\u00e7\u00e3o, fiscaliza\u00e7\u00e3o, capacita\u00e7\u00e3o e monitoramento dos colaboradores, a fim de garantir um ambiente de trabalho mais seguro e saud\u00e1vel. Al\u00e9m disso, sua funcionalidade tamb\u00e9m abrange a elabora\u00e7\u00e3o e manuten\u00e7\u00e3o de documentos e registros relacionados \u00e0 sa\u00fade e seguran\u00e7a do trabalho.<\/p>\n<h2>RECOMENDA\u00c7\u00d5ES E BOAS PR\u00c1TICAS PARA UM PROGRAMA DE GEST\u00c3O DE SEGURAN\u00c7A E SA\u00daDE NO TRABALHO EFICIENTE<\/h2>\n<p>Para garantir a efetividade do <strong>programa de gest\u00e3o de seguran\u00e7a e sa\u00fade no trabalho<\/strong>, \u00e9 importante seguir algumas recomenda\u00e7\u00f5es e boas pr\u00e1ticas, tais como:<\/p>\n<p>Elabora\u00e7\u00e3o de um plano de a\u00e7\u00e3o: \u00e9 fundamental estabelecer um plano de a\u00e7\u00e3o com medidas e prazos para a implanta\u00e7\u00e3o e manuten\u00e7\u00e3o do programa;<\/p>\n<p>Envolvimento de todos: o programa deve ser um esfor\u00e7o conjunto entre gestores e colaboradores, promovendo a participa\u00e7\u00e3o ativa de todos;<\/p>\n<p>Capacita\u00e7\u00e3o e treinamentos: investir em capacita\u00e7\u00e3o e treinamentos sobre seguran\u00e7a e sa\u00fade do trabalho \u00e9 essencial para conscientizar e preparar os colaboradores para lidar com poss\u00edveis riscos;<\/p>\n<p>Monitoramento e avalia\u00e7\u00e3o cont\u00ednua: \u00e9 importante avaliar constantemente a efetividade do programa, realizando adapta\u00e7\u00f5es e melhorias sempre que necess\u00e1rio.<\/p>\n<p>Em resumo, o <strong>programa de gest\u00e3o de seguran\u00e7a e sa\u00fade no trabalho<\/strong> \u00e9 indispens\u00e1vel para garantir a sa\u00fade e bem-estar dos colaboradores e o bom funcionamento da empresa. Fazer a escolha por um sistema especializado, como o da Sistema METRA, pode contribuir ainda mais para a efetividade e sucesso do programa. Entre em contato conosco e saiba mais sobre nossos servi\u00e7os!<\/p>\n<h2>Para saber mais sobre Programa de gest\u00e3o de seguran\u00e7a e sa\u00fade no trabalho<\/h2>\n<p>Ligue para <strong>0800-707-5900 <\/strong>ou clique aqui e entre em contato por email.<\/p>\n<p>O conte\u00fado do texto desta p\u00e1gina \u00e9 de direito reservado. Sua reprodu\u00e7\u00e3o, parcial ou total, mesmo citando nossos links, \u00e9 proibida sem a autoriza\u00e7\u00e3o do autor. Crime de viola\u00e7\u00e3o de direito autoral \u2013 artigo 184 do C\u00f3digo Penal \u2013 Lei 9610\/98 &#8211; Lei de direitos autorais. <\/article>\n","protected":false},"excerpt":{"rendered":"<p>Est\u00e1 buscando uma solu\u00e7\u00e3o eficiente para gerenciar a seguran\u00e7a e sa\u00fade no trabalho de sua empresa? Conhe\u00e7a o programa de gest\u00e3o de seguran\u00e7a e sa\u00fade no trabalho da Sistema METRA! Somos uma empresa especializada em Como Aprimorar o Sistema de Solu\u00e7\u00f5es para Gest\u00e3o de SST e eSocial. Fa\u00e7a agora mesmo uma cota\u00e7\u00e3o conosco e garanta [&hellip;]<\/p>\n","protected":false},"author":3,"featured_media":483,"comment_status":"open","ping_status":"open","sticky":false,"template":"","format":"standard","meta":{"footnotes":""},"categories":[25],"tags":[],"class_list":["post-482","post","type-post","status-publish","format-standard","has-post-thumbnail","hentry","category-seguranca-do-trabalho"],"yoast_head":"<!-- This site is optimized with the Yoast SEO plugin v27.5 - https:\/\/yoast.com\/product\/yoast-seo-wordpress\/ -->\n<title>Programa de gest\u00e3o de seguran\u00e7a e sa\u00fade no trabalho | Sistema Metra<\/title>\n<meta name=\"robots\" content=\"index, follow, max-snippet:-1, max-image-preview:large, max-video-preview:-1\" \/>\n<link rel=\"canonical\" href=\"https:\/\/www.sistemametra.com.br\/blog\/programa-gestao-seguranca-saude-no-trabalho\/\" \/>\n<meta property=\"og:locale\" content=\"pt_BR\" \/>\n<meta property=\"og:type\" content=\"article\" \/>\n<meta property=\"og:title\" content=\"Programa de gest\u00e3o de seguran\u00e7a e sa\u00fade no trabalho | Sistema Metra\" \/>\n<meta property=\"og:description\" content=\"Est\u00e1 buscando uma solu\u00e7\u00e3o eficiente para gerenciar a seguran\u00e7a e sa\u00fade no trabalho de sua empresa? Conhe\u00e7a o programa de gest\u00e3o de seguran\u00e7a e sa\u00fade no trabalho da Sistema METRA! Somos uma empresa especializada em Como Aprimorar o Sistema de Solu\u00e7\u00f5es para Gest\u00e3o de SST e eSocial. Fa\u00e7a agora mesmo uma cota\u00e7\u00e3o conosco e garanta [&hellip;]\" \/>\n<meta property=\"og:url\" content=\"https:\/\/www.sistemametra.com.br\/blog\/programa-gestao-seguranca-saude-no-trabalho\/\" \/>\n<meta property=\"og:site_name\" content=\"Blog Metra\" \/>\n<meta property=\"article:publisher\" content=\"https:\/\/www.facebook.com\/metraweb\" \/>\n<meta property=\"article:published_time\" content=\"2026-01-24T03:00:00+00:00\" \/>\n<meta property=\"article:modified_time\" content=\"2026-04-28T19:51:23+00:00\" \/>\n<meta property=\"og:image\" content=\"https:\/\/www.sistemametra.com.br\/blog\/wp-content\/uploads\/2026\/04\/programa-gestao-seguranca-saude-no-trabalho.webp\" \/>\n\t<meta property=\"og:image:width\" content=\"800\" \/>\n\t<meta property=\"og:image:height\" content=\"800\" \/>\n\t<meta property=\"og:image:type\" content=\"image\/jpeg\" \/>\n<meta name=\"author\" content=\"Anderson Fernandes\" \/>\n<meta name=\"twitter:card\" content=\"summary_large_image\" \/>\n<meta name=\"twitter:label1\" content=\"Escrito por\" \/>\n\t<meta name=\"twitter:data1\" content=\"Anderson Fernandes\" \/>\n\t<meta name=\"twitter:label2\" content=\"Est. tempo de leitura\" \/>\n\t<meta name=\"twitter:data2\" content=\"4 minutos\" \/>\n<script type=\"application\/ld+json\" class=\"yoast-schema-graph\">{\"@context\":\"https:\\\/\\\/schema.org\",\"@graph\":[{\"@type\":\"Article\",\"@id\":\"https:\\\/\\\/www.sistemametra.com.br\\\/blog\\\/programa-gestao-seguranca-saude-no-trabalho\\\/#article\",\"isPartOf\":{\"@id\":\"https:\\\/\\\/www.sistemametra.com.br\\\/blog\\\/programa-gestao-seguranca-saude-no-trabalho\\\/\"},\"author\":{\"name\":\"Anderson Fernandes\",\"@id\":\"https:\\\/\\\/www.sistemametra.com.br\\\/blog\\\/#\\\/schema\\\/person\\\/7c04d9110a7e64758ca9951890e56d82\"},\"headline\":\"Programa de gest\u00e3o de seguran\u00e7a e sa\u00fade no trabalho\",\"datePublished\":\"2026-01-24T03:00:00+00:00\",\"dateModified\":\"2026-04-28T19:51:23+00:00\",\"mainEntityOfPage\":{\"@id\":\"https:\\\/\\\/www.sistemametra.com.br\\\/blog\\\/programa-gestao-seguranca-saude-no-trabalho\\\/\"},\"wordCount\":759,\"commentCount\":0,\"publisher\":{\"@id\":\"https:\\\/\\\/www.sistemametra.com.br\\\/blog\\\/#organization\"},\"image\":{\"@id\":\"https:\\\/\\\/www.sistemametra.com.br\\\/blog\\\/programa-gestao-seguranca-saude-no-trabalho\\\/#primaryimage\"},\"thumbnailUrl\":\"https:\\\/\\\/www.sistemametra.com.br\\\/blog\\\/wp-content\\\/uploads\\\/2026\\\/04\\\/programa-gestao-seguranca-saude-no-trabalho.webp\",\"articleSection\":[\"Seguran\u00e7a do Trabalho\"],\"inLanguage\":\"pt-BR\",\"potentialAction\":[{\"@type\":\"CommentAction\",\"name\":\"Comment\",\"target\":[\"https:\\\/\\\/www.sistemametra.com.br\\\/blog\\\/programa-gestao-seguranca-saude-no-trabalho\\\/#respond\"]}]},{\"@type\":\"WebPage\",\"@id\":\"https:\\\/\\\/www.sistemametra.com.br\\\/blog\\\/programa-gestao-seguranca-saude-no-trabalho\\\/\",\"url\":\"https:\\\/\\\/www.sistemametra.com.br\\\/blog\\\/programa-gestao-seguranca-saude-no-trabalho\\\/\",\"name\":\"Programa de gest\u00e3o de seguran\u00e7a e sa\u00fade no trabalho | Sistema Metra\",\"isPartOf\":{\"@id\":\"https:\\\/\\\/www.sistemametra.com.br\\\/blog\\\/#website\"},\"primaryImageOfPage\":{\"@id\":\"https:\\\/\\\/www.sistemametra.com.br\\\/blog\\\/programa-gestao-seguranca-saude-no-trabalho\\\/#primaryimage\"},\"image\":{\"@id\":\"https:\\\/\\\/www.sistemametra.com.br\\\/blog\\\/programa-gestao-seguranca-saude-no-trabalho\\\/#primaryimage\"},\"thumbnailUrl\":\"https:\\\/\\\/www.sistemametra.com.br\\\/blog\\\/wp-content\\\/uploads\\\/2026\\\/04\\\/programa-gestao-seguranca-saude-no-trabalho.webp\",\"datePublished\":\"2026-01-24T03:00:00+00:00\",\"dateModified\":\"2026-04-28T19:51:23+00:00\",\"breadcrumb\":{\"@id\":\"https:\\\/\\\/www.sistemametra.com.br\\\/blog\\\/programa-gestao-seguranca-saude-no-trabalho\\\/#breadcrumb\"},\"inLanguage\":\"pt-BR\",\"potentialAction\":[{\"@type\":\"ReadAction\",\"target\":[\"https:\\\/\\\/www.sistemametra.com.br\\\/blog\\\/programa-gestao-seguranca-saude-no-trabalho\\\/\"]}]},{\"@type\":\"ImageObject\",\"inLanguage\":\"pt-BR\",\"@id\":\"https:\\\/\\\/www.sistemametra.com.br\\\/blog\\\/programa-gestao-seguranca-saude-no-trabalho\\\/#primaryimage\",\"url\":\"https:\\\/\\\/www.sistemametra.com.br\\\/blog\\\/wp-content\\\/uploads\\\/2026\\\/04\\\/programa-gestao-seguranca-saude-no-trabalho.webp\",\"contentUrl\":\"https:\\\/\\\/www.sistemametra.com.br\\\/blog\\\/wp-content\\\/uploads\\\/2026\\\/04\\\/programa-gestao-seguranca-saude-no-trabalho.webp\",\"width\":800,\"height\":800,\"caption\":\"sobre gest\u00e3o de seguran\u00e7a e sa\u00fade no trabalho | Blog Metra\"},{\"@type\":\"BreadcrumbList\",\"@id\":\"https:\\\/\\\/www.sistemametra.com.br\\\/blog\\\/programa-gestao-seguranca-saude-no-trabalho\\\/#breadcrumb\",\"itemListElement\":[{\"@type\":\"ListItem\",\"position\":1,\"name\":\"In\u00edcio\",\"item\":\"https:\\\/\\\/www.sistemametra.com.br\\\/blog\\\/\"},{\"@type\":\"ListItem\",\"position\":2,\"name\":\"Programa de gest\u00e3o de seguran\u00e7a e sa\u00fade no trabalho\"}]},{\"@type\":\"WebSite\",\"@id\":\"https:\\\/\\\/www.sistemametra.com.br\\\/blog\\\/#website\",\"url\":\"https:\\\/\\\/www.sistemametra.com.br\\\/blog\\\/\",\"name\":\"Blog Metra\",\"description\":\"Conte\u00fado pr\u00e1tico sobre Sa\u00fade e Seguran\u00e7a do Trabalho: normas, documentos e obriga\u00e7\u00f5es explicados de forma direta para profissionais e empresas.\",\"publisher\":{\"@id\":\"https:\\\/\\\/www.sistemametra.com.br\\\/blog\\\/#organization\"},\"alternateName\":\"Sistema Metra\",\"potentialAction\":[{\"@type\":\"SearchAction\",\"target\":{\"@type\":\"EntryPoint\",\"urlTemplate\":\"https:\\\/\\\/www.sistemametra.com.br\\\/blog\\\/?s={search_term_string}\"},\"query-input\":{\"@type\":\"PropertyValueSpecification\",\"valueRequired\":true,\"valueName\":\"search_term_string\"}}],\"inLanguage\":\"pt-BR\"},{\"@type\":\"Organization\",\"@id\":\"https:\\\/\\\/www.sistemametra.com.br\\\/blog\\\/#organization\",\"name\":\"Sistema Metra\",\"url\":\"https:\\\/\\\/www.sistemametra.com.br\\\/blog\\\/\",\"logo\":{\"@type\":\"ImageObject\",\"inLanguage\":\"pt-BR\",\"@id\":\"https:\\\/\\\/www.sistemametra.com.br\\\/blog\\\/#\\\/schema\\\/logo\\\/image\\\/\",\"url\":\"https:\\\/\\\/www.sistemametra.com.br\\\/blog\\\/wp-content\\\/uploads\\\/2026\\\/04\\\/blog-metra.webp\",\"contentUrl\":\"https:\\\/\\\/www.sistemametra.com.br\\\/blog\\\/wp-content\\\/uploads\\\/2026\\\/04\\\/blog-metra.webp\",\"width\":800,\"height\":800,\"caption\":\"Sistema Metra\"},\"image\":{\"@id\":\"https:\\\/\\\/www.sistemametra.com.br\\\/blog\\\/#\\\/schema\\\/logo\\\/image\\\/\"},\"sameAs\":[\"https:\\\/\\\/www.facebook.com\\\/metraweb\",\"https:\\\/\\\/www.linkedin.com\\\/company\\\/metra-web\\\/?viewAsMember=true\",\"https:\\\/\\\/www.youtube.com\\\/@SistemaMetra\"]},{\"@type\":\"Person\",\"@id\":\"https:\\\/\\\/www.sistemametra.com.br\\\/blog\\\/#\\\/schema\\\/person\\\/7c04d9110a7e64758ca9951890e56d82\",\"name\":\"Anderson Fernandes\",\"image\":{\"@type\":\"ImageObject\",\"inLanguage\":\"pt-BR\",\"@id\":\"https:\\\/\\\/secure.gravatar.com\\\/avatar\\\/fbe9c5fc3e57710af6aceaea09e3d466e4721a3069e8568b6c9655c7231c5b5e?s=96&d=mm&r=g\",\"url\":\"https:\\\/\\\/secure.gravatar.com\\\/avatar\\\/fbe9c5fc3e57710af6aceaea09e3d466e4721a3069e8568b6c9655c7231c5b5e?s=96&d=mm&r=g\",\"contentUrl\":\"https:\\\/\\\/secure.gravatar.com\\\/avatar\\\/fbe9c5fc3e57710af6aceaea09e3d466e4721a3069e8568b6c9655c7231c5b5e?s=96&d=mm&r=g\",\"caption\":\"Anderson Fernandes\"},\"description\":\"Com forma\u00e7\u00e3o superior \u00e9 t\u00e9cnico em Seguran\u00e7a do Trabalho do Sistema Metra. H\u00e1 30 anos trabalhando ininterruptamente na \u00e1rea desde 2002. Formado ainda no Curso de Tecn\u00f3logo em Seguran\u00e7a do Trabalho e cursando Engenharia visando a p\u00f3s gradua\u00e7\u00e3o em Seguran\u00e7a do Trabalho. Atua ainda como int\u00e9rprete de LIBRAS e atualmente \u00e9 consultor de diversas empresas em ramos de atividade como: Minera\u00e7\u00e3o, Automobil\u00edstica, Manuten\u00e7\u00e3o El\u00e9trica de Grande Porte, Cer\u00e2mica, Refrat\u00e1rios, Sa\u00fade entre outros. \u00c9 propriet\u00e1rio da empresa Mais Sa\u00fade e Seguran\u00e7a do Trabalho e atende seus clientes de forma personalizada moldando a\u00e7\u00f5es conforme as caracter\u00edsticas de cliente.\",\"sameAs\":[\"https:\\\/\\\/www.sistemametra.com.br\",\"https:\\\/\\\/www.instagram.com\\\/andfergom17121999\"],\"url\":\"https:\\\/\\\/www.sistemametra.com.br\\\/blog\\\/author\\\/anderson-fernandes\\\/\"}]}<\/script>\n<!-- \/ Yoast SEO plugin. -->","yoast_head_json":{"title":"Programa de gest\u00e3o de seguran\u00e7a e sa\u00fade no trabalho | Sistema Metra","robots":{"index":"index","follow":"follow","max-snippet":"max-snippet:-1","max-image-preview":"max-image-preview:large","max-video-preview":"max-video-preview:-1"},"canonical":"https:\/\/www.sistemametra.com.br\/blog\/programa-gestao-seguranca-saude-no-trabalho\/","og_locale":"pt_BR","og_type":"article","og_title":"Programa de gest\u00e3o de seguran\u00e7a e sa\u00fade no trabalho | Sistema Metra","og_description":"Est\u00e1 buscando uma solu\u00e7\u00e3o eficiente para gerenciar a seguran\u00e7a e sa\u00fade no trabalho de sua empresa? Conhe\u00e7a o programa de gest\u00e3o de seguran\u00e7a e sa\u00fade no trabalho da Sistema METRA! Somos uma empresa especializada em Como Aprimorar o Sistema de Solu\u00e7\u00f5es para Gest\u00e3o de SST e eSocial. Fa\u00e7a agora mesmo uma cota\u00e7\u00e3o conosco e garanta [&hellip;]","og_url":"https:\/\/www.sistemametra.com.br\/blog\/programa-gestao-seguranca-saude-no-trabalho\/","og_site_name":"Blog Metra","article_publisher":"https:\/\/www.facebook.com\/metraweb","article_published_time":"2026-01-24T03:00:00+00:00","article_modified_time":"2026-04-28T19:51:23+00:00","og_image":[{"width":800,"height":800,"url":"https:\/\/www.sistemametra.com.br\/blog\/wp-content\/uploads\/2026\/04\/programa-gestao-seguranca-saude-no-trabalho.webp","type":"image\/jpeg"}],"author":"Anderson Fernandes","twitter_card":"summary_large_image","twitter_misc":{"Escrito por":"Anderson Fernandes","Est. tempo de leitura":"4 minutos"},"schema":{"@context":"https:\/\/schema.org","@graph":[{"@type":"Article","@id":"https:\/\/www.sistemametra.com.br\/blog\/programa-gestao-seguranca-saude-no-trabalho\/#article","isPartOf":{"@id":"https:\/\/www.sistemametra.com.br\/blog\/programa-gestao-seguranca-saude-no-trabalho\/"},"author":{"name":"Anderson Fernandes","@id":"https:\/\/www.sistemametra.com.br\/blog\/#\/schema\/person\/7c04d9110a7e64758ca9951890e56d82"},"headline":"Programa de gest\u00e3o de seguran\u00e7a e sa\u00fade no trabalho","datePublished":"2026-01-24T03:00:00+00:00","dateModified":"2026-04-28T19:51:23+00:00","mainEntityOfPage":{"@id":"https:\/\/www.sistemametra.com.br\/blog\/programa-gestao-seguranca-saude-no-trabalho\/"},"wordCount":759,"commentCount":0,"publisher":{"@id":"https:\/\/www.sistemametra.com.br\/blog\/#organization"},"image":{"@id":"https:\/\/www.sistemametra.com.br\/blog\/programa-gestao-seguranca-saude-no-trabalho\/#primaryimage"},"thumbnailUrl":"https:\/\/www.sistemametra.com.br\/blog\/wp-content\/uploads\/2026\/04\/programa-gestao-seguranca-saude-no-trabalho.webp","articleSection":["Seguran\u00e7a do Trabalho"],"inLanguage":"pt-BR","potentialAction":[{"@type":"CommentAction","name":"Comment","target":["https:\/\/www.sistemametra.com.br\/blog\/programa-gestao-seguranca-saude-no-trabalho\/#respond"]}]},{"@type":"WebPage","@id":"https:\/\/www.sistemametra.com.br\/blog\/programa-gestao-seguranca-saude-no-trabalho\/","url":"https:\/\/www.sistemametra.com.br\/blog\/programa-gestao-seguranca-saude-no-trabalho\/","name":"Programa de gest\u00e3o de seguran\u00e7a e sa\u00fade no trabalho | Sistema Metra","isPartOf":{"@id":"https:\/\/www.sistemametra.com.br\/blog\/#website"},"primaryImageOfPage":{"@id":"https:\/\/www.sistemametra.com.br\/blog\/programa-gestao-seguranca-saude-no-trabalho\/#primaryimage"},"image":{"@id":"https:\/\/www.sistemametra.com.br\/blog\/programa-gestao-seguranca-saude-no-trabalho\/#primaryimage"},"thumbnailUrl":"https:\/\/www.sistemametra.com.br\/blog\/wp-content\/uploads\/2026\/04\/programa-gestao-seguranca-saude-no-trabalho.webp","datePublished":"2026-01-24T03:00:00+00:00","dateModified":"2026-04-28T19:51:23+00:00","breadcrumb":{"@id":"https:\/\/www.sistemametra.com.br\/blog\/programa-gestao-seguranca-saude-no-trabalho\/#breadcrumb"},"inLanguage":"pt-BR","potentialAction":[{"@type":"ReadAction","target":["https:\/\/www.sistemametra.com.br\/blog\/programa-gestao-seguranca-saude-no-trabalho\/"]}]},{"@type":"ImageObject","inLanguage":"pt-BR","@id":"https:\/\/www.sistemametra.com.br\/blog\/programa-gestao-seguranca-saude-no-trabalho\/#primaryimage","url":"https:\/\/www.sistemametra.com.br\/blog\/wp-content\/uploads\/2026\/04\/programa-gestao-seguranca-saude-no-trabalho.webp","contentUrl":"https:\/\/www.sistemametra.com.br\/blog\/wp-content\/uploads\/2026\/04\/programa-gestao-seguranca-saude-no-trabalho.webp","width":800,"height":800,"caption":"sobre gest\u00e3o de seguran\u00e7a e sa\u00fade no trabalho | Blog Metra"},{"@type":"BreadcrumbList","@id":"https:\/\/www.sistemametra.com.br\/blog\/programa-gestao-seguranca-saude-no-trabalho\/#breadcrumb","itemListElement":[{"@type":"ListItem","position":1,"name":"In\u00edcio","item":"https:\/\/www.sistemametra.com.br\/blog\/"},{"@type":"ListItem","position":2,"name":"Programa de gest\u00e3o de seguran\u00e7a e sa\u00fade no trabalho"}]},{"@type":"WebSite","@id":"https:\/\/www.sistemametra.com.br\/blog\/#website","url":"https:\/\/www.sistemametra.com.br\/blog\/","name":"Blog Metra","description":"Conte\u00fado pr\u00e1tico sobre Sa\u00fade e Seguran\u00e7a do Trabalho: normas, documentos e obriga\u00e7\u00f5es explicados de forma direta para profissionais e empresas.","publisher":{"@id":"https:\/\/www.sistemametra.com.br\/blog\/#organization"},"alternateName":"Sistema Metra","potentialAction":[{"@type":"SearchAction","target":{"@type":"EntryPoint","urlTemplate":"https:\/\/www.sistemametra.com.br\/blog\/?s={search_term_string}"},"query-input":{"@type":"PropertyValueSpecification","valueRequired":true,"valueName":"search_term_string"}}],"inLanguage":"pt-BR"},{"@type":"Organization","@id":"https:\/\/www.sistemametra.com.br\/blog\/#organization","name":"Sistema Metra","url":"https:\/\/www.sistemametra.com.br\/blog\/","logo":{"@type":"ImageObject","inLanguage":"pt-BR","@id":"https:\/\/www.sistemametra.com.br\/blog\/#\/schema\/logo\/image\/","url":"https:\/\/www.sistemametra.com.br\/blog\/wp-content\/uploads\/2026\/04\/blog-metra.webp","contentUrl":"https:\/\/www.sistemametra.com.br\/blog\/wp-content\/uploads\/2026\/04\/blog-metra.webp","width":800,"height":800,"caption":"Sistema Metra"},"image":{"@id":"https:\/\/www.sistemametra.com.br\/blog\/#\/schema\/logo\/image\/"},"sameAs":["https:\/\/www.facebook.com\/metraweb","https:\/\/www.linkedin.com\/company\/metra-web\/?viewAsMember=true","https:\/\/www.youtube.com\/@SistemaMetra"]},{"@type":"Person","@id":"https:\/\/www.sistemametra.com.br\/blog\/#\/schema\/person\/7c04d9110a7e64758ca9951890e56d82","name":"Anderson Fernandes","image":{"@type":"ImageObject","inLanguage":"pt-BR","@id":"https:\/\/secure.gravatar.com\/avatar\/fbe9c5fc3e57710af6aceaea09e3d466e4721a3069e8568b6c9655c7231c5b5e?s=96&d=mm&r=g","url":"https:\/\/secure.gravatar.com\/avatar\/fbe9c5fc3e57710af6aceaea09e3d466e4721a3069e8568b6c9655c7231c5b5e?s=96&d=mm&r=g","contentUrl":"https:\/\/secure.gravatar.com\/avatar\/fbe9c5fc3e57710af6aceaea09e3d466e4721a3069e8568b6c9655c7231c5b5e?s=96&d=mm&r=g","caption":"Anderson Fernandes"},"description":"Com forma\u00e7\u00e3o superior \u00e9 t\u00e9cnico em Seguran\u00e7a do Trabalho do Sistema Metra. H\u00e1 30 anos trabalhando ininterruptamente na \u00e1rea desde 2002. Formado ainda no Curso de Tecn\u00f3logo em Seguran\u00e7a do Trabalho e cursando Engenharia visando a p\u00f3s gradua\u00e7\u00e3o em Seguran\u00e7a do Trabalho. Atua ainda como int\u00e9rprete de LIBRAS e atualmente \u00e9 consultor de diversas empresas em ramos de atividade como: Minera\u00e7\u00e3o, Automobil\u00edstica, Manuten\u00e7\u00e3o El\u00e9trica de Grande Porte, Cer\u00e2mica, Refrat\u00e1rios, Sa\u00fade entre outros. \u00c9 propriet\u00e1rio da empresa Mais Sa\u00fade e Seguran\u00e7a do Trabalho e atende seus clientes de forma personalizada moldando a\u00e7\u00f5es conforme as caracter\u00edsticas de cliente.","sameAs":["https:\/\/www.sistemametra.com.br","https:\/\/www.instagram.com\/andfergom17121999"],"url":"https:\/\/www.sistemametra.com.br\/blog\/author\/anderson-fernandes\/"}]}},"_links":{"self":[{"href":"https:\/\/www.sistemametra.com.br\/blog\/wp-json\/wp\/v2\/posts\/482","targetHints":{"allow":["GET"]}}],"collection":[{"href":"https:\/\/www.sistemametra.com.br\/blog\/wp-json\/wp\/v2\/posts"}],"about":[{"href":"https:\/\/www.sistemametra.com.br\/blog\/wp-json\/wp\/v2\/types\/post"}],"author":[{"embeddable":true,"href":"https:\/\/www.sistemametra.com.br\/blog\/wp-json\/wp\/v2\/users\/3"}],"replies":[{"embeddable":true,"href":"https:\/\/www.sistemametra.com.br\/blog\/wp-json\/wp\/v2\/comments?post=482"}],"version-history":[{"count":1,"href":"https:\/\/www.sistemametra.com.br\/blog\/wp-json\/wp\/v2\/posts\/482\/revisions"}],"predecessor-version":[{"id":843,"href":"https:\/\/www.sistemametra.com.br\/blog\/wp-json\/wp\/v2\/posts\/482\/revisions\/843"}],"wp:featuredmedia":[{"embeddable":true,"href":"https:\/\/www.sistemametra.com.br\/blog\/wp-json\/wp\/v2\/media\/483"}],"wp:attachment":[{"href":"https:\/\/www.sistemametra.com.br\/blog\/wp-json\/wp\/v2\/media?parent=482"}],"wp:term":[{"taxonomy":"category","embeddable":true,"href":"https:\/\/www.sistemametra.com.br\/blog\/wp-json\/wp\/v2\/categories?post=482"},{"taxonomy":"post_tag","embeddable":true,"href":"https:\/\/www.sistemametra.com.br\/blog\/wp-json\/wp\/v2\/tags?post=482"}],"curies":[{"name":"wp","href":"https:\/\/api.w.org\/{rel}","templated":true}]}}