{"id":484,"date":"2026-01-25T00:00:00","date_gmt":"2026-01-25T03:00:00","guid":{"rendered":"https:\/\/www.sistemametra.com.br\/blog\/programa-gestao-seguranca-sst\/"},"modified":"2026-04-28T16:51:23","modified_gmt":"2026-04-28T19:51:23","slug":"programa-gestao-seguranca-sst","status":"publish","type":"post","link":"https:\/\/www.sistemametra.com.br\/blog\/programa-gestao-seguranca-sst\/","title":{"rendered":"Programa de gest\u00e3o de seguran\u00e7a sst"},"content":{"rendered":"<article>\n<p>Procurando um <strong>programa de gest\u00e3o de seguran\u00e7a sst<\/strong> eficiente, pr\u00e1tico e aprovado pelo mercado? Ent\u00e3o, voc\u00ea est\u00e1 no lugar certo! Fa\u00e7a uma cota\u00e7\u00e3o conosco e conhe\u00e7a o Sistema METRA, a solu\u00e7\u00e3o ideal para sua empresa.<\/p>\n<h2>O QUE \u00c9 O PROGRAMA DE GEST\u00c3O DE SEGURAN\u00c7A SST?<\/h2>\n<p>Antes de mais nada, \u00e9 importante entender o que \u00e9 o <strong>programa de gest\u00e3o de seguran\u00e7a sst<\/strong>. Trata-se de um sistema de gerenciamento de sa\u00fade e seguran\u00e7a do trabalho, que tem como objetivo principal garantir a preven\u00e7\u00e3o de acidentes e doen\u00e7as ocupacionais, al\u00e9m de estar em conformidade com as normas regulamentadoras (NRs) e com o eSocial.<\/p>\n<h2>COMO FUNCIONA O SISTEMA METRA?<\/h2>\n<p>O Sistema METRA \u00e9 um software de gest\u00e3o que proporciona uma vis\u00e3o completa da seguran\u00e7a e sa\u00fade ocupacional em sua empresa. Ele permite o cadastro de informa\u00e7\u00f5es sobre colaboradores, exames m\u00e9dicos, acidentes de trabalho, treinamentos realizados, entre outros dados relevantes. Al\u00e9m disso, possui recursos como emiss\u00e3o de relat\u00f3rios e gr\u00e1ficos, controle de validades e alertas de vencimentos, e at\u00e9 mesmo o preenchimento dos dados diretamente no sistema para envio ao eSocial.<\/p>\n<h3>Quais as vantagens de utilizar o Sistema METRA?<\/h3>\n<p>S\u00e3o muitas as vantagens de utilizar o Sistema METRA como seu <strong>programa de gest\u00e3o de seguran\u00e7a sst<\/strong>. Confira algumas delas:<\/p>\n<p>Facilidade e praticidade na gest\u00e3o de informa\u00e7\u00f5es sobre seguran\u00e7a e sa\u00fade ocupacional;<\/p>\n<p>Maior controle e organiza\u00e7\u00e3o dos dados;<\/p>\n<p>Redu\u00e7\u00e3o de tempo e esfor\u00e7o na elabora\u00e7\u00e3o de relat\u00f3rios e envio ao eSocial;<\/p>\n<p>Conformidade com as normas regulamentadoras e legisla\u00e7\u00f5es vigentes;<\/p>\n<p>Preven\u00e7\u00e3o de acidentes e doen\u00e7as ocupacionais;<\/p>\n<p>Redu\u00e7\u00e3o de custos com afastamentos e processos judiciais.<\/p>\n<h2>APLICABILIDADE DO SISTEMA METRA<\/h2>\n<p>O Sistema METRA \u00e9 indicado para empresas de todos os portes e segmentos, que buscam uma gest\u00e3o eficiente e segura de sua sa\u00fade e seguran\u00e7a do trabalho. Al\u00e9m disso, \u00e9 uma ferramenta essencial para empresas que precisam estar em conformidade com o eSocial e as NRs, garantindo a tranquilidade e a prote\u00e7\u00e3o jur\u00eddica.<\/p>\n<h2>RECOMENDA\u00c7\u00d5ES PARA USO DO SISTEMA METRA<\/h2>\n<p>Para garantir uma melhor experi\u00eancia do usu\u00e1rio e um maior aproveitamento do Sistema METRA, recomendamos:<\/p>\n<p>Realizar treinamentos e capacita\u00e7\u00f5es com os colaboradores sobre o uso do sistema;<\/p>\n<p>Mapear e entender as necessidades da empresa antes de implementar o sistema;<\/p>\n<p>Manter os dados atualizados e em dia, para uma gest\u00e3o eficiente;<\/p>\n<p>Realizar backups peri\u00f3dicos dos dados armazenados no sistema;<\/p>\n<p>Contar com o suporte t\u00e9cnico da equipe do Sistema METRA, em caso de d\u00favidas ou dificuldades.<\/p>\n<p>O Sistema METRA \u00e9 a solu\u00e7\u00e3o completa para gest\u00e3o de seguran\u00e7a sst e est\u00e1 preparado para atender as necessidades de sua empresa. Entre em contato conosco e fa\u00e7a uma cota\u00e7\u00e3o para conhecer melhor nossos servi\u00e7os e como podemos ajud\u00e1-lo a manter a seguran\u00e7a e a sa\u00fade de seus colaboradores em dia.<\/p>\n<h2>Para saber mais sobre Programa de gest\u00e3o de seguran\u00e7a sst<\/h2>\n<p>Ligue para <strong>0800-707-5900 <\/strong>ou clique aqui e entre em contato por email.<\/p>\n<p>O conte\u00fado do texto desta p\u00e1gina \u00e9 de direito reservado. Sua reprodu\u00e7\u00e3o, parcial ou total, mesmo citando nossos links, \u00e9 proibida sem a autoriza\u00e7\u00e3o do autor. Crime de viola\u00e7\u00e3o de direito autoral \u2013 artigo 184 do C\u00f3digo Penal \u2013 Lei 9610\/98 &#8211; Lei de direitos autorais. <\/article>\n","protected":false},"excerpt":{"rendered":"<p>Procurando um programa de gest\u00e3o de seguran\u00e7a sst eficiente, pr\u00e1tico e aprovado pelo mercado? Ent\u00e3o, voc\u00ea est\u00e1 no lugar certo! Fa\u00e7a uma cota\u00e7\u00e3o conosco e conhe\u00e7a o Sistema METRA, a solu\u00e7\u00e3o ideal para sua empresa. O QUE \u00c9 O PROGRAMA DE GEST\u00c3O DE SEGURAN\u00c7A SST? Antes de mais nada, \u00e9 importante entender o que \u00e9 [&hellip;]<\/p>\n","protected":false},"author":3,"featured_media":485,"comment_status":"open","ping_status":"open","sticky":false,"template":"","format":"standard","meta":{"footnotes":""},"categories":[25],"tags":[],"class_list":["post-484","post","type-post","status-publish","format-standard","has-post-thumbnail","hentry","category-seguranca-do-trabalho"],"yoast_head":"<!-- This site is optimized with the Yoast SEO plugin v27.5 - https:\/\/yoast.com\/product\/yoast-seo-wordpress\/ -->\n<title>Programa de gest\u00e3o de seguran\u00e7a sst | Sistema Metra<\/title>\n<meta name=\"robots\" content=\"index, follow, max-snippet:-1, max-image-preview:large, max-video-preview:-1\" \/>\n<link rel=\"canonical\" href=\"https:\/\/www.sistemametra.com.br\/blog\/programa-gestao-seguranca-sst\/\" \/>\n<meta property=\"og:locale\" content=\"pt_BR\" \/>\n<meta property=\"og:type\" content=\"article\" \/>\n<meta property=\"og:title\" content=\"Programa de gest\u00e3o de seguran\u00e7a sst | Sistema Metra\" \/>\n<meta property=\"og:description\" content=\"Procurando um programa de gest\u00e3o de seguran\u00e7a sst eficiente, pr\u00e1tico e aprovado pelo mercado? Ent\u00e3o, voc\u00ea est\u00e1 no lugar certo! Fa\u00e7a uma cota\u00e7\u00e3o conosco e conhe\u00e7a o Sistema METRA, a solu\u00e7\u00e3o ideal para sua empresa. O QUE \u00c9 O PROGRAMA DE GEST\u00c3O DE SEGURAN\u00c7A SST? Antes de mais nada, \u00e9 importante entender o que \u00e9 [&hellip;]\" \/>\n<meta property=\"og:url\" content=\"https:\/\/www.sistemametra.com.br\/blog\/programa-gestao-seguranca-sst\/\" \/>\n<meta property=\"og:site_name\" content=\"Blog Metra\" \/>\n<meta property=\"article:publisher\" content=\"https:\/\/www.facebook.com\/metraweb\" \/>\n<meta property=\"article:published_time\" content=\"2026-01-25T03:00:00+00:00\" \/>\n<meta property=\"article:modified_time\" content=\"2026-04-28T19:51:23+00:00\" \/>\n<meta property=\"og:image\" content=\"https:\/\/www.sistemametra.com.br\/blog\/wp-content\/uploads\/2026\/04\/programa-gestao-seguranca-sst.webp\" \/>\n\t<meta property=\"og:image:width\" content=\"800\" \/>\n\t<meta property=\"og:image:height\" content=\"800\" \/>\n\t<meta property=\"og:image:type\" content=\"image\/jpeg\" \/>\n<meta name=\"author\" content=\"Anderson Fernandes\" \/>\n<meta name=\"twitter:card\" content=\"summary_large_image\" \/>\n<meta name=\"twitter:label1\" content=\"Escrito por\" \/>\n\t<meta name=\"twitter:data1\" content=\"Anderson Fernandes\" \/>\n\t<meta name=\"twitter:label2\" content=\"Est. tempo de leitura\" \/>\n\t<meta name=\"twitter:data2\" content=\"3 minutos\" \/>\n<script type=\"application\/ld+json\" class=\"yoast-schema-graph\">{\"@context\":\"https:\\\/\\\/schema.org\",\"@graph\":[{\"@type\":\"Article\",\"@id\":\"https:\\\/\\\/www.sistemametra.com.br\\\/blog\\\/programa-gestao-seguranca-sst\\\/#article\",\"isPartOf\":{\"@id\":\"https:\\\/\\\/www.sistemametra.com.br\\\/blog\\\/programa-gestao-seguranca-sst\\\/\"},\"author\":{\"name\":\"Anderson Fernandes\",\"@id\":\"https:\\\/\\\/www.sistemametra.com.br\\\/blog\\\/#\\\/schema\\\/person\\\/7c04d9110a7e64758ca9951890e56d82\"},\"headline\":\"Programa de gest\u00e3o de seguran\u00e7a sst\",\"datePublished\":\"2026-01-25T03:00:00+00:00\",\"dateModified\":\"2026-04-28T19:51:23+00:00\",\"mainEntityOfPage\":{\"@id\":\"https:\\\/\\\/www.sistemametra.com.br\\\/blog\\\/programa-gestao-seguranca-sst\\\/\"},\"wordCount\":584,\"commentCount\":0,\"publisher\":{\"@id\":\"https:\\\/\\\/www.sistemametra.com.br\\\/blog\\\/#organization\"},\"image\":{\"@id\":\"https:\\\/\\\/www.sistemametra.com.br\\\/blog\\\/programa-gestao-seguranca-sst\\\/#primaryimage\"},\"thumbnailUrl\":\"https:\\\/\\\/www.sistemametra.com.br\\\/blog\\\/wp-content\\\/uploads\\\/2026\\\/04\\\/programa-gestao-seguranca-sst.webp\",\"articleSection\":[\"Seguran\u00e7a do Trabalho\"],\"inLanguage\":\"pt-BR\",\"potentialAction\":[{\"@type\":\"CommentAction\",\"name\":\"Comment\",\"target\":[\"https:\\\/\\\/www.sistemametra.com.br\\\/blog\\\/programa-gestao-seguranca-sst\\\/#respond\"]}]},{\"@type\":\"WebPage\",\"@id\":\"https:\\\/\\\/www.sistemametra.com.br\\\/blog\\\/programa-gestao-seguranca-sst\\\/\",\"url\":\"https:\\\/\\\/www.sistemametra.com.br\\\/blog\\\/programa-gestao-seguranca-sst\\\/\",\"name\":\"Programa de gest\u00e3o de seguran\u00e7a sst | Sistema Metra\",\"isPartOf\":{\"@id\":\"https:\\\/\\\/www.sistemametra.com.br\\\/blog\\\/#website\"},\"primaryImageOfPage\":{\"@id\":\"https:\\\/\\\/www.sistemametra.com.br\\\/blog\\\/programa-gestao-seguranca-sst\\\/#primaryimage\"},\"image\":{\"@id\":\"https:\\\/\\\/www.sistemametra.com.br\\\/blog\\\/programa-gestao-seguranca-sst\\\/#primaryimage\"},\"thumbnailUrl\":\"https:\\\/\\\/www.sistemametra.com.br\\\/blog\\\/wp-content\\\/uploads\\\/2026\\\/04\\\/programa-gestao-seguranca-sst.webp\",\"datePublished\":\"2026-01-25T03:00:00+00:00\",\"dateModified\":\"2026-04-28T19:51:23+00:00\",\"breadcrumb\":{\"@id\":\"https:\\\/\\\/www.sistemametra.com.br\\\/blog\\\/programa-gestao-seguranca-sst\\\/#breadcrumb\"},\"inLanguage\":\"pt-BR\",\"potentialAction\":[{\"@type\":\"ReadAction\",\"target\":[\"https:\\\/\\\/www.sistemametra.com.br\\\/blog\\\/programa-gestao-seguranca-sst\\\/\"]}]},{\"@type\":\"ImageObject\",\"inLanguage\":\"pt-BR\",\"@id\":\"https:\\\/\\\/www.sistemametra.com.br\\\/blog\\\/programa-gestao-seguranca-sst\\\/#primaryimage\",\"url\":\"https:\\\/\\\/www.sistemametra.com.br\\\/blog\\\/wp-content\\\/uploads\\\/2026\\\/04\\\/programa-gestao-seguranca-sst.webp\",\"contentUrl\":\"https:\\\/\\\/www.sistemametra.com.br\\\/blog\\\/wp-content\\\/uploads\\\/2026\\\/04\\\/programa-gestao-seguranca-sst.webp\",\"width\":800,\"height\":800,\"caption\":\"sobre gest\u00e3o de seguran\u00e7a sst | Blog Metra\"},{\"@type\":\"BreadcrumbList\",\"@id\":\"https:\\\/\\\/www.sistemametra.com.br\\\/blog\\\/programa-gestao-seguranca-sst\\\/#breadcrumb\",\"itemListElement\":[{\"@type\":\"ListItem\",\"position\":1,\"name\":\"In\u00edcio\",\"item\":\"https:\\\/\\\/www.sistemametra.com.br\\\/blog\\\/\"},{\"@type\":\"ListItem\",\"position\":2,\"name\":\"Programa de gest\u00e3o de seguran\u00e7a sst\"}]},{\"@type\":\"WebSite\",\"@id\":\"https:\\\/\\\/www.sistemametra.com.br\\\/blog\\\/#website\",\"url\":\"https:\\\/\\\/www.sistemametra.com.br\\\/blog\\\/\",\"name\":\"Blog Metra\",\"description\":\"Conte\u00fado pr\u00e1tico sobre Sa\u00fade e Seguran\u00e7a do Trabalho: normas, documentos e obriga\u00e7\u00f5es explicados de forma direta para profissionais e empresas.\",\"publisher\":{\"@id\":\"https:\\\/\\\/www.sistemametra.com.br\\\/blog\\\/#organization\"},\"alternateName\":\"Sistema Metra\",\"potentialAction\":[{\"@type\":\"SearchAction\",\"target\":{\"@type\":\"EntryPoint\",\"urlTemplate\":\"https:\\\/\\\/www.sistemametra.com.br\\\/blog\\\/?s={search_term_string}\"},\"query-input\":{\"@type\":\"PropertyValueSpecification\",\"valueRequired\":true,\"valueName\":\"search_term_string\"}}],\"inLanguage\":\"pt-BR\"},{\"@type\":\"Organization\",\"@id\":\"https:\\\/\\\/www.sistemametra.com.br\\\/blog\\\/#organization\",\"name\":\"Sistema Metra\",\"url\":\"https:\\\/\\\/www.sistemametra.com.br\\\/blog\\\/\",\"logo\":{\"@type\":\"ImageObject\",\"inLanguage\":\"pt-BR\",\"@id\":\"https:\\\/\\\/www.sistemametra.com.br\\\/blog\\\/#\\\/schema\\\/logo\\\/image\\\/\",\"url\":\"https:\\\/\\\/www.sistemametra.com.br\\\/blog\\\/wp-content\\\/uploads\\\/2026\\\/04\\\/blog-metra.webp\",\"contentUrl\":\"https:\\\/\\\/www.sistemametra.com.br\\\/blog\\\/wp-content\\\/uploads\\\/2026\\\/04\\\/blog-metra.webp\",\"width\":800,\"height\":800,\"caption\":\"Sistema Metra\"},\"image\":{\"@id\":\"https:\\\/\\\/www.sistemametra.com.br\\\/blog\\\/#\\\/schema\\\/logo\\\/image\\\/\"},\"sameAs\":[\"https:\\\/\\\/www.facebook.com\\\/metraweb\",\"https:\\\/\\\/www.linkedin.com\\\/company\\\/metra-web\\\/?viewAsMember=true\",\"https:\\\/\\\/www.youtube.com\\\/@SistemaMetra\"]},{\"@type\":\"Person\",\"@id\":\"https:\\\/\\\/www.sistemametra.com.br\\\/blog\\\/#\\\/schema\\\/person\\\/7c04d9110a7e64758ca9951890e56d82\",\"name\":\"Anderson Fernandes\",\"image\":{\"@type\":\"ImageObject\",\"inLanguage\":\"pt-BR\",\"@id\":\"https:\\\/\\\/secure.gravatar.com\\\/avatar\\\/fbe9c5fc3e57710af6aceaea09e3d466e4721a3069e8568b6c9655c7231c5b5e?s=96&d=mm&r=g\",\"url\":\"https:\\\/\\\/secure.gravatar.com\\\/avatar\\\/fbe9c5fc3e57710af6aceaea09e3d466e4721a3069e8568b6c9655c7231c5b5e?s=96&d=mm&r=g\",\"contentUrl\":\"https:\\\/\\\/secure.gravatar.com\\\/avatar\\\/fbe9c5fc3e57710af6aceaea09e3d466e4721a3069e8568b6c9655c7231c5b5e?s=96&d=mm&r=g\",\"caption\":\"Anderson Fernandes\"},\"description\":\"Com forma\u00e7\u00e3o superior \u00e9 t\u00e9cnico em Seguran\u00e7a do Trabalho do Sistema Metra. H\u00e1 30 anos trabalhando ininterruptamente na \u00e1rea desde 2002. Formado ainda no Curso de Tecn\u00f3logo em Seguran\u00e7a do Trabalho e cursando Engenharia visando a p\u00f3s gradua\u00e7\u00e3o em Seguran\u00e7a do Trabalho. Atua ainda como int\u00e9rprete de LIBRAS e atualmente \u00e9 consultor de diversas empresas em ramos de atividade como: Minera\u00e7\u00e3o, Automobil\u00edstica, Manuten\u00e7\u00e3o El\u00e9trica de Grande Porte, Cer\u00e2mica, Refrat\u00e1rios, Sa\u00fade entre outros. \u00c9 propriet\u00e1rio da empresa Mais Sa\u00fade e Seguran\u00e7a do Trabalho e atende seus clientes de forma personalizada moldando a\u00e7\u00f5es conforme as caracter\u00edsticas de cliente.\",\"sameAs\":[\"https:\\\/\\\/www.sistemametra.com.br\",\"https:\\\/\\\/www.instagram.com\\\/andfergom17121999\"],\"url\":\"https:\\\/\\\/www.sistemametra.com.br\\\/blog\\\/author\\\/anderson-fernandes\\\/\"}]}<\/script>\n<!-- \/ Yoast SEO plugin. -->","yoast_head_json":{"title":"Programa de gest\u00e3o de seguran\u00e7a sst | Sistema Metra","robots":{"index":"index","follow":"follow","max-snippet":"max-snippet:-1","max-image-preview":"max-image-preview:large","max-video-preview":"max-video-preview:-1"},"canonical":"https:\/\/www.sistemametra.com.br\/blog\/programa-gestao-seguranca-sst\/","og_locale":"pt_BR","og_type":"article","og_title":"Programa de gest\u00e3o de seguran\u00e7a sst | Sistema Metra","og_description":"Procurando um programa de gest\u00e3o de seguran\u00e7a sst eficiente, pr\u00e1tico e aprovado pelo mercado? Ent\u00e3o, voc\u00ea est\u00e1 no lugar certo! Fa\u00e7a uma cota\u00e7\u00e3o conosco e conhe\u00e7a o Sistema METRA, a solu\u00e7\u00e3o ideal para sua empresa. O QUE \u00c9 O PROGRAMA DE GEST\u00c3O DE SEGURAN\u00c7A SST? Antes de mais nada, \u00e9 importante entender o que \u00e9 [&hellip;]","og_url":"https:\/\/www.sistemametra.com.br\/blog\/programa-gestao-seguranca-sst\/","og_site_name":"Blog Metra","article_publisher":"https:\/\/www.facebook.com\/metraweb","article_published_time":"2026-01-25T03:00:00+00:00","article_modified_time":"2026-04-28T19:51:23+00:00","og_image":[{"width":800,"height":800,"url":"https:\/\/www.sistemametra.com.br\/blog\/wp-content\/uploads\/2026\/04\/programa-gestao-seguranca-sst.webp","type":"image\/jpeg"}],"author":"Anderson Fernandes","twitter_card":"summary_large_image","twitter_misc":{"Escrito por":"Anderson Fernandes","Est. tempo de leitura":"3 minutos"},"schema":{"@context":"https:\/\/schema.org","@graph":[{"@type":"Article","@id":"https:\/\/www.sistemametra.com.br\/blog\/programa-gestao-seguranca-sst\/#article","isPartOf":{"@id":"https:\/\/www.sistemametra.com.br\/blog\/programa-gestao-seguranca-sst\/"},"author":{"name":"Anderson Fernandes","@id":"https:\/\/www.sistemametra.com.br\/blog\/#\/schema\/person\/7c04d9110a7e64758ca9951890e56d82"},"headline":"Programa de gest\u00e3o de seguran\u00e7a sst","datePublished":"2026-01-25T03:00:00+00:00","dateModified":"2026-04-28T19:51:23+00:00","mainEntityOfPage":{"@id":"https:\/\/www.sistemametra.com.br\/blog\/programa-gestao-seguranca-sst\/"},"wordCount":584,"commentCount":0,"publisher":{"@id":"https:\/\/www.sistemametra.com.br\/blog\/#organization"},"image":{"@id":"https:\/\/www.sistemametra.com.br\/blog\/programa-gestao-seguranca-sst\/#primaryimage"},"thumbnailUrl":"https:\/\/www.sistemametra.com.br\/blog\/wp-content\/uploads\/2026\/04\/programa-gestao-seguranca-sst.webp","articleSection":["Seguran\u00e7a do Trabalho"],"inLanguage":"pt-BR","potentialAction":[{"@type":"CommentAction","name":"Comment","target":["https:\/\/www.sistemametra.com.br\/blog\/programa-gestao-seguranca-sst\/#respond"]}]},{"@type":"WebPage","@id":"https:\/\/www.sistemametra.com.br\/blog\/programa-gestao-seguranca-sst\/","url":"https:\/\/www.sistemametra.com.br\/blog\/programa-gestao-seguranca-sst\/","name":"Programa de gest\u00e3o de seguran\u00e7a sst | Sistema Metra","isPartOf":{"@id":"https:\/\/www.sistemametra.com.br\/blog\/#website"},"primaryImageOfPage":{"@id":"https:\/\/www.sistemametra.com.br\/blog\/programa-gestao-seguranca-sst\/#primaryimage"},"image":{"@id":"https:\/\/www.sistemametra.com.br\/blog\/programa-gestao-seguranca-sst\/#primaryimage"},"thumbnailUrl":"https:\/\/www.sistemametra.com.br\/blog\/wp-content\/uploads\/2026\/04\/programa-gestao-seguranca-sst.webp","datePublished":"2026-01-25T03:00:00+00:00","dateModified":"2026-04-28T19:51:23+00:00","breadcrumb":{"@id":"https:\/\/www.sistemametra.com.br\/blog\/programa-gestao-seguranca-sst\/#breadcrumb"},"inLanguage":"pt-BR","potentialAction":[{"@type":"ReadAction","target":["https:\/\/www.sistemametra.com.br\/blog\/programa-gestao-seguranca-sst\/"]}]},{"@type":"ImageObject","inLanguage":"pt-BR","@id":"https:\/\/www.sistemametra.com.br\/blog\/programa-gestao-seguranca-sst\/#primaryimage","url":"https:\/\/www.sistemametra.com.br\/blog\/wp-content\/uploads\/2026\/04\/programa-gestao-seguranca-sst.webp","contentUrl":"https:\/\/www.sistemametra.com.br\/blog\/wp-content\/uploads\/2026\/04\/programa-gestao-seguranca-sst.webp","width":800,"height":800,"caption":"sobre gest\u00e3o de seguran\u00e7a sst | Blog Metra"},{"@type":"BreadcrumbList","@id":"https:\/\/www.sistemametra.com.br\/blog\/programa-gestao-seguranca-sst\/#breadcrumb","itemListElement":[{"@type":"ListItem","position":1,"name":"In\u00edcio","item":"https:\/\/www.sistemametra.com.br\/blog\/"},{"@type":"ListItem","position":2,"name":"Programa de gest\u00e3o de seguran\u00e7a sst"}]},{"@type":"WebSite","@id":"https:\/\/www.sistemametra.com.br\/blog\/#website","url":"https:\/\/www.sistemametra.com.br\/blog\/","name":"Blog Metra","description":"Conte\u00fado pr\u00e1tico sobre Sa\u00fade e Seguran\u00e7a do Trabalho: normas, documentos e obriga\u00e7\u00f5es explicados de forma direta para profissionais e empresas.","publisher":{"@id":"https:\/\/www.sistemametra.com.br\/blog\/#organization"},"alternateName":"Sistema Metra","potentialAction":[{"@type":"SearchAction","target":{"@type":"EntryPoint","urlTemplate":"https:\/\/www.sistemametra.com.br\/blog\/?s={search_term_string}"},"query-input":{"@type":"PropertyValueSpecification","valueRequired":true,"valueName":"search_term_string"}}],"inLanguage":"pt-BR"},{"@type":"Organization","@id":"https:\/\/www.sistemametra.com.br\/blog\/#organization","name":"Sistema Metra","url":"https:\/\/www.sistemametra.com.br\/blog\/","logo":{"@type":"ImageObject","inLanguage":"pt-BR","@id":"https:\/\/www.sistemametra.com.br\/blog\/#\/schema\/logo\/image\/","url":"https:\/\/www.sistemametra.com.br\/blog\/wp-content\/uploads\/2026\/04\/blog-metra.webp","contentUrl":"https:\/\/www.sistemametra.com.br\/blog\/wp-content\/uploads\/2026\/04\/blog-metra.webp","width":800,"height":800,"caption":"Sistema Metra"},"image":{"@id":"https:\/\/www.sistemametra.com.br\/blog\/#\/schema\/logo\/image\/"},"sameAs":["https:\/\/www.facebook.com\/metraweb","https:\/\/www.linkedin.com\/company\/metra-web\/?viewAsMember=true","https:\/\/www.youtube.com\/@SistemaMetra"]},{"@type":"Person","@id":"https:\/\/www.sistemametra.com.br\/blog\/#\/schema\/person\/7c04d9110a7e64758ca9951890e56d82","name":"Anderson Fernandes","image":{"@type":"ImageObject","inLanguage":"pt-BR","@id":"https:\/\/secure.gravatar.com\/avatar\/fbe9c5fc3e57710af6aceaea09e3d466e4721a3069e8568b6c9655c7231c5b5e?s=96&d=mm&r=g","url":"https:\/\/secure.gravatar.com\/avatar\/fbe9c5fc3e57710af6aceaea09e3d466e4721a3069e8568b6c9655c7231c5b5e?s=96&d=mm&r=g","contentUrl":"https:\/\/secure.gravatar.com\/avatar\/fbe9c5fc3e57710af6aceaea09e3d466e4721a3069e8568b6c9655c7231c5b5e?s=96&d=mm&r=g","caption":"Anderson Fernandes"},"description":"Com forma\u00e7\u00e3o superior \u00e9 t\u00e9cnico em Seguran\u00e7a do Trabalho do Sistema Metra. H\u00e1 30 anos trabalhando ininterruptamente na \u00e1rea desde 2002. Formado ainda no Curso de Tecn\u00f3logo em Seguran\u00e7a do Trabalho e cursando Engenharia visando a p\u00f3s gradua\u00e7\u00e3o em Seguran\u00e7a do Trabalho. Atua ainda como int\u00e9rprete de LIBRAS e atualmente \u00e9 consultor de diversas empresas em ramos de atividade como: Minera\u00e7\u00e3o, Automobil\u00edstica, Manuten\u00e7\u00e3o El\u00e9trica de Grande Porte, Cer\u00e2mica, Refrat\u00e1rios, Sa\u00fade entre outros. \u00c9 propriet\u00e1rio da empresa Mais Sa\u00fade e Seguran\u00e7a do Trabalho e atende seus clientes de forma personalizada moldando a\u00e7\u00f5es conforme as caracter\u00edsticas de cliente.","sameAs":["https:\/\/www.sistemametra.com.br","https:\/\/www.instagram.com\/andfergom17121999"],"url":"https:\/\/www.sistemametra.com.br\/blog\/author\/anderson-fernandes\/"}]}},"_links":{"self":[{"href":"https:\/\/www.sistemametra.com.br\/blog\/wp-json\/wp\/v2\/posts\/484","targetHints":{"allow":["GET"]}}],"collection":[{"href":"https:\/\/www.sistemametra.com.br\/blog\/wp-json\/wp\/v2\/posts"}],"about":[{"href":"https:\/\/www.sistemametra.com.br\/blog\/wp-json\/wp\/v2\/types\/post"}],"author":[{"embeddable":true,"href":"https:\/\/www.sistemametra.com.br\/blog\/wp-json\/wp\/v2\/users\/3"}],"replies":[{"embeddable":true,"href":"https:\/\/www.sistemametra.com.br\/blog\/wp-json\/wp\/v2\/comments?post=484"}],"version-history":[{"count":1,"href":"https:\/\/www.sistemametra.com.br\/blog\/wp-json\/wp\/v2\/posts\/484\/revisions"}],"predecessor-version":[{"id":842,"href":"https:\/\/www.sistemametra.com.br\/blog\/wp-json\/wp\/v2\/posts\/484\/revisions\/842"}],"wp:featuredmedia":[{"embeddable":true,"href":"https:\/\/www.sistemametra.com.br\/blog\/wp-json\/wp\/v2\/media\/485"}],"wp:attachment":[{"href":"https:\/\/www.sistemametra.com.br\/blog\/wp-json\/wp\/v2\/media?parent=484"}],"wp:term":[{"taxonomy":"category","embeddable":true,"href":"https:\/\/www.sistemametra.com.br\/blog\/wp-json\/wp\/v2\/categories?post=484"},{"taxonomy":"post_tag","embeddable":true,"href":"https:\/\/www.sistemametra.com.br\/blog\/wp-json\/wp\/v2\/tags?post=484"}],"curies":[{"name":"wp","href":"https:\/\/api.w.org\/{rel}","templated":true}]}}