{"id":486,"date":"2026-01-26T00:00:00","date_gmt":"2026-01-26T03:00:00","guid":{"rendered":"https:\/\/www.sistemametra.com.br\/blog\/programa-gestao-sst\/"},"modified":"2026-04-28T16:51:23","modified_gmt":"2026-04-28T19:51:23","slug":"programa-gestao-sst","status":"publish","type":"post","link":"https:\/\/www.sistemametra.com.br\/blog\/programa-gestao-sst\/","title":{"rendered":"Programa de gest\u00e3o de sst"},"content":{"rendered":"<article>\n<p>Voc\u00ea est\u00e1 procurando por um <strong>programa de gest\u00e3o de sst<\/strong> para sua empresa? Conhe\u00e7a o Sistema METRA, uma empresa do segmento de Como Aprimorar o Sistema de Solu\u00e7\u00f5es para Gest\u00e3o de SST e eSocial. Temos a solu\u00e7\u00e3o ideal para a sua empresa, com funcionalidades atualizadas e adapt\u00e1veis \u00e0s suas necessidades.<\/p>\n<h2>O QUE \u00c9 UM PROGRAMA DE GEST\u00c3O DE SST?<\/h2>\n<p>Um <strong>programa de gest\u00e3o de sst<\/strong> (Sa\u00fade e Seguran\u00e7a do Trabalho) \u00e9 uma ferramenta que auxilia as empresas a gerenciarem as quest\u00f5es relacionadas \u00e0 sa\u00fade e seguran\u00e7a dos trabalhadores. Ele engloba diversas funcionalidades, desde o controle de acidentes e incidentes, at\u00e9 a gest\u00e3o de documentos e treinamentos.<\/p>\n<h2>VANTAGENS DE UTILIZAR UM PROGRAMA DE GEST\u00c3O DE SST<\/h2>\n<p>Maior controle e organiza\u00e7\u00e3o das informa\u00e7\u00f5es relacionadas \u00e0 sa\u00fade e seguran\u00e7a dos trabalhadores;<\/p>\n<p>Redu\u00e7\u00e3o de riscos e acidentes no ambiente de trabalho;<\/p>\n<p>Facilidade na gera\u00e7\u00e3o de relat\u00f3rios e cumprimento das exig\u00eancias legais;<\/p>\n<p>Economia de tempo e recursos na gest\u00e3o dessas quest\u00f5es;<\/p>\n<p>Melhora na efici\u00eancia dos processos e tomada de decis\u00f5es mais assertivas.<\/p>\n<h2>FUNCIONALIDADES DO PROGRAMA DE GEST\u00c3O DE SST DO SISTEMA METRA<\/h2>\n<p>Controle de documenta\u00e7\u00e3o: armazenamento e rastreabilidade de documentos relacionados \u00e0 sa\u00fade e seguran\u00e7a dos trabalhadores, como PPRA, PCMSO, entre outros;<\/p>\n<p>Gest\u00e3o de treinamentos: registro, agendamento e acompanhamento de treinamentos realizados pelos colaboradores;<\/p>\n<p>Controle de acidentes e incidentes: registro e investiga\u00e7\u00e3o de ocorr\u00eancias, identificando suas causas e propondo a\u00e7\u00f5es para preven\u00e7\u00e3o;<\/p>\n<p>Integra\u00e7\u00e3o com o eSocial: envio de informa\u00e7\u00f5es referentes \u00e0 sa\u00fade e seguran\u00e7a dos trabalhadores diretamente para o sistema do governo;<\/p>\n<p>Gest\u00e3o de fornecedores: controle e acompanhamento das a\u00e7\u00f5es dos fornecedores em rela\u00e7\u00e3o \u00e0 sa\u00fade e seguran\u00e7a do trabalho;<\/p>\n<p>Controle de EPIs: registro e gest\u00e3o dos equipamentos de prote\u00e7\u00e3o individual utilizados pelos colaboradores.<\/p>\n<h2>RECOMENDA\u00c7\u00d5ES PARA A IMPLEMENTA\u00c7\u00c3O DE UM PROGRAMA DE GEST\u00c3O DE SST<\/h2>\n<p>Para garantir o sucesso na implementa\u00e7\u00e3o de um <strong>programa de gest\u00e3o de sst<\/strong> em sua empresa, \u00e9 importante seguir algumas recomenda\u00e7\u00f5es:<\/p>\n<p>Defina uma equipe respons\u00e1vel pelo programa, que dever\u00e1 estar engajada e comprometida;<\/p>\n<p>Avalie e identifique os riscos existentes no ambiente de trabalho e estabele\u00e7a medidas de preven\u00e7\u00e3o;<\/p>\n<p>Estabele\u00e7a metas e indicadores para medir a efic\u00e1cia do programa;<\/p>\n<p>Comunique e treine os colaboradores sobre o programa e suas responsabilidades em rela\u00e7\u00e3o \u00e0 sa\u00fade e seguran\u00e7a do trabalho;<\/p>\n<p>Realize auditorias peri\u00f3dicas para avaliar a efic\u00e1cia do programa e identificar poss\u00edveis pontos de melhoria.<\/p>\n<p>Agora que voc\u00ea j\u00e1 conhece um pouco mais sobre <strong>programa de gest\u00e3o de sst<\/strong> e os benef\u00edcios que ele pode trazer para a sua empresa, fa\u00e7a uma cota\u00e7\u00e3o com o Sistema METRA e garanta a seguran\u00e7a e sa\u00fade dos seus colaboradores, al\u00e9m de estar em conformidade com as exig\u00eancias legais. Nossa equipe est\u00e1 pronta para atend\u00ea-lo e oferecer a solu\u00e7\u00e3o perfeita para o seu neg\u00f3cio. Invista na gest\u00e3o de SST e garanta o sucesso e bem-estar da sua empresa.<\/p>\n<h2>Para saber mais sobre Programa de gest\u00e3o de sst<\/h2>\n<p>Ligue para <strong>0800-707-5900 <\/strong>ou clique aqui e entre em contato por email.<\/p>\n<p>O conte\u00fado do texto desta p\u00e1gina \u00e9 de direito reservado. Sua reprodu\u00e7\u00e3o, parcial ou total, mesmo citando nossos links, \u00e9 proibida sem a autoriza\u00e7\u00e3o do autor. Crime de viola\u00e7\u00e3o de direito autoral \u2013 artigo 184 do C\u00f3digo Penal \u2013 Lei 9610\/98 &#8211; Lei de direitos autorais. <\/article>\n","protected":false},"excerpt":{"rendered":"<p>Voc\u00ea est\u00e1 procurando por um programa de gest\u00e3o de sst para sua empresa? Conhe\u00e7a o Sistema METRA, uma empresa do segmento de Como Aprimorar o Sistema de Solu\u00e7\u00f5es para Gest\u00e3o de SST e eSocial. Temos a solu\u00e7\u00e3o ideal para a sua empresa, com funcionalidades atualizadas e adapt\u00e1veis \u00e0s suas necessidades. O QUE \u00c9 UM PROGRAMA [&hellip;]<\/p>\n","protected":false},"author":3,"featured_media":487,"comment_status":"open","ping_status":"open","sticky":false,"template":"","format":"standard","meta":{"footnotes":""},"categories":[26],"tags":[],"class_list":["post-486","post","type-post","status-publish","format-standard","has-post-thumbnail","hentry","category-gestao-de-sst"],"yoast_head":"<!-- This site is optimized with the Yoast SEO plugin v27.5 - https:\/\/yoast.com\/product\/yoast-seo-wordpress\/ -->\n<title>Programa de gest\u00e3o de sst | Sistema Metra<\/title>\n<meta name=\"robots\" content=\"index, follow, max-snippet:-1, max-image-preview:large, max-video-preview:-1\" \/>\n<link rel=\"canonical\" href=\"https:\/\/www.sistemametra.com.br\/blog\/programa-gestao-sst\/\" \/>\n<meta property=\"og:locale\" content=\"pt_BR\" \/>\n<meta property=\"og:type\" content=\"article\" \/>\n<meta property=\"og:title\" content=\"Programa de gest\u00e3o de sst | Sistema Metra\" \/>\n<meta property=\"og:description\" content=\"Voc\u00ea est\u00e1 procurando por um programa de gest\u00e3o de sst para sua empresa? Conhe\u00e7a o Sistema METRA, uma empresa do segmento de Como Aprimorar o Sistema de Solu\u00e7\u00f5es para Gest\u00e3o de SST e eSocial. Temos a solu\u00e7\u00e3o ideal para a sua empresa, com funcionalidades atualizadas e adapt\u00e1veis \u00e0s suas necessidades. O QUE \u00c9 UM PROGRAMA [&hellip;]\" \/>\n<meta property=\"og:url\" content=\"https:\/\/www.sistemametra.com.br\/blog\/programa-gestao-sst\/\" \/>\n<meta property=\"og:site_name\" content=\"Blog Metra\" \/>\n<meta property=\"article:publisher\" content=\"https:\/\/www.facebook.com\/metraweb\" \/>\n<meta property=\"article:published_time\" content=\"2026-01-26T03:00:00+00:00\" \/>\n<meta property=\"article:modified_time\" content=\"2026-04-28T19:51:23+00:00\" \/>\n<meta property=\"og:image\" content=\"https:\/\/www.sistemametra.com.br\/blog\/wp-content\/uploads\/2026\/04\/programa-gestao-sst.webp\" \/>\n\t<meta property=\"og:image:width\" content=\"800\" \/>\n\t<meta property=\"og:image:height\" content=\"800\" \/>\n\t<meta property=\"og:image:type\" content=\"image\/jpeg\" \/>\n<meta name=\"author\" content=\"Anderson Fernandes\" \/>\n<meta name=\"twitter:card\" content=\"summary_large_image\" \/>\n<meta name=\"twitter:label1\" content=\"Escrito por\" \/>\n\t<meta name=\"twitter:data1\" content=\"Anderson Fernandes\" \/>\n\t<meta name=\"twitter:label2\" content=\"Est. tempo de leitura\" \/>\n\t<meta name=\"twitter:data2\" content=\"3 minutos\" \/>\n<script type=\"application\/ld+json\" class=\"yoast-schema-graph\">{\"@context\":\"https:\\\/\\\/schema.org\",\"@graph\":[{\"@type\":\"Article\",\"@id\":\"https:\\\/\\\/www.sistemametra.com.br\\\/blog\\\/programa-gestao-sst\\\/#article\",\"isPartOf\":{\"@id\":\"https:\\\/\\\/www.sistemametra.com.br\\\/blog\\\/programa-gestao-sst\\\/\"},\"author\":{\"name\":\"Anderson Fernandes\",\"@id\":\"https:\\\/\\\/www.sistemametra.com.br\\\/blog\\\/#\\\/schema\\\/person\\\/7c04d9110a7e64758ca9951890e56d82\"},\"headline\":\"Programa de gest\u00e3o de sst\",\"datePublished\":\"2026-01-26T03:00:00+00:00\",\"dateModified\":\"2026-04-28T19:51:23+00:00\",\"mainEntityOfPage\":{\"@id\":\"https:\\\/\\\/www.sistemametra.com.br\\\/blog\\\/programa-gestao-sst\\\/\"},\"wordCount\":603,\"commentCount\":0,\"publisher\":{\"@id\":\"https:\\\/\\\/www.sistemametra.com.br\\\/blog\\\/#organization\"},\"image\":{\"@id\":\"https:\\\/\\\/www.sistemametra.com.br\\\/blog\\\/programa-gestao-sst\\\/#primaryimage\"},\"thumbnailUrl\":\"https:\\\/\\\/www.sistemametra.com.br\\\/blog\\\/wp-content\\\/uploads\\\/2026\\\/04\\\/programa-gestao-sst.webp\",\"articleSection\":[\"Gest\u00e3o de SST\"],\"inLanguage\":\"pt-BR\",\"potentialAction\":[{\"@type\":\"CommentAction\",\"name\":\"Comment\",\"target\":[\"https:\\\/\\\/www.sistemametra.com.br\\\/blog\\\/programa-gestao-sst\\\/#respond\"]}]},{\"@type\":\"WebPage\",\"@id\":\"https:\\\/\\\/www.sistemametra.com.br\\\/blog\\\/programa-gestao-sst\\\/\",\"url\":\"https:\\\/\\\/www.sistemametra.com.br\\\/blog\\\/programa-gestao-sst\\\/\",\"name\":\"Programa de gest\u00e3o de sst | Sistema Metra\",\"isPartOf\":{\"@id\":\"https:\\\/\\\/www.sistemametra.com.br\\\/blog\\\/#website\"},\"primaryImageOfPage\":{\"@id\":\"https:\\\/\\\/www.sistemametra.com.br\\\/blog\\\/programa-gestao-sst\\\/#primaryimage\"},\"image\":{\"@id\":\"https:\\\/\\\/www.sistemametra.com.br\\\/blog\\\/programa-gestao-sst\\\/#primaryimage\"},\"thumbnailUrl\":\"https:\\\/\\\/www.sistemametra.com.br\\\/blog\\\/wp-content\\\/uploads\\\/2026\\\/04\\\/programa-gestao-sst.webp\",\"datePublished\":\"2026-01-26T03:00:00+00:00\",\"dateModified\":\"2026-04-28T19:51:23+00:00\",\"breadcrumb\":{\"@id\":\"https:\\\/\\\/www.sistemametra.com.br\\\/blog\\\/programa-gestao-sst\\\/#breadcrumb\"},\"inLanguage\":\"pt-BR\",\"potentialAction\":[{\"@type\":\"ReadAction\",\"target\":[\"https:\\\/\\\/www.sistemametra.com.br\\\/blog\\\/programa-gestao-sst\\\/\"]}]},{\"@type\":\"ImageObject\",\"inLanguage\":\"pt-BR\",\"@id\":\"https:\\\/\\\/www.sistemametra.com.br\\\/blog\\\/programa-gestao-sst\\\/#primaryimage\",\"url\":\"https:\\\/\\\/www.sistemametra.com.br\\\/blog\\\/wp-content\\\/uploads\\\/2026\\\/04\\\/programa-gestao-sst.webp\",\"contentUrl\":\"https:\\\/\\\/www.sistemametra.com.br\\\/blog\\\/wp-content\\\/uploads\\\/2026\\\/04\\\/programa-gestao-sst.webp\",\"width\":800,\"height\":800,\"caption\":\"sobre gest\u00e3o de sst | Blog Metra\"},{\"@type\":\"BreadcrumbList\",\"@id\":\"https:\\\/\\\/www.sistemametra.com.br\\\/blog\\\/programa-gestao-sst\\\/#breadcrumb\",\"itemListElement\":[{\"@type\":\"ListItem\",\"position\":1,\"name\":\"In\u00edcio\",\"item\":\"https:\\\/\\\/www.sistemametra.com.br\\\/blog\\\/\"},{\"@type\":\"ListItem\",\"position\":2,\"name\":\"Programa de gest\u00e3o de sst\"}]},{\"@type\":\"WebSite\",\"@id\":\"https:\\\/\\\/www.sistemametra.com.br\\\/blog\\\/#website\",\"url\":\"https:\\\/\\\/www.sistemametra.com.br\\\/blog\\\/\",\"name\":\"Blog Metra\",\"description\":\"Conte\u00fado pr\u00e1tico sobre Sa\u00fade e Seguran\u00e7a do Trabalho: normas, documentos e obriga\u00e7\u00f5es explicados de forma direta para profissionais e empresas.\",\"publisher\":{\"@id\":\"https:\\\/\\\/www.sistemametra.com.br\\\/blog\\\/#organization\"},\"alternateName\":\"Sistema Metra\",\"potentialAction\":[{\"@type\":\"SearchAction\",\"target\":{\"@type\":\"EntryPoint\",\"urlTemplate\":\"https:\\\/\\\/www.sistemametra.com.br\\\/blog\\\/?s={search_term_string}\"},\"query-input\":{\"@type\":\"PropertyValueSpecification\",\"valueRequired\":true,\"valueName\":\"search_term_string\"}}],\"inLanguage\":\"pt-BR\"},{\"@type\":\"Organization\",\"@id\":\"https:\\\/\\\/www.sistemametra.com.br\\\/blog\\\/#organization\",\"name\":\"Sistema Metra\",\"url\":\"https:\\\/\\\/www.sistemametra.com.br\\\/blog\\\/\",\"logo\":{\"@type\":\"ImageObject\",\"inLanguage\":\"pt-BR\",\"@id\":\"https:\\\/\\\/www.sistemametra.com.br\\\/blog\\\/#\\\/schema\\\/logo\\\/image\\\/\",\"url\":\"https:\\\/\\\/www.sistemametra.com.br\\\/blog\\\/wp-content\\\/uploads\\\/2026\\\/04\\\/blog-metra.webp\",\"contentUrl\":\"https:\\\/\\\/www.sistemametra.com.br\\\/blog\\\/wp-content\\\/uploads\\\/2026\\\/04\\\/blog-metra.webp\",\"width\":800,\"height\":800,\"caption\":\"Sistema Metra\"},\"image\":{\"@id\":\"https:\\\/\\\/www.sistemametra.com.br\\\/blog\\\/#\\\/schema\\\/logo\\\/image\\\/\"},\"sameAs\":[\"https:\\\/\\\/www.facebook.com\\\/metraweb\",\"https:\\\/\\\/www.linkedin.com\\\/company\\\/metra-web\\\/?viewAsMember=true\",\"https:\\\/\\\/www.youtube.com\\\/@SistemaMetra\"]},{\"@type\":\"Person\",\"@id\":\"https:\\\/\\\/www.sistemametra.com.br\\\/blog\\\/#\\\/schema\\\/person\\\/7c04d9110a7e64758ca9951890e56d82\",\"name\":\"Anderson Fernandes\",\"image\":{\"@type\":\"ImageObject\",\"inLanguage\":\"pt-BR\",\"@id\":\"https:\\\/\\\/secure.gravatar.com\\\/avatar\\\/fbe9c5fc3e57710af6aceaea09e3d466e4721a3069e8568b6c9655c7231c5b5e?s=96&d=mm&r=g\",\"url\":\"https:\\\/\\\/secure.gravatar.com\\\/avatar\\\/fbe9c5fc3e57710af6aceaea09e3d466e4721a3069e8568b6c9655c7231c5b5e?s=96&d=mm&r=g\",\"contentUrl\":\"https:\\\/\\\/secure.gravatar.com\\\/avatar\\\/fbe9c5fc3e57710af6aceaea09e3d466e4721a3069e8568b6c9655c7231c5b5e?s=96&d=mm&r=g\",\"caption\":\"Anderson Fernandes\"},\"description\":\"Com forma\u00e7\u00e3o superior \u00e9 t\u00e9cnico em Seguran\u00e7a do Trabalho do Sistema Metra. H\u00e1 30 anos trabalhando ininterruptamente na \u00e1rea desde 2002. Formado ainda no Curso de Tecn\u00f3logo em Seguran\u00e7a do Trabalho e cursando Engenharia visando a p\u00f3s gradua\u00e7\u00e3o em Seguran\u00e7a do Trabalho. Atua ainda como int\u00e9rprete de LIBRAS e atualmente \u00e9 consultor de diversas empresas em ramos de atividade como: Minera\u00e7\u00e3o, Automobil\u00edstica, Manuten\u00e7\u00e3o El\u00e9trica de Grande Porte, Cer\u00e2mica, Refrat\u00e1rios, Sa\u00fade entre outros. \u00c9 propriet\u00e1rio da empresa Mais Sa\u00fade e Seguran\u00e7a do Trabalho e atende seus clientes de forma personalizada moldando a\u00e7\u00f5es conforme as caracter\u00edsticas de cliente.\",\"sameAs\":[\"https:\\\/\\\/www.sistemametra.com.br\",\"https:\\\/\\\/www.instagram.com\\\/andfergom17121999\"],\"url\":\"https:\\\/\\\/www.sistemametra.com.br\\\/blog\\\/author\\\/anderson-fernandes\\\/\"}]}<\/script>\n<!-- \/ Yoast SEO plugin. -->","yoast_head_json":{"title":"Programa de gest\u00e3o de sst | Sistema Metra","robots":{"index":"index","follow":"follow","max-snippet":"max-snippet:-1","max-image-preview":"max-image-preview:large","max-video-preview":"max-video-preview:-1"},"canonical":"https:\/\/www.sistemametra.com.br\/blog\/programa-gestao-sst\/","og_locale":"pt_BR","og_type":"article","og_title":"Programa de gest\u00e3o de sst | Sistema Metra","og_description":"Voc\u00ea est\u00e1 procurando por um programa de gest\u00e3o de sst para sua empresa? Conhe\u00e7a o Sistema METRA, uma empresa do segmento de Como Aprimorar o Sistema de Solu\u00e7\u00f5es para Gest\u00e3o de SST e eSocial. Temos a solu\u00e7\u00e3o ideal para a sua empresa, com funcionalidades atualizadas e adapt\u00e1veis \u00e0s suas necessidades. O QUE \u00c9 UM PROGRAMA [&hellip;]","og_url":"https:\/\/www.sistemametra.com.br\/blog\/programa-gestao-sst\/","og_site_name":"Blog Metra","article_publisher":"https:\/\/www.facebook.com\/metraweb","article_published_time":"2026-01-26T03:00:00+00:00","article_modified_time":"2026-04-28T19:51:23+00:00","og_image":[{"width":800,"height":800,"url":"https:\/\/www.sistemametra.com.br\/blog\/wp-content\/uploads\/2026\/04\/programa-gestao-sst.webp","type":"image\/jpeg"}],"author":"Anderson Fernandes","twitter_card":"summary_large_image","twitter_misc":{"Escrito por":"Anderson Fernandes","Est. tempo de leitura":"3 minutos"},"schema":{"@context":"https:\/\/schema.org","@graph":[{"@type":"Article","@id":"https:\/\/www.sistemametra.com.br\/blog\/programa-gestao-sst\/#article","isPartOf":{"@id":"https:\/\/www.sistemametra.com.br\/blog\/programa-gestao-sst\/"},"author":{"name":"Anderson Fernandes","@id":"https:\/\/www.sistemametra.com.br\/blog\/#\/schema\/person\/7c04d9110a7e64758ca9951890e56d82"},"headline":"Programa de gest\u00e3o de sst","datePublished":"2026-01-26T03:00:00+00:00","dateModified":"2026-04-28T19:51:23+00:00","mainEntityOfPage":{"@id":"https:\/\/www.sistemametra.com.br\/blog\/programa-gestao-sst\/"},"wordCount":603,"commentCount":0,"publisher":{"@id":"https:\/\/www.sistemametra.com.br\/blog\/#organization"},"image":{"@id":"https:\/\/www.sistemametra.com.br\/blog\/programa-gestao-sst\/#primaryimage"},"thumbnailUrl":"https:\/\/www.sistemametra.com.br\/blog\/wp-content\/uploads\/2026\/04\/programa-gestao-sst.webp","articleSection":["Gest\u00e3o de SST"],"inLanguage":"pt-BR","potentialAction":[{"@type":"CommentAction","name":"Comment","target":["https:\/\/www.sistemametra.com.br\/blog\/programa-gestao-sst\/#respond"]}]},{"@type":"WebPage","@id":"https:\/\/www.sistemametra.com.br\/blog\/programa-gestao-sst\/","url":"https:\/\/www.sistemametra.com.br\/blog\/programa-gestao-sst\/","name":"Programa de gest\u00e3o de sst | Sistema Metra","isPartOf":{"@id":"https:\/\/www.sistemametra.com.br\/blog\/#website"},"primaryImageOfPage":{"@id":"https:\/\/www.sistemametra.com.br\/blog\/programa-gestao-sst\/#primaryimage"},"image":{"@id":"https:\/\/www.sistemametra.com.br\/blog\/programa-gestao-sst\/#primaryimage"},"thumbnailUrl":"https:\/\/www.sistemametra.com.br\/blog\/wp-content\/uploads\/2026\/04\/programa-gestao-sst.webp","datePublished":"2026-01-26T03:00:00+00:00","dateModified":"2026-04-28T19:51:23+00:00","breadcrumb":{"@id":"https:\/\/www.sistemametra.com.br\/blog\/programa-gestao-sst\/#breadcrumb"},"inLanguage":"pt-BR","potentialAction":[{"@type":"ReadAction","target":["https:\/\/www.sistemametra.com.br\/blog\/programa-gestao-sst\/"]}]},{"@type":"ImageObject","inLanguage":"pt-BR","@id":"https:\/\/www.sistemametra.com.br\/blog\/programa-gestao-sst\/#primaryimage","url":"https:\/\/www.sistemametra.com.br\/blog\/wp-content\/uploads\/2026\/04\/programa-gestao-sst.webp","contentUrl":"https:\/\/www.sistemametra.com.br\/blog\/wp-content\/uploads\/2026\/04\/programa-gestao-sst.webp","width":800,"height":800,"caption":"sobre gest\u00e3o de sst | Blog Metra"},{"@type":"BreadcrumbList","@id":"https:\/\/www.sistemametra.com.br\/blog\/programa-gestao-sst\/#breadcrumb","itemListElement":[{"@type":"ListItem","position":1,"name":"In\u00edcio","item":"https:\/\/www.sistemametra.com.br\/blog\/"},{"@type":"ListItem","position":2,"name":"Programa de gest\u00e3o de sst"}]},{"@type":"WebSite","@id":"https:\/\/www.sistemametra.com.br\/blog\/#website","url":"https:\/\/www.sistemametra.com.br\/blog\/","name":"Blog Metra","description":"Conte\u00fado pr\u00e1tico sobre Sa\u00fade e Seguran\u00e7a do Trabalho: normas, documentos e obriga\u00e7\u00f5es explicados de forma direta para profissionais e empresas.","publisher":{"@id":"https:\/\/www.sistemametra.com.br\/blog\/#organization"},"alternateName":"Sistema Metra","potentialAction":[{"@type":"SearchAction","target":{"@type":"EntryPoint","urlTemplate":"https:\/\/www.sistemametra.com.br\/blog\/?s={search_term_string}"},"query-input":{"@type":"PropertyValueSpecification","valueRequired":true,"valueName":"search_term_string"}}],"inLanguage":"pt-BR"},{"@type":"Organization","@id":"https:\/\/www.sistemametra.com.br\/blog\/#organization","name":"Sistema Metra","url":"https:\/\/www.sistemametra.com.br\/blog\/","logo":{"@type":"ImageObject","inLanguage":"pt-BR","@id":"https:\/\/www.sistemametra.com.br\/blog\/#\/schema\/logo\/image\/","url":"https:\/\/www.sistemametra.com.br\/blog\/wp-content\/uploads\/2026\/04\/blog-metra.webp","contentUrl":"https:\/\/www.sistemametra.com.br\/blog\/wp-content\/uploads\/2026\/04\/blog-metra.webp","width":800,"height":800,"caption":"Sistema Metra"},"image":{"@id":"https:\/\/www.sistemametra.com.br\/blog\/#\/schema\/logo\/image\/"},"sameAs":["https:\/\/www.facebook.com\/metraweb","https:\/\/www.linkedin.com\/company\/metra-web\/?viewAsMember=true","https:\/\/www.youtube.com\/@SistemaMetra"]},{"@type":"Person","@id":"https:\/\/www.sistemametra.com.br\/blog\/#\/schema\/person\/7c04d9110a7e64758ca9951890e56d82","name":"Anderson Fernandes","image":{"@type":"ImageObject","inLanguage":"pt-BR","@id":"https:\/\/secure.gravatar.com\/avatar\/fbe9c5fc3e57710af6aceaea09e3d466e4721a3069e8568b6c9655c7231c5b5e?s=96&d=mm&r=g","url":"https:\/\/secure.gravatar.com\/avatar\/fbe9c5fc3e57710af6aceaea09e3d466e4721a3069e8568b6c9655c7231c5b5e?s=96&d=mm&r=g","contentUrl":"https:\/\/secure.gravatar.com\/avatar\/fbe9c5fc3e57710af6aceaea09e3d466e4721a3069e8568b6c9655c7231c5b5e?s=96&d=mm&r=g","caption":"Anderson Fernandes"},"description":"Com forma\u00e7\u00e3o superior \u00e9 t\u00e9cnico em Seguran\u00e7a do Trabalho do Sistema Metra. H\u00e1 30 anos trabalhando ininterruptamente na \u00e1rea desde 2002. Formado ainda no Curso de Tecn\u00f3logo em Seguran\u00e7a do Trabalho e cursando Engenharia visando a p\u00f3s gradua\u00e7\u00e3o em Seguran\u00e7a do Trabalho. Atua ainda como int\u00e9rprete de LIBRAS e atualmente \u00e9 consultor de diversas empresas em ramos de atividade como: Minera\u00e7\u00e3o, Automobil\u00edstica, Manuten\u00e7\u00e3o El\u00e9trica de Grande Porte, Cer\u00e2mica, Refrat\u00e1rios, Sa\u00fade entre outros. \u00c9 propriet\u00e1rio da empresa Mais Sa\u00fade e Seguran\u00e7a do Trabalho e atende seus clientes de forma personalizada moldando a\u00e7\u00f5es conforme as caracter\u00edsticas de cliente.","sameAs":["https:\/\/www.sistemametra.com.br","https:\/\/www.instagram.com\/andfergom17121999"],"url":"https:\/\/www.sistemametra.com.br\/blog\/author\/anderson-fernandes\/"}]}},"_links":{"self":[{"href":"https:\/\/www.sistemametra.com.br\/blog\/wp-json\/wp\/v2\/posts\/486","targetHints":{"allow":["GET"]}}],"collection":[{"href":"https:\/\/www.sistemametra.com.br\/blog\/wp-json\/wp\/v2\/posts"}],"about":[{"href":"https:\/\/www.sistemametra.com.br\/blog\/wp-json\/wp\/v2\/types\/post"}],"author":[{"embeddable":true,"href":"https:\/\/www.sistemametra.com.br\/blog\/wp-json\/wp\/v2\/users\/3"}],"replies":[{"embeddable":true,"href":"https:\/\/www.sistemametra.com.br\/blog\/wp-json\/wp\/v2\/comments?post=486"}],"version-history":[{"count":1,"href":"https:\/\/www.sistemametra.com.br\/blog\/wp-json\/wp\/v2\/posts\/486\/revisions"}],"predecessor-version":[{"id":841,"href":"https:\/\/www.sistemametra.com.br\/blog\/wp-json\/wp\/v2\/posts\/486\/revisions\/841"}],"wp:featuredmedia":[{"embeddable":true,"href":"https:\/\/www.sistemametra.com.br\/blog\/wp-json\/wp\/v2\/media\/487"}],"wp:attachment":[{"href":"https:\/\/www.sistemametra.com.br\/blog\/wp-json\/wp\/v2\/media?parent=486"}],"wp:term":[{"taxonomy":"category","embeddable":true,"href":"https:\/\/www.sistemametra.com.br\/blog\/wp-json\/wp\/v2\/categories?post=486"},{"taxonomy":"post_tag","embeddable":true,"href":"https:\/\/www.sistemametra.com.br\/blog\/wp-json\/wp\/v2\/tags?post=486"}],"curies":[{"name":"wp","href":"https:\/\/api.w.org\/{rel}","templated":true}]}}