{"id":488,"date":"2026-01-27T00:00:00","date_gmt":"2026-01-27T03:00:00","guid":{"rendered":"https:\/\/www.sistemametra.com.br\/blog\/programa-gestao-sst-esocial\/"},"modified":"2026-04-28T16:51:23","modified_gmt":"2026-04-28T19:51:23","slug":"programa-gestao-sst-esocial","status":"publish","type":"post","link":"https:\/\/www.sistemametra.com.br\/blog\/programa-gestao-sst-esocial\/","title":{"rendered":"Programa de gest\u00e3o de sst esocial"},"content":{"rendered":"<article>\n<p>Conhe\u00e7a o <strong>programa de gest\u00e3o de sst esocial<\/strong> da Sistema METRA e tenha uma experi\u00eancia completa na gest\u00e3o da sa\u00fade e seguran\u00e7a do trabalho em sua empresa! Com a nossa solu\u00e7\u00e3o, voc\u00ea ter\u00e1 todas as ferramentas necess\u00e1rias para garantir a conformidade com as normas e leis trabalhistas, al\u00e9m de otimizar o processo de envio de informa\u00e7\u00f5es ao eSocial. Fa\u00e7a agora mesmo uma cota\u00e7\u00e3o e descubra como podemos ajud\u00e1-lo a simplificar e otimizar a gest\u00e3o de SST em sua empresa.<\/p>\n<h2>CONHE\u00c7A OS BENEF\u00cdCIOS DO PROGRAMA DE GEST\u00c3O DE SST ESOCIAL<\/h2>\n<p>O programa de gest\u00e3o de SST e eSocial da Sistema METRA foi desenvolvido com foco na experi\u00eancia do usu\u00e1rio, oferecendo uma interface simples e intuitiva. Dessa forma, \u00e9 poss\u00edvel utiliz\u00e1-lo sem a necessidade de conhecimentos t\u00e9cnicos avan\u00e7ados, tornando o processo mais acess\u00edvel a todos os colaboradores respons\u00e1veis pela gest\u00e3o de SST.<\/p>\n<p>Al\u00e9m disso, a nossa solu\u00e7\u00e3o oferece diversas vantagens para a sua empresa, como:<\/p>\n<p>Maior agilidade e efici\u00eancia no envio de informa\u00e7\u00f5es ao eSocial;<\/p>\n<p>Redu\u00e7\u00e3o de erros e problemas com a documenta\u00e7\u00e3o;<\/p>\n<p>Acesso facilitado a relat\u00f3rios e indicadores de desempenho;<\/p>\n<p>Conformidade com as normas e leis trabalhistas;<\/p>\n<p>Facilidade na integra\u00e7\u00e3o com outros sistemas de gest\u00e3o;<\/p>\n<p>Redu\u00e7\u00e3o de custos e tempo dedicados \u00e0 gest\u00e3o de SST.<\/p>\n<h3>Funcionalidades do programa de gest\u00e3o de SST e eSocial<\/h3>\n<p>O programa de gest\u00e3o de SST e eSocial da Sistema METRA oferece uma s\u00e9rie de funcionalidades que facilitam e aprimoram o processo de gest\u00e3o de sa\u00fade e seguran\u00e7a do trabalho. Algumas das principais funcionalidades s\u00e3o:<\/p>\n<p>Cadastro completo dos colaboradores e suas informa\u00e7\u00f5es de sa\u00fade e seguran\u00e7a;<\/p>\n<p>Gera\u00e7\u00e3o de documentos e formul\u00e1rios necess\u00e1rios para o envio de informa\u00e7\u00f5es ao eSocial;<\/p>\n<p>Controle de vencimentos e prazos para renova\u00e7\u00e3o de documentos;<\/p>\n<p>Armazenamento seguro de documentos e informa\u00e7\u00f5es relevantes;<\/p>\n<p>Registro de acidentes de trabalho e medidas de preven\u00e7\u00e3o;<\/p>\n<p>Cria\u00e7\u00e3o de planos de a\u00e7\u00e3o para corre\u00e7\u00e3o de problemas identificados;<\/p>\n<p>Relat\u00f3rios e indicadores de desempenho customiz\u00e1veis;<\/p>\n<p>Acesso remoto e seguro de qualquer dispositivo com internet;<\/p>\n<p>Suporte t\u00e9cnico especializado para auxiliar na utiliza\u00e7\u00e3o da solu\u00e7\u00e3o.<\/p>\n<h2>RECOMENDA\u00c7\u00d5ES PARA IMPLANTA\u00c7\u00c3O DO PROGRAMA DE GEST\u00c3O DE SST E ESOCIAL<\/h2>\n<p>Para obter os melhores resultados com o programa de gest\u00e3o de SST e eSocial da Sistema METRA, \u00e9 importante seguir algumas recomenda\u00e7\u00f5es para a sua implanta\u00e7\u00e3o em sua empresa:<\/p>\n<p>Realizar treinamentos com os colaboradores respons\u00e1veis pela gest\u00e3o de SST;<\/p>\n<p>Atualizar constantemente as informa\u00e7\u00f5es cadastradas no sistema;<\/p>\n<p>Realizar inspe\u00e7\u00f5es e auditorias peri\u00f3dicas;<\/p>\n<p>Manter uma comunica\u00e7\u00e3o efetiva entre todos os setores envolvidos;<\/p>\n<p>Criar uma cultura de seguran\u00e7a e sa\u00fade ocupacional dentro da empresa.<\/p>\n<p>Com a implanta\u00e7\u00e3o do programa de gest\u00e3o de SST e eSocial da Sistema METRA, sua empresa ter\u00e1 uma gest\u00e3o mais eficiente e confi\u00e1vel, garantindo a conformidade com as normas e leis trabalhistas e promovendo uma cultura de seguran\u00e7a e sa\u00fade dentro do ambiente de trabalho. N\u00e3o perca mais tempo e fa\u00e7a agora mesmo uma cota\u00e7\u00e3o em nossa empresa!<\/p>\n<h2>Para saber mais sobre Programa de gest\u00e3o de sst esocial<\/h2>\n<p>Ligue para <strong>0800-707-5900 <\/strong>ou clique aqui e entre em contato por email.<\/p>\n<p>O conte\u00fado do texto desta p\u00e1gina \u00e9 de direito reservado. Sua reprodu\u00e7\u00e3o, parcial ou total, mesmo citando nossos links, \u00e9 proibida sem a autoriza\u00e7\u00e3o do autor. Crime de viola\u00e7\u00e3o de direito autoral \u2013 artigo 184 do C\u00f3digo Penal \u2013 Lei 9610\/98 &#8211; Lei de direitos autorais. <\/article>\n","protected":false},"excerpt":{"rendered":"<p>Conhe\u00e7a o programa de gest\u00e3o de sst esocial da Sistema METRA e tenha uma experi\u00eancia completa na gest\u00e3o da sa\u00fade e seguran\u00e7a do trabalho em sua empresa! Com a nossa solu\u00e7\u00e3o, voc\u00ea ter\u00e1 todas as ferramentas necess\u00e1rias para garantir a conformidade com as normas e leis trabalhistas, al\u00e9m de otimizar o processo de envio de [&hellip;]<\/p>\n","protected":false},"author":3,"featured_media":489,"comment_status":"open","ping_status":"open","sticky":false,"template":"","format":"standard","meta":{"footnotes":""},"categories":[5,27],"tags":[],"class_list":["post-488","post","type-post","status-publish","format-standard","has-post-thumbnail","hentry","category-esocial","category-esocial-sst"],"yoast_head":"<!-- This site is optimized with the Yoast SEO plugin v27.5 - https:\/\/yoast.com\/product\/yoast-seo-wordpress\/ -->\n<title>Programa de gest\u00e3o de sst esocial | Sistema Metra<\/title>\n<meta name=\"robots\" content=\"index, follow, max-snippet:-1, max-image-preview:large, max-video-preview:-1\" \/>\n<link rel=\"canonical\" href=\"https:\/\/www.sistemametra.com.br\/blog\/programa-gestao-sst-esocial\/\" \/>\n<meta property=\"og:locale\" content=\"pt_BR\" \/>\n<meta property=\"og:type\" content=\"article\" \/>\n<meta property=\"og:title\" content=\"Programa de gest\u00e3o de sst esocial | Sistema Metra\" \/>\n<meta property=\"og:description\" content=\"Conhe\u00e7a o programa de gest\u00e3o de sst esocial da Sistema METRA e tenha uma experi\u00eancia completa na gest\u00e3o da sa\u00fade e seguran\u00e7a do trabalho em sua empresa! Com a nossa solu\u00e7\u00e3o, voc\u00ea ter\u00e1 todas as ferramentas necess\u00e1rias para garantir a conformidade com as normas e leis trabalhistas, al\u00e9m de otimizar o processo de envio de [&hellip;]\" \/>\n<meta property=\"og:url\" content=\"https:\/\/www.sistemametra.com.br\/blog\/programa-gestao-sst-esocial\/\" \/>\n<meta property=\"og:site_name\" content=\"Blog Metra\" \/>\n<meta property=\"article:publisher\" content=\"https:\/\/www.facebook.com\/metraweb\" \/>\n<meta property=\"article:published_time\" content=\"2026-01-27T03:00:00+00:00\" \/>\n<meta property=\"article:modified_time\" content=\"2026-04-28T19:51:23+00:00\" \/>\n<meta property=\"og:image\" content=\"https:\/\/www.sistemametra.com.br\/blog\/wp-content\/uploads\/2026\/04\/programa-gestao-sst-esocial.webp\" \/>\n\t<meta property=\"og:image:width\" content=\"800\" \/>\n\t<meta property=\"og:image:height\" content=\"800\" \/>\n\t<meta property=\"og:image:type\" content=\"image\/jpeg\" \/>\n<meta name=\"author\" content=\"Anderson Fernandes\" \/>\n<meta name=\"twitter:card\" content=\"summary_large_image\" \/>\n<meta name=\"twitter:label1\" content=\"Escrito por\" \/>\n\t<meta name=\"twitter:data1\" content=\"Anderson Fernandes\" \/>\n\t<meta name=\"twitter:label2\" content=\"Est. tempo de leitura\" \/>\n\t<meta name=\"twitter:data2\" content=\"3 minutos\" \/>\n<script type=\"application\/ld+json\" class=\"yoast-schema-graph\">{\"@context\":\"https:\\\/\\\/schema.org\",\"@graph\":[{\"@type\":\"Article\",\"@id\":\"https:\\\/\\\/www.sistemametra.com.br\\\/blog\\\/programa-gestao-sst-esocial\\\/#article\",\"isPartOf\":{\"@id\":\"https:\\\/\\\/www.sistemametra.com.br\\\/blog\\\/programa-gestao-sst-esocial\\\/\"},\"author\":{\"name\":\"Anderson Fernandes\",\"@id\":\"https:\\\/\\\/www.sistemametra.com.br\\\/blog\\\/#\\\/schema\\\/person\\\/7c04d9110a7e64758ca9951890e56d82\"},\"headline\":\"Programa de gest\u00e3o de sst esocial\",\"datePublished\":\"2026-01-27T03:00:00+00:00\",\"dateModified\":\"2026-04-28T19:51:23+00:00\",\"mainEntityOfPage\":{\"@id\":\"https:\\\/\\\/www.sistemametra.com.br\\\/blog\\\/programa-gestao-sst-esocial\\\/\"},\"wordCount\":631,\"commentCount\":0,\"publisher\":{\"@id\":\"https:\\\/\\\/www.sistemametra.com.br\\\/blog\\\/#organization\"},\"image\":{\"@id\":\"https:\\\/\\\/www.sistemametra.com.br\\\/blog\\\/programa-gestao-sst-esocial\\\/#primaryimage\"},\"thumbnailUrl\":\"https:\\\/\\\/www.sistemametra.com.br\\\/blog\\\/wp-content\\\/uploads\\\/2026\\\/04\\\/programa-gestao-sst-esocial.webp\",\"articleSection\":[\"eSocial\",\"eSocial SST\"],\"inLanguage\":\"pt-BR\",\"potentialAction\":[{\"@type\":\"CommentAction\",\"name\":\"Comment\",\"target\":[\"https:\\\/\\\/www.sistemametra.com.br\\\/blog\\\/programa-gestao-sst-esocial\\\/#respond\"]}]},{\"@type\":\"WebPage\",\"@id\":\"https:\\\/\\\/www.sistemametra.com.br\\\/blog\\\/programa-gestao-sst-esocial\\\/\",\"url\":\"https:\\\/\\\/www.sistemametra.com.br\\\/blog\\\/programa-gestao-sst-esocial\\\/\",\"name\":\"Programa de gest\u00e3o de sst esocial | Sistema Metra\",\"isPartOf\":{\"@id\":\"https:\\\/\\\/www.sistemametra.com.br\\\/blog\\\/#website\"},\"primaryImageOfPage\":{\"@id\":\"https:\\\/\\\/www.sistemametra.com.br\\\/blog\\\/programa-gestao-sst-esocial\\\/#primaryimage\"},\"image\":{\"@id\":\"https:\\\/\\\/www.sistemametra.com.br\\\/blog\\\/programa-gestao-sst-esocial\\\/#primaryimage\"},\"thumbnailUrl\":\"https:\\\/\\\/www.sistemametra.com.br\\\/blog\\\/wp-content\\\/uploads\\\/2026\\\/04\\\/programa-gestao-sst-esocial.webp\",\"datePublished\":\"2026-01-27T03:00:00+00:00\",\"dateModified\":\"2026-04-28T19:51:23+00:00\",\"breadcrumb\":{\"@id\":\"https:\\\/\\\/www.sistemametra.com.br\\\/blog\\\/programa-gestao-sst-esocial\\\/#breadcrumb\"},\"inLanguage\":\"pt-BR\",\"potentialAction\":[{\"@type\":\"ReadAction\",\"target\":[\"https:\\\/\\\/www.sistemametra.com.br\\\/blog\\\/programa-gestao-sst-esocial\\\/\"]}]},{\"@type\":\"ImageObject\",\"inLanguage\":\"pt-BR\",\"@id\":\"https:\\\/\\\/www.sistemametra.com.br\\\/blog\\\/programa-gestao-sst-esocial\\\/#primaryimage\",\"url\":\"https:\\\/\\\/www.sistemametra.com.br\\\/blog\\\/wp-content\\\/uploads\\\/2026\\\/04\\\/programa-gestao-sst-esocial.webp\",\"contentUrl\":\"https:\\\/\\\/www.sistemametra.com.br\\\/blog\\\/wp-content\\\/uploads\\\/2026\\\/04\\\/programa-gestao-sst-esocial.webp\",\"width\":800,\"height\":800,\"caption\":\"sobre gest\u00e3o de sst esocial | Blog Metra\"},{\"@type\":\"BreadcrumbList\",\"@id\":\"https:\\\/\\\/www.sistemametra.com.br\\\/blog\\\/programa-gestao-sst-esocial\\\/#breadcrumb\",\"itemListElement\":[{\"@type\":\"ListItem\",\"position\":1,\"name\":\"In\u00edcio\",\"item\":\"https:\\\/\\\/www.sistemametra.com.br\\\/blog\\\/\"},{\"@type\":\"ListItem\",\"position\":2,\"name\":\"Programa de gest\u00e3o de sst esocial\"}]},{\"@type\":\"WebSite\",\"@id\":\"https:\\\/\\\/www.sistemametra.com.br\\\/blog\\\/#website\",\"url\":\"https:\\\/\\\/www.sistemametra.com.br\\\/blog\\\/\",\"name\":\"Blog Metra\",\"description\":\"Conte\u00fado pr\u00e1tico sobre Sa\u00fade e Seguran\u00e7a do Trabalho: normas, documentos e obriga\u00e7\u00f5es explicados de forma direta para profissionais e empresas.\",\"publisher\":{\"@id\":\"https:\\\/\\\/www.sistemametra.com.br\\\/blog\\\/#organization\"},\"alternateName\":\"Sistema Metra\",\"potentialAction\":[{\"@type\":\"SearchAction\",\"target\":{\"@type\":\"EntryPoint\",\"urlTemplate\":\"https:\\\/\\\/www.sistemametra.com.br\\\/blog\\\/?s={search_term_string}\"},\"query-input\":{\"@type\":\"PropertyValueSpecification\",\"valueRequired\":true,\"valueName\":\"search_term_string\"}}],\"inLanguage\":\"pt-BR\"},{\"@type\":\"Organization\",\"@id\":\"https:\\\/\\\/www.sistemametra.com.br\\\/blog\\\/#organization\",\"name\":\"Sistema Metra\",\"url\":\"https:\\\/\\\/www.sistemametra.com.br\\\/blog\\\/\",\"logo\":{\"@type\":\"ImageObject\",\"inLanguage\":\"pt-BR\",\"@id\":\"https:\\\/\\\/www.sistemametra.com.br\\\/blog\\\/#\\\/schema\\\/logo\\\/image\\\/\",\"url\":\"https:\\\/\\\/www.sistemametra.com.br\\\/blog\\\/wp-content\\\/uploads\\\/2026\\\/04\\\/blog-metra.webp\",\"contentUrl\":\"https:\\\/\\\/www.sistemametra.com.br\\\/blog\\\/wp-content\\\/uploads\\\/2026\\\/04\\\/blog-metra.webp\",\"width\":800,\"height\":800,\"caption\":\"Sistema Metra\"},\"image\":{\"@id\":\"https:\\\/\\\/www.sistemametra.com.br\\\/blog\\\/#\\\/schema\\\/logo\\\/image\\\/\"},\"sameAs\":[\"https:\\\/\\\/www.facebook.com\\\/metraweb\",\"https:\\\/\\\/www.linkedin.com\\\/company\\\/metra-web\\\/?viewAsMember=true\",\"https:\\\/\\\/www.youtube.com\\\/@SistemaMetra\"]},{\"@type\":\"Person\",\"@id\":\"https:\\\/\\\/www.sistemametra.com.br\\\/blog\\\/#\\\/schema\\\/person\\\/7c04d9110a7e64758ca9951890e56d82\",\"name\":\"Anderson Fernandes\",\"image\":{\"@type\":\"ImageObject\",\"inLanguage\":\"pt-BR\",\"@id\":\"https:\\\/\\\/secure.gravatar.com\\\/avatar\\\/fbe9c5fc3e57710af6aceaea09e3d466e4721a3069e8568b6c9655c7231c5b5e?s=96&d=mm&r=g\",\"url\":\"https:\\\/\\\/secure.gravatar.com\\\/avatar\\\/fbe9c5fc3e57710af6aceaea09e3d466e4721a3069e8568b6c9655c7231c5b5e?s=96&d=mm&r=g\",\"contentUrl\":\"https:\\\/\\\/secure.gravatar.com\\\/avatar\\\/fbe9c5fc3e57710af6aceaea09e3d466e4721a3069e8568b6c9655c7231c5b5e?s=96&d=mm&r=g\",\"caption\":\"Anderson Fernandes\"},\"description\":\"Com forma\u00e7\u00e3o superior \u00e9 t\u00e9cnico em Seguran\u00e7a do Trabalho do Sistema Metra. H\u00e1 30 anos trabalhando ininterruptamente na \u00e1rea desde 2002. Formado ainda no Curso de Tecn\u00f3logo em Seguran\u00e7a do Trabalho e cursando Engenharia visando a p\u00f3s gradua\u00e7\u00e3o em Seguran\u00e7a do Trabalho. Atua ainda como int\u00e9rprete de LIBRAS e atualmente \u00e9 consultor de diversas empresas em ramos de atividade como: Minera\u00e7\u00e3o, Automobil\u00edstica, Manuten\u00e7\u00e3o El\u00e9trica de Grande Porte, Cer\u00e2mica, Refrat\u00e1rios, Sa\u00fade entre outros. \u00c9 propriet\u00e1rio da empresa Mais Sa\u00fade e Seguran\u00e7a do Trabalho e atende seus clientes de forma personalizada moldando a\u00e7\u00f5es conforme as caracter\u00edsticas de cliente.\",\"sameAs\":[\"https:\\\/\\\/www.sistemametra.com.br\",\"https:\\\/\\\/www.instagram.com\\\/andfergom17121999\"],\"url\":\"https:\\\/\\\/www.sistemametra.com.br\\\/blog\\\/author\\\/anderson-fernandes\\\/\"}]}<\/script>\n<!-- \/ Yoast SEO plugin. -->","yoast_head_json":{"title":"Programa de gest\u00e3o de sst esocial | Sistema Metra","robots":{"index":"index","follow":"follow","max-snippet":"max-snippet:-1","max-image-preview":"max-image-preview:large","max-video-preview":"max-video-preview:-1"},"canonical":"https:\/\/www.sistemametra.com.br\/blog\/programa-gestao-sst-esocial\/","og_locale":"pt_BR","og_type":"article","og_title":"Programa de gest\u00e3o de sst esocial | Sistema Metra","og_description":"Conhe\u00e7a o programa de gest\u00e3o de sst esocial da Sistema METRA e tenha uma experi\u00eancia completa na gest\u00e3o da sa\u00fade e seguran\u00e7a do trabalho em sua empresa! Com a nossa solu\u00e7\u00e3o, voc\u00ea ter\u00e1 todas as ferramentas necess\u00e1rias para garantir a conformidade com as normas e leis trabalhistas, al\u00e9m de otimizar o processo de envio de [&hellip;]","og_url":"https:\/\/www.sistemametra.com.br\/blog\/programa-gestao-sst-esocial\/","og_site_name":"Blog Metra","article_publisher":"https:\/\/www.facebook.com\/metraweb","article_published_time":"2026-01-27T03:00:00+00:00","article_modified_time":"2026-04-28T19:51:23+00:00","og_image":[{"width":800,"height":800,"url":"https:\/\/www.sistemametra.com.br\/blog\/wp-content\/uploads\/2026\/04\/programa-gestao-sst-esocial.webp","type":"image\/jpeg"}],"author":"Anderson Fernandes","twitter_card":"summary_large_image","twitter_misc":{"Escrito por":"Anderson Fernandes","Est. tempo de leitura":"3 minutos"},"schema":{"@context":"https:\/\/schema.org","@graph":[{"@type":"Article","@id":"https:\/\/www.sistemametra.com.br\/blog\/programa-gestao-sst-esocial\/#article","isPartOf":{"@id":"https:\/\/www.sistemametra.com.br\/blog\/programa-gestao-sst-esocial\/"},"author":{"name":"Anderson Fernandes","@id":"https:\/\/www.sistemametra.com.br\/blog\/#\/schema\/person\/7c04d9110a7e64758ca9951890e56d82"},"headline":"Programa de gest\u00e3o de sst esocial","datePublished":"2026-01-27T03:00:00+00:00","dateModified":"2026-04-28T19:51:23+00:00","mainEntityOfPage":{"@id":"https:\/\/www.sistemametra.com.br\/blog\/programa-gestao-sst-esocial\/"},"wordCount":631,"commentCount":0,"publisher":{"@id":"https:\/\/www.sistemametra.com.br\/blog\/#organization"},"image":{"@id":"https:\/\/www.sistemametra.com.br\/blog\/programa-gestao-sst-esocial\/#primaryimage"},"thumbnailUrl":"https:\/\/www.sistemametra.com.br\/blog\/wp-content\/uploads\/2026\/04\/programa-gestao-sst-esocial.webp","articleSection":["eSocial","eSocial SST"],"inLanguage":"pt-BR","potentialAction":[{"@type":"CommentAction","name":"Comment","target":["https:\/\/www.sistemametra.com.br\/blog\/programa-gestao-sst-esocial\/#respond"]}]},{"@type":"WebPage","@id":"https:\/\/www.sistemametra.com.br\/blog\/programa-gestao-sst-esocial\/","url":"https:\/\/www.sistemametra.com.br\/blog\/programa-gestao-sst-esocial\/","name":"Programa de gest\u00e3o de sst esocial | Sistema Metra","isPartOf":{"@id":"https:\/\/www.sistemametra.com.br\/blog\/#website"},"primaryImageOfPage":{"@id":"https:\/\/www.sistemametra.com.br\/blog\/programa-gestao-sst-esocial\/#primaryimage"},"image":{"@id":"https:\/\/www.sistemametra.com.br\/blog\/programa-gestao-sst-esocial\/#primaryimage"},"thumbnailUrl":"https:\/\/www.sistemametra.com.br\/blog\/wp-content\/uploads\/2026\/04\/programa-gestao-sst-esocial.webp","datePublished":"2026-01-27T03:00:00+00:00","dateModified":"2026-04-28T19:51:23+00:00","breadcrumb":{"@id":"https:\/\/www.sistemametra.com.br\/blog\/programa-gestao-sst-esocial\/#breadcrumb"},"inLanguage":"pt-BR","potentialAction":[{"@type":"ReadAction","target":["https:\/\/www.sistemametra.com.br\/blog\/programa-gestao-sst-esocial\/"]}]},{"@type":"ImageObject","inLanguage":"pt-BR","@id":"https:\/\/www.sistemametra.com.br\/blog\/programa-gestao-sst-esocial\/#primaryimage","url":"https:\/\/www.sistemametra.com.br\/blog\/wp-content\/uploads\/2026\/04\/programa-gestao-sst-esocial.webp","contentUrl":"https:\/\/www.sistemametra.com.br\/blog\/wp-content\/uploads\/2026\/04\/programa-gestao-sst-esocial.webp","width":800,"height":800,"caption":"sobre gest\u00e3o de sst esocial | Blog Metra"},{"@type":"BreadcrumbList","@id":"https:\/\/www.sistemametra.com.br\/blog\/programa-gestao-sst-esocial\/#breadcrumb","itemListElement":[{"@type":"ListItem","position":1,"name":"In\u00edcio","item":"https:\/\/www.sistemametra.com.br\/blog\/"},{"@type":"ListItem","position":2,"name":"Programa de gest\u00e3o de sst esocial"}]},{"@type":"WebSite","@id":"https:\/\/www.sistemametra.com.br\/blog\/#website","url":"https:\/\/www.sistemametra.com.br\/blog\/","name":"Blog Metra","description":"Conte\u00fado pr\u00e1tico sobre Sa\u00fade e Seguran\u00e7a do Trabalho: normas, documentos e obriga\u00e7\u00f5es explicados de forma direta para profissionais e empresas.","publisher":{"@id":"https:\/\/www.sistemametra.com.br\/blog\/#organization"},"alternateName":"Sistema Metra","potentialAction":[{"@type":"SearchAction","target":{"@type":"EntryPoint","urlTemplate":"https:\/\/www.sistemametra.com.br\/blog\/?s={search_term_string}"},"query-input":{"@type":"PropertyValueSpecification","valueRequired":true,"valueName":"search_term_string"}}],"inLanguage":"pt-BR"},{"@type":"Organization","@id":"https:\/\/www.sistemametra.com.br\/blog\/#organization","name":"Sistema Metra","url":"https:\/\/www.sistemametra.com.br\/blog\/","logo":{"@type":"ImageObject","inLanguage":"pt-BR","@id":"https:\/\/www.sistemametra.com.br\/blog\/#\/schema\/logo\/image\/","url":"https:\/\/www.sistemametra.com.br\/blog\/wp-content\/uploads\/2026\/04\/blog-metra.webp","contentUrl":"https:\/\/www.sistemametra.com.br\/blog\/wp-content\/uploads\/2026\/04\/blog-metra.webp","width":800,"height":800,"caption":"Sistema Metra"},"image":{"@id":"https:\/\/www.sistemametra.com.br\/blog\/#\/schema\/logo\/image\/"},"sameAs":["https:\/\/www.facebook.com\/metraweb","https:\/\/www.linkedin.com\/company\/metra-web\/?viewAsMember=true","https:\/\/www.youtube.com\/@SistemaMetra"]},{"@type":"Person","@id":"https:\/\/www.sistemametra.com.br\/blog\/#\/schema\/person\/7c04d9110a7e64758ca9951890e56d82","name":"Anderson Fernandes","image":{"@type":"ImageObject","inLanguage":"pt-BR","@id":"https:\/\/secure.gravatar.com\/avatar\/fbe9c5fc3e57710af6aceaea09e3d466e4721a3069e8568b6c9655c7231c5b5e?s=96&d=mm&r=g","url":"https:\/\/secure.gravatar.com\/avatar\/fbe9c5fc3e57710af6aceaea09e3d466e4721a3069e8568b6c9655c7231c5b5e?s=96&d=mm&r=g","contentUrl":"https:\/\/secure.gravatar.com\/avatar\/fbe9c5fc3e57710af6aceaea09e3d466e4721a3069e8568b6c9655c7231c5b5e?s=96&d=mm&r=g","caption":"Anderson Fernandes"},"description":"Com forma\u00e7\u00e3o superior \u00e9 t\u00e9cnico em Seguran\u00e7a do Trabalho do Sistema Metra. H\u00e1 30 anos trabalhando ininterruptamente na \u00e1rea desde 2002. Formado ainda no Curso de Tecn\u00f3logo em Seguran\u00e7a do Trabalho e cursando Engenharia visando a p\u00f3s gradua\u00e7\u00e3o em Seguran\u00e7a do Trabalho. Atua ainda como int\u00e9rprete de LIBRAS e atualmente \u00e9 consultor de diversas empresas em ramos de atividade como: Minera\u00e7\u00e3o, Automobil\u00edstica, Manuten\u00e7\u00e3o El\u00e9trica de Grande Porte, Cer\u00e2mica, Refrat\u00e1rios, Sa\u00fade entre outros. \u00c9 propriet\u00e1rio da empresa Mais Sa\u00fade e Seguran\u00e7a do Trabalho e atende seus clientes de forma personalizada moldando a\u00e7\u00f5es conforme as caracter\u00edsticas de cliente.","sameAs":["https:\/\/www.sistemametra.com.br","https:\/\/www.instagram.com\/andfergom17121999"],"url":"https:\/\/www.sistemametra.com.br\/blog\/author\/anderson-fernandes\/"}]}},"_links":{"self":[{"href":"https:\/\/www.sistemametra.com.br\/blog\/wp-json\/wp\/v2\/posts\/488","targetHints":{"allow":["GET"]}}],"collection":[{"href":"https:\/\/www.sistemametra.com.br\/blog\/wp-json\/wp\/v2\/posts"}],"about":[{"href":"https:\/\/www.sistemametra.com.br\/blog\/wp-json\/wp\/v2\/types\/post"}],"author":[{"embeddable":true,"href":"https:\/\/www.sistemametra.com.br\/blog\/wp-json\/wp\/v2\/users\/3"}],"replies":[{"embeddable":true,"href":"https:\/\/www.sistemametra.com.br\/blog\/wp-json\/wp\/v2\/comments?post=488"}],"version-history":[{"count":1,"href":"https:\/\/www.sistemametra.com.br\/blog\/wp-json\/wp\/v2\/posts\/488\/revisions"}],"predecessor-version":[{"id":840,"href":"https:\/\/www.sistemametra.com.br\/blog\/wp-json\/wp\/v2\/posts\/488\/revisions\/840"}],"wp:featuredmedia":[{"embeddable":true,"href":"https:\/\/www.sistemametra.com.br\/blog\/wp-json\/wp\/v2\/media\/489"}],"wp:attachment":[{"href":"https:\/\/www.sistemametra.com.br\/blog\/wp-json\/wp\/v2\/media?parent=488"}],"wp:term":[{"taxonomy":"category","embeddable":true,"href":"https:\/\/www.sistemametra.com.br\/blog\/wp-json\/wp\/v2\/categories?post=488"},{"taxonomy":"post_tag","embeddable":true,"href":"https:\/\/www.sistemametra.com.br\/blog\/wp-json\/wp\/v2\/tags?post=488"}],"curies":[{"name":"wp","href":"https:\/\/api.w.org\/{rel}","templated":true}]}}