{"id":490,"date":"2026-01-28T00:00:00","date_gmt":"2026-01-28T03:00:00","guid":{"rendered":"https:\/\/www.sistemametra.com.br\/blog\/programa-medicina-do-trabalho\/"},"modified":"2026-04-28T16:51:23","modified_gmt":"2026-04-28T19:51:23","slug":"programa-medicina-do-trabalho","status":"publish","type":"post","link":"https:\/\/www.sistemametra.com.br\/blog\/programa-medicina-do-trabalho\/","title":{"rendered":"Programa de medicina do trabalho"},"content":{"rendered":"<article>\n<p>Se voc\u00ea est\u00e1 em busca de uma empresa especializada em Como Aprimorar o Sistema de Solu\u00e7\u00f5es para Gest\u00e3o de SST e eSocial e que ofere\u00e7a um \u00f3timo <strong>programa de medicina do trabalho<\/strong>, voc\u00ea acabou de encontrar! A Sistema METRA \u00e9 refer\u00eancia neste segmento e est\u00e1 preparada para atender \u00e0s suas necessidades.<\/p>\n<h2>POR QUE ESCOLHER O PROGRAMA DE MEDICINA DO TRABALHO DA SISTEMA METRA?<\/h2>\n<p>A Sistema METRA \u00e9 uma empresa que est\u00e1 sempre em constante evolu\u00e7\u00e3o e atualiza\u00e7\u00e3o, buscando oferecer o que h\u00e1 de melhor e mais eficiente para seus clientes. Por isso, nosso <strong>programa de medicina do trabalho<\/strong> \u00e9 desenvolvido com tecnologia de ponta e baseado nas normas regulamentadoras do Minist\u00e9rio do Trabalho e Emprego.<\/p>\n<p>Al\u00e9m disso, nossa equipe \u00e9 composta por profissionais altamente capacitados e experientes na \u00e1rea de sa\u00fade e seguran\u00e7a do trabalho, que est\u00e3o sempre em busca de solu\u00e7\u00f5es inovadoras e eficazes para as demandas dos nossos clientes.<\/p>\n<h2>COMO FUNCIONA O PROGRAMA DE MEDICINA DO TRABALHO?<\/h2>\n<p>O <strong>programa de medicina do trabalho<\/strong> \u00e9 um conjunto de a\u00e7\u00f5es e medidas prevencionistas que tem como objetivo preservar a sa\u00fade e bem-estar dos trabalhadores, bem como reduzir os riscos de acidentes e doen\u00e7as ocupacionais. Ele \u00e9 obrigat\u00f3rio para qualquer empresa que possua funcion\u00e1rios contratados formalmente.<\/p>\n<p>A Sistema METRA oferece um <strong>programa de medicina do trabalho<\/strong> completo, que abrange desde consultas m\u00e9dicas ocupacionais, exames admissionais, peri\u00f3dicos e demissionais, elabora\u00e7\u00e3o do PCMSO (Programa de Controle M\u00e9dico de Sa\u00fade Ocupacional) at\u00e9 treinamentos e palestras educativas.<\/p>\n<h2>QUAIS AS VANTAGENS DE ADQUIRIR UM PROGRAMA DE MEDICINA DO TRABALHO DA SISTEMA METRA?<\/h2>\n<p>Al\u00e9m de estar em conformidade com as normas regulamentadoras, adquirir um <strong>programa de medicina do trabalho<\/strong> da Sistema METRA traz diversas vantagens, como a redu\u00e7\u00e3o de custos com afastamentos e processos trabalhistas, melhoria na qualidade de vida dos colaboradores, aumento da produtividade e valoriza\u00e7\u00e3o da imagem da empresa.<\/p>\n<p>Al\u00e9m disso, ao contratar nosso <strong>programa de medicina do trabalho<\/strong>, voc\u00ea tem a certeza de estar contando com um sistema seguro e eficiente, que ser\u00e1 um grande aliado na gest\u00e3o da seguran\u00e7a e sa\u00fade dos seus colaboradores.<\/p>\n<h2>RECOMENDA\u00c7\u00d5ES SOBRE O PROGRAMA DE MEDICINA DO TRABALHO<\/h2>\n<p>\u00c9 importante ressaltar que o <strong>programa de medicina do trabalho<\/strong> deve ser personalizado para atender as demandas espec\u00edficas de cada empresa. Por isso, \u00e9 fundamental contar com uma empresa que esteja capacitada para desenvolver um programa que atenda \u00e0s suas necessidades e exig\u00eancias legais.<\/p>\n<p>A Sistema METRA possui uma vasta experi\u00eancia no mercado e est\u00e1 sempre atenta \u00e0s mudan\u00e7as e atualiza\u00e7\u00f5es das normas regulamentadoras. Nossos profissionais s\u00e3o altamente qualificados e preparados para oferecer um <strong>programa de medicina do trabalho<\/strong> que atenda \u00e0s suas expectativas e necessidades.<\/p>\n<p>N\u00e3o perca mais tempo, fa\u00e7a j\u00e1 uma cota\u00e7\u00e3o com a Sistema METRA e garanta a seguran\u00e7a e sa\u00fade dos seus colaboradores, al\u00e9m de estar em conformidade com as exig\u00eancias legais. Entre em contato conosco e descubra por que somos refer\u00eancia em Como Aprimorar o Sistema de Solu\u00e7\u00f5es para Gest\u00e3o de SST e eSocial.<\/p>\n<h2>Para saber mais sobre Programa de medicina do trabalho<\/h2>\n<p>Ligue para <strong>0800-707-5900 <\/strong>ou clique aqui e entre em contato por email.<\/p>\n<p>O conte\u00fado do texto desta p\u00e1gina \u00e9 de direito reservado. Sua reprodu\u00e7\u00e3o, parcial ou total, mesmo citando nossos links, \u00e9 proibida sem a autoriza\u00e7\u00e3o do autor. Crime de viola\u00e7\u00e3o de direito autoral \u2013 artigo 184 do C\u00f3digo Penal \u2013 Lei 9610\/98 &#8211; Lei de direitos autorais. <\/article>\n","protected":false},"excerpt":{"rendered":"<p>Se voc\u00ea est\u00e1 em busca de uma empresa especializada em Como Aprimorar o Sistema de Solu\u00e7\u00f5es para Gest\u00e3o de SST e eSocial e que ofere\u00e7a um \u00f3timo programa de medicina do trabalho, voc\u00ea acabou de encontrar! A Sistema METRA \u00e9 refer\u00eancia neste segmento e est\u00e1 preparada para atender \u00e0s suas necessidades. POR QUE ESCOLHER O [&hellip;]<\/p>\n","protected":false},"author":3,"featured_media":491,"comment_status":"open","ping_status":"open","sticky":false,"template":"","format":"standard","meta":{"footnotes":""},"categories":[8],"tags":[],"class_list":["post-490","post","type-post","status-publish","format-standard","has-post-thumbnail","hentry","category-saude-ocupacional"],"yoast_head":"<!-- This site is optimized with the Yoast SEO plugin v27.5 - https:\/\/yoast.com\/product\/yoast-seo-wordpress\/ -->\n<title>Programa de medicina do trabalho | Sistema Metra<\/title>\n<meta name=\"robots\" content=\"index, follow, max-snippet:-1, max-image-preview:large, max-video-preview:-1\" \/>\n<link rel=\"canonical\" href=\"https:\/\/www.sistemametra.com.br\/blog\/programa-medicina-do-trabalho\/\" \/>\n<meta property=\"og:locale\" content=\"pt_BR\" \/>\n<meta property=\"og:type\" content=\"article\" \/>\n<meta property=\"og:title\" content=\"Programa de medicina do trabalho | Sistema Metra\" \/>\n<meta property=\"og:description\" content=\"Se voc\u00ea est\u00e1 em busca de uma empresa especializada em Como Aprimorar o Sistema de Solu\u00e7\u00f5es para Gest\u00e3o de SST e eSocial e que ofere\u00e7a um \u00f3timo programa de medicina do trabalho, voc\u00ea acabou de encontrar! A Sistema METRA \u00e9 refer\u00eancia neste segmento e est\u00e1 preparada para atender \u00e0s suas necessidades. POR QUE ESCOLHER O [&hellip;]\" \/>\n<meta property=\"og:url\" content=\"https:\/\/www.sistemametra.com.br\/blog\/programa-medicina-do-trabalho\/\" \/>\n<meta property=\"og:site_name\" content=\"Blog Metra\" \/>\n<meta property=\"article:publisher\" content=\"https:\/\/www.facebook.com\/metraweb\" \/>\n<meta property=\"article:published_time\" content=\"2026-01-28T03:00:00+00:00\" \/>\n<meta property=\"article:modified_time\" content=\"2026-04-28T19:51:23+00:00\" \/>\n<meta property=\"og:image\" content=\"https:\/\/www.sistemametra.com.br\/blog\/wp-content\/uploads\/2026\/04\/programa-medicina-do-trabalho.webp\" \/>\n\t<meta property=\"og:image:width\" content=\"800\" \/>\n\t<meta property=\"og:image:height\" content=\"800\" \/>\n\t<meta property=\"og:image:type\" content=\"image\/jpeg\" \/>\n<meta name=\"author\" content=\"Anderson Fernandes\" \/>\n<meta name=\"twitter:card\" content=\"summary_large_image\" \/>\n<meta name=\"twitter:label1\" content=\"Escrito por\" \/>\n\t<meta name=\"twitter:data1\" content=\"Anderson Fernandes\" \/>\n\t<meta name=\"twitter:label2\" content=\"Est. tempo de leitura\" \/>\n\t<meta name=\"twitter:data2\" content=\"3 minutos\" \/>\n<script type=\"application\/ld+json\" class=\"yoast-schema-graph\">{\"@context\":\"https:\\\/\\\/schema.org\",\"@graph\":[{\"@type\":\"Article\",\"@id\":\"https:\\\/\\\/www.sistemametra.com.br\\\/blog\\\/programa-medicina-do-trabalho\\\/#article\",\"isPartOf\":{\"@id\":\"https:\\\/\\\/www.sistemametra.com.br\\\/blog\\\/programa-medicina-do-trabalho\\\/\"},\"author\":{\"name\":\"Anderson Fernandes\",\"@id\":\"https:\\\/\\\/www.sistemametra.com.br\\\/blog\\\/#\\\/schema\\\/person\\\/7c04d9110a7e64758ca9951890e56d82\"},\"headline\":\"Programa de medicina do trabalho\",\"datePublished\":\"2026-01-28T03:00:00+00:00\",\"dateModified\":\"2026-04-28T19:51:23+00:00\",\"mainEntityOfPage\":{\"@id\":\"https:\\\/\\\/www.sistemametra.com.br\\\/blog\\\/programa-medicina-do-trabalho\\\/\"},\"wordCount\":599,\"commentCount\":0,\"publisher\":{\"@id\":\"https:\\\/\\\/www.sistemametra.com.br\\\/blog\\\/#organization\"},\"image\":{\"@id\":\"https:\\\/\\\/www.sistemametra.com.br\\\/blog\\\/programa-medicina-do-trabalho\\\/#primaryimage\"},\"thumbnailUrl\":\"https:\\\/\\\/www.sistemametra.com.br\\\/blog\\\/wp-content\\\/uploads\\\/2026\\\/04\\\/programa-medicina-do-trabalho.webp\",\"articleSection\":[\"Sa\u00fade Ocupacional\"],\"inLanguage\":\"pt-BR\",\"potentialAction\":[{\"@type\":\"CommentAction\",\"name\":\"Comment\",\"target\":[\"https:\\\/\\\/www.sistemametra.com.br\\\/blog\\\/programa-medicina-do-trabalho\\\/#respond\"]}]},{\"@type\":\"WebPage\",\"@id\":\"https:\\\/\\\/www.sistemametra.com.br\\\/blog\\\/programa-medicina-do-trabalho\\\/\",\"url\":\"https:\\\/\\\/www.sistemametra.com.br\\\/blog\\\/programa-medicina-do-trabalho\\\/\",\"name\":\"Programa de medicina do trabalho | Sistema Metra\",\"isPartOf\":{\"@id\":\"https:\\\/\\\/www.sistemametra.com.br\\\/blog\\\/#website\"},\"primaryImageOfPage\":{\"@id\":\"https:\\\/\\\/www.sistemametra.com.br\\\/blog\\\/programa-medicina-do-trabalho\\\/#primaryimage\"},\"image\":{\"@id\":\"https:\\\/\\\/www.sistemametra.com.br\\\/blog\\\/programa-medicina-do-trabalho\\\/#primaryimage\"},\"thumbnailUrl\":\"https:\\\/\\\/www.sistemametra.com.br\\\/blog\\\/wp-content\\\/uploads\\\/2026\\\/04\\\/programa-medicina-do-trabalho.webp\",\"datePublished\":\"2026-01-28T03:00:00+00:00\",\"dateModified\":\"2026-04-28T19:51:23+00:00\",\"breadcrumb\":{\"@id\":\"https:\\\/\\\/www.sistemametra.com.br\\\/blog\\\/programa-medicina-do-trabalho\\\/#breadcrumb\"},\"inLanguage\":\"pt-BR\",\"potentialAction\":[{\"@type\":\"ReadAction\",\"target\":[\"https:\\\/\\\/www.sistemametra.com.br\\\/blog\\\/programa-medicina-do-trabalho\\\/\"]}]},{\"@type\":\"ImageObject\",\"inLanguage\":\"pt-BR\",\"@id\":\"https:\\\/\\\/www.sistemametra.com.br\\\/blog\\\/programa-medicina-do-trabalho\\\/#primaryimage\",\"url\":\"https:\\\/\\\/www.sistemametra.com.br\\\/blog\\\/wp-content\\\/uploads\\\/2026\\\/04\\\/programa-medicina-do-trabalho.webp\",\"contentUrl\":\"https:\\\/\\\/www.sistemametra.com.br\\\/blog\\\/wp-content\\\/uploads\\\/2026\\\/04\\\/programa-medicina-do-trabalho.webp\",\"width\":800,\"height\":800,\"caption\":\"sobre medicina do trabalho | Blog Metra\"},{\"@type\":\"BreadcrumbList\",\"@id\":\"https:\\\/\\\/www.sistemametra.com.br\\\/blog\\\/programa-medicina-do-trabalho\\\/#breadcrumb\",\"itemListElement\":[{\"@type\":\"ListItem\",\"position\":1,\"name\":\"In\u00edcio\",\"item\":\"https:\\\/\\\/www.sistemametra.com.br\\\/blog\\\/\"},{\"@type\":\"ListItem\",\"position\":2,\"name\":\"Programa de medicina do trabalho\"}]},{\"@type\":\"WebSite\",\"@id\":\"https:\\\/\\\/www.sistemametra.com.br\\\/blog\\\/#website\",\"url\":\"https:\\\/\\\/www.sistemametra.com.br\\\/blog\\\/\",\"name\":\"Blog Metra\",\"description\":\"Conte\u00fado pr\u00e1tico sobre Sa\u00fade e Seguran\u00e7a do Trabalho: normas, documentos e obriga\u00e7\u00f5es explicados de forma direta para profissionais e empresas.\",\"publisher\":{\"@id\":\"https:\\\/\\\/www.sistemametra.com.br\\\/blog\\\/#organization\"},\"alternateName\":\"Sistema Metra\",\"potentialAction\":[{\"@type\":\"SearchAction\",\"target\":{\"@type\":\"EntryPoint\",\"urlTemplate\":\"https:\\\/\\\/www.sistemametra.com.br\\\/blog\\\/?s={search_term_string}\"},\"query-input\":{\"@type\":\"PropertyValueSpecification\",\"valueRequired\":true,\"valueName\":\"search_term_string\"}}],\"inLanguage\":\"pt-BR\"},{\"@type\":\"Organization\",\"@id\":\"https:\\\/\\\/www.sistemametra.com.br\\\/blog\\\/#organization\",\"name\":\"Sistema Metra\",\"url\":\"https:\\\/\\\/www.sistemametra.com.br\\\/blog\\\/\",\"logo\":{\"@type\":\"ImageObject\",\"inLanguage\":\"pt-BR\",\"@id\":\"https:\\\/\\\/www.sistemametra.com.br\\\/blog\\\/#\\\/schema\\\/logo\\\/image\\\/\",\"url\":\"https:\\\/\\\/www.sistemametra.com.br\\\/blog\\\/wp-content\\\/uploads\\\/2026\\\/04\\\/blog-metra.webp\",\"contentUrl\":\"https:\\\/\\\/www.sistemametra.com.br\\\/blog\\\/wp-content\\\/uploads\\\/2026\\\/04\\\/blog-metra.webp\",\"width\":800,\"height\":800,\"caption\":\"Sistema Metra\"},\"image\":{\"@id\":\"https:\\\/\\\/www.sistemametra.com.br\\\/blog\\\/#\\\/schema\\\/logo\\\/image\\\/\"},\"sameAs\":[\"https:\\\/\\\/www.facebook.com\\\/metraweb\",\"https:\\\/\\\/www.linkedin.com\\\/company\\\/metra-web\\\/?viewAsMember=true\",\"https:\\\/\\\/www.youtube.com\\\/@SistemaMetra\"]},{\"@type\":\"Person\",\"@id\":\"https:\\\/\\\/www.sistemametra.com.br\\\/blog\\\/#\\\/schema\\\/person\\\/7c04d9110a7e64758ca9951890e56d82\",\"name\":\"Anderson Fernandes\",\"image\":{\"@type\":\"ImageObject\",\"inLanguage\":\"pt-BR\",\"@id\":\"https:\\\/\\\/secure.gravatar.com\\\/avatar\\\/fbe9c5fc3e57710af6aceaea09e3d466e4721a3069e8568b6c9655c7231c5b5e?s=96&d=mm&r=g\",\"url\":\"https:\\\/\\\/secure.gravatar.com\\\/avatar\\\/fbe9c5fc3e57710af6aceaea09e3d466e4721a3069e8568b6c9655c7231c5b5e?s=96&d=mm&r=g\",\"contentUrl\":\"https:\\\/\\\/secure.gravatar.com\\\/avatar\\\/fbe9c5fc3e57710af6aceaea09e3d466e4721a3069e8568b6c9655c7231c5b5e?s=96&d=mm&r=g\",\"caption\":\"Anderson Fernandes\"},\"description\":\"Com forma\u00e7\u00e3o superior \u00e9 t\u00e9cnico em Seguran\u00e7a do Trabalho do Sistema Metra. H\u00e1 30 anos trabalhando ininterruptamente na \u00e1rea desde 2002. Formado ainda no Curso de Tecn\u00f3logo em Seguran\u00e7a do Trabalho e cursando Engenharia visando a p\u00f3s gradua\u00e7\u00e3o em Seguran\u00e7a do Trabalho. Atua ainda como int\u00e9rprete de LIBRAS e atualmente \u00e9 consultor de diversas empresas em ramos de atividade como: Minera\u00e7\u00e3o, Automobil\u00edstica, Manuten\u00e7\u00e3o El\u00e9trica de Grande Porte, Cer\u00e2mica, Refrat\u00e1rios, Sa\u00fade entre outros. \u00c9 propriet\u00e1rio da empresa Mais Sa\u00fade e Seguran\u00e7a do Trabalho e atende seus clientes de forma personalizada moldando a\u00e7\u00f5es conforme as caracter\u00edsticas de cliente.\",\"sameAs\":[\"https:\\\/\\\/www.sistemametra.com.br\",\"https:\\\/\\\/www.instagram.com\\\/andfergom17121999\"],\"url\":\"https:\\\/\\\/www.sistemametra.com.br\\\/blog\\\/author\\\/anderson-fernandes\\\/\"}]}<\/script>\n<!-- \/ Yoast SEO plugin. -->","yoast_head_json":{"title":"Programa de medicina do trabalho | Sistema Metra","robots":{"index":"index","follow":"follow","max-snippet":"max-snippet:-1","max-image-preview":"max-image-preview:large","max-video-preview":"max-video-preview:-1"},"canonical":"https:\/\/www.sistemametra.com.br\/blog\/programa-medicina-do-trabalho\/","og_locale":"pt_BR","og_type":"article","og_title":"Programa de medicina do trabalho | Sistema Metra","og_description":"Se voc\u00ea est\u00e1 em busca de uma empresa especializada em Como Aprimorar o Sistema de Solu\u00e7\u00f5es para Gest\u00e3o de SST e eSocial e que ofere\u00e7a um \u00f3timo programa de medicina do trabalho, voc\u00ea acabou de encontrar! A Sistema METRA \u00e9 refer\u00eancia neste segmento e est\u00e1 preparada para atender \u00e0s suas necessidades. POR QUE ESCOLHER O [&hellip;]","og_url":"https:\/\/www.sistemametra.com.br\/blog\/programa-medicina-do-trabalho\/","og_site_name":"Blog Metra","article_publisher":"https:\/\/www.facebook.com\/metraweb","article_published_time":"2026-01-28T03:00:00+00:00","article_modified_time":"2026-04-28T19:51:23+00:00","og_image":[{"width":800,"height":800,"url":"https:\/\/www.sistemametra.com.br\/blog\/wp-content\/uploads\/2026\/04\/programa-medicina-do-trabalho.webp","type":"image\/jpeg"}],"author":"Anderson Fernandes","twitter_card":"summary_large_image","twitter_misc":{"Escrito por":"Anderson Fernandes","Est. tempo de leitura":"3 minutos"},"schema":{"@context":"https:\/\/schema.org","@graph":[{"@type":"Article","@id":"https:\/\/www.sistemametra.com.br\/blog\/programa-medicina-do-trabalho\/#article","isPartOf":{"@id":"https:\/\/www.sistemametra.com.br\/blog\/programa-medicina-do-trabalho\/"},"author":{"name":"Anderson Fernandes","@id":"https:\/\/www.sistemametra.com.br\/blog\/#\/schema\/person\/7c04d9110a7e64758ca9951890e56d82"},"headline":"Programa de medicina do trabalho","datePublished":"2026-01-28T03:00:00+00:00","dateModified":"2026-04-28T19:51:23+00:00","mainEntityOfPage":{"@id":"https:\/\/www.sistemametra.com.br\/blog\/programa-medicina-do-trabalho\/"},"wordCount":599,"commentCount":0,"publisher":{"@id":"https:\/\/www.sistemametra.com.br\/blog\/#organization"},"image":{"@id":"https:\/\/www.sistemametra.com.br\/blog\/programa-medicina-do-trabalho\/#primaryimage"},"thumbnailUrl":"https:\/\/www.sistemametra.com.br\/blog\/wp-content\/uploads\/2026\/04\/programa-medicina-do-trabalho.webp","articleSection":["Sa\u00fade Ocupacional"],"inLanguage":"pt-BR","potentialAction":[{"@type":"CommentAction","name":"Comment","target":["https:\/\/www.sistemametra.com.br\/blog\/programa-medicina-do-trabalho\/#respond"]}]},{"@type":"WebPage","@id":"https:\/\/www.sistemametra.com.br\/blog\/programa-medicina-do-trabalho\/","url":"https:\/\/www.sistemametra.com.br\/blog\/programa-medicina-do-trabalho\/","name":"Programa de medicina do trabalho | Sistema Metra","isPartOf":{"@id":"https:\/\/www.sistemametra.com.br\/blog\/#website"},"primaryImageOfPage":{"@id":"https:\/\/www.sistemametra.com.br\/blog\/programa-medicina-do-trabalho\/#primaryimage"},"image":{"@id":"https:\/\/www.sistemametra.com.br\/blog\/programa-medicina-do-trabalho\/#primaryimage"},"thumbnailUrl":"https:\/\/www.sistemametra.com.br\/blog\/wp-content\/uploads\/2026\/04\/programa-medicina-do-trabalho.webp","datePublished":"2026-01-28T03:00:00+00:00","dateModified":"2026-04-28T19:51:23+00:00","breadcrumb":{"@id":"https:\/\/www.sistemametra.com.br\/blog\/programa-medicina-do-trabalho\/#breadcrumb"},"inLanguage":"pt-BR","potentialAction":[{"@type":"ReadAction","target":["https:\/\/www.sistemametra.com.br\/blog\/programa-medicina-do-trabalho\/"]}]},{"@type":"ImageObject","inLanguage":"pt-BR","@id":"https:\/\/www.sistemametra.com.br\/blog\/programa-medicina-do-trabalho\/#primaryimage","url":"https:\/\/www.sistemametra.com.br\/blog\/wp-content\/uploads\/2026\/04\/programa-medicina-do-trabalho.webp","contentUrl":"https:\/\/www.sistemametra.com.br\/blog\/wp-content\/uploads\/2026\/04\/programa-medicina-do-trabalho.webp","width":800,"height":800,"caption":"sobre medicina do trabalho | Blog Metra"},{"@type":"BreadcrumbList","@id":"https:\/\/www.sistemametra.com.br\/blog\/programa-medicina-do-trabalho\/#breadcrumb","itemListElement":[{"@type":"ListItem","position":1,"name":"In\u00edcio","item":"https:\/\/www.sistemametra.com.br\/blog\/"},{"@type":"ListItem","position":2,"name":"Programa de medicina do trabalho"}]},{"@type":"WebSite","@id":"https:\/\/www.sistemametra.com.br\/blog\/#website","url":"https:\/\/www.sistemametra.com.br\/blog\/","name":"Blog Metra","description":"Conte\u00fado pr\u00e1tico sobre Sa\u00fade e Seguran\u00e7a do Trabalho: normas, documentos e obriga\u00e7\u00f5es explicados de forma direta para profissionais e empresas.","publisher":{"@id":"https:\/\/www.sistemametra.com.br\/blog\/#organization"},"alternateName":"Sistema Metra","potentialAction":[{"@type":"SearchAction","target":{"@type":"EntryPoint","urlTemplate":"https:\/\/www.sistemametra.com.br\/blog\/?s={search_term_string}"},"query-input":{"@type":"PropertyValueSpecification","valueRequired":true,"valueName":"search_term_string"}}],"inLanguage":"pt-BR"},{"@type":"Organization","@id":"https:\/\/www.sistemametra.com.br\/blog\/#organization","name":"Sistema Metra","url":"https:\/\/www.sistemametra.com.br\/blog\/","logo":{"@type":"ImageObject","inLanguage":"pt-BR","@id":"https:\/\/www.sistemametra.com.br\/blog\/#\/schema\/logo\/image\/","url":"https:\/\/www.sistemametra.com.br\/blog\/wp-content\/uploads\/2026\/04\/blog-metra.webp","contentUrl":"https:\/\/www.sistemametra.com.br\/blog\/wp-content\/uploads\/2026\/04\/blog-metra.webp","width":800,"height":800,"caption":"Sistema Metra"},"image":{"@id":"https:\/\/www.sistemametra.com.br\/blog\/#\/schema\/logo\/image\/"},"sameAs":["https:\/\/www.facebook.com\/metraweb","https:\/\/www.linkedin.com\/company\/metra-web\/?viewAsMember=true","https:\/\/www.youtube.com\/@SistemaMetra"]},{"@type":"Person","@id":"https:\/\/www.sistemametra.com.br\/blog\/#\/schema\/person\/7c04d9110a7e64758ca9951890e56d82","name":"Anderson Fernandes","image":{"@type":"ImageObject","inLanguage":"pt-BR","@id":"https:\/\/secure.gravatar.com\/avatar\/fbe9c5fc3e57710af6aceaea09e3d466e4721a3069e8568b6c9655c7231c5b5e?s=96&d=mm&r=g","url":"https:\/\/secure.gravatar.com\/avatar\/fbe9c5fc3e57710af6aceaea09e3d466e4721a3069e8568b6c9655c7231c5b5e?s=96&d=mm&r=g","contentUrl":"https:\/\/secure.gravatar.com\/avatar\/fbe9c5fc3e57710af6aceaea09e3d466e4721a3069e8568b6c9655c7231c5b5e?s=96&d=mm&r=g","caption":"Anderson Fernandes"},"description":"Com forma\u00e7\u00e3o superior \u00e9 t\u00e9cnico em Seguran\u00e7a do Trabalho do Sistema Metra. H\u00e1 30 anos trabalhando ininterruptamente na \u00e1rea desde 2002. Formado ainda no Curso de Tecn\u00f3logo em Seguran\u00e7a do Trabalho e cursando Engenharia visando a p\u00f3s gradua\u00e7\u00e3o em Seguran\u00e7a do Trabalho. Atua ainda como int\u00e9rprete de LIBRAS e atualmente \u00e9 consultor de diversas empresas em ramos de atividade como: Minera\u00e7\u00e3o, Automobil\u00edstica, Manuten\u00e7\u00e3o El\u00e9trica de Grande Porte, Cer\u00e2mica, Refrat\u00e1rios, Sa\u00fade entre outros. \u00c9 propriet\u00e1rio da empresa Mais Sa\u00fade e Seguran\u00e7a do Trabalho e atende seus clientes de forma personalizada moldando a\u00e7\u00f5es conforme as caracter\u00edsticas de cliente.","sameAs":["https:\/\/www.sistemametra.com.br","https:\/\/www.instagram.com\/andfergom17121999"],"url":"https:\/\/www.sistemametra.com.br\/blog\/author\/anderson-fernandes\/"}]}},"_links":{"self":[{"href":"https:\/\/www.sistemametra.com.br\/blog\/wp-json\/wp\/v2\/posts\/490","targetHints":{"allow":["GET"]}}],"collection":[{"href":"https:\/\/www.sistemametra.com.br\/blog\/wp-json\/wp\/v2\/posts"}],"about":[{"href":"https:\/\/www.sistemametra.com.br\/blog\/wp-json\/wp\/v2\/types\/post"}],"author":[{"embeddable":true,"href":"https:\/\/www.sistemametra.com.br\/blog\/wp-json\/wp\/v2\/users\/3"}],"replies":[{"embeddable":true,"href":"https:\/\/www.sistemametra.com.br\/blog\/wp-json\/wp\/v2\/comments?post=490"}],"version-history":[{"count":1,"href":"https:\/\/www.sistemametra.com.br\/blog\/wp-json\/wp\/v2\/posts\/490\/revisions"}],"predecessor-version":[{"id":839,"href":"https:\/\/www.sistemametra.com.br\/blog\/wp-json\/wp\/v2\/posts\/490\/revisions\/839"}],"wp:featuredmedia":[{"embeddable":true,"href":"https:\/\/www.sistemametra.com.br\/blog\/wp-json\/wp\/v2\/media\/491"}],"wp:attachment":[{"href":"https:\/\/www.sistemametra.com.br\/blog\/wp-json\/wp\/v2\/media?parent=490"}],"wp:term":[{"taxonomy":"category","embeddable":true,"href":"https:\/\/www.sistemametra.com.br\/blog\/wp-json\/wp\/v2\/categories?post=490"},{"taxonomy":"post_tag","embeddable":true,"href":"https:\/\/www.sistemametra.com.br\/blog\/wp-json\/wp\/v2\/tags?post=490"}],"curies":[{"name":"wp","href":"https:\/\/api.w.org\/{rel}","templated":true}]}}