{"id":498,"date":"2026-02-01T00:00:00","date_gmt":"2026-02-01T03:00:00","guid":{"rendered":"https:\/\/www.sistemametra.com.br\/blog\/programa-saude-ocupacional-esocial\/"},"modified":"2026-04-28T16:51:22","modified_gmt":"2026-04-28T19:51:22","slug":"programa-saude-ocupacional-esocial","status":"publish","type":"post","link":"https:\/\/www.sistemametra.com.br\/blog\/programa-saude-ocupacional-esocial\/","title":{"rendered":"Programa de sa\u00fade ocupacional com esocial"},"content":{"rendered":"<article>\n<p>Voc\u00ea sabia que garantir a sa\u00fade e seguran\u00e7a dos seus colaboradores \u00e9 essencial para o sucesso do seu neg\u00f3cio? Al\u00e9m de ser uma responsabilidade \u00e9tica, tamb\u00e9m \u00e9 uma forma de prevenir acidentes e doen\u00e7as ocupacionais, que podem gerar altos custos para sua empresa. Para isso, \u00e9 fundamental contar com um bom <strong>programa de sa\u00fade ocupacional com esocial<\/strong>. E se voc\u00ea ainda n\u00e3o possui um, a Sistema METRA \u00e9 a melhor op\u00e7\u00e3o para te ajudar nessa tarefa.<\/p>\n<h2>POR QUE ESCOLHER A SISTEMA METRA PARA O SEU PROGRAMA DE SA\u00daDE OCUPACIONAL COM ESOCIAL?<\/h2>\n<p>Experi\u00eancia no mercado: atuando h\u00e1 anos no segmento de Como Aprimorar o Sistema de Solu\u00e7\u00f5es para Gest\u00e3o de SST e eSocial, a Sistema METRA possui amplo conhecimento e experi\u00eancia na \u00e1rea de sa\u00fade ocupacional.<\/p>\n<p>Equipe especializada: contamos com uma equipe altamente qualificada, formada por profissionais de diversas \u00e1reas da sa\u00fade, como m\u00e9dicos, enfermeiros, fisioterapeutas e t\u00e9cnicos em seguran\u00e7a do trabalho.<\/p>\n<p>Tecnologia de ponta: utilizamos ferramentas e sistemas modernos e atualizados para garantir efici\u00eancia e precis\u00e3o em nossos servi\u00e7os.<\/p>\n<p>Solu\u00e7\u00f5es personalizadas: entendemos que cada empresa possui necessidades espec\u00edficas, por isso oferecemos solu\u00e7\u00f5es personalizadas para atender as demandas de cada cliente.<\/p>\n<h2>COMO FUNCIONA UM PROGRAMA DE SA\u00daDE OCUPACIONAL COM ESOCIAL?<\/h2>\n<p>Um <strong>programa de sa\u00fade ocupacional com esocial<\/strong> tem como objetivo cuidar da sa\u00fade e seguran\u00e7a dos trabalhadores de uma empresa, por meio de a\u00e7\u00f5es preventivas e de promo\u00e7\u00e3o da sa\u00fade. Al\u00e9m disso, tamb\u00e9m \u00e9 respons\u00e1vel por monitorar e avaliar a sa\u00fade dos colaboradores, identificando poss\u00edveis riscos e doen\u00e7as relacionadas ao trabalho.<\/p>\n<p>O eSocial \u00e9 um sistema que unifica as informa\u00e7\u00f5es trabalhistas, previdenci\u00e1rias e fiscais de uma empresa, incluindo os dados relacionados \u00e0 sa\u00fade ocupacional. Com isso, \u00e9 poss\u00edvel ter uma gest\u00e3o mais eficiente e integrada das informa\u00e7\u00f5es, al\u00e9m de garantir o cumprimento das obriga\u00e7\u00f5es legais.<\/p>\n<h2>VANTAGENS DE TER UM PROGRAMA DE SA\u00daDE OCUPACIONAL COM ESOCIAL<\/h2>\n<p>Preven\u00e7\u00e3o de acidentes e doen\u00e7as ocupacionais: um programa de sa\u00fade ocupacional bem estruturado pode reduzir significativamente o \u00edndice de acidentes e doen\u00e7as relacionadas ao trabalho, garantindo a seguran\u00e7a e bem-estar dos colaboradores.<\/p>\n<p>Melhoria da qualidade de vida dos trabalhadores: com a\u00e7\u00f5es de promo\u00e7\u00e3o da sa\u00fade, os colaboradores se sentem mais valorizados e motivados, o que contribui para um clima organizacional positivo.<\/p>\n<p>Redu\u00e7\u00e3o de custos: ao prevenir acidentes e doen\u00e7as ocupacionais, a empresa tamb\u00e9m reduz gastos com afastamentos e poss\u00edveis processos judiciais, al\u00e9m de evitar multas e penalidades legais.<\/p>\n<p>Maior produtividade: trabalhadores saud\u00e1veis e motivados tendem a produzir mais e com mais qualidade, o que impacta diretamente nos resultados da empresa.<\/p>\n<h2>RECOMENDA\u00c7\u00d5ES PARA MANTER UM BOM PROGRAMA DE SA\u00daDE OCUPACIONAL COM ESOCIAL<\/h2>\n<p>Crie um cronograma anual de a\u00e7\u00f5es preventivas e promo\u00e7\u00e3o da sa\u00fade, que inclua exames m\u00e9dicos peri\u00f3dicos, treinamentos e campanhas de conscientiza\u00e7\u00e3o.<\/p>\n<p>Invista em tecnologia e sistemas de gest\u00e3o que facilitem o controle e monitoramento das informa\u00e7\u00f5es relacionadas \u00e0 sa\u00fade ocupacional.<\/p>\n<p>Promova a integra\u00e7\u00e3o entre diferentes setores da empresa, como o RH, seguran\u00e7a do trabalho e setor de sa\u00fade ocupacional, para garantir uma gest\u00e3o mais eficiente.<\/p>\n<p>Esteja sempre atualizado em rela\u00e7\u00e3o \u00e0s normas e legisla\u00e7\u00f5es trabalhistas e previdenci\u00e1rias, para garantir o cumprimento das obriga\u00e7\u00f5es legais.<\/p>\n<p>Agora que voc\u00ea j\u00e1 sabe a import\u00e2ncia de um <strong>programa de sa\u00fade ocupacional com esocial<\/strong> e as vantagens de contar com a Sistema METRA, n\u00e3o perca mais tempo e entre em contato conosco para fazer uma cota\u00e7\u00e3o. Garanta a sa\u00fade e seguran\u00e7a dos seus colaboradores e tenha uma empresa mais produtiva e saud\u00e1vel!<\/p>\n<h2>Para saber mais sobre Programa de sa\u00fade ocupacional com esocial<\/h2>\n<p>Ligue para <strong>0800-707-5900 <\/strong>ou clique aqui e entre em contato por email.<\/p>\n<p>O conte\u00fado do texto desta p\u00e1gina \u00e9 de direito reservado. Sua reprodu\u00e7\u00e3o, parcial ou total, mesmo citando nossos links, \u00e9 proibida sem a autoriza\u00e7\u00e3o do autor. Crime de viola\u00e7\u00e3o de direito autoral \u2013 artigo 184 do C\u00f3digo Penal \u2013 Lei 9610\/98 &#8211; Lei de direitos autorais. <\/article>\n","protected":false},"excerpt":{"rendered":"<p>Voc\u00ea sabia que garantir a sa\u00fade e seguran\u00e7a dos seus colaboradores \u00e9 essencial para o sucesso do seu neg\u00f3cio? Al\u00e9m de ser uma responsabilidade \u00e9tica, tamb\u00e9m \u00e9 uma forma de prevenir acidentes e doen\u00e7as ocupacionais, que podem gerar altos custos para sua empresa. Para isso, \u00e9 fundamental contar com um bom programa de sa\u00fade ocupacional [&hellip;]<\/p>\n","protected":false},"author":3,"featured_media":499,"comment_status":"open","ping_status":"open","sticky":false,"template":"","format":"standard","meta":{"footnotes":""},"categories":[5,27],"tags":[],"class_list":["post-498","post","type-post","status-publish","format-standard","has-post-thumbnail","hentry","category-esocial","category-esocial-sst"],"yoast_head":"<!-- This site is optimized with the Yoast SEO plugin v27.5 - https:\/\/yoast.com\/product\/yoast-seo-wordpress\/ -->\n<title>Programa de sa\u00fade ocupacional com esocial | Sistema Metra<\/title>\n<meta name=\"robots\" content=\"index, follow, max-snippet:-1, max-image-preview:large, max-video-preview:-1\" \/>\n<link rel=\"canonical\" href=\"https:\/\/www.sistemametra.com.br\/blog\/programa-saude-ocupacional-esocial\/\" \/>\n<meta property=\"og:locale\" content=\"pt_BR\" \/>\n<meta property=\"og:type\" content=\"article\" \/>\n<meta property=\"og:title\" content=\"Programa de sa\u00fade ocupacional com esocial | Sistema Metra\" \/>\n<meta property=\"og:description\" content=\"Voc\u00ea sabia que garantir a sa\u00fade e seguran\u00e7a dos seus colaboradores \u00e9 essencial para o sucesso do seu neg\u00f3cio? Al\u00e9m de ser uma responsabilidade \u00e9tica, tamb\u00e9m \u00e9 uma forma de prevenir acidentes e doen\u00e7as ocupacionais, que podem gerar altos custos para sua empresa. Para isso, \u00e9 fundamental contar com um bom programa de sa\u00fade ocupacional [&hellip;]\" \/>\n<meta property=\"og:url\" content=\"https:\/\/www.sistemametra.com.br\/blog\/programa-saude-ocupacional-esocial\/\" \/>\n<meta property=\"og:site_name\" content=\"Blog Metra\" \/>\n<meta property=\"article:publisher\" content=\"https:\/\/www.facebook.com\/metraweb\" \/>\n<meta property=\"article:published_time\" content=\"2026-02-01T03:00:00+00:00\" \/>\n<meta property=\"article:modified_time\" content=\"2026-04-28T19:51:22+00:00\" \/>\n<meta property=\"og:image\" content=\"https:\/\/www.sistemametra.com.br\/blog\/wp-content\/uploads\/2026\/04\/programa-saude-ocupacional-esocial.webp\" \/>\n\t<meta property=\"og:image:width\" content=\"800\" \/>\n\t<meta property=\"og:image:height\" content=\"800\" \/>\n\t<meta property=\"og:image:type\" content=\"image\/jpeg\" \/>\n<meta name=\"author\" content=\"Anderson Fernandes\" \/>\n<meta name=\"twitter:card\" content=\"summary_large_image\" \/>\n<meta name=\"twitter:label1\" content=\"Escrito por\" \/>\n\t<meta name=\"twitter:data1\" content=\"Anderson Fernandes\" \/>\n\t<meta name=\"twitter:label2\" content=\"Est. tempo de leitura\" \/>\n\t<meta name=\"twitter:data2\" content=\"4 minutos\" \/>\n<script type=\"application\/ld+json\" class=\"yoast-schema-graph\">{\"@context\":\"https:\\\/\\\/schema.org\",\"@graph\":[{\"@type\":\"Article\",\"@id\":\"https:\\\/\\\/www.sistemametra.com.br\\\/blog\\\/programa-saude-ocupacional-esocial\\\/#article\",\"isPartOf\":{\"@id\":\"https:\\\/\\\/www.sistemametra.com.br\\\/blog\\\/programa-saude-ocupacional-esocial\\\/\"},\"author\":{\"name\":\"Anderson Fernandes\",\"@id\":\"https:\\\/\\\/www.sistemametra.com.br\\\/blog\\\/#\\\/schema\\\/person\\\/7c04d9110a7e64758ca9951890e56d82\"},\"headline\":\"Programa de sa\u00fade ocupacional com esocial\",\"datePublished\":\"2026-02-01T03:00:00+00:00\",\"dateModified\":\"2026-04-28T19:51:22+00:00\",\"mainEntityOfPage\":{\"@id\":\"https:\\\/\\\/www.sistemametra.com.br\\\/blog\\\/programa-saude-ocupacional-esocial\\\/\"},\"wordCount\":717,\"commentCount\":0,\"publisher\":{\"@id\":\"https:\\\/\\\/www.sistemametra.com.br\\\/blog\\\/#organization\"},\"image\":{\"@id\":\"https:\\\/\\\/www.sistemametra.com.br\\\/blog\\\/programa-saude-ocupacional-esocial\\\/#primaryimage\"},\"thumbnailUrl\":\"https:\\\/\\\/www.sistemametra.com.br\\\/blog\\\/wp-content\\\/uploads\\\/2026\\\/04\\\/programa-saude-ocupacional-esocial.webp\",\"articleSection\":[\"eSocial\",\"eSocial SST\"],\"inLanguage\":\"pt-BR\",\"potentialAction\":[{\"@type\":\"CommentAction\",\"name\":\"Comment\",\"target\":[\"https:\\\/\\\/www.sistemametra.com.br\\\/blog\\\/programa-saude-ocupacional-esocial\\\/#respond\"]}]},{\"@type\":\"WebPage\",\"@id\":\"https:\\\/\\\/www.sistemametra.com.br\\\/blog\\\/programa-saude-ocupacional-esocial\\\/\",\"url\":\"https:\\\/\\\/www.sistemametra.com.br\\\/blog\\\/programa-saude-ocupacional-esocial\\\/\",\"name\":\"Programa de sa\u00fade ocupacional com esocial | Sistema Metra\",\"isPartOf\":{\"@id\":\"https:\\\/\\\/www.sistemametra.com.br\\\/blog\\\/#website\"},\"primaryImageOfPage\":{\"@id\":\"https:\\\/\\\/www.sistemametra.com.br\\\/blog\\\/programa-saude-ocupacional-esocial\\\/#primaryimage\"},\"image\":{\"@id\":\"https:\\\/\\\/www.sistemametra.com.br\\\/blog\\\/programa-saude-ocupacional-esocial\\\/#primaryimage\"},\"thumbnailUrl\":\"https:\\\/\\\/www.sistemametra.com.br\\\/blog\\\/wp-content\\\/uploads\\\/2026\\\/04\\\/programa-saude-ocupacional-esocial.webp\",\"datePublished\":\"2026-02-01T03:00:00+00:00\",\"dateModified\":\"2026-04-28T19:51:22+00:00\",\"breadcrumb\":{\"@id\":\"https:\\\/\\\/www.sistemametra.com.br\\\/blog\\\/programa-saude-ocupacional-esocial\\\/#breadcrumb\"},\"inLanguage\":\"pt-BR\",\"potentialAction\":[{\"@type\":\"ReadAction\",\"target\":[\"https:\\\/\\\/www.sistemametra.com.br\\\/blog\\\/programa-saude-ocupacional-esocial\\\/\"]}]},{\"@type\":\"ImageObject\",\"inLanguage\":\"pt-BR\",\"@id\":\"https:\\\/\\\/www.sistemametra.com.br\\\/blog\\\/programa-saude-ocupacional-esocial\\\/#primaryimage\",\"url\":\"https:\\\/\\\/www.sistemametra.com.br\\\/blog\\\/wp-content\\\/uploads\\\/2026\\\/04\\\/programa-saude-ocupacional-esocial.webp\",\"contentUrl\":\"https:\\\/\\\/www.sistemametra.com.br\\\/blog\\\/wp-content\\\/uploads\\\/2026\\\/04\\\/programa-saude-ocupacional-esocial.webp\",\"width\":800,\"height\":800,\"caption\":\"sobre sa\u00fade ocupacional com esocial | Blog Metra\"},{\"@type\":\"BreadcrumbList\",\"@id\":\"https:\\\/\\\/www.sistemametra.com.br\\\/blog\\\/programa-saude-ocupacional-esocial\\\/#breadcrumb\",\"itemListElement\":[{\"@type\":\"ListItem\",\"position\":1,\"name\":\"In\u00edcio\",\"item\":\"https:\\\/\\\/www.sistemametra.com.br\\\/blog\\\/\"},{\"@type\":\"ListItem\",\"position\":2,\"name\":\"Programa de sa\u00fade ocupacional com esocial\"}]},{\"@type\":\"WebSite\",\"@id\":\"https:\\\/\\\/www.sistemametra.com.br\\\/blog\\\/#website\",\"url\":\"https:\\\/\\\/www.sistemametra.com.br\\\/blog\\\/\",\"name\":\"Blog Metra\",\"description\":\"Conte\u00fado pr\u00e1tico sobre Sa\u00fade e Seguran\u00e7a do Trabalho: normas, documentos e obriga\u00e7\u00f5es explicados de forma direta para profissionais e empresas.\",\"publisher\":{\"@id\":\"https:\\\/\\\/www.sistemametra.com.br\\\/blog\\\/#organization\"},\"alternateName\":\"Sistema Metra\",\"potentialAction\":[{\"@type\":\"SearchAction\",\"target\":{\"@type\":\"EntryPoint\",\"urlTemplate\":\"https:\\\/\\\/www.sistemametra.com.br\\\/blog\\\/?s={search_term_string}\"},\"query-input\":{\"@type\":\"PropertyValueSpecification\",\"valueRequired\":true,\"valueName\":\"search_term_string\"}}],\"inLanguage\":\"pt-BR\"},{\"@type\":\"Organization\",\"@id\":\"https:\\\/\\\/www.sistemametra.com.br\\\/blog\\\/#organization\",\"name\":\"Sistema Metra\",\"url\":\"https:\\\/\\\/www.sistemametra.com.br\\\/blog\\\/\",\"logo\":{\"@type\":\"ImageObject\",\"inLanguage\":\"pt-BR\",\"@id\":\"https:\\\/\\\/www.sistemametra.com.br\\\/blog\\\/#\\\/schema\\\/logo\\\/image\\\/\",\"url\":\"https:\\\/\\\/www.sistemametra.com.br\\\/blog\\\/wp-content\\\/uploads\\\/2026\\\/04\\\/blog-metra.webp\",\"contentUrl\":\"https:\\\/\\\/www.sistemametra.com.br\\\/blog\\\/wp-content\\\/uploads\\\/2026\\\/04\\\/blog-metra.webp\",\"width\":800,\"height\":800,\"caption\":\"Sistema Metra\"},\"image\":{\"@id\":\"https:\\\/\\\/www.sistemametra.com.br\\\/blog\\\/#\\\/schema\\\/logo\\\/image\\\/\"},\"sameAs\":[\"https:\\\/\\\/www.facebook.com\\\/metraweb\",\"https:\\\/\\\/www.linkedin.com\\\/company\\\/metra-web\\\/?viewAsMember=true\",\"https:\\\/\\\/www.youtube.com\\\/@SistemaMetra\"]},{\"@type\":\"Person\",\"@id\":\"https:\\\/\\\/www.sistemametra.com.br\\\/blog\\\/#\\\/schema\\\/person\\\/7c04d9110a7e64758ca9951890e56d82\",\"name\":\"Anderson Fernandes\",\"image\":{\"@type\":\"ImageObject\",\"inLanguage\":\"pt-BR\",\"@id\":\"https:\\\/\\\/secure.gravatar.com\\\/avatar\\\/fbe9c5fc3e57710af6aceaea09e3d466e4721a3069e8568b6c9655c7231c5b5e?s=96&d=mm&r=g\",\"url\":\"https:\\\/\\\/secure.gravatar.com\\\/avatar\\\/fbe9c5fc3e57710af6aceaea09e3d466e4721a3069e8568b6c9655c7231c5b5e?s=96&d=mm&r=g\",\"contentUrl\":\"https:\\\/\\\/secure.gravatar.com\\\/avatar\\\/fbe9c5fc3e57710af6aceaea09e3d466e4721a3069e8568b6c9655c7231c5b5e?s=96&d=mm&r=g\",\"caption\":\"Anderson Fernandes\"},\"description\":\"Com forma\u00e7\u00e3o superior \u00e9 t\u00e9cnico em Seguran\u00e7a do Trabalho do Sistema Metra. H\u00e1 30 anos trabalhando ininterruptamente na \u00e1rea desde 2002. Formado ainda no Curso de Tecn\u00f3logo em Seguran\u00e7a do Trabalho e cursando Engenharia visando a p\u00f3s gradua\u00e7\u00e3o em Seguran\u00e7a do Trabalho. Atua ainda como int\u00e9rprete de LIBRAS e atualmente \u00e9 consultor de diversas empresas em ramos de atividade como: Minera\u00e7\u00e3o, Automobil\u00edstica, Manuten\u00e7\u00e3o El\u00e9trica de Grande Porte, Cer\u00e2mica, Refrat\u00e1rios, Sa\u00fade entre outros. \u00c9 propriet\u00e1rio da empresa Mais Sa\u00fade e Seguran\u00e7a do Trabalho e atende seus clientes de forma personalizada moldando a\u00e7\u00f5es conforme as caracter\u00edsticas de cliente.\",\"sameAs\":[\"https:\\\/\\\/www.sistemametra.com.br\",\"https:\\\/\\\/www.instagram.com\\\/andfergom17121999\"],\"url\":\"https:\\\/\\\/www.sistemametra.com.br\\\/blog\\\/author\\\/anderson-fernandes\\\/\"}]}<\/script>\n<!-- \/ Yoast SEO plugin. -->","yoast_head_json":{"title":"Programa de sa\u00fade ocupacional com esocial | Sistema Metra","robots":{"index":"index","follow":"follow","max-snippet":"max-snippet:-1","max-image-preview":"max-image-preview:large","max-video-preview":"max-video-preview:-1"},"canonical":"https:\/\/www.sistemametra.com.br\/blog\/programa-saude-ocupacional-esocial\/","og_locale":"pt_BR","og_type":"article","og_title":"Programa de sa\u00fade ocupacional com esocial | Sistema Metra","og_description":"Voc\u00ea sabia que garantir a sa\u00fade e seguran\u00e7a dos seus colaboradores \u00e9 essencial para o sucesso do seu neg\u00f3cio? Al\u00e9m de ser uma responsabilidade \u00e9tica, tamb\u00e9m \u00e9 uma forma de prevenir acidentes e doen\u00e7as ocupacionais, que podem gerar altos custos para sua empresa. Para isso, \u00e9 fundamental contar com um bom programa de sa\u00fade ocupacional [&hellip;]","og_url":"https:\/\/www.sistemametra.com.br\/blog\/programa-saude-ocupacional-esocial\/","og_site_name":"Blog Metra","article_publisher":"https:\/\/www.facebook.com\/metraweb","article_published_time":"2026-02-01T03:00:00+00:00","article_modified_time":"2026-04-28T19:51:22+00:00","og_image":[{"width":800,"height":800,"url":"https:\/\/www.sistemametra.com.br\/blog\/wp-content\/uploads\/2026\/04\/programa-saude-ocupacional-esocial.webp","type":"image\/jpeg"}],"author":"Anderson Fernandes","twitter_card":"summary_large_image","twitter_misc":{"Escrito por":"Anderson Fernandes","Est. tempo de leitura":"4 minutos"},"schema":{"@context":"https:\/\/schema.org","@graph":[{"@type":"Article","@id":"https:\/\/www.sistemametra.com.br\/blog\/programa-saude-ocupacional-esocial\/#article","isPartOf":{"@id":"https:\/\/www.sistemametra.com.br\/blog\/programa-saude-ocupacional-esocial\/"},"author":{"name":"Anderson Fernandes","@id":"https:\/\/www.sistemametra.com.br\/blog\/#\/schema\/person\/7c04d9110a7e64758ca9951890e56d82"},"headline":"Programa de sa\u00fade ocupacional com esocial","datePublished":"2026-02-01T03:00:00+00:00","dateModified":"2026-04-28T19:51:22+00:00","mainEntityOfPage":{"@id":"https:\/\/www.sistemametra.com.br\/blog\/programa-saude-ocupacional-esocial\/"},"wordCount":717,"commentCount":0,"publisher":{"@id":"https:\/\/www.sistemametra.com.br\/blog\/#organization"},"image":{"@id":"https:\/\/www.sistemametra.com.br\/blog\/programa-saude-ocupacional-esocial\/#primaryimage"},"thumbnailUrl":"https:\/\/www.sistemametra.com.br\/blog\/wp-content\/uploads\/2026\/04\/programa-saude-ocupacional-esocial.webp","articleSection":["eSocial","eSocial SST"],"inLanguage":"pt-BR","potentialAction":[{"@type":"CommentAction","name":"Comment","target":["https:\/\/www.sistemametra.com.br\/blog\/programa-saude-ocupacional-esocial\/#respond"]}]},{"@type":"WebPage","@id":"https:\/\/www.sistemametra.com.br\/blog\/programa-saude-ocupacional-esocial\/","url":"https:\/\/www.sistemametra.com.br\/blog\/programa-saude-ocupacional-esocial\/","name":"Programa de sa\u00fade ocupacional com esocial | Sistema Metra","isPartOf":{"@id":"https:\/\/www.sistemametra.com.br\/blog\/#website"},"primaryImageOfPage":{"@id":"https:\/\/www.sistemametra.com.br\/blog\/programa-saude-ocupacional-esocial\/#primaryimage"},"image":{"@id":"https:\/\/www.sistemametra.com.br\/blog\/programa-saude-ocupacional-esocial\/#primaryimage"},"thumbnailUrl":"https:\/\/www.sistemametra.com.br\/blog\/wp-content\/uploads\/2026\/04\/programa-saude-ocupacional-esocial.webp","datePublished":"2026-02-01T03:00:00+00:00","dateModified":"2026-04-28T19:51:22+00:00","breadcrumb":{"@id":"https:\/\/www.sistemametra.com.br\/blog\/programa-saude-ocupacional-esocial\/#breadcrumb"},"inLanguage":"pt-BR","potentialAction":[{"@type":"ReadAction","target":["https:\/\/www.sistemametra.com.br\/blog\/programa-saude-ocupacional-esocial\/"]}]},{"@type":"ImageObject","inLanguage":"pt-BR","@id":"https:\/\/www.sistemametra.com.br\/blog\/programa-saude-ocupacional-esocial\/#primaryimage","url":"https:\/\/www.sistemametra.com.br\/blog\/wp-content\/uploads\/2026\/04\/programa-saude-ocupacional-esocial.webp","contentUrl":"https:\/\/www.sistemametra.com.br\/blog\/wp-content\/uploads\/2026\/04\/programa-saude-ocupacional-esocial.webp","width":800,"height":800,"caption":"sobre sa\u00fade ocupacional com esocial | Blog Metra"},{"@type":"BreadcrumbList","@id":"https:\/\/www.sistemametra.com.br\/blog\/programa-saude-ocupacional-esocial\/#breadcrumb","itemListElement":[{"@type":"ListItem","position":1,"name":"In\u00edcio","item":"https:\/\/www.sistemametra.com.br\/blog\/"},{"@type":"ListItem","position":2,"name":"Programa de sa\u00fade ocupacional com esocial"}]},{"@type":"WebSite","@id":"https:\/\/www.sistemametra.com.br\/blog\/#website","url":"https:\/\/www.sistemametra.com.br\/blog\/","name":"Blog Metra","description":"Conte\u00fado pr\u00e1tico sobre Sa\u00fade e Seguran\u00e7a do Trabalho: normas, documentos e obriga\u00e7\u00f5es explicados de forma direta para profissionais e empresas.","publisher":{"@id":"https:\/\/www.sistemametra.com.br\/blog\/#organization"},"alternateName":"Sistema Metra","potentialAction":[{"@type":"SearchAction","target":{"@type":"EntryPoint","urlTemplate":"https:\/\/www.sistemametra.com.br\/blog\/?s={search_term_string}"},"query-input":{"@type":"PropertyValueSpecification","valueRequired":true,"valueName":"search_term_string"}}],"inLanguage":"pt-BR"},{"@type":"Organization","@id":"https:\/\/www.sistemametra.com.br\/blog\/#organization","name":"Sistema Metra","url":"https:\/\/www.sistemametra.com.br\/blog\/","logo":{"@type":"ImageObject","inLanguage":"pt-BR","@id":"https:\/\/www.sistemametra.com.br\/blog\/#\/schema\/logo\/image\/","url":"https:\/\/www.sistemametra.com.br\/blog\/wp-content\/uploads\/2026\/04\/blog-metra.webp","contentUrl":"https:\/\/www.sistemametra.com.br\/blog\/wp-content\/uploads\/2026\/04\/blog-metra.webp","width":800,"height":800,"caption":"Sistema Metra"},"image":{"@id":"https:\/\/www.sistemametra.com.br\/blog\/#\/schema\/logo\/image\/"},"sameAs":["https:\/\/www.facebook.com\/metraweb","https:\/\/www.linkedin.com\/company\/metra-web\/?viewAsMember=true","https:\/\/www.youtube.com\/@SistemaMetra"]},{"@type":"Person","@id":"https:\/\/www.sistemametra.com.br\/blog\/#\/schema\/person\/7c04d9110a7e64758ca9951890e56d82","name":"Anderson Fernandes","image":{"@type":"ImageObject","inLanguage":"pt-BR","@id":"https:\/\/secure.gravatar.com\/avatar\/fbe9c5fc3e57710af6aceaea09e3d466e4721a3069e8568b6c9655c7231c5b5e?s=96&d=mm&r=g","url":"https:\/\/secure.gravatar.com\/avatar\/fbe9c5fc3e57710af6aceaea09e3d466e4721a3069e8568b6c9655c7231c5b5e?s=96&d=mm&r=g","contentUrl":"https:\/\/secure.gravatar.com\/avatar\/fbe9c5fc3e57710af6aceaea09e3d466e4721a3069e8568b6c9655c7231c5b5e?s=96&d=mm&r=g","caption":"Anderson Fernandes"},"description":"Com forma\u00e7\u00e3o superior \u00e9 t\u00e9cnico em Seguran\u00e7a do Trabalho do Sistema Metra. H\u00e1 30 anos trabalhando ininterruptamente na \u00e1rea desde 2002. Formado ainda no Curso de Tecn\u00f3logo em Seguran\u00e7a do Trabalho e cursando Engenharia visando a p\u00f3s gradua\u00e7\u00e3o em Seguran\u00e7a do Trabalho. Atua ainda como int\u00e9rprete de LIBRAS e atualmente \u00e9 consultor de diversas empresas em ramos de atividade como: Minera\u00e7\u00e3o, Automobil\u00edstica, Manuten\u00e7\u00e3o El\u00e9trica de Grande Porte, Cer\u00e2mica, Refrat\u00e1rios, Sa\u00fade entre outros. \u00c9 propriet\u00e1rio da empresa Mais Sa\u00fade e Seguran\u00e7a do Trabalho e atende seus clientes de forma personalizada moldando a\u00e7\u00f5es conforme as caracter\u00edsticas de cliente.","sameAs":["https:\/\/www.sistemametra.com.br","https:\/\/www.instagram.com\/andfergom17121999"],"url":"https:\/\/www.sistemametra.com.br\/blog\/author\/anderson-fernandes\/"}]}},"_links":{"self":[{"href":"https:\/\/www.sistemametra.com.br\/blog\/wp-json\/wp\/v2\/posts\/498","targetHints":{"allow":["GET"]}}],"collection":[{"href":"https:\/\/www.sistemametra.com.br\/blog\/wp-json\/wp\/v2\/posts"}],"about":[{"href":"https:\/\/www.sistemametra.com.br\/blog\/wp-json\/wp\/v2\/types\/post"}],"author":[{"embeddable":true,"href":"https:\/\/www.sistemametra.com.br\/blog\/wp-json\/wp\/v2\/users\/3"}],"replies":[{"embeddable":true,"href":"https:\/\/www.sistemametra.com.br\/blog\/wp-json\/wp\/v2\/comments?post=498"}],"version-history":[{"count":1,"href":"https:\/\/www.sistemametra.com.br\/blog\/wp-json\/wp\/v2\/posts\/498\/revisions"}],"predecessor-version":[{"id":835,"href":"https:\/\/www.sistemametra.com.br\/blog\/wp-json\/wp\/v2\/posts\/498\/revisions\/835"}],"wp:featuredmedia":[{"embeddable":true,"href":"https:\/\/www.sistemametra.com.br\/blog\/wp-json\/wp\/v2\/media\/499"}],"wp:attachment":[{"href":"https:\/\/www.sistemametra.com.br\/blog\/wp-json\/wp\/v2\/media?parent=498"}],"wp:term":[{"taxonomy":"category","embeddable":true,"href":"https:\/\/www.sistemametra.com.br\/blog\/wp-json\/wp\/v2\/categories?post=498"},{"taxonomy":"post_tag","embeddable":true,"href":"https:\/\/www.sistemametra.com.br\/blog\/wp-json\/wp\/v2\/tags?post=498"}],"curies":[{"name":"wp","href":"https:\/\/api.w.org\/{rel}","templated":true}]}}