{"id":500,"date":"2026-02-02T00:00:00","date_gmt":"2026-02-02T03:00:00","guid":{"rendered":"https:\/\/www.sistemametra.com.br\/blog\/programa-seguranca-do-trabalho-saude-ocupacional\/"},"modified":"2026-04-28T16:51:22","modified_gmt":"2026-04-28T19:51:22","slug":"programa-seguranca-do-trabalho-saude-ocupacional","status":"publish","type":"post","link":"https:\/\/www.sistemametra.com.br\/blog\/programa-seguranca-do-trabalho-saude-ocupacional\/","title":{"rendered":"Programa de seguran\u00e7a do trabalho e sa\u00fade ocupacional"},"content":{"rendered":"<article>\n<p>Caro leitor, se voc\u00ea est\u00e1 buscando uma empresa que ofere\u00e7a um sistema completo de solu\u00e7\u00f5es para gest\u00e3o de SST e eSocial, n\u00e3o precisa procurar mais: a Sistema METRA \u00e9 a refer\u00eancia no mercado. Com anos de experi\u00eancia, a empresa est\u00e1 sempre buscando inovar e oferecer as melhores ferramentas para a gest\u00e3o de seguran\u00e7a do trabalho e sa\u00fade ocupacional.<\/p>\n<h2>O QUE \u00c9 UM PROGRAMA DE SEGURAN\u00c7A DO TRABALHO E SA\u00daDE OCUPACIONAL?<\/h2>\n<p>Antes de falarmos sobre o sistema da Sistema METRA, \u00e9 importante entendermos o que \u00e9 um <strong>programa de seguran\u00e7a do trabalho e sa\u00fade ocupacional<\/strong>. Trata-se de um conjunto de medidas e a\u00e7\u00f5es adotadas por uma empresa para garantir a seguran\u00e7a e sa\u00fade de seus colaboradores no ambiente de trabalho.<\/p>\n<p>Esse programa \u00e9 fundamental para manter um ambiente de trabalho seguro e saud\u00e1vel, prevenindo acidentes e doen\u00e7as ocupacionais. Al\u00e9m disso, tamb\u00e9m \u00e9 um requisito legal e obrigat\u00f3rio para empresas de todos os segmentos.<\/p>\n<h2>QUAL A IMPORT\u00c2NCIA DE UM SISTEMA PARA GEST\u00c3O DE SST E ESOCIAL?<\/h2>\n<p>Agora que j\u00e1 sabemos o que \u00e9 um <strong>programa de seguran\u00e7a do trabalho e sa\u00fade ocupacional<\/strong>, vamos entender a import\u00e2ncia de um sistema para gest\u00e3o dessas informa\u00e7\u00f5es. Com o eSocial, sistema do Governo Federal que unifica o envio de informa\u00e7\u00f5es trabalhistas, previdenci\u00e1rias e fiscais, tornou-se necess\u00e1rio o uso de uma ferramenta eficaz para gerenciar todas essas demandas.<\/p>\n<p>O sistema da Sistema METRA \u00e9 completo e oferece funcionalidades que facilitam a gest\u00e3o de SST e eSocial, como o controle de documentos, emiss\u00e3o de relat\u00f3rios, gest\u00e3o de afastamentos, entre outros. Com essa ferramenta, sua empresa consegue atender todas as exig\u00eancias legais e manter a documenta\u00e7\u00e3o sempre atualizada e organizada.<\/p>\n<h3>Quais as vantagens de contar com o sistema da Sistema METRA?<\/h3>\n<p>Agora que j\u00e1 conhecemos a import\u00e2ncia de um sistema para gest\u00e3o de SST e eSocial, vamos destacar as principais vantagens de contar com a Sistema METRA:<\/p>\n<p>Maior agilidade no envio de informa\u00e7\u00f5es ao eSocial;<\/p>\n<p>Melhor organiza\u00e7\u00e3o e controle dos documentos;<\/p>\n<p>Redu\u00e7\u00e3o de erros e retrabalho;<\/p>\n<p>Redu\u00e7\u00e3o de custos com processos trabalhistas;<\/p>\n<p>Maior seguran\u00e7a e conformidade com as leis trabalhistas e previdenci\u00e1rias.<\/p>\n<h2>RECOMENDA\u00c7\u00d5ES IMPORTANTES<\/h2>\n<p>Al\u00e9m de todas as funcionalidades oferecidas pelo sistema da Sistema METRA, \u00e9 importante ressaltar algumas recomenda\u00e7\u00f5es para garantir a efic\u00e1cia do <strong>programa de seguran\u00e7a do trabalho e sa\u00fade ocupacional<\/strong>:<\/p>\n<p>Elaborar um documento base para o programa, com miss\u00e3o, vis\u00e3o e valores da empresa;<\/p>\n<p>Realizar avalia\u00e7\u00f5es peri\u00f3dicas dos riscos presentes no ambiente de trabalho e implementar medidas de preven\u00e7\u00e3o;<\/p>\n<p>Criar um plano de emerg\u00eancia e capacitar os colaboradores para situa\u00e7\u00f5es de emerg\u00eancia;<\/p>\n<p>Promover a conscientiza\u00e7\u00e3o e a participa\u00e7\u00e3o dos colaboradores em rela\u00e7\u00e3o \u00e0 seguran\u00e7a e sa\u00fade no ambiente de trabalho.<\/p>\n<p>Agora que voc\u00ea j\u00e1 sabe a import\u00e2ncia de um <strong>programa de seguran\u00e7a do trabalho e sa\u00fade ocupacional<\/strong> e como o sistema da Sistema METRA pode ajudar a sua empresa, n\u00e3o perca mais tempo e fa\u00e7a sua cota\u00e7\u00e3o conosco. Oferecemos um atendimento especializado e um sistema completo para garantir a conformidade e o bem-estar dos seus colaboradores.<\/p>\n<h2>Para saber mais sobre Programa de seguran\u00e7a do trabalho e sa\u00fade ocupacional<\/h2>\n<p>Ligue para <strong>0800-707-5900 <\/strong>ou clique aqui e entre em contato por email.<\/p>\n<p>O conte\u00fado do texto desta p\u00e1gina \u00e9 de direito reservado. Sua reprodu\u00e7\u00e3o, parcial ou total, mesmo citando nossos links, \u00e9 proibida sem a autoriza\u00e7\u00e3o do autor. Crime de viola\u00e7\u00e3o de direito autoral \u2013 artigo 184 do C\u00f3digo Penal \u2013 Lei 9610\/98 &#8211; Lei de direitos autorais. <\/article>\n","protected":false},"excerpt":{"rendered":"<p>Caro leitor, se voc\u00ea est\u00e1 buscando uma empresa que ofere\u00e7a um sistema completo de solu\u00e7\u00f5es para gest\u00e3o de SST e eSocial, n\u00e3o precisa procurar mais: a Sistema METRA \u00e9 a refer\u00eancia no mercado. Com anos de experi\u00eancia, a empresa est\u00e1 sempre buscando inovar e oferecer as melhores ferramentas para a gest\u00e3o de seguran\u00e7a do trabalho [&hellip;]<\/p>\n","protected":false},"author":3,"featured_media":501,"comment_status":"open","ping_status":"open","sticky":false,"template":"","format":"standard","meta":{"footnotes":""},"categories":[8],"tags":[],"class_list":["post-500","post","type-post","status-publish","format-standard","has-post-thumbnail","hentry","category-saude-ocupacional"],"yoast_head":"<!-- This site is optimized with the Yoast SEO plugin v27.5 - https:\/\/yoast.com\/product\/yoast-seo-wordpress\/ -->\n<title>Programa de seguran\u00e7a do trabalho e sa\u00fade ocupacional | Sistema Metra<\/title>\n<meta name=\"robots\" content=\"index, follow, max-snippet:-1, max-image-preview:large, max-video-preview:-1\" \/>\n<link rel=\"canonical\" href=\"https:\/\/www.sistemametra.com.br\/blog\/programa-seguranca-do-trabalho-saude-ocupacional\/\" \/>\n<meta property=\"og:locale\" content=\"pt_BR\" \/>\n<meta property=\"og:type\" content=\"article\" \/>\n<meta property=\"og:title\" content=\"Programa de seguran\u00e7a do trabalho e sa\u00fade ocupacional | Sistema Metra\" \/>\n<meta property=\"og:description\" content=\"Caro leitor, se voc\u00ea est\u00e1 buscando uma empresa que ofere\u00e7a um sistema completo de solu\u00e7\u00f5es para gest\u00e3o de SST e eSocial, n\u00e3o precisa procurar mais: a Sistema METRA \u00e9 a refer\u00eancia no mercado. Com anos de experi\u00eancia, a empresa est\u00e1 sempre buscando inovar e oferecer as melhores ferramentas para a gest\u00e3o de seguran\u00e7a do trabalho [&hellip;]\" \/>\n<meta property=\"og:url\" content=\"https:\/\/www.sistemametra.com.br\/blog\/programa-seguranca-do-trabalho-saude-ocupacional\/\" \/>\n<meta property=\"og:site_name\" content=\"Blog Metra\" \/>\n<meta property=\"article:publisher\" content=\"https:\/\/www.facebook.com\/metraweb\" \/>\n<meta property=\"article:published_time\" content=\"2026-02-02T03:00:00+00:00\" \/>\n<meta property=\"article:modified_time\" content=\"2026-04-28T19:51:22+00:00\" \/>\n<meta property=\"og:image\" content=\"https:\/\/www.sistemametra.com.br\/blog\/wp-content\/uploads\/2026\/04\/programa-seguranca-do-trabalho-saude-ocupacional.webp\" \/>\n\t<meta property=\"og:image:width\" content=\"800\" \/>\n\t<meta property=\"og:image:height\" content=\"800\" \/>\n\t<meta property=\"og:image:type\" content=\"image\/jpeg\" \/>\n<meta name=\"author\" content=\"Anderson Fernandes\" \/>\n<meta name=\"twitter:card\" content=\"summary_large_image\" \/>\n<meta name=\"twitter:label1\" content=\"Escrito por\" \/>\n\t<meta name=\"twitter:data1\" content=\"Anderson Fernandes\" \/>\n\t<meta name=\"twitter:label2\" content=\"Est. tempo de leitura\" \/>\n\t<meta name=\"twitter:data2\" content=\"3 minutos\" \/>\n<script type=\"application\/ld+json\" class=\"yoast-schema-graph\">{\"@context\":\"https:\\\/\\\/schema.org\",\"@graph\":[{\"@type\":\"Article\",\"@id\":\"https:\\\/\\\/www.sistemametra.com.br\\\/blog\\\/programa-seguranca-do-trabalho-saude-ocupacional\\\/#article\",\"isPartOf\":{\"@id\":\"https:\\\/\\\/www.sistemametra.com.br\\\/blog\\\/programa-seguranca-do-trabalho-saude-ocupacional\\\/\"},\"author\":{\"name\":\"Anderson Fernandes\",\"@id\":\"https:\\\/\\\/www.sistemametra.com.br\\\/blog\\\/#\\\/schema\\\/person\\\/7c04d9110a7e64758ca9951890e56d82\"},\"headline\":\"Programa de seguran\u00e7a do trabalho e sa\u00fade ocupacional\",\"datePublished\":\"2026-02-02T03:00:00+00:00\",\"dateModified\":\"2026-04-28T19:51:22+00:00\",\"mainEntityOfPage\":{\"@id\":\"https:\\\/\\\/www.sistemametra.com.br\\\/blog\\\/programa-seguranca-do-trabalho-saude-ocupacional\\\/\"},\"wordCount\":633,\"commentCount\":0,\"publisher\":{\"@id\":\"https:\\\/\\\/www.sistemametra.com.br\\\/blog\\\/#organization\"},\"image\":{\"@id\":\"https:\\\/\\\/www.sistemametra.com.br\\\/blog\\\/programa-seguranca-do-trabalho-saude-ocupacional\\\/#primaryimage\"},\"thumbnailUrl\":\"https:\\\/\\\/www.sistemametra.com.br\\\/blog\\\/wp-content\\\/uploads\\\/2026\\\/04\\\/programa-seguranca-do-trabalho-saude-ocupacional.webp\",\"articleSection\":[\"Sa\u00fade Ocupacional\"],\"inLanguage\":\"pt-BR\",\"potentialAction\":[{\"@type\":\"CommentAction\",\"name\":\"Comment\",\"target\":[\"https:\\\/\\\/www.sistemametra.com.br\\\/blog\\\/programa-seguranca-do-trabalho-saude-ocupacional\\\/#respond\"]}]},{\"@type\":\"WebPage\",\"@id\":\"https:\\\/\\\/www.sistemametra.com.br\\\/blog\\\/programa-seguranca-do-trabalho-saude-ocupacional\\\/\",\"url\":\"https:\\\/\\\/www.sistemametra.com.br\\\/blog\\\/programa-seguranca-do-trabalho-saude-ocupacional\\\/\",\"name\":\"Programa de seguran\u00e7a do trabalho e sa\u00fade ocupacional | Sistema Metra\",\"isPartOf\":{\"@id\":\"https:\\\/\\\/www.sistemametra.com.br\\\/blog\\\/#website\"},\"primaryImageOfPage\":{\"@id\":\"https:\\\/\\\/www.sistemametra.com.br\\\/blog\\\/programa-seguranca-do-trabalho-saude-ocupacional\\\/#primaryimage\"},\"image\":{\"@id\":\"https:\\\/\\\/www.sistemametra.com.br\\\/blog\\\/programa-seguranca-do-trabalho-saude-ocupacional\\\/#primaryimage\"},\"thumbnailUrl\":\"https:\\\/\\\/www.sistemametra.com.br\\\/blog\\\/wp-content\\\/uploads\\\/2026\\\/04\\\/programa-seguranca-do-trabalho-saude-ocupacional.webp\",\"datePublished\":\"2026-02-02T03:00:00+00:00\",\"dateModified\":\"2026-04-28T19:51:22+00:00\",\"breadcrumb\":{\"@id\":\"https:\\\/\\\/www.sistemametra.com.br\\\/blog\\\/programa-seguranca-do-trabalho-saude-ocupacional\\\/#breadcrumb\"},\"inLanguage\":\"pt-BR\",\"potentialAction\":[{\"@type\":\"ReadAction\",\"target\":[\"https:\\\/\\\/www.sistemametra.com.br\\\/blog\\\/programa-seguranca-do-trabalho-saude-ocupacional\\\/\"]}]},{\"@type\":\"ImageObject\",\"inLanguage\":\"pt-BR\",\"@id\":\"https:\\\/\\\/www.sistemametra.com.br\\\/blog\\\/programa-seguranca-do-trabalho-saude-ocupacional\\\/#primaryimage\",\"url\":\"https:\\\/\\\/www.sistemametra.com.br\\\/blog\\\/wp-content\\\/uploads\\\/2026\\\/04\\\/programa-seguranca-do-trabalho-saude-ocupacional.webp\",\"contentUrl\":\"https:\\\/\\\/www.sistemametra.com.br\\\/blog\\\/wp-content\\\/uploads\\\/2026\\\/04\\\/programa-seguranca-do-trabalho-saude-ocupacional.webp\",\"width\":800,\"height\":800,\"caption\":\"sobre seguran\u00e7a do trabalho e sa\u00fade ocupacional | Blog Metra\"},{\"@type\":\"BreadcrumbList\",\"@id\":\"https:\\\/\\\/www.sistemametra.com.br\\\/blog\\\/programa-seguranca-do-trabalho-saude-ocupacional\\\/#breadcrumb\",\"itemListElement\":[{\"@type\":\"ListItem\",\"position\":1,\"name\":\"In\u00edcio\",\"item\":\"https:\\\/\\\/www.sistemametra.com.br\\\/blog\\\/\"},{\"@type\":\"ListItem\",\"position\":2,\"name\":\"Programa de seguran\u00e7a do trabalho e sa\u00fade ocupacional\"}]},{\"@type\":\"WebSite\",\"@id\":\"https:\\\/\\\/www.sistemametra.com.br\\\/blog\\\/#website\",\"url\":\"https:\\\/\\\/www.sistemametra.com.br\\\/blog\\\/\",\"name\":\"Blog Metra\",\"description\":\"Conte\u00fado pr\u00e1tico sobre Sa\u00fade e Seguran\u00e7a do Trabalho: normas, documentos e obriga\u00e7\u00f5es explicados de forma direta para profissionais e empresas.\",\"publisher\":{\"@id\":\"https:\\\/\\\/www.sistemametra.com.br\\\/blog\\\/#organization\"},\"alternateName\":\"Sistema Metra\",\"potentialAction\":[{\"@type\":\"SearchAction\",\"target\":{\"@type\":\"EntryPoint\",\"urlTemplate\":\"https:\\\/\\\/www.sistemametra.com.br\\\/blog\\\/?s={search_term_string}\"},\"query-input\":{\"@type\":\"PropertyValueSpecification\",\"valueRequired\":true,\"valueName\":\"search_term_string\"}}],\"inLanguage\":\"pt-BR\"},{\"@type\":\"Organization\",\"@id\":\"https:\\\/\\\/www.sistemametra.com.br\\\/blog\\\/#organization\",\"name\":\"Sistema Metra\",\"url\":\"https:\\\/\\\/www.sistemametra.com.br\\\/blog\\\/\",\"logo\":{\"@type\":\"ImageObject\",\"inLanguage\":\"pt-BR\",\"@id\":\"https:\\\/\\\/www.sistemametra.com.br\\\/blog\\\/#\\\/schema\\\/logo\\\/image\\\/\",\"url\":\"https:\\\/\\\/www.sistemametra.com.br\\\/blog\\\/wp-content\\\/uploads\\\/2026\\\/04\\\/blog-metra.webp\",\"contentUrl\":\"https:\\\/\\\/www.sistemametra.com.br\\\/blog\\\/wp-content\\\/uploads\\\/2026\\\/04\\\/blog-metra.webp\",\"width\":800,\"height\":800,\"caption\":\"Sistema Metra\"},\"image\":{\"@id\":\"https:\\\/\\\/www.sistemametra.com.br\\\/blog\\\/#\\\/schema\\\/logo\\\/image\\\/\"},\"sameAs\":[\"https:\\\/\\\/www.facebook.com\\\/metraweb\",\"https:\\\/\\\/www.linkedin.com\\\/company\\\/metra-web\\\/?viewAsMember=true\",\"https:\\\/\\\/www.youtube.com\\\/@SistemaMetra\"]},{\"@type\":\"Person\",\"@id\":\"https:\\\/\\\/www.sistemametra.com.br\\\/blog\\\/#\\\/schema\\\/person\\\/7c04d9110a7e64758ca9951890e56d82\",\"name\":\"Anderson Fernandes\",\"image\":{\"@type\":\"ImageObject\",\"inLanguage\":\"pt-BR\",\"@id\":\"https:\\\/\\\/secure.gravatar.com\\\/avatar\\\/fbe9c5fc3e57710af6aceaea09e3d466e4721a3069e8568b6c9655c7231c5b5e?s=96&d=mm&r=g\",\"url\":\"https:\\\/\\\/secure.gravatar.com\\\/avatar\\\/fbe9c5fc3e57710af6aceaea09e3d466e4721a3069e8568b6c9655c7231c5b5e?s=96&d=mm&r=g\",\"contentUrl\":\"https:\\\/\\\/secure.gravatar.com\\\/avatar\\\/fbe9c5fc3e57710af6aceaea09e3d466e4721a3069e8568b6c9655c7231c5b5e?s=96&d=mm&r=g\",\"caption\":\"Anderson Fernandes\"},\"description\":\"Com forma\u00e7\u00e3o superior \u00e9 t\u00e9cnico em Seguran\u00e7a do Trabalho do Sistema Metra. H\u00e1 30 anos trabalhando ininterruptamente na \u00e1rea desde 2002. Formado ainda no Curso de Tecn\u00f3logo em Seguran\u00e7a do Trabalho e cursando Engenharia visando a p\u00f3s gradua\u00e7\u00e3o em Seguran\u00e7a do Trabalho. Atua ainda como int\u00e9rprete de LIBRAS e atualmente \u00e9 consultor de diversas empresas em ramos de atividade como: Minera\u00e7\u00e3o, Automobil\u00edstica, Manuten\u00e7\u00e3o El\u00e9trica de Grande Porte, Cer\u00e2mica, Refrat\u00e1rios, Sa\u00fade entre outros. \u00c9 propriet\u00e1rio da empresa Mais Sa\u00fade e Seguran\u00e7a do Trabalho e atende seus clientes de forma personalizada moldando a\u00e7\u00f5es conforme as caracter\u00edsticas de cliente.\",\"sameAs\":[\"https:\\\/\\\/www.sistemametra.com.br\",\"https:\\\/\\\/www.instagram.com\\\/andfergom17121999\"],\"url\":\"https:\\\/\\\/www.sistemametra.com.br\\\/blog\\\/author\\\/anderson-fernandes\\\/\"}]}<\/script>\n<!-- \/ Yoast SEO plugin. -->","yoast_head_json":{"title":"Programa de seguran\u00e7a do trabalho e sa\u00fade ocupacional | Sistema Metra","robots":{"index":"index","follow":"follow","max-snippet":"max-snippet:-1","max-image-preview":"max-image-preview:large","max-video-preview":"max-video-preview:-1"},"canonical":"https:\/\/www.sistemametra.com.br\/blog\/programa-seguranca-do-trabalho-saude-ocupacional\/","og_locale":"pt_BR","og_type":"article","og_title":"Programa de seguran\u00e7a do trabalho e sa\u00fade ocupacional | Sistema Metra","og_description":"Caro leitor, se voc\u00ea est\u00e1 buscando uma empresa que ofere\u00e7a um sistema completo de solu\u00e7\u00f5es para gest\u00e3o de SST e eSocial, n\u00e3o precisa procurar mais: a Sistema METRA \u00e9 a refer\u00eancia no mercado. Com anos de experi\u00eancia, a empresa est\u00e1 sempre buscando inovar e oferecer as melhores ferramentas para a gest\u00e3o de seguran\u00e7a do trabalho [&hellip;]","og_url":"https:\/\/www.sistemametra.com.br\/blog\/programa-seguranca-do-trabalho-saude-ocupacional\/","og_site_name":"Blog Metra","article_publisher":"https:\/\/www.facebook.com\/metraweb","article_published_time":"2026-02-02T03:00:00+00:00","article_modified_time":"2026-04-28T19:51:22+00:00","og_image":[{"width":800,"height":800,"url":"https:\/\/www.sistemametra.com.br\/blog\/wp-content\/uploads\/2026\/04\/programa-seguranca-do-trabalho-saude-ocupacional.webp","type":"image\/jpeg"}],"author":"Anderson Fernandes","twitter_card":"summary_large_image","twitter_misc":{"Escrito por":"Anderson Fernandes","Est. tempo de leitura":"3 minutos"},"schema":{"@context":"https:\/\/schema.org","@graph":[{"@type":"Article","@id":"https:\/\/www.sistemametra.com.br\/blog\/programa-seguranca-do-trabalho-saude-ocupacional\/#article","isPartOf":{"@id":"https:\/\/www.sistemametra.com.br\/blog\/programa-seguranca-do-trabalho-saude-ocupacional\/"},"author":{"name":"Anderson Fernandes","@id":"https:\/\/www.sistemametra.com.br\/blog\/#\/schema\/person\/7c04d9110a7e64758ca9951890e56d82"},"headline":"Programa de seguran\u00e7a do trabalho e sa\u00fade ocupacional","datePublished":"2026-02-02T03:00:00+00:00","dateModified":"2026-04-28T19:51:22+00:00","mainEntityOfPage":{"@id":"https:\/\/www.sistemametra.com.br\/blog\/programa-seguranca-do-trabalho-saude-ocupacional\/"},"wordCount":633,"commentCount":0,"publisher":{"@id":"https:\/\/www.sistemametra.com.br\/blog\/#organization"},"image":{"@id":"https:\/\/www.sistemametra.com.br\/blog\/programa-seguranca-do-trabalho-saude-ocupacional\/#primaryimage"},"thumbnailUrl":"https:\/\/www.sistemametra.com.br\/blog\/wp-content\/uploads\/2026\/04\/programa-seguranca-do-trabalho-saude-ocupacional.webp","articleSection":["Sa\u00fade Ocupacional"],"inLanguage":"pt-BR","potentialAction":[{"@type":"CommentAction","name":"Comment","target":["https:\/\/www.sistemametra.com.br\/blog\/programa-seguranca-do-trabalho-saude-ocupacional\/#respond"]}]},{"@type":"WebPage","@id":"https:\/\/www.sistemametra.com.br\/blog\/programa-seguranca-do-trabalho-saude-ocupacional\/","url":"https:\/\/www.sistemametra.com.br\/blog\/programa-seguranca-do-trabalho-saude-ocupacional\/","name":"Programa de seguran\u00e7a do trabalho e sa\u00fade ocupacional | Sistema Metra","isPartOf":{"@id":"https:\/\/www.sistemametra.com.br\/blog\/#website"},"primaryImageOfPage":{"@id":"https:\/\/www.sistemametra.com.br\/blog\/programa-seguranca-do-trabalho-saude-ocupacional\/#primaryimage"},"image":{"@id":"https:\/\/www.sistemametra.com.br\/blog\/programa-seguranca-do-trabalho-saude-ocupacional\/#primaryimage"},"thumbnailUrl":"https:\/\/www.sistemametra.com.br\/blog\/wp-content\/uploads\/2026\/04\/programa-seguranca-do-trabalho-saude-ocupacional.webp","datePublished":"2026-02-02T03:00:00+00:00","dateModified":"2026-04-28T19:51:22+00:00","breadcrumb":{"@id":"https:\/\/www.sistemametra.com.br\/blog\/programa-seguranca-do-trabalho-saude-ocupacional\/#breadcrumb"},"inLanguage":"pt-BR","potentialAction":[{"@type":"ReadAction","target":["https:\/\/www.sistemametra.com.br\/blog\/programa-seguranca-do-trabalho-saude-ocupacional\/"]}]},{"@type":"ImageObject","inLanguage":"pt-BR","@id":"https:\/\/www.sistemametra.com.br\/blog\/programa-seguranca-do-trabalho-saude-ocupacional\/#primaryimage","url":"https:\/\/www.sistemametra.com.br\/blog\/wp-content\/uploads\/2026\/04\/programa-seguranca-do-trabalho-saude-ocupacional.webp","contentUrl":"https:\/\/www.sistemametra.com.br\/blog\/wp-content\/uploads\/2026\/04\/programa-seguranca-do-trabalho-saude-ocupacional.webp","width":800,"height":800,"caption":"sobre seguran\u00e7a do trabalho e sa\u00fade ocupacional | Blog Metra"},{"@type":"BreadcrumbList","@id":"https:\/\/www.sistemametra.com.br\/blog\/programa-seguranca-do-trabalho-saude-ocupacional\/#breadcrumb","itemListElement":[{"@type":"ListItem","position":1,"name":"In\u00edcio","item":"https:\/\/www.sistemametra.com.br\/blog\/"},{"@type":"ListItem","position":2,"name":"Programa de seguran\u00e7a do trabalho e sa\u00fade ocupacional"}]},{"@type":"WebSite","@id":"https:\/\/www.sistemametra.com.br\/blog\/#website","url":"https:\/\/www.sistemametra.com.br\/blog\/","name":"Blog Metra","description":"Conte\u00fado pr\u00e1tico sobre Sa\u00fade e Seguran\u00e7a do Trabalho: normas, documentos e obriga\u00e7\u00f5es explicados de forma direta para profissionais e empresas.","publisher":{"@id":"https:\/\/www.sistemametra.com.br\/blog\/#organization"},"alternateName":"Sistema Metra","potentialAction":[{"@type":"SearchAction","target":{"@type":"EntryPoint","urlTemplate":"https:\/\/www.sistemametra.com.br\/blog\/?s={search_term_string}"},"query-input":{"@type":"PropertyValueSpecification","valueRequired":true,"valueName":"search_term_string"}}],"inLanguage":"pt-BR"},{"@type":"Organization","@id":"https:\/\/www.sistemametra.com.br\/blog\/#organization","name":"Sistema Metra","url":"https:\/\/www.sistemametra.com.br\/blog\/","logo":{"@type":"ImageObject","inLanguage":"pt-BR","@id":"https:\/\/www.sistemametra.com.br\/blog\/#\/schema\/logo\/image\/","url":"https:\/\/www.sistemametra.com.br\/blog\/wp-content\/uploads\/2026\/04\/blog-metra.webp","contentUrl":"https:\/\/www.sistemametra.com.br\/blog\/wp-content\/uploads\/2026\/04\/blog-metra.webp","width":800,"height":800,"caption":"Sistema Metra"},"image":{"@id":"https:\/\/www.sistemametra.com.br\/blog\/#\/schema\/logo\/image\/"},"sameAs":["https:\/\/www.facebook.com\/metraweb","https:\/\/www.linkedin.com\/company\/metra-web\/?viewAsMember=true","https:\/\/www.youtube.com\/@SistemaMetra"]},{"@type":"Person","@id":"https:\/\/www.sistemametra.com.br\/blog\/#\/schema\/person\/7c04d9110a7e64758ca9951890e56d82","name":"Anderson Fernandes","image":{"@type":"ImageObject","inLanguage":"pt-BR","@id":"https:\/\/secure.gravatar.com\/avatar\/fbe9c5fc3e57710af6aceaea09e3d466e4721a3069e8568b6c9655c7231c5b5e?s=96&d=mm&r=g","url":"https:\/\/secure.gravatar.com\/avatar\/fbe9c5fc3e57710af6aceaea09e3d466e4721a3069e8568b6c9655c7231c5b5e?s=96&d=mm&r=g","contentUrl":"https:\/\/secure.gravatar.com\/avatar\/fbe9c5fc3e57710af6aceaea09e3d466e4721a3069e8568b6c9655c7231c5b5e?s=96&d=mm&r=g","caption":"Anderson Fernandes"},"description":"Com forma\u00e7\u00e3o superior \u00e9 t\u00e9cnico em Seguran\u00e7a do Trabalho do Sistema Metra. H\u00e1 30 anos trabalhando ininterruptamente na \u00e1rea desde 2002. Formado ainda no Curso de Tecn\u00f3logo em Seguran\u00e7a do Trabalho e cursando Engenharia visando a p\u00f3s gradua\u00e7\u00e3o em Seguran\u00e7a do Trabalho. Atua ainda como int\u00e9rprete de LIBRAS e atualmente \u00e9 consultor de diversas empresas em ramos de atividade como: Minera\u00e7\u00e3o, Automobil\u00edstica, Manuten\u00e7\u00e3o El\u00e9trica de Grande Porte, Cer\u00e2mica, Refrat\u00e1rios, Sa\u00fade entre outros. \u00c9 propriet\u00e1rio da empresa Mais Sa\u00fade e Seguran\u00e7a do Trabalho e atende seus clientes de forma personalizada moldando a\u00e7\u00f5es conforme as caracter\u00edsticas de cliente.","sameAs":["https:\/\/www.sistemametra.com.br","https:\/\/www.instagram.com\/andfergom17121999"],"url":"https:\/\/www.sistemametra.com.br\/blog\/author\/anderson-fernandes\/"}]}},"_links":{"self":[{"href":"https:\/\/www.sistemametra.com.br\/blog\/wp-json\/wp\/v2\/posts\/500","targetHints":{"allow":["GET"]}}],"collection":[{"href":"https:\/\/www.sistemametra.com.br\/blog\/wp-json\/wp\/v2\/posts"}],"about":[{"href":"https:\/\/www.sistemametra.com.br\/blog\/wp-json\/wp\/v2\/types\/post"}],"author":[{"embeddable":true,"href":"https:\/\/www.sistemametra.com.br\/blog\/wp-json\/wp\/v2\/users\/3"}],"replies":[{"embeddable":true,"href":"https:\/\/www.sistemametra.com.br\/blog\/wp-json\/wp\/v2\/comments?post=500"}],"version-history":[{"count":1,"href":"https:\/\/www.sistemametra.com.br\/blog\/wp-json\/wp\/v2\/posts\/500\/revisions"}],"predecessor-version":[{"id":834,"href":"https:\/\/www.sistemametra.com.br\/blog\/wp-json\/wp\/v2\/posts\/500\/revisions\/834"}],"wp:featuredmedia":[{"embeddable":true,"href":"https:\/\/www.sistemametra.com.br\/blog\/wp-json\/wp\/v2\/media\/501"}],"wp:attachment":[{"href":"https:\/\/www.sistemametra.com.br\/blog\/wp-json\/wp\/v2\/media?parent=500"}],"wp:term":[{"taxonomy":"category","embeddable":true,"href":"https:\/\/www.sistemametra.com.br\/blog\/wp-json\/wp\/v2\/categories?post=500"},{"taxonomy":"post_tag","embeddable":true,"href":"https:\/\/www.sistemametra.com.br\/blog\/wp-json\/wp\/v2\/tags?post=500"}],"curies":[{"name":"wp","href":"https:\/\/api.w.org\/{rel}","templated":true}]}}