{"id":502,"date":"2026-02-03T00:00:00","date_gmt":"2026-02-03T03:00:00","guid":{"rendered":"https:\/\/www.sistemametra.com.br\/blog\/programa-seguranca-saude-ocupacional\/"},"modified":"2026-04-28T16:51:22","modified_gmt":"2026-04-28T19:51:22","slug":"programa-seguranca-saude-ocupacional","status":"publish","type":"post","link":"https:\/\/www.sistemametra.com.br\/blog\/programa-seguranca-saude-ocupacional\/","title":{"rendered":"Programa de seguran\u00e7a e sa\u00fade ocupacional"},"content":{"rendered":"<article>\n<p>Se voc\u00ea \u00e9 um empres\u00e1rio ou gestor de uma empresa, sabe da import\u00e2ncia de estar em dia com as obriga\u00e7\u00f5es trabalhistas e garantir a sa\u00fade e seguran\u00e7a dos seus colaboradores. Por isso, para facilitar a sua vida, a empresa Sistema METRA oferece um <strong>programa de seguran\u00e7a e sa\u00fade ocupacional<\/strong>, com solu\u00e7\u00f5es para gest\u00e3o de SST e eSocial. Fa\u00e7a uma cota\u00e7\u00e3o conosco e veja como podemos ajudar a sua empresa a se manter em conformidade com as normas vigentes.<\/p>\n<h2>O QUE \u00c9 UM PROGRAMA DE SEGURAN\u00c7A E SA\u00daDE OCUPACIONAL?<\/h2>\n<p>O <strong>programa de seguran\u00e7a e sa\u00fade ocupacional<\/strong> \u00e9 um conjunto de medidas e a\u00e7\u00f5es que visam garantir a integridade f\u00edsica e psicol\u00f3gica dos trabalhadores de uma empresa, bem como prevenir acidentes e doen\u00e7as ocupacionais. Ele abrange atividades como avalia\u00e7\u00e3o de riscos, treinamentos, orienta\u00e7\u00f5es, entre outras.<\/p>\n<h2>VANTAGENS DE TER UM PROGRAMA DE SEGURAN\u00c7A E SA\u00daDE OCUPACIONAL<\/h2>\n<p>O principal benef\u00edcio de implementar um <strong>programa de seguran\u00e7a e sa\u00fade ocupacional<\/strong> \u00e9 a preserva\u00e7\u00e3o da sa\u00fade e bem-estar dos colaboradores da empresa. Al\u00e9m disso, tamb\u00e9m \u00e9 poss\u00edvel obter outros benef\u00edcios, como a redu\u00e7\u00e3o de custos com afastamentos e processos trabalhistas, melhoria do clima organizacional e aumento da produtividade.<\/p>\n<h2>FUNCIONALIDADE DO PROGRAMA DE SEGURAN\u00c7A E SA\u00daDE OCUPACIONAL<\/h2>\n<p>O <strong>programa de seguran\u00e7a e sa\u00fade ocupacional<\/strong> pode ser implementado de forma personalizada, de acordo com as necessidades e caracter\u00edsticas de cada empresa. Ele deve englobar todas as \u00e1reas da empresa, desde o setor administrativo at\u00e9 a produ\u00e7\u00e3o, e deve ser revisado e atualizado periodicamente.<\/p>\n<h2>APLICABILIDADE DO PROGRAMA DE SEGURAN\u00c7A E SA\u00daDE OCUPACIONAL<\/h2>\n<p>O <strong>programa de seguran\u00e7a e sa\u00fade ocupacional<\/strong> \u00e9 aplic\u00e1vel a todas as empresas, independentemente do seu porte ou segmento de atua\u00e7\u00e3o. Todas as empresas s\u00e3o obrigadas a garantir a sa\u00fade e seguran\u00e7a de seus colaboradores por meio de programas de preven\u00e7\u00e3o de acidentes e doen\u00e7as ocupacionais.<\/p>\n<h2>RECOMENDA\u00c7\u00d5ES PARA IMPLEMENTA\u00c7\u00c3O DE UM PROGRAMA DE SEGURAN\u00c7A E SA\u00daDE OCUPACIONAL<\/h2>\n<p>Para garantir a efic\u00e1cia do <strong>programa de seguran\u00e7a e sa\u00fade ocupacional<\/strong>, \u00e9 importante seguir algumas recomenda\u00e7\u00f5es, como realizar treinamentos peri\u00f3dicos para os funcion\u00e1rios, promover a conscientiza\u00e7\u00e3o e participa\u00e7\u00e3o de todos, manter atualizado o mapeamento de riscos e adotar medidas preventivas.<\/p>\n<p>\u00c9 importante ressaltar que a empresa Sistema METRA oferece solu\u00e7\u00f5es completas para gest\u00e3o de SST e eSocial, incluindo a elabora\u00e7\u00e3o e implementa\u00e7\u00e3o de programas de seguran\u00e7a e sa\u00fade ocupacional. Entre em contato conosco e saiba mais sobre como podemos te ajudar a manter a sua empresa em conformidade com as normas de seguran\u00e7a e sa\u00fade do trabalho.<\/p>\n<p>Com todas as informa\u00e7\u00f5es abordadas neste conte\u00fado, fica evidente a import\u00e2ncia de ter um <strong>programa de seguran\u00e7a e sa\u00fade ocupacional<\/strong> bem estruturado e atualizado para garantir a qualidade de vida dos colaboradores e o bom funcionamento da empresa. Fa\u00e7a a sua cota\u00e7\u00e3o conosco e conhe\u00e7a de perto as solu\u00e7\u00f5es oferecidas pela Sistema METRA. Estamos prontos para te ajudar.<\/p>\n<h2>Para saber mais sobre Programa de seguran\u00e7a e sa\u00fade ocupacional<\/h2>\n<p>Ligue para <strong>0800-707-5900 <\/strong>ou clique aqui e entre em contato por email.<\/p>\n<p>O conte\u00fado do texto desta p\u00e1gina \u00e9 de direito reservado. Sua reprodu\u00e7\u00e3o, parcial ou total, mesmo citando nossos links, \u00e9 proibida sem a autoriza\u00e7\u00e3o do autor. Crime de viola\u00e7\u00e3o de direito autoral \u2013 artigo 184 do C\u00f3digo Penal \u2013 Lei 9610\/98 &#8211; Lei de direitos autorais. <\/article>\n","protected":false},"excerpt":{"rendered":"<p>Se voc\u00ea \u00e9 um empres\u00e1rio ou gestor de uma empresa, sabe da import\u00e2ncia de estar em dia com as obriga\u00e7\u00f5es trabalhistas e garantir a sa\u00fade e seguran\u00e7a dos seus colaboradores. Por isso, para facilitar a sua vida, a empresa Sistema METRA oferece um programa de seguran\u00e7a e sa\u00fade ocupacional, com solu\u00e7\u00f5es para gest\u00e3o de SST [&hellip;]<\/p>\n","protected":false},"author":3,"featured_media":503,"comment_status":"open","ping_status":"open","sticky":false,"template":"","format":"standard","meta":{"footnotes":""},"categories":[8],"tags":[],"class_list":["post-502","post","type-post","status-publish","format-standard","has-post-thumbnail","hentry","category-saude-ocupacional"],"yoast_head":"<!-- This site is optimized with the Yoast SEO plugin v27.5 - https:\/\/yoast.com\/product\/yoast-seo-wordpress\/ -->\n<title>Programa de seguran\u00e7a e sa\u00fade ocupacional | Sistema Metra<\/title>\n<meta name=\"robots\" content=\"index, follow, max-snippet:-1, max-image-preview:large, max-video-preview:-1\" \/>\n<link rel=\"canonical\" href=\"https:\/\/www.sistemametra.com.br\/blog\/programa-seguranca-saude-ocupacional\/\" \/>\n<meta property=\"og:locale\" content=\"pt_BR\" \/>\n<meta property=\"og:type\" content=\"article\" \/>\n<meta property=\"og:title\" content=\"Programa de seguran\u00e7a e sa\u00fade ocupacional | Sistema Metra\" \/>\n<meta property=\"og:description\" content=\"Se voc\u00ea \u00e9 um empres\u00e1rio ou gestor de uma empresa, sabe da import\u00e2ncia de estar em dia com as obriga\u00e7\u00f5es trabalhistas e garantir a sa\u00fade e seguran\u00e7a dos seus colaboradores. Por isso, para facilitar a sua vida, a empresa Sistema METRA oferece um programa de seguran\u00e7a e sa\u00fade ocupacional, com solu\u00e7\u00f5es para gest\u00e3o de SST [&hellip;]\" \/>\n<meta property=\"og:url\" content=\"https:\/\/www.sistemametra.com.br\/blog\/programa-seguranca-saude-ocupacional\/\" \/>\n<meta property=\"og:site_name\" content=\"Blog Metra\" \/>\n<meta property=\"article:publisher\" content=\"https:\/\/www.facebook.com\/metraweb\" \/>\n<meta property=\"article:published_time\" content=\"2026-02-03T03:00:00+00:00\" \/>\n<meta property=\"article:modified_time\" content=\"2026-04-28T19:51:22+00:00\" \/>\n<meta property=\"og:image\" content=\"https:\/\/www.sistemametra.com.br\/blog\/wp-content\/uploads\/2026\/04\/programa-seguranca-saude-ocupacional.webp\" \/>\n\t<meta property=\"og:image:width\" content=\"800\" \/>\n\t<meta property=\"og:image:height\" content=\"800\" \/>\n\t<meta property=\"og:image:type\" content=\"image\/jpeg\" \/>\n<meta name=\"author\" content=\"Anderson Fernandes\" \/>\n<meta name=\"twitter:card\" content=\"summary_large_image\" \/>\n<meta name=\"twitter:label1\" content=\"Escrito por\" \/>\n\t<meta name=\"twitter:data1\" content=\"Anderson Fernandes\" \/>\n\t<meta name=\"twitter:label2\" content=\"Est. tempo de leitura\" \/>\n\t<meta name=\"twitter:data2\" content=\"3 minutos\" \/>\n<script type=\"application\/ld+json\" class=\"yoast-schema-graph\">{\"@context\":\"https:\\\/\\\/schema.org\",\"@graph\":[{\"@type\":\"Article\",\"@id\":\"https:\\\/\\\/www.sistemametra.com.br\\\/blog\\\/programa-seguranca-saude-ocupacional\\\/#article\",\"isPartOf\":{\"@id\":\"https:\\\/\\\/www.sistemametra.com.br\\\/blog\\\/programa-seguranca-saude-ocupacional\\\/\"},\"author\":{\"name\":\"Anderson Fernandes\",\"@id\":\"https:\\\/\\\/www.sistemametra.com.br\\\/blog\\\/#\\\/schema\\\/person\\\/7c04d9110a7e64758ca9951890e56d82\"},\"headline\":\"Programa de seguran\u00e7a e sa\u00fade ocupacional\",\"datePublished\":\"2026-02-03T03:00:00+00:00\",\"dateModified\":\"2026-04-28T19:51:22+00:00\",\"mainEntityOfPage\":{\"@id\":\"https:\\\/\\\/www.sistemametra.com.br\\\/blog\\\/programa-seguranca-saude-ocupacional\\\/\"},\"wordCount\":615,\"commentCount\":0,\"publisher\":{\"@id\":\"https:\\\/\\\/www.sistemametra.com.br\\\/blog\\\/#organization\"},\"image\":{\"@id\":\"https:\\\/\\\/www.sistemametra.com.br\\\/blog\\\/programa-seguranca-saude-ocupacional\\\/#primaryimage\"},\"thumbnailUrl\":\"https:\\\/\\\/www.sistemametra.com.br\\\/blog\\\/wp-content\\\/uploads\\\/2026\\\/04\\\/programa-seguranca-saude-ocupacional.webp\",\"articleSection\":[\"Sa\u00fade Ocupacional\"],\"inLanguage\":\"pt-BR\",\"potentialAction\":[{\"@type\":\"CommentAction\",\"name\":\"Comment\",\"target\":[\"https:\\\/\\\/www.sistemametra.com.br\\\/blog\\\/programa-seguranca-saude-ocupacional\\\/#respond\"]}]},{\"@type\":\"WebPage\",\"@id\":\"https:\\\/\\\/www.sistemametra.com.br\\\/blog\\\/programa-seguranca-saude-ocupacional\\\/\",\"url\":\"https:\\\/\\\/www.sistemametra.com.br\\\/blog\\\/programa-seguranca-saude-ocupacional\\\/\",\"name\":\"Programa de seguran\u00e7a e sa\u00fade ocupacional | Sistema Metra\",\"isPartOf\":{\"@id\":\"https:\\\/\\\/www.sistemametra.com.br\\\/blog\\\/#website\"},\"primaryImageOfPage\":{\"@id\":\"https:\\\/\\\/www.sistemametra.com.br\\\/blog\\\/programa-seguranca-saude-ocupacional\\\/#primaryimage\"},\"image\":{\"@id\":\"https:\\\/\\\/www.sistemametra.com.br\\\/blog\\\/programa-seguranca-saude-ocupacional\\\/#primaryimage\"},\"thumbnailUrl\":\"https:\\\/\\\/www.sistemametra.com.br\\\/blog\\\/wp-content\\\/uploads\\\/2026\\\/04\\\/programa-seguranca-saude-ocupacional.webp\",\"datePublished\":\"2026-02-03T03:00:00+00:00\",\"dateModified\":\"2026-04-28T19:51:22+00:00\",\"breadcrumb\":{\"@id\":\"https:\\\/\\\/www.sistemametra.com.br\\\/blog\\\/programa-seguranca-saude-ocupacional\\\/#breadcrumb\"},\"inLanguage\":\"pt-BR\",\"potentialAction\":[{\"@type\":\"ReadAction\",\"target\":[\"https:\\\/\\\/www.sistemametra.com.br\\\/blog\\\/programa-seguranca-saude-ocupacional\\\/\"]}]},{\"@type\":\"ImageObject\",\"inLanguage\":\"pt-BR\",\"@id\":\"https:\\\/\\\/www.sistemametra.com.br\\\/blog\\\/programa-seguranca-saude-ocupacional\\\/#primaryimage\",\"url\":\"https:\\\/\\\/www.sistemametra.com.br\\\/blog\\\/wp-content\\\/uploads\\\/2026\\\/04\\\/programa-seguranca-saude-ocupacional.webp\",\"contentUrl\":\"https:\\\/\\\/www.sistemametra.com.br\\\/blog\\\/wp-content\\\/uploads\\\/2026\\\/04\\\/programa-seguranca-saude-ocupacional.webp\",\"width\":800,\"height\":800,\"caption\":\"sobre seguran\u00e7a e sa\u00fade ocupacional | Blog Metra\"},{\"@type\":\"BreadcrumbList\",\"@id\":\"https:\\\/\\\/www.sistemametra.com.br\\\/blog\\\/programa-seguranca-saude-ocupacional\\\/#breadcrumb\",\"itemListElement\":[{\"@type\":\"ListItem\",\"position\":1,\"name\":\"In\u00edcio\",\"item\":\"https:\\\/\\\/www.sistemametra.com.br\\\/blog\\\/\"},{\"@type\":\"ListItem\",\"position\":2,\"name\":\"Programa de seguran\u00e7a e sa\u00fade ocupacional\"}]},{\"@type\":\"WebSite\",\"@id\":\"https:\\\/\\\/www.sistemametra.com.br\\\/blog\\\/#website\",\"url\":\"https:\\\/\\\/www.sistemametra.com.br\\\/blog\\\/\",\"name\":\"Blog Metra\",\"description\":\"Conte\u00fado pr\u00e1tico sobre Sa\u00fade e Seguran\u00e7a do Trabalho: normas, documentos e obriga\u00e7\u00f5es explicados de forma direta para profissionais e empresas.\",\"publisher\":{\"@id\":\"https:\\\/\\\/www.sistemametra.com.br\\\/blog\\\/#organization\"},\"alternateName\":\"Sistema Metra\",\"potentialAction\":[{\"@type\":\"SearchAction\",\"target\":{\"@type\":\"EntryPoint\",\"urlTemplate\":\"https:\\\/\\\/www.sistemametra.com.br\\\/blog\\\/?s={search_term_string}\"},\"query-input\":{\"@type\":\"PropertyValueSpecification\",\"valueRequired\":true,\"valueName\":\"search_term_string\"}}],\"inLanguage\":\"pt-BR\"},{\"@type\":\"Organization\",\"@id\":\"https:\\\/\\\/www.sistemametra.com.br\\\/blog\\\/#organization\",\"name\":\"Sistema Metra\",\"url\":\"https:\\\/\\\/www.sistemametra.com.br\\\/blog\\\/\",\"logo\":{\"@type\":\"ImageObject\",\"inLanguage\":\"pt-BR\",\"@id\":\"https:\\\/\\\/www.sistemametra.com.br\\\/blog\\\/#\\\/schema\\\/logo\\\/image\\\/\",\"url\":\"https:\\\/\\\/www.sistemametra.com.br\\\/blog\\\/wp-content\\\/uploads\\\/2026\\\/04\\\/blog-metra.webp\",\"contentUrl\":\"https:\\\/\\\/www.sistemametra.com.br\\\/blog\\\/wp-content\\\/uploads\\\/2026\\\/04\\\/blog-metra.webp\",\"width\":800,\"height\":800,\"caption\":\"Sistema Metra\"},\"image\":{\"@id\":\"https:\\\/\\\/www.sistemametra.com.br\\\/blog\\\/#\\\/schema\\\/logo\\\/image\\\/\"},\"sameAs\":[\"https:\\\/\\\/www.facebook.com\\\/metraweb\",\"https:\\\/\\\/www.linkedin.com\\\/company\\\/metra-web\\\/?viewAsMember=true\",\"https:\\\/\\\/www.youtube.com\\\/@SistemaMetra\"]},{\"@type\":\"Person\",\"@id\":\"https:\\\/\\\/www.sistemametra.com.br\\\/blog\\\/#\\\/schema\\\/person\\\/7c04d9110a7e64758ca9951890e56d82\",\"name\":\"Anderson Fernandes\",\"image\":{\"@type\":\"ImageObject\",\"inLanguage\":\"pt-BR\",\"@id\":\"https:\\\/\\\/secure.gravatar.com\\\/avatar\\\/fbe9c5fc3e57710af6aceaea09e3d466e4721a3069e8568b6c9655c7231c5b5e?s=96&d=mm&r=g\",\"url\":\"https:\\\/\\\/secure.gravatar.com\\\/avatar\\\/fbe9c5fc3e57710af6aceaea09e3d466e4721a3069e8568b6c9655c7231c5b5e?s=96&d=mm&r=g\",\"contentUrl\":\"https:\\\/\\\/secure.gravatar.com\\\/avatar\\\/fbe9c5fc3e57710af6aceaea09e3d466e4721a3069e8568b6c9655c7231c5b5e?s=96&d=mm&r=g\",\"caption\":\"Anderson Fernandes\"},\"description\":\"Com forma\u00e7\u00e3o superior \u00e9 t\u00e9cnico em Seguran\u00e7a do Trabalho do Sistema Metra. H\u00e1 30 anos trabalhando ininterruptamente na \u00e1rea desde 2002. Formado ainda no Curso de Tecn\u00f3logo em Seguran\u00e7a do Trabalho e cursando Engenharia visando a p\u00f3s gradua\u00e7\u00e3o em Seguran\u00e7a do Trabalho. Atua ainda como int\u00e9rprete de LIBRAS e atualmente \u00e9 consultor de diversas empresas em ramos de atividade como: Minera\u00e7\u00e3o, Automobil\u00edstica, Manuten\u00e7\u00e3o El\u00e9trica de Grande Porte, Cer\u00e2mica, Refrat\u00e1rios, Sa\u00fade entre outros. \u00c9 propriet\u00e1rio da empresa Mais Sa\u00fade e Seguran\u00e7a do Trabalho e atende seus clientes de forma personalizada moldando a\u00e7\u00f5es conforme as caracter\u00edsticas de cliente.\",\"sameAs\":[\"https:\\\/\\\/www.sistemametra.com.br\",\"https:\\\/\\\/www.instagram.com\\\/andfergom17121999\"],\"url\":\"https:\\\/\\\/www.sistemametra.com.br\\\/blog\\\/author\\\/anderson-fernandes\\\/\"}]}<\/script>\n<!-- \/ Yoast SEO plugin. -->","yoast_head_json":{"title":"Programa de seguran\u00e7a e sa\u00fade ocupacional | Sistema Metra","robots":{"index":"index","follow":"follow","max-snippet":"max-snippet:-1","max-image-preview":"max-image-preview:large","max-video-preview":"max-video-preview:-1"},"canonical":"https:\/\/www.sistemametra.com.br\/blog\/programa-seguranca-saude-ocupacional\/","og_locale":"pt_BR","og_type":"article","og_title":"Programa de seguran\u00e7a e sa\u00fade ocupacional | Sistema Metra","og_description":"Se voc\u00ea \u00e9 um empres\u00e1rio ou gestor de uma empresa, sabe da import\u00e2ncia de estar em dia com as obriga\u00e7\u00f5es trabalhistas e garantir a sa\u00fade e seguran\u00e7a dos seus colaboradores. Por isso, para facilitar a sua vida, a empresa Sistema METRA oferece um programa de seguran\u00e7a e sa\u00fade ocupacional, com solu\u00e7\u00f5es para gest\u00e3o de SST [&hellip;]","og_url":"https:\/\/www.sistemametra.com.br\/blog\/programa-seguranca-saude-ocupacional\/","og_site_name":"Blog Metra","article_publisher":"https:\/\/www.facebook.com\/metraweb","article_published_time":"2026-02-03T03:00:00+00:00","article_modified_time":"2026-04-28T19:51:22+00:00","og_image":[{"width":800,"height":800,"url":"https:\/\/www.sistemametra.com.br\/blog\/wp-content\/uploads\/2026\/04\/programa-seguranca-saude-ocupacional.webp","type":"image\/jpeg"}],"author":"Anderson Fernandes","twitter_card":"summary_large_image","twitter_misc":{"Escrito por":"Anderson Fernandes","Est. tempo de leitura":"3 minutos"},"schema":{"@context":"https:\/\/schema.org","@graph":[{"@type":"Article","@id":"https:\/\/www.sistemametra.com.br\/blog\/programa-seguranca-saude-ocupacional\/#article","isPartOf":{"@id":"https:\/\/www.sistemametra.com.br\/blog\/programa-seguranca-saude-ocupacional\/"},"author":{"name":"Anderson Fernandes","@id":"https:\/\/www.sistemametra.com.br\/blog\/#\/schema\/person\/7c04d9110a7e64758ca9951890e56d82"},"headline":"Programa de seguran\u00e7a e sa\u00fade ocupacional","datePublished":"2026-02-03T03:00:00+00:00","dateModified":"2026-04-28T19:51:22+00:00","mainEntityOfPage":{"@id":"https:\/\/www.sistemametra.com.br\/blog\/programa-seguranca-saude-ocupacional\/"},"wordCount":615,"commentCount":0,"publisher":{"@id":"https:\/\/www.sistemametra.com.br\/blog\/#organization"},"image":{"@id":"https:\/\/www.sistemametra.com.br\/blog\/programa-seguranca-saude-ocupacional\/#primaryimage"},"thumbnailUrl":"https:\/\/www.sistemametra.com.br\/blog\/wp-content\/uploads\/2026\/04\/programa-seguranca-saude-ocupacional.webp","articleSection":["Sa\u00fade Ocupacional"],"inLanguage":"pt-BR","potentialAction":[{"@type":"CommentAction","name":"Comment","target":["https:\/\/www.sistemametra.com.br\/blog\/programa-seguranca-saude-ocupacional\/#respond"]}]},{"@type":"WebPage","@id":"https:\/\/www.sistemametra.com.br\/blog\/programa-seguranca-saude-ocupacional\/","url":"https:\/\/www.sistemametra.com.br\/blog\/programa-seguranca-saude-ocupacional\/","name":"Programa de seguran\u00e7a e sa\u00fade ocupacional | Sistema Metra","isPartOf":{"@id":"https:\/\/www.sistemametra.com.br\/blog\/#website"},"primaryImageOfPage":{"@id":"https:\/\/www.sistemametra.com.br\/blog\/programa-seguranca-saude-ocupacional\/#primaryimage"},"image":{"@id":"https:\/\/www.sistemametra.com.br\/blog\/programa-seguranca-saude-ocupacional\/#primaryimage"},"thumbnailUrl":"https:\/\/www.sistemametra.com.br\/blog\/wp-content\/uploads\/2026\/04\/programa-seguranca-saude-ocupacional.webp","datePublished":"2026-02-03T03:00:00+00:00","dateModified":"2026-04-28T19:51:22+00:00","breadcrumb":{"@id":"https:\/\/www.sistemametra.com.br\/blog\/programa-seguranca-saude-ocupacional\/#breadcrumb"},"inLanguage":"pt-BR","potentialAction":[{"@type":"ReadAction","target":["https:\/\/www.sistemametra.com.br\/blog\/programa-seguranca-saude-ocupacional\/"]}]},{"@type":"ImageObject","inLanguage":"pt-BR","@id":"https:\/\/www.sistemametra.com.br\/blog\/programa-seguranca-saude-ocupacional\/#primaryimage","url":"https:\/\/www.sistemametra.com.br\/blog\/wp-content\/uploads\/2026\/04\/programa-seguranca-saude-ocupacional.webp","contentUrl":"https:\/\/www.sistemametra.com.br\/blog\/wp-content\/uploads\/2026\/04\/programa-seguranca-saude-ocupacional.webp","width":800,"height":800,"caption":"sobre seguran\u00e7a e sa\u00fade ocupacional | Blog Metra"},{"@type":"BreadcrumbList","@id":"https:\/\/www.sistemametra.com.br\/blog\/programa-seguranca-saude-ocupacional\/#breadcrumb","itemListElement":[{"@type":"ListItem","position":1,"name":"In\u00edcio","item":"https:\/\/www.sistemametra.com.br\/blog\/"},{"@type":"ListItem","position":2,"name":"Programa de seguran\u00e7a e sa\u00fade ocupacional"}]},{"@type":"WebSite","@id":"https:\/\/www.sistemametra.com.br\/blog\/#website","url":"https:\/\/www.sistemametra.com.br\/blog\/","name":"Blog Metra","description":"Conte\u00fado pr\u00e1tico sobre Sa\u00fade e Seguran\u00e7a do Trabalho: normas, documentos e obriga\u00e7\u00f5es explicados de forma direta para profissionais e empresas.","publisher":{"@id":"https:\/\/www.sistemametra.com.br\/blog\/#organization"},"alternateName":"Sistema Metra","potentialAction":[{"@type":"SearchAction","target":{"@type":"EntryPoint","urlTemplate":"https:\/\/www.sistemametra.com.br\/blog\/?s={search_term_string}"},"query-input":{"@type":"PropertyValueSpecification","valueRequired":true,"valueName":"search_term_string"}}],"inLanguage":"pt-BR"},{"@type":"Organization","@id":"https:\/\/www.sistemametra.com.br\/blog\/#organization","name":"Sistema Metra","url":"https:\/\/www.sistemametra.com.br\/blog\/","logo":{"@type":"ImageObject","inLanguage":"pt-BR","@id":"https:\/\/www.sistemametra.com.br\/blog\/#\/schema\/logo\/image\/","url":"https:\/\/www.sistemametra.com.br\/blog\/wp-content\/uploads\/2026\/04\/blog-metra.webp","contentUrl":"https:\/\/www.sistemametra.com.br\/blog\/wp-content\/uploads\/2026\/04\/blog-metra.webp","width":800,"height":800,"caption":"Sistema Metra"},"image":{"@id":"https:\/\/www.sistemametra.com.br\/blog\/#\/schema\/logo\/image\/"},"sameAs":["https:\/\/www.facebook.com\/metraweb","https:\/\/www.linkedin.com\/company\/metra-web\/?viewAsMember=true","https:\/\/www.youtube.com\/@SistemaMetra"]},{"@type":"Person","@id":"https:\/\/www.sistemametra.com.br\/blog\/#\/schema\/person\/7c04d9110a7e64758ca9951890e56d82","name":"Anderson Fernandes","image":{"@type":"ImageObject","inLanguage":"pt-BR","@id":"https:\/\/secure.gravatar.com\/avatar\/fbe9c5fc3e57710af6aceaea09e3d466e4721a3069e8568b6c9655c7231c5b5e?s=96&d=mm&r=g","url":"https:\/\/secure.gravatar.com\/avatar\/fbe9c5fc3e57710af6aceaea09e3d466e4721a3069e8568b6c9655c7231c5b5e?s=96&d=mm&r=g","contentUrl":"https:\/\/secure.gravatar.com\/avatar\/fbe9c5fc3e57710af6aceaea09e3d466e4721a3069e8568b6c9655c7231c5b5e?s=96&d=mm&r=g","caption":"Anderson Fernandes"},"description":"Com forma\u00e7\u00e3o superior \u00e9 t\u00e9cnico em Seguran\u00e7a do Trabalho do Sistema Metra. H\u00e1 30 anos trabalhando ininterruptamente na \u00e1rea desde 2002. Formado ainda no Curso de Tecn\u00f3logo em Seguran\u00e7a do Trabalho e cursando Engenharia visando a p\u00f3s gradua\u00e7\u00e3o em Seguran\u00e7a do Trabalho. Atua ainda como int\u00e9rprete de LIBRAS e atualmente \u00e9 consultor de diversas empresas em ramos de atividade como: Minera\u00e7\u00e3o, Automobil\u00edstica, Manuten\u00e7\u00e3o El\u00e9trica de Grande Porte, Cer\u00e2mica, Refrat\u00e1rios, Sa\u00fade entre outros. \u00c9 propriet\u00e1rio da empresa Mais Sa\u00fade e Seguran\u00e7a do Trabalho e atende seus clientes de forma personalizada moldando a\u00e7\u00f5es conforme as caracter\u00edsticas de cliente.","sameAs":["https:\/\/www.sistemametra.com.br","https:\/\/www.instagram.com\/andfergom17121999"],"url":"https:\/\/www.sistemametra.com.br\/blog\/author\/anderson-fernandes\/"}]}},"_links":{"self":[{"href":"https:\/\/www.sistemametra.com.br\/blog\/wp-json\/wp\/v2\/posts\/502","targetHints":{"allow":["GET"]}}],"collection":[{"href":"https:\/\/www.sistemametra.com.br\/blog\/wp-json\/wp\/v2\/posts"}],"about":[{"href":"https:\/\/www.sistemametra.com.br\/blog\/wp-json\/wp\/v2\/types\/post"}],"author":[{"embeddable":true,"href":"https:\/\/www.sistemametra.com.br\/blog\/wp-json\/wp\/v2\/users\/3"}],"replies":[{"embeddable":true,"href":"https:\/\/www.sistemametra.com.br\/blog\/wp-json\/wp\/v2\/comments?post=502"}],"version-history":[{"count":1,"href":"https:\/\/www.sistemametra.com.br\/blog\/wp-json\/wp\/v2\/posts\/502\/revisions"}],"predecessor-version":[{"id":833,"href":"https:\/\/www.sistemametra.com.br\/blog\/wp-json\/wp\/v2\/posts\/502\/revisions\/833"}],"wp:featuredmedia":[{"embeddable":true,"href":"https:\/\/www.sistemametra.com.br\/blog\/wp-json\/wp\/v2\/media\/503"}],"wp:attachment":[{"href":"https:\/\/www.sistemametra.com.br\/blog\/wp-json\/wp\/v2\/media?parent=502"}],"wp:term":[{"taxonomy":"category","embeddable":true,"href":"https:\/\/www.sistemametra.com.br\/blog\/wp-json\/wp\/v2\/categories?post=502"},{"taxonomy":"post_tag","embeddable":true,"href":"https:\/\/www.sistemametra.com.br\/blog\/wp-json\/wp\/v2\/tags?post=502"}],"curies":[{"name":"wp","href":"https:\/\/api.w.org\/{rel}","templated":true}]}}