{"id":508,"date":"2026-02-06T00:00:00","date_gmt":"2026-02-06T03:00:00","guid":{"rendered":"https:\/\/www.sistemametra.com.br\/blog\/programa-envio-do-esocial-sst\/"},"modified":"2026-04-28T16:51:21","modified_gmt":"2026-04-28T19:51:21","slug":"programa-envio-do-esocial-sst","status":"publish","type":"post","link":"https:\/\/www.sistemametra.com.br\/blog\/programa-envio-do-esocial-sst\/","title":{"rendered":"Programa para envio do esocial sst"},"content":{"rendered":"<article>\n<p>Procurando um programa de envio do eSocial SST para a sua empresa? A Sistema METRA tem as melhores solu\u00e7\u00f5es para a gest\u00e3o de SST e eSocial! Fa\u00e7a uma cota\u00e7\u00e3o agora mesmo e descubra como podemos ajud\u00e1-lo a simplificar e otimizar esse processo t\u00e3o importante para sua empresa. N\u00e3o perca mais tempo, entre em contato conosco e conhe\u00e7a nossas solu\u00e7\u00f5es!<\/p>\n<h2>ENTENDA O QUE \u00c9 O PROGRAMA PARA ENVIO DO ESOCIAL SST<\/h2>\n<p>O eSocial SST \u00e9 um projeto do governo federal que tem como objetivo unificar todas as informa\u00e7\u00f5es trabalhistas, fiscais e previdenci\u00e1rias das empresas em uma \u00fanica plataforma digital. Essas informa\u00e7\u00f5es devem ser enviadas periodicamente, de forma eletr\u00f4nica, garantindo maior transpar\u00eancia e agilidade no processo. O <strong>programa para envio do esocial sst<\/strong> \u00e9 uma ferramenta que permite \u00e0s empresas enviar esses dados de forma r\u00e1pida e segura, garantindo o cumprimento de todas as obriga\u00e7\u00f5es legais relacionadas \u00e0 sa\u00fade e seguran\u00e7a do trabalho.<\/p>\n<h2>CONHE\u00c7A AS VANTAGENS DE UTILIZAR UM PROGRAMA PARA ENVIO DO ESOCIAL SST<\/h2>\n<p>O uso de um programa especializado para envio do eSocial SST traz diversas vantagens para a empresa, como:<\/p>\n<p>Maior precis\u00e3o e confiabilidade das informa\u00e7\u00f5es enviadas;<\/p>\n<p>Agilidade no processo de envio das informa\u00e7\u00f5es;<\/p>\n<p>Redu\u00e7\u00e3o de erros e retrabalhos;<\/p>\n<p>Facilidade na consulta e acompanhamento das informa\u00e7\u00f5es enviadas;<\/p>\n<p>Simplifica\u00e7\u00e3o do cumprimento das obriga\u00e7\u00f5es legais;<\/p>\n<p>Menor risco de penaliza\u00e7\u00f5es por descumprimento das normas;<\/p>\n<p>Melhor organiza\u00e7\u00e3o e gest\u00e3o dos dados relacionados \u00e0 sa\u00fade e seguran\u00e7a do trabalho.<\/p>\n<h2>FUNCIONALIDADES DO PROGRAMA PARA ENVIO DO ESOCIAL SST<\/h2>\n<p>O <strong>programa para envio do esocial sst<\/strong> oferecido pela Sistema METRA possui diversas funcionalidades para facilitar a gest\u00e3o de SST e o envio das informa\u00e7\u00f5es ao eSocial. Entre elas, podemos destacar:<\/p>\n<p>Integra\u00e7\u00e3o com sistemas de folha de pagamento, facilitando o envio das informa\u00e7\u00f5es trabalhistas e previdenci\u00e1rias;<\/p>\n<p>Armazenamento seguro de todos os dados enviados, garantindo a conformidade com as normas de prote\u00e7\u00e3o de dados;<\/p>\n<p>Alertas e lembretes sobre prazos e obriga\u00e7\u00f5es legais a serem cumpridos;<\/p>\n<p>Relat\u00f3rios completos e personaliz\u00e1veis para acompanhamento das informa\u00e7\u00f5es enviadas e gest\u00e3o da sa\u00fade e seguran\u00e7a do trabalho na empresa.<\/p>\n<h2>RECOMENDA\u00c7\u00d5ES PARA ESCOLHER O MELHOR PROGRAMA PARA ENVIO DO ESOCIAL SST<\/h2>\n<p>Ao escolher um <strong>programa para envio do esocial sst<\/strong>, \u00e9 importante considerar algumas recomenda\u00e7\u00f5es para garantir a efici\u00eancia e qualidade do servi\u00e7o oferecido:<\/p>\n<p>Verifique a reputa\u00e7\u00e3o da empresa fornecedora do programa e sua experi\u00eancia no mercado;<\/p>\n<p>Certifique-se de que o programa atende \u00e0s exig\u00eancias do eSocial e est\u00e1 atualizado com eventuais mudan\u00e7as nas normas e obriga\u00e7\u00f5es legais;<\/p>\n<p>Analise a interface e funcionalidades do programa, optando por aquele que melhor se encaixe nas necessidades da sua empresa;<\/p>\n<p>Procure por programas que ofere\u00e7am suporte t\u00e9cnico e treinamento para os usu\u00e1rios;<\/p>\n<p>Considere a rela\u00e7\u00e3o custo-benef\u00edcio do programa em compara\u00e7\u00e3o com outras op\u00e7\u00f5es dispon\u00edveis no mercado.<\/p>\n<p>N\u00e3o perca mais tempo e conte com a Sistema METRA para simplificar e otimizar o envio do eSocial SST em sua empresa. Entre em contato conosco agora mesmo e solicite uma cota\u00e7\u00e3o. Nossos especialistas est\u00e3o prontos para atend\u00ea-lo e oferecer a melhor solu\u00e7\u00e3o para a gest\u00e3o de SST e eSocial!<\/p>\n<h2>Para saber mais sobre Programa para envio do esocial sst<\/h2>\n<p>Ligue para <strong>0800-707-5900 <\/strong>ou clique aqui e entre em contato por email.<\/p>\n<p>O conte\u00fado do texto desta p\u00e1gina \u00e9 de direito reservado. Sua reprodu\u00e7\u00e3o, parcial ou total, mesmo citando nossos links, \u00e9 proibida sem a autoriza\u00e7\u00e3o do autor. Crime de viola\u00e7\u00e3o de direito autoral \u2013 artigo 184 do C\u00f3digo Penal \u2013 Lei 9610\/98 &#8211; Lei de direitos autorais. <\/article>\n","protected":false},"excerpt":{"rendered":"<p>Procurando um programa de envio do eSocial SST para a sua empresa? A Sistema METRA tem as melhores solu\u00e7\u00f5es para a gest\u00e3o de SST e eSocial! Fa\u00e7a uma cota\u00e7\u00e3o agora mesmo e descubra como podemos ajud\u00e1-lo a simplificar e otimizar esse processo t\u00e3o importante para sua empresa. N\u00e3o perca mais tempo, entre em contato conosco [&hellip;]<\/p>\n","protected":false},"author":3,"featured_media":509,"comment_status":"open","ping_status":"open","sticky":false,"template":"","format":"standard","meta":{"footnotes":""},"categories":[5,48],"tags":[],"class_list":["post-508","post","type-post","status-publish","format-standard","has-post-thumbnail","hentry","category-esocial","category-eventos-do-esocial"],"yoast_head":"<!-- This site is optimized with the Yoast SEO plugin v27.5 - https:\/\/yoast.com\/product\/yoast-seo-wordpress\/ -->\n<title>Programa para envio do esocial sst | Sistema Metra<\/title>\n<meta name=\"robots\" content=\"index, follow, max-snippet:-1, max-image-preview:large, max-video-preview:-1\" \/>\n<link rel=\"canonical\" href=\"https:\/\/www.sistemametra.com.br\/blog\/programa-envio-do-esocial-sst\/\" \/>\n<meta property=\"og:locale\" content=\"pt_BR\" \/>\n<meta property=\"og:type\" content=\"article\" \/>\n<meta property=\"og:title\" content=\"Programa para envio do esocial sst | Sistema Metra\" \/>\n<meta property=\"og:description\" content=\"Procurando um programa de envio do eSocial SST para a sua empresa? A Sistema METRA tem as melhores solu\u00e7\u00f5es para a gest\u00e3o de SST e eSocial! Fa\u00e7a uma cota\u00e7\u00e3o agora mesmo e descubra como podemos ajud\u00e1-lo a simplificar e otimizar esse processo t\u00e3o importante para sua empresa. N\u00e3o perca mais tempo, entre em contato conosco [&hellip;]\" \/>\n<meta property=\"og:url\" content=\"https:\/\/www.sistemametra.com.br\/blog\/programa-envio-do-esocial-sst\/\" \/>\n<meta property=\"og:site_name\" content=\"Blog Metra\" \/>\n<meta property=\"article:publisher\" content=\"https:\/\/www.facebook.com\/metraweb\" \/>\n<meta property=\"article:published_time\" content=\"2026-02-06T03:00:00+00:00\" \/>\n<meta property=\"article:modified_time\" content=\"2026-04-28T19:51:21+00:00\" \/>\n<meta property=\"og:image\" content=\"https:\/\/www.sistemametra.com.br\/blog\/wp-content\/uploads\/2026\/04\/programa-envio-do-esocial-sst.webp\" \/>\n\t<meta property=\"og:image:width\" content=\"800\" \/>\n\t<meta property=\"og:image:height\" content=\"800\" \/>\n\t<meta property=\"og:image:type\" content=\"image\/jpeg\" \/>\n<meta name=\"author\" content=\"Anderson Fernandes\" \/>\n<meta name=\"twitter:card\" content=\"summary_large_image\" \/>\n<meta name=\"twitter:label1\" content=\"Escrito por\" \/>\n\t<meta name=\"twitter:data1\" content=\"Anderson Fernandes\" \/>\n\t<meta name=\"twitter:label2\" content=\"Est. tempo de leitura\" \/>\n\t<meta name=\"twitter:data2\" content=\"3 minutos\" \/>\n<script type=\"application\/ld+json\" class=\"yoast-schema-graph\">{\"@context\":\"https:\\\/\\\/schema.org\",\"@graph\":[{\"@type\":\"Article\",\"@id\":\"https:\\\/\\\/www.sistemametra.com.br\\\/blog\\\/programa-envio-do-esocial-sst\\\/#article\",\"isPartOf\":{\"@id\":\"https:\\\/\\\/www.sistemametra.com.br\\\/blog\\\/programa-envio-do-esocial-sst\\\/\"},\"author\":{\"name\":\"Anderson Fernandes\",\"@id\":\"https:\\\/\\\/www.sistemametra.com.br\\\/blog\\\/#\\\/schema\\\/person\\\/7c04d9110a7e64758ca9951890e56d82\"},\"headline\":\"Programa para envio do esocial sst\",\"datePublished\":\"2026-02-06T03:00:00+00:00\",\"dateModified\":\"2026-04-28T19:51:21+00:00\",\"mainEntityOfPage\":{\"@id\":\"https:\\\/\\\/www.sistemametra.com.br\\\/blog\\\/programa-envio-do-esocial-sst\\\/\"},\"wordCount\":635,\"commentCount\":0,\"publisher\":{\"@id\":\"https:\\\/\\\/www.sistemametra.com.br\\\/blog\\\/#organization\"},\"image\":{\"@id\":\"https:\\\/\\\/www.sistemametra.com.br\\\/blog\\\/programa-envio-do-esocial-sst\\\/#primaryimage\"},\"thumbnailUrl\":\"https:\\\/\\\/www.sistemametra.com.br\\\/blog\\\/wp-content\\\/uploads\\\/2026\\\/04\\\/programa-envio-do-esocial-sst.webp\",\"articleSection\":[\"eSocial\",\"Eventos do eSocial\"],\"inLanguage\":\"pt-BR\",\"potentialAction\":[{\"@type\":\"CommentAction\",\"name\":\"Comment\",\"target\":[\"https:\\\/\\\/www.sistemametra.com.br\\\/blog\\\/programa-envio-do-esocial-sst\\\/#respond\"]}]},{\"@type\":\"WebPage\",\"@id\":\"https:\\\/\\\/www.sistemametra.com.br\\\/blog\\\/programa-envio-do-esocial-sst\\\/\",\"url\":\"https:\\\/\\\/www.sistemametra.com.br\\\/blog\\\/programa-envio-do-esocial-sst\\\/\",\"name\":\"Programa para envio do esocial sst | Sistema Metra\",\"isPartOf\":{\"@id\":\"https:\\\/\\\/www.sistemametra.com.br\\\/blog\\\/#website\"},\"primaryImageOfPage\":{\"@id\":\"https:\\\/\\\/www.sistemametra.com.br\\\/blog\\\/programa-envio-do-esocial-sst\\\/#primaryimage\"},\"image\":{\"@id\":\"https:\\\/\\\/www.sistemametra.com.br\\\/blog\\\/programa-envio-do-esocial-sst\\\/#primaryimage\"},\"thumbnailUrl\":\"https:\\\/\\\/www.sistemametra.com.br\\\/blog\\\/wp-content\\\/uploads\\\/2026\\\/04\\\/programa-envio-do-esocial-sst.webp\",\"datePublished\":\"2026-02-06T03:00:00+00:00\",\"dateModified\":\"2026-04-28T19:51:21+00:00\",\"breadcrumb\":{\"@id\":\"https:\\\/\\\/www.sistemametra.com.br\\\/blog\\\/programa-envio-do-esocial-sst\\\/#breadcrumb\"},\"inLanguage\":\"pt-BR\",\"potentialAction\":[{\"@type\":\"ReadAction\",\"target\":[\"https:\\\/\\\/www.sistemametra.com.br\\\/blog\\\/programa-envio-do-esocial-sst\\\/\"]}]},{\"@type\":\"ImageObject\",\"inLanguage\":\"pt-BR\",\"@id\":\"https:\\\/\\\/www.sistemametra.com.br\\\/blog\\\/programa-envio-do-esocial-sst\\\/#primaryimage\",\"url\":\"https:\\\/\\\/www.sistemametra.com.br\\\/blog\\\/wp-content\\\/uploads\\\/2026\\\/04\\\/programa-envio-do-esocial-sst.webp\",\"contentUrl\":\"https:\\\/\\\/www.sistemametra.com.br\\\/blog\\\/wp-content\\\/uploads\\\/2026\\\/04\\\/programa-envio-do-esocial-sst.webp\",\"width\":800,\"height\":800,\"caption\":\"sobre envio do esocial sst | Blog Metra\"},{\"@type\":\"BreadcrumbList\",\"@id\":\"https:\\\/\\\/www.sistemametra.com.br\\\/blog\\\/programa-envio-do-esocial-sst\\\/#breadcrumb\",\"itemListElement\":[{\"@type\":\"ListItem\",\"position\":1,\"name\":\"In\u00edcio\",\"item\":\"https:\\\/\\\/www.sistemametra.com.br\\\/blog\\\/\"},{\"@type\":\"ListItem\",\"position\":2,\"name\":\"Programa para envio do esocial sst\"}]},{\"@type\":\"WebSite\",\"@id\":\"https:\\\/\\\/www.sistemametra.com.br\\\/blog\\\/#website\",\"url\":\"https:\\\/\\\/www.sistemametra.com.br\\\/blog\\\/\",\"name\":\"Blog Metra\",\"description\":\"Conte\u00fado pr\u00e1tico sobre Sa\u00fade e Seguran\u00e7a do Trabalho: normas, documentos e obriga\u00e7\u00f5es explicados de forma direta para profissionais e empresas.\",\"publisher\":{\"@id\":\"https:\\\/\\\/www.sistemametra.com.br\\\/blog\\\/#organization\"},\"alternateName\":\"Sistema Metra\",\"potentialAction\":[{\"@type\":\"SearchAction\",\"target\":{\"@type\":\"EntryPoint\",\"urlTemplate\":\"https:\\\/\\\/www.sistemametra.com.br\\\/blog\\\/?s={search_term_string}\"},\"query-input\":{\"@type\":\"PropertyValueSpecification\",\"valueRequired\":true,\"valueName\":\"search_term_string\"}}],\"inLanguage\":\"pt-BR\"},{\"@type\":\"Organization\",\"@id\":\"https:\\\/\\\/www.sistemametra.com.br\\\/blog\\\/#organization\",\"name\":\"Sistema Metra\",\"url\":\"https:\\\/\\\/www.sistemametra.com.br\\\/blog\\\/\",\"logo\":{\"@type\":\"ImageObject\",\"inLanguage\":\"pt-BR\",\"@id\":\"https:\\\/\\\/www.sistemametra.com.br\\\/blog\\\/#\\\/schema\\\/logo\\\/image\\\/\",\"url\":\"https:\\\/\\\/www.sistemametra.com.br\\\/blog\\\/wp-content\\\/uploads\\\/2026\\\/04\\\/blog-metra.webp\",\"contentUrl\":\"https:\\\/\\\/www.sistemametra.com.br\\\/blog\\\/wp-content\\\/uploads\\\/2026\\\/04\\\/blog-metra.webp\",\"width\":800,\"height\":800,\"caption\":\"Sistema Metra\"},\"image\":{\"@id\":\"https:\\\/\\\/www.sistemametra.com.br\\\/blog\\\/#\\\/schema\\\/logo\\\/image\\\/\"},\"sameAs\":[\"https:\\\/\\\/www.facebook.com\\\/metraweb\",\"https:\\\/\\\/www.linkedin.com\\\/company\\\/metra-web\\\/?viewAsMember=true\",\"https:\\\/\\\/www.youtube.com\\\/@SistemaMetra\"]},{\"@type\":\"Person\",\"@id\":\"https:\\\/\\\/www.sistemametra.com.br\\\/blog\\\/#\\\/schema\\\/person\\\/7c04d9110a7e64758ca9951890e56d82\",\"name\":\"Anderson Fernandes\",\"image\":{\"@type\":\"ImageObject\",\"inLanguage\":\"pt-BR\",\"@id\":\"https:\\\/\\\/secure.gravatar.com\\\/avatar\\\/fbe9c5fc3e57710af6aceaea09e3d466e4721a3069e8568b6c9655c7231c5b5e?s=96&d=mm&r=g\",\"url\":\"https:\\\/\\\/secure.gravatar.com\\\/avatar\\\/fbe9c5fc3e57710af6aceaea09e3d466e4721a3069e8568b6c9655c7231c5b5e?s=96&d=mm&r=g\",\"contentUrl\":\"https:\\\/\\\/secure.gravatar.com\\\/avatar\\\/fbe9c5fc3e57710af6aceaea09e3d466e4721a3069e8568b6c9655c7231c5b5e?s=96&d=mm&r=g\",\"caption\":\"Anderson Fernandes\"},\"description\":\"Com forma\u00e7\u00e3o superior \u00e9 t\u00e9cnico em Seguran\u00e7a do Trabalho do Sistema Metra. H\u00e1 30 anos trabalhando ininterruptamente na \u00e1rea desde 2002. Formado ainda no Curso de Tecn\u00f3logo em Seguran\u00e7a do Trabalho e cursando Engenharia visando a p\u00f3s gradua\u00e7\u00e3o em Seguran\u00e7a do Trabalho. Atua ainda como int\u00e9rprete de LIBRAS e atualmente \u00e9 consultor de diversas empresas em ramos de atividade como: Minera\u00e7\u00e3o, Automobil\u00edstica, Manuten\u00e7\u00e3o El\u00e9trica de Grande Porte, Cer\u00e2mica, Refrat\u00e1rios, Sa\u00fade entre outros. \u00c9 propriet\u00e1rio da empresa Mais Sa\u00fade e Seguran\u00e7a do Trabalho e atende seus clientes de forma personalizada moldando a\u00e7\u00f5es conforme as caracter\u00edsticas de cliente.\",\"sameAs\":[\"https:\\\/\\\/www.sistemametra.com.br\",\"https:\\\/\\\/www.instagram.com\\\/andfergom17121999\"],\"url\":\"https:\\\/\\\/www.sistemametra.com.br\\\/blog\\\/author\\\/anderson-fernandes\\\/\"}]}<\/script>\n<!-- \/ Yoast SEO plugin. -->","yoast_head_json":{"title":"Programa para envio do esocial sst | Sistema Metra","robots":{"index":"index","follow":"follow","max-snippet":"max-snippet:-1","max-image-preview":"max-image-preview:large","max-video-preview":"max-video-preview:-1"},"canonical":"https:\/\/www.sistemametra.com.br\/blog\/programa-envio-do-esocial-sst\/","og_locale":"pt_BR","og_type":"article","og_title":"Programa para envio do esocial sst | Sistema Metra","og_description":"Procurando um programa de envio do eSocial SST para a sua empresa? A Sistema METRA tem as melhores solu\u00e7\u00f5es para a gest\u00e3o de SST e eSocial! Fa\u00e7a uma cota\u00e7\u00e3o agora mesmo e descubra como podemos ajud\u00e1-lo a simplificar e otimizar esse processo t\u00e3o importante para sua empresa. N\u00e3o perca mais tempo, entre em contato conosco [&hellip;]","og_url":"https:\/\/www.sistemametra.com.br\/blog\/programa-envio-do-esocial-sst\/","og_site_name":"Blog Metra","article_publisher":"https:\/\/www.facebook.com\/metraweb","article_published_time":"2026-02-06T03:00:00+00:00","article_modified_time":"2026-04-28T19:51:21+00:00","og_image":[{"width":800,"height":800,"url":"https:\/\/www.sistemametra.com.br\/blog\/wp-content\/uploads\/2026\/04\/programa-envio-do-esocial-sst.webp","type":"image\/jpeg"}],"author":"Anderson Fernandes","twitter_card":"summary_large_image","twitter_misc":{"Escrito por":"Anderson Fernandes","Est. tempo de leitura":"3 minutos"},"schema":{"@context":"https:\/\/schema.org","@graph":[{"@type":"Article","@id":"https:\/\/www.sistemametra.com.br\/blog\/programa-envio-do-esocial-sst\/#article","isPartOf":{"@id":"https:\/\/www.sistemametra.com.br\/blog\/programa-envio-do-esocial-sst\/"},"author":{"name":"Anderson Fernandes","@id":"https:\/\/www.sistemametra.com.br\/blog\/#\/schema\/person\/7c04d9110a7e64758ca9951890e56d82"},"headline":"Programa para envio do esocial sst","datePublished":"2026-02-06T03:00:00+00:00","dateModified":"2026-04-28T19:51:21+00:00","mainEntityOfPage":{"@id":"https:\/\/www.sistemametra.com.br\/blog\/programa-envio-do-esocial-sst\/"},"wordCount":635,"commentCount":0,"publisher":{"@id":"https:\/\/www.sistemametra.com.br\/blog\/#organization"},"image":{"@id":"https:\/\/www.sistemametra.com.br\/blog\/programa-envio-do-esocial-sst\/#primaryimage"},"thumbnailUrl":"https:\/\/www.sistemametra.com.br\/blog\/wp-content\/uploads\/2026\/04\/programa-envio-do-esocial-sst.webp","articleSection":["eSocial","Eventos do eSocial"],"inLanguage":"pt-BR","potentialAction":[{"@type":"CommentAction","name":"Comment","target":["https:\/\/www.sistemametra.com.br\/blog\/programa-envio-do-esocial-sst\/#respond"]}]},{"@type":"WebPage","@id":"https:\/\/www.sistemametra.com.br\/blog\/programa-envio-do-esocial-sst\/","url":"https:\/\/www.sistemametra.com.br\/blog\/programa-envio-do-esocial-sst\/","name":"Programa para envio do esocial sst | Sistema Metra","isPartOf":{"@id":"https:\/\/www.sistemametra.com.br\/blog\/#website"},"primaryImageOfPage":{"@id":"https:\/\/www.sistemametra.com.br\/blog\/programa-envio-do-esocial-sst\/#primaryimage"},"image":{"@id":"https:\/\/www.sistemametra.com.br\/blog\/programa-envio-do-esocial-sst\/#primaryimage"},"thumbnailUrl":"https:\/\/www.sistemametra.com.br\/blog\/wp-content\/uploads\/2026\/04\/programa-envio-do-esocial-sst.webp","datePublished":"2026-02-06T03:00:00+00:00","dateModified":"2026-04-28T19:51:21+00:00","breadcrumb":{"@id":"https:\/\/www.sistemametra.com.br\/blog\/programa-envio-do-esocial-sst\/#breadcrumb"},"inLanguage":"pt-BR","potentialAction":[{"@type":"ReadAction","target":["https:\/\/www.sistemametra.com.br\/blog\/programa-envio-do-esocial-sst\/"]}]},{"@type":"ImageObject","inLanguage":"pt-BR","@id":"https:\/\/www.sistemametra.com.br\/blog\/programa-envio-do-esocial-sst\/#primaryimage","url":"https:\/\/www.sistemametra.com.br\/blog\/wp-content\/uploads\/2026\/04\/programa-envio-do-esocial-sst.webp","contentUrl":"https:\/\/www.sistemametra.com.br\/blog\/wp-content\/uploads\/2026\/04\/programa-envio-do-esocial-sst.webp","width":800,"height":800,"caption":"sobre envio do esocial sst | Blog Metra"},{"@type":"BreadcrumbList","@id":"https:\/\/www.sistemametra.com.br\/blog\/programa-envio-do-esocial-sst\/#breadcrumb","itemListElement":[{"@type":"ListItem","position":1,"name":"In\u00edcio","item":"https:\/\/www.sistemametra.com.br\/blog\/"},{"@type":"ListItem","position":2,"name":"Programa para envio do esocial sst"}]},{"@type":"WebSite","@id":"https:\/\/www.sistemametra.com.br\/blog\/#website","url":"https:\/\/www.sistemametra.com.br\/blog\/","name":"Blog Metra","description":"Conte\u00fado pr\u00e1tico sobre Sa\u00fade e Seguran\u00e7a do Trabalho: normas, documentos e obriga\u00e7\u00f5es explicados de forma direta para profissionais e empresas.","publisher":{"@id":"https:\/\/www.sistemametra.com.br\/blog\/#organization"},"alternateName":"Sistema Metra","potentialAction":[{"@type":"SearchAction","target":{"@type":"EntryPoint","urlTemplate":"https:\/\/www.sistemametra.com.br\/blog\/?s={search_term_string}"},"query-input":{"@type":"PropertyValueSpecification","valueRequired":true,"valueName":"search_term_string"}}],"inLanguage":"pt-BR"},{"@type":"Organization","@id":"https:\/\/www.sistemametra.com.br\/blog\/#organization","name":"Sistema Metra","url":"https:\/\/www.sistemametra.com.br\/blog\/","logo":{"@type":"ImageObject","inLanguage":"pt-BR","@id":"https:\/\/www.sistemametra.com.br\/blog\/#\/schema\/logo\/image\/","url":"https:\/\/www.sistemametra.com.br\/blog\/wp-content\/uploads\/2026\/04\/blog-metra.webp","contentUrl":"https:\/\/www.sistemametra.com.br\/blog\/wp-content\/uploads\/2026\/04\/blog-metra.webp","width":800,"height":800,"caption":"Sistema Metra"},"image":{"@id":"https:\/\/www.sistemametra.com.br\/blog\/#\/schema\/logo\/image\/"},"sameAs":["https:\/\/www.facebook.com\/metraweb","https:\/\/www.linkedin.com\/company\/metra-web\/?viewAsMember=true","https:\/\/www.youtube.com\/@SistemaMetra"]},{"@type":"Person","@id":"https:\/\/www.sistemametra.com.br\/blog\/#\/schema\/person\/7c04d9110a7e64758ca9951890e56d82","name":"Anderson Fernandes","image":{"@type":"ImageObject","inLanguage":"pt-BR","@id":"https:\/\/secure.gravatar.com\/avatar\/fbe9c5fc3e57710af6aceaea09e3d466e4721a3069e8568b6c9655c7231c5b5e?s=96&d=mm&r=g","url":"https:\/\/secure.gravatar.com\/avatar\/fbe9c5fc3e57710af6aceaea09e3d466e4721a3069e8568b6c9655c7231c5b5e?s=96&d=mm&r=g","contentUrl":"https:\/\/secure.gravatar.com\/avatar\/fbe9c5fc3e57710af6aceaea09e3d466e4721a3069e8568b6c9655c7231c5b5e?s=96&d=mm&r=g","caption":"Anderson Fernandes"},"description":"Com forma\u00e7\u00e3o superior \u00e9 t\u00e9cnico em Seguran\u00e7a do Trabalho do Sistema Metra. H\u00e1 30 anos trabalhando ininterruptamente na \u00e1rea desde 2002. Formado ainda no Curso de Tecn\u00f3logo em Seguran\u00e7a do Trabalho e cursando Engenharia visando a p\u00f3s gradua\u00e7\u00e3o em Seguran\u00e7a do Trabalho. Atua ainda como int\u00e9rprete de LIBRAS e atualmente \u00e9 consultor de diversas empresas em ramos de atividade como: Minera\u00e7\u00e3o, Automobil\u00edstica, Manuten\u00e7\u00e3o El\u00e9trica de Grande Porte, Cer\u00e2mica, Refrat\u00e1rios, Sa\u00fade entre outros. \u00c9 propriet\u00e1rio da empresa Mais Sa\u00fade e Seguran\u00e7a do Trabalho e atende seus clientes de forma personalizada moldando a\u00e7\u00f5es conforme as caracter\u00edsticas de cliente.","sameAs":["https:\/\/www.sistemametra.com.br","https:\/\/www.instagram.com\/andfergom17121999"],"url":"https:\/\/www.sistemametra.com.br\/blog\/author\/anderson-fernandes\/"}]}},"_links":{"self":[{"href":"https:\/\/www.sistemametra.com.br\/blog\/wp-json\/wp\/v2\/posts\/508","targetHints":{"allow":["GET"]}}],"collection":[{"href":"https:\/\/www.sistemametra.com.br\/blog\/wp-json\/wp\/v2\/posts"}],"about":[{"href":"https:\/\/www.sistemametra.com.br\/blog\/wp-json\/wp\/v2\/types\/post"}],"author":[{"embeddable":true,"href":"https:\/\/www.sistemametra.com.br\/blog\/wp-json\/wp\/v2\/users\/3"}],"replies":[{"embeddable":true,"href":"https:\/\/www.sistemametra.com.br\/blog\/wp-json\/wp\/v2\/comments?post=508"}],"version-history":[{"count":1,"href":"https:\/\/www.sistemametra.com.br\/blog\/wp-json\/wp\/v2\/posts\/508\/revisions"}],"predecessor-version":[{"id":830,"href":"https:\/\/www.sistemametra.com.br\/blog\/wp-json\/wp\/v2\/posts\/508\/revisions\/830"}],"wp:featuredmedia":[{"embeddable":true,"href":"https:\/\/www.sistemametra.com.br\/blog\/wp-json\/wp\/v2\/media\/509"}],"wp:attachment":[{"href":"https:\/\/www.sistemametra.com.br\/blog\/wp-json\/wp\/v2\/media?parent=508"}],"wp:term":[{"taxonomy":"category","embeddable":true,"href":"https:\/\/www.sistemametra.com.br\/blog\/wp-json\/wp\/v2\/categories?post=508"},{"taxonomy":"post_tag","embeddable":true,"href":"https:\/\/www.sistemametra.com.br\/blog\/wp-json\/wp\/v2\/tags?post=508"}],"curies":[{"name":"wp","href":"https:\/\/api.w.org\/{rel}","templated":true}]}}