{"id":512,"date":"2026-02-08T00:00:00","date_gmt":"2026-02-08T03:00:00","guid":{"rendered":"https:\/\/www.sistemametra.com.br\/blog\/programa-medicina-seguranca-do-trabalho-esocial\/"},"modified":"2026-04-28T16:51:20","modified_gmt":"2026-04-28T19:51:20","slug":"programa-medicina-seguranca-do-trabalho-esocial","status":"publish","type":"post","link":"https:\/\/www.sistemametra.com.br\/blog\/programa-medicina-seguranca-do-trabalho-esocial\/","title":{"rendered":"Programa para medicina e seguran\u00e7a do trabalho com esocial"},"content":{"rendered":"<article>\n<p>Voc\u00ea sabia que um bom programa para medicina e seguran\u00e7a do trabalho \u00e9 essencial para garantir a seguran\u00e7a e bem-estar dos colaboradores de uma empresa? E se eu te falar que \u00e9 poss\u00edvel ter um programa completo e eficiente, integrado com o sistema eSocial, por um valor acess\u00edvel? Ent\u00e3o, n\u00e3o perca mais tempo e solicite agora mesmo uma cota\u00e7\u00e3o na Sistema METRA, empresa especializada em Como Aprimorar o Sistema de Solu\u00e7\u00f5es para Gest\u00e3o de SST e eSocial!<\/p>\n<h2>O QUE \u00c9 UM PROGRAMA PARA MEDICINA E SEGURAN\u00c7A DO TRABALHO COM ESOCIAL?<\/h2>\n<p>Um <strong>programa para medicina e seguran\u00e7a do trabalho com esocial<\/strong> \u00e9 um conjunto de a\u00e7\u00f5es e medidas que visam garantir a sa\u00fade e integridade f\u00edsica dos colaboradores de uma empresa. Com a obrigatoriedade do uso do eSocial, a gest\u00e3o desses programas se tornou ainda mais essencial, pois \u00e9 necess\u00e1rio enviar todas as informa\u00e7\u00f5es relacionadas \u00e0 sa\u00fade e seguran\u00e7a do trabalho para o governo de forma eletr\u00f4nica.<\/p>\n<p>Al\u00e9m disso, o programa com eSocial tamb\u00e9m \u00e9 respons\u00e1vel por garantir o cumprimento das normas regulamentadoras (NRs) do Minist\u00e9rio do Trabalho e Emprego, garantindo que a empresa esteja em conformidade com as leis trabalhistas e evitando poss\u00edveis multas e san\u00e7\u00f5es.<\/p>\n<h2>COMO FUNCIONA UM PROGRAMA PARA MEDICINA E SEGURAN\u00c7A DO TRABALHO COM ESOCIAL?<\/h2>\n<p>O <strong>programa para medicina e seguran\u00e7a do trabalho com esocial<\/strong> \u00e9 composto por diversas etapas e atividades, e para garantir sua efici\u00eancia, \u00e9 essencial que sejam utilizados sistemas e solu\u00e7\u00f5es adequadas. \u00c9 nesse ponto que entra a import\u00e2ncia de uma empresa especializada em Como Aprimorar o Sistema de Solu\u00e7\u00f5es para Gest\u00e3o de SST e eSocial, como a Sistema METRA.<\/p>\n<p>A Sistema METRA oferece um programa completo, com funcionalidades que permitem o controle de todas as informa\u00e7\u00f5es relacionadas \u00e0 sa\u00fade e seguran\u00e7a do trabalho, como exames m\u00e9dicos, capacita\u00e7\u00f5es, treinamentos, entre outros. Al\u00e9m disso, o sistema \u00e9 integrado com o eSocial, facilitando o envio das informa\u00e7\u00f5es para o governo de forma autom\u00e1tica e evitando erros e retrabalho.<\/p>\n<h2>VANTAGENS DE UTILIZAR UM PROGRAMA PARA MEDICINA E SEGURAN\u00c7A DO TRABALHO COM ESOCIAL<\/h2>\n<p>Al\u00e9m de garantir a conformidade com as leis trabalhistas e facilitar o envio das informa\u00e7\u00f5es para o eSocial, utilizar um bom programa para medicina e seguran\u00e7a do trabalho tamb\u00e9m traz diversas outras vantagens para a empresa e seus colaboradores.<\/p>\n<p>Dentre essas vantagens, destacam-se a redu\u00e7\u00e3o de acidentes e afastamentos, o aumento da produtividade e a melhora da imagem da empresa perante seus colaboradores e a sociedade. Al\u00e9m disso, com o uso do programa, \u00e9 poss\u00edvel ter um controle mais eficiente dos custos com sa\u00fade e seguran\u00e7a, evitando gastos desnecess\u00e1rios e garantindo uma melhor gest\u00e3o financeira.<\/p>\n<h2>RECOMENDA\u00c7\u00d5ES PARA ESCOLHER UM PROGRAMA PARA MEDICINA E SEGURAN\u00c7A DO TRABALHO COM ESOCIAL<\/h2>\n<p>Ao escolher um programa para gest\u00e3o de SST com eSocial, \u00e9 importante levar em considera\u00e7\u00e3o alguns pontos para garantir que o sistema seja adequado e eficiente para a empresa. \u00c9 preciso verificar se o programa oferece funcionalidades que atendem \u00e0s necessidades da empresa, se \u00e9 intuitivo e de f\u00e1cil utiliza\u00e7\u00e3o, se \u00e9 integrado com o eSocial, entre outros aspectos.<\/p>\n<p>Al\u00e9m disso, \u00e9 importante optar por uma empresa confi\u00e1vel e com experi\u00eancia no mercado, que ofere\u00e7a suporte t\u00e9cnico e treinamento para os usu\u00e1rios do sistema. A Sistema METRA, por exemplo, \u00e9 uma empresa com mais de 10 anos de atua\u00e7\u00e3o no mercado e possui um programa completo e eficiente para gest\u00e3o de SST com eSocial, al\u00e9m de oferecer todo o suporte necess\u00e1rio para seus clientes.<\/p>\n<p>N\u00e3o perca mais tempo e garanta agora mesmo um <strong>programa para medicina e seguran\u00e7a do trabalho com esocial<\/strong> de qualidade e com um valor acess\u00edvel com a Sistema METRA. Entre em contato e fa\u00e7a uma cota\u00e7\u00e3o! Seus colaboradores e sua empresa agradecem!<\/p>\n<h2>Para saber mais sobre Programa para medicina e seguran\u00e7a do trabalho com esocial<\/h2>\n<p>Ligue para <strong>0800-707-5900 <\/strong>ou clique aqui e entre em contato por email.<\/p>\n<p>O conte\u00fado do texto desta p\u00e1gina \u00e9 de direito reservado. Sua reprodu\u00e7\u00e3o, parcial ou total, mesmo citando nossos links, \u00e9 proibida sem a autoriza\u00e7\u00e3o do autor. Crime de viola\u00e7\u00e3o de direito autoral \u2013 artigo 184 do C\u00f3digo Penal \u2013 Lei 9610\/98 &#8211; Lei de direitos autorais. <\/article>\n","protected":false},"excerpt":{"rendered":"<p>Voc\u00ea sabia que um bom programa para medicina e seguran\u00e7a do trabalho \u00e9 essencial para garantir a seguran\u00e7a e bem-estar dos colaboradores de uma empresa? E se eu te falar que \u00e9 poss\u00edvel ter um programa completo e eficiente, integrado com o sistema eSocial, por um valor acess\u00edvel? Ent\u00e3o, n\u00e3o perca mais tempo e solicite [&hellip;]<\/p>\n","protected":false},"author":3,"featured_media":513,"comment_status":"open","ping_status":"open","sticky":false,"template":"","format":"standard","meta":{"footnotes":""},"categories":[5,27],"tags":[],"class_list":["post-512","post","type-post","status-publish","format-standard","has-post-thumbnail","hentry","category-esocial","category-esocial-sst"],"yoast_head":"<!-- This site is optimized with the Yoast SEO plugin v27.5 - https:\/\/yoast.com\/product\/yoast-seo-wordpress\/ -->\n<title>Programa para medicina e seguran\u00e7a do trabalho com esocial | Sistema Metra<\/title>\n<meta name=\"robots\" content=\"index, follow, max-snippet:-1, max-image-preview:large, max-video-preview:-1\" \/>\n<link rel=\"canonical\" href=\"https:\/\/www.sistemametra.com.br\/blog\/programa-medicina-seguranca-do-trabalho-esocial\/\" \/>\n<meta property=\"og:locale\" content=\"pt_BR\" \/>\n<meta property=\"og:type\" content=\"article\" \/>\n<meta property=\"og:title\" content=\"Programa para medicina e seguran\u00e7a do trabalho com esocial | Sistema Metra\" \/>\n<meta property=\"og:description\" content=\"Voc\u00ea sabia que um bom programa para medicina e seguran\u00e7a do trabalho \u00e9 essencial para garantir a seguran\u00e7a e bem-estar dos colaboradores de uma empresa? E se eu te falar que \u00e9 poss\u00edvel ter um programa completo e eficiente, integrado com o sistema eSocial, por um valor acess\u00edvel? Ent\u00e3o, n\u00e3o perca mais tempo e solicite [&hellip;]\" \/>\n<meta property=\"og:url\" content=\"https:\/\/www.sistemametra.com.br\/blog\/programa-medicina-seguranca-do-trabalho-esocial\/\" \/>\n<meta property=\"og:site_name\" content=\"Blog Metra\" \/>\n<meta property=\"article:publisher\" content=\"https:\/\/www.facebook.com\/metraweb\" \/>\n<meta property=\"article:published_time\" content=\"2026-02-08T03:00:00+00:00\" \/>\n<meta property=\"article:modified_time\" content=\"2026-04-28T19:51:20+00:00\" \/>\n<meta property=\"og:image\" content=\"https:\/\/www.sistemametra.com.br\/blog\/wp-content\/uploads\/2026\/04\/programa-medicina-seguranca-do-trabalho-esocial.webp\" \/>\n\t<meta property=\"og:image:width\" content=\"800\" \/>\n\t<meta property=\"og:image:height\" content=\"800\" \/>\n\t<meta property=\"og:image:type\" content=\"image\/jpeg\" \/>\n<meta name=\"author\" content=\"Anderson Fernandes\" \/>\n<meta name=\"twitter:card\" content=\"summary_large_image\" \/>\n<meta name=\"twitter:label1\" content=\"Escrito por\" \/>\n\t<meta name=\"twitter:data1\" content=\"Anderson Fernandes\" \/>\n\t<meta name=\"twitter:label2\" content=\"Est. tempo de leitura\" \/>\n\t<meta name=\"twitter:data2\" content=\"4 minutos\" \/>\n<script type=\"application\/ld+json\" class=\"yoast-schema-graph\">{\"@context\":\"https:\\\/\\\/schema.org\",\"@graph\":[{\"@type\":\"Article\",\"@id\":\"https:\\\/\\\/www.sistemametra.com.br\\\/blog\\\/programa-medicina-seguranca-do-trabalho-esocial\\\/#article\",\"isPartOf\":{\"@id\":\"https:\\\/\\\/www.sistemametra.com.br\\\/blog\\\/programa-medicina-seguranca-do-trabalho-esocial\\\/\"},\"author\":{\"name\":\"Anderson Fernandes\",\"@id\":\"https:\\\/\\\/www.sistemametra.com.br\\\/blog\\\/#\\\/schema\\\/person\\\/7c04d9110a7e64758ca9951890e56d82\"},\"headline\":\"Programa para medicina e seguran\u00e7a do trabalho com esocial\",\"datePublished\":\"2026-02-08T03:00:00+00:00\",\"dateModified\":\"2026-04-28T19:51:20+00:00\",\"mainEntityOfPage\":{\"@id\":\"https:\\\/\\\/www.sistemametra.com.br\\\/blog\\\/programa-medicina-seguranca-do-trabalho-esocial\\\/\"},\"wordCount\":747,\"commentCount\":0,\"publisher\":{\"@id\":\"https:\\\/\\\/www.sistemametra.com.br\\\/blog\\\/#organization\"},\"image\":{\"@id\":\"https:\\\/\\\/www.sistemametra.com.br\\\/blog\\\/programa-medicina-seguranca-do-trabalho-esocial\\\/#primaryimage\"},\"thumbnailUrl\":\"https:\\\/\\\/www.sistemametra.com.br\\\/blog\\\/wp-content\\\/uploads\\\/2026\\\/04\\\/programa-medicina-seguranca-do-trabalho-esocial.webp\",\"articleSection\":[\"eSocial\",\"eSocial SST\"],\"inLanguage\":\"pt-BR\",\"potentialAction\":[{\"@type\":\"CommentAction\",\"name\":\"Comment\",\"target\":[\"https:\\\/\\\/www.sistemametra.com.br\\\/blog\\\/programa-medicina-seguranca-do-trabalho-esocial\\\/#respond\"]}]},{\"@type\":\"WebPage\",\"@id\":\"https:\\\/\\\/www.sistemametra.com.br\\\/blog\\\/programa-medicina-seguranca-do-trabalho-esocial\\\/\",\"url\":\"https:\\\/\\\/www.sistemametra.com.br\\\/blog\\\/programa-medicina-seguranca-do-trabalho-esocial\\\/\",\"name\":\"Programa para medicina e seguran\u00e7a do trabalho com esocial | Sistema Metra\",\"isPartOf\":{\"@id\":\"https:\\\/\\\/www.sistemametra.com.br\\\/blog\\\/#website\"},\"primaryImageOfPage\":{\"@id\":\"https:\\\/\\\/www.sistemametra.com.br\\\/blog\\\/programa-medicina-seguranca-do-trabalho-esocial\\\/#primaryimage\"},\"image\":{\"@id\":\"https:\\\/\\\/www.sistemametra.com.br\\\/blog\\\/programa-medicina-seguranca-do-trabalho-esocial\\\/#primaryimage\"},\"thumbnailUrl\":\"https:\\\/\\\/www.sistemametra.com.br\\\/blog\\\/wp-content\\\/uploads\\\/2026\\\/04\\\/programa-medicina-seguranca-do-trabalho-esocial.webp\",\"datePublished\":\"2026-02-08T03:00:00+00:00\",\"dateModified\":\"2026-04-28T19:51:20+00:00\",\"breadcrumb\":{\"@id\":\"https:\\\/\\\/www.sistemametra.com.br\\\/blog\\\/programa-medicina-seguranca-do-trabalho-esocial\\\/#breadcrumb\"},\"inLanguage\":\"pt-BR\",\"potentialAction\":[{\"@type\":\"ReadAction\",\"target\":[\"https:\\\/\\\/www.sistemametra.com.br\\\/blog\\\/programa-medicina-seguranca-do-trabalho-esocial\\\/\"]}]},{\"@type\":\"ImageObject\",\"inLanguage\":\"pt-BR\",\"@id\":\"https:\\\/\\\/www.sistemametra.com.br\\\/blog\\\/programa-medicina-seguranca-do-trabalho-esocial\\\/#primaryimage\",\"url\":\"https:\\\/\\\/www.sistemametra.com.br\\\/blog\\\/wp-content\\\/uploads\\\/2026\\\/04\\\/programa-medicina-seguranca-do-trabalho-esocial.webp\",\"contentUrl\":\"https:\\\/\\\/www.sistemametra.com.br\\\/blog\\\/wp-content\\\/uploads\\\/2026\\\/04\\\/programa-medicina-seguranca-do-trabalho-esocial.webp\",\"width\":800,\"height\":800,\"caption\":\"sobre medicina e seguran\u00e7a do trabalho com esocial | Blog Metra\"},{\"@type\":\"BreadcrumbList\",\"@id\":\"https:\\\/\\\/www.sistemametra.com.br\\\/blog\\\/programa-medicina-seguranca-do-trabalho-esocial\\\/#breadcrumb\",\"itemListElement\":[{\"@type\":\"ListItem\",\"position\":1,\"name\":\"In\u00edcio\",\"item\":\"https:\\\/\\\/www.sistemametra.com.br\\\/blog\\\/\"},{\"@type\":\"ListItem\",\"position\":2,\"name\":\"Programa para medicina e seguran\u00e7a do trabalho com esocial\"}]},{\"@type\":\"WebSite\",\"@id\":\"https:\\\/\\\/www.sistemametra.com.br\\\/blog\\\/#website\",\"url\":\"https:\\\/\\\/www.sistemametra.com.br\\\/blog\\\/\",\"name\":\"Blog Metra\",\"description\":\"Conte\u00fado pr\u00e1tico sobre Sa\u00fade e Seguran\u00e7a do Trabalho: normas, documentos e obriga\u00e7\u00f5es explicados de forma direta para profissionais e empresas.\",\"publisher\":{\"@id\":\"https:\\\/\\\/www.sistemametra.com.br\\\/blog\\\/#organization\"},\"alternateName\":\"Sistema Metra\",\"potentialAction\":[{\"@type\":\"SearchAction\",\"target\":{\"@type\":\"EntryPoint\",\"urlTemplate\":\"https:\\\/\\\/www.sistemametra.com.br\\\/blog\\\/?s={search_term_string}\"},\"query-input\":{\"@type\":\"PropertyValueSpecification\",\"valueRequired\":true,\"valueName\":\"search_term_string\"}}],\"inLanguage\":\"pt-BR\"},{\"@type\":\"Organization\",\"@id\":\"https:\\\/\\\/www.sistemametra.com.br\\\/blog\\\/#organization\",\"name\":\"Sistema Metra\",\"url\":\"https:\\\/\\\/www.sistemametra.com.br\\\/blog\\\/\",\"logo\":{\"@type\":\"ImageObject\",\"inLanguage\":\"pt-BR\",\"@id\":\"https:\\\/\\\/www.sistemametra.com.br\\\/blog\\\/#\\\/schema\\\/logo\\\/image\\\/\",\"url\":\"https:\\\/\\\/www.sistemametra.com.br\\\/blog\\\/wp-content\\\/uploads\\\/2026\\\/04\\\/blog-metra.webp\",\"contentUrl\":\"https:\\\/\\\/www.sistemametra.com.br\\\/blog\\\/wp-content\\\/uploads\\\/2026\\\/04\\\/blog-metra.webp\",\"width\":800,\"height\":800,\"caption\":\"Sistema Metra\"},\"image\":{\"@id\":\"https:\\\/\\\/www.sistemametra.com.br\\\/blog\\\/#\\\/schema\\\/logo\\\/image\\\/\"},\"sameAs\":[\"https:\\\/\\\/www.facebook.com\\\/metraweb\",\"https:\\\/\\\/www.linkedin.com\\\/company\\\/metra-web\\\/?viewAsMember=true\",\"https:\\\/\\\/www.youtube.com\\\/@SistemaMetra\"]},{\"@type\":\"Person\",\"@id\":\"https:\\\/\\\/www.sistemametra.com.br\\\/blog\\\/#\\\/schema\\\/person\\\/7c04d9110a7e64758ca9951890e56d82\",\"name\":\"Anderson Fernandes\",\"image\":{\"@type\":\"ImageObject\",\"inLanguage\":\"pt-BR\",\"@id\":\"https:\\\/\\\/secure.gravatar.com\\\/avatar\\\/fbe9c5fc3e57710af6aceaea09e3d466e4721a3069e8568b6c9655c7231c5b5e?s=96&d=mm&r=g\",\"url\":\"https:\\\/\\\/secure.gravatar.com\\\/avatar\\\/fbe9c5fc3e57710af6aceaea09e3d466e4721a3069e8568b6c9655c7231c5b5e?s=96&d=mm&r=g\",\"contentUrl\":\"https:\\\/\\\/secure.gravatar.com\\\/avatar\\\/fbe9c5fc3e57710af6aceaea09e3d466e4721a3069e8568b6c9655c7231c5b5e?s=96&d=mm&r=g\",\"caption\":\"Anderson Fernandes\"},\"description\":\"Com forma\u00e7\u00e3o superior \u00e9 t\u00e9cnico em Seguran\u00e7a do Trabalho do Sistema Metra. H\u00e1 30 anos trabalhando ininterruptamente na \u00e1rea desde 2002. Formado ainda no Curso de Tecn\u00f3logo em Seguran\u00e7a do Trabalho e cursando Engenharia visando a p\u00f3s gradua\u00e7\u00e3o em Seguran\u00e7a do Trabalho. Atua ainda como int\u00e9rprete de LIBRAS e atualmente \u00e9 consultor de diversas empresas em ramos de atividade como: Minera\u00e7\u00e3o, Automobil\u00edstica, Manuten\u00e7\u00e3o El\u00e9trica de Grande Porte, Cer\u00e2mica, Refrat\u00e1rios, Sa\u00fade entre outros. \u00c9 propriet\u00e1rio da empresa Mais Sa\u00fade e Seguran\u00e7a do Trabalho e atende seus clientes de forma personalizada moldando a\u00e7\u00f5es conforme as caracter\u00edsticas de cliente.\",\"sameAs\":[\"https:\\\/\\\/www.sistemametra.com.br\",\"https:\\\/\\\/www.instagram.com\\\/andfergom17121999\"],\"url\":\"https:\\\/\\\/www.sistemametra.com.br\\\/blog\\\/author\\\/anderson-fernandes\\\/\"}]}<\/script>\n<!-- \/ Yoast SEO plugin. -->","yoast_head_json":{"title":"Programa para medicina e seguran\u00e7a do trabalho com esocial | Sistema Metra","robots":{"index":"index","follow":"follow","max-snippet":"max-snippet:-1","max-image-preview":"max-image-preview:large","max-video-preview":"max-video-preview:-1"},"canonical":"https:\/\/www.sistemametra.com.br\/blog\/programa-medicina-seguranca-do-trabalho-esocial\/","og_locale":"pt_BR","og_type":"article","og_title":"Programa para medicina e seguran\u00e7a do trabalho com esocial | Sistema Metra","og_description":"Voc\u00ea sabia que um bom programa para medicina e seguran\u00e7a do trabalho \u00e9 essencial para garantir a seguran\u00e7a e bem-estar dos colaboradores de uma empresa? E se eu te falar que \u00e9 poss\u00edvel ter um programa completo e eficiente, integrado com o sistema eSocial, por um valor acess\u00edvel? Ent\u00e3o, n\u00e3o perca mais tempo e solicite [&hellip;]","og_url":"https:\/\/www.sistemametra.com.br\/blog\/programa-medicina-seguranca-do-trabalho-esocial\/","og_site_name":"Blog Metra","article_publisher":"https:\/\/www.facebook.com\/metraweb","article_published_time":"2026-02-08T03:00:00+00:00","article_modified_time":"2026-04-28T19:51:20+00:00","og_image":[{"width":800,"height":800,"url":"https:\/\/www.sistemametra.com.br\/blog\/wp-content\/uploads\/2026\/04\/programa-medicina-seguranca-do-trabalho-esocial.webp","type":"image\/jpeg"}],"author":"Anderson Fernandes","twitter_card":"summary_large_image","twitter_misc":{"Escrito por":"Anderson Fernandes","Est. tempo de leitura":"4 minutos"},"schema":{"@context":"https:\/\/schema.org","@graph":[{"@type":"Article","@id":"https:\/\/www.sistemametra.com.br\/blog\/programa-medicina-seguranca-do-trabalho-esocial\/#article","isPartOf":{"@id":"https:\/\/www.sistemametra.com.br\/blog\/programa-medicina-seguranca-do-trabalho-esocial\/"},"author":{"name":"Anderson Fernandes","@id":"https:\/\/www.sistemametra.com.br\/blog\/#\/schema\/person\/7c04d9110a7e64758ca9951890e56d82"},"headline":"Programa para medicina e seguran\u00e7a do trabalho com esocial","datePublished":"2026-02-08T03:00:00+00:00","dateModified":"2026-04-28T19:51:20+00:00","mainEntityOfPage":{"@id":"https:\/\/www.sistemametra.com.br\/blog\/programa-medicina-seguranca-do-trabalho-esocial\/"},"wordCount":747,"commentCount":0,"publisher":{"@id":"https:\/\/www.sistemametra.com.br\/blog\/#organization"},"image":{"@id":"https:\/\/www.sistemametra.com.br\/blog\/programa-medicina-seguranca-do-trabalho-esocial\/#primaryimage"},"thumbnailUrl":"https:\/\/www.sistemametra.com.br\/blog\/wp-content\/uploads\/2026\/04\/programa-medicina-seguranca-do-trabalho-esocial.webp","articleSection":["eSocial","eSocial SST"],"inLanguage":"pt-BR","potentialAction":[{"@type":"CommentAction","name":"Comment","target":["https:\/\/www.sistemametra.com.br\/blog\/programa-medicina-seguranca-do-trabalho-esocial\/#respond"]}]},{"@type":"WebPage","@id":"https:\/\/www.sistemametra.com.br\/blog\/programa-medicina-seguranca-do-trabalho-esocial\/","url":"https:\/\/www.sistemametra.com.br\/blog\/programa-medicina-seguranca-do-trabalho-esocial\/","name":"Programa para medicina e seguran\u00e7a do trabalho com esocial | Sistema Metra","isPartOf":{"@id":"https:\/\/www.sistemametra.com.br\/blog\/#website"},"primaryImageOfPage":{"@id":"https:\/\/www.sistemametra.com.br\/blog\/programa-medicina-seguranca-do-trabalho-esocial\/#primaryimage"},"image":{"@id":"https:\/\/www.sistemametra.com.br\/blog\/programa-medicina-seguranca-do-trabalho-esocial\/#primaryimage"},"thumbnailUrl":"https:\/\/www.sistemametra.com.br\/blog\/wp-content\/uploads\/2026\/04\/programa-medicina-seguranca-do-trabalho-esocial.webp","datePublished":"2026-02-08T03:00:00+00:00","dateModified":"2026-04-28T19:51:20+00:00","breadcrumb":{"@id":"https:\/\/www.sistemametra.com.br\/blog\/programa-medicina-seguranca-do-trabalho-esocial\/#breadcrumb"},"inLanguage":"pt-BR","potentialAction":[{"@type":"ReadAction","target":["https:\/\/www.sistemametra.com.br\/blog\/programa-medicina-seguranca-do-trabalho-esocial\/"]}]},{"@type":"ImageObject","inLanguage":"pt-BR","@id":"https:\/\/www.sistemametra.com.br\/blog\/programa-medicina-seguranca-do-trabalho-esocial\/#primaryimage","url":"https:\/\/www.sistemametra.com.br\/blog\/wp-content\/uploads\/2026\/04\/programa-medicina-seguranca-do-trabalho-esocial.webp","contentUrl":"https:\/\/www.sistemametra.com.br\/blog\/wp-content\/uploads\/2026\/04\/programa-medicina-seguranca-do-trabalho-esocial.webp","width":800,"height":800,"caption":"sobre medicina e seguran\u00e7a do trabalho com esocial | Blog Metra"},{"@type":"BreadcrumbList","@id":"https:\/\/www.sistemametra.com.br\/blog\/programa-medicina-seguranca-do-trabalho-esocial\/#breadcrumb","itemListElement":[{"@type":"ListItem","position":1,"name":"In\u00edcio","item":"https:\/\/www.sistemametra.com.br\/blog\/"},{"@type":"ListItem","position":2,"name":"Programa para medicina e seguran\u00e7a do trabalho com esocial"}]},{"@type":"WebSite","@id":"https:\/\/www.sistemametra.com.br\/blog\/#website","url":"https:\/\/www.sistemametra.com.br\/blog\/","name":"Blog Metra","description":"Conte\u00fado pr\u00e1tico sobre Sa\u00fade e Seguran\u00e7a do Trabalho: normas, documentos e obriga\u00e7\u00f5es explicados de forma direta para profissionais e empresas.","publisher":{"@id":"https:\/\/www.sistemametra.com.br\/blog\/#organization"},"alternateName":"Sistema Metra","potentialAction":[{"@type":"SearchAction","target":{"@type":"EntryPoint","urlTemplate":"https:\/\/www.sistemametra.com.br\/blog\/?s={search_term_string}"},"query-input":{"@type":"PropertyValueSpecification","valueRequired":true,"valueName":"search_term_string"}}],"inLanguage":"pt-BR"},{"@type":"Organization","@id":"https:\/\/www.sistemametra.com.br\/blog\/#organization","name":"Sistema Metra","url":"https:\/\/www.sistemametra.com.br\/blog\/","logo":{"@type":"ImageObject","inLanguage":"pt-BR","@id":"https:\/\/www.sistemametra.com.br\/blog\/#\/schema\/logo\/image\/","url":"https:\/\/www.sistemametra.com.br\/blog\/wp-content\/uploads\/2026\/04\/blog-metra.webp","contentUrl":"https:\/\/www.sistemametra.com.br\/blog\/wp-content\/uploads\/2026\/04\/blog-metra.webp","width":800,"height":800,"caption":"Sistema Metra"},"image":{"@id":"https:\/\/www.sistemametra.com.br\/blog\/#\/schema\/logo\/image\/"},"sameAs":["https:\/\/www.facebook.com\/metraweb","https:\/\/www.linkedin.com\/company\/metra-web\/?viewAsMember=true","https:\/\/www.youtube.com\/@SistemaMetra"]},{"@type":"Person","@id":"https:\/\/www.sistemametra.com.br\/blog\/#\/schema\/person\/7c04d9110a7e64758ca9951890e56d82","name":"Anderson Fernandes","image":{"@type":"ImageObject","inLanguage":"pt-BR","@id":"https:\/\/secure.gravatar.com\/avatar\/fbe9c5fc3e57710af6aceaea09e3d466e4721a3069e8568b6c9655c7231c5b5e?s=96&d=mm&r=g","url":"https:\/\/secure.gravatar.com\/avatar\/fbe9c5fc3e57710af6aceaea09e3d466e4721a3069e8568b6c9655c7231c5b5e?s=96&d=mm&r=g","contentUrl":"https:\/\/secure.gravatar.com\/avatar\/fbe9c5fc3e57710af6aceaea09e3d466e4721a3069e8568b6c9655c7231c5b5e?s=96&d=mm&r=g","caption":"Anderson Fernandes"},"description":"Com forma\u00e7\u00e3o superior \u00e9 t\u00e9cnico em Seguran\u00e7a do Trabalho do Sistema Metra. H\u00e1 30 anos trabalhando ininterruptamente na \u00e1rea desde 2002. Formado ainda no Curso de Tecn\u00f3logo em Seguran\u00e7a do Trabalho e cursando Engenharia visando a p\u00f3s gradua\u00e7\u00e3o em Seguran\u00e7a do Trabalho. Atua ainda como int\u00e9rprete de LIBRAS e atualmente \u00e9 consultor de diversas empresas em ramos de atividade como: Minera\u00e7\u00e3o, Automobil\u00edstica, Manuten\u00e7\u00e3o El\u00e9trica de Grande Porte, Cer\u00e2mica, Refrat\u00e1rios, Sa\u00fade entre outros. \u00c9 propriet\u00e1rio da empresa Mais Sa\u00fade e Seguran\u00e7a do Trabalho e atende seus clientes de forma personalizada moldando a\u00e7\u00f5es conforme as caracter\u00edsticas de cliente.","sameAs":["https:\/\/www.sistemametra.com.br","https:\/\/www.instagram.com\/andfergom17121999"],"url":"https:\/\/www.sistemametra.com.br\/blog\/author\/anderson-fernandes\/"}]}},"_links":{"self":[{"href":"https:\/\/www.sistemametra.com.br\/blog\/wp-json\/wp\/v2\/posts\/512","targetHints":{"allow":["GET"]}}],"collection":[{"href":"https:\/\/www.sistemametra.com.br\/blog\/wp-json\/wp\/v2\/posts"}],"about":[{"href":"https:\/\/www.sistemametra.com.br\/blog\/wp-json\/wp\/v2\/types\/post"}],"author":[{"embeddable":true,"href":"https:\/\/www.sistemametra.com.br\/blog\/wp-json\/wp\/v2\/users\/3"}],"replies":[{"embeddable":true,"href":"https:\/\/www.sistemametra.com.br\/blog\/wp-json\/wp\/v2\/comments?post=512"}],"version-history":[{"count":1,"href":"https:\/\/www.sistemametra.com.br\/blog\/wp-json\/wp\/v2\/posts\/512\/revisions"}],"predecessor-version":[{"id":828,"href":"https:\/\/www.sistemametra.com.br\/blog\/wp-json\/wp\/v2\/posts\/512\/revisions\/828"}],"wp:featuredmedia":[{"embeddable":true,"href":"https:\/\/www.sistemametra.com.br\/blog\/wp-json\/wp\/v2\/media\/513"}],"wp:attachment":[{"href":"https:\/\/www.sistemametra.com.br\/blog\/wp-json\/wp\/v2\/media?parent=512"}],"wp:term":[{"taxonomy":"category","embeddable":true,"href":"https:\/\/www.sistemametra.com.br\/blog\/wp-json\/wp\/v2\/categories?post=512"},{"taxonomy":"post_tag","embeddable":true,"href":"https:\/\/www.sistemametra.com.br\/blog\/wp-json\/wp\/v2\/tags?post=512"}],"curies":[{"name":"wp","href":"https:\/\/api.w.org\/{rel}","templated":true}]}}