{"id":524,"date":"2026-02-14T00:00:00","date_gmt":"2026-02-14T03:00:00","guid":{"rendered":"https:\/\/www.sistemametra.com.br\/blog\/sistema-emissao-aso\/"},"modified":"2026-04-28T16:51:19","modified_gmt":"2026-04-28T19:51:19","slug":"sistema-emissao-aso","status":"publish","type":"post","link":"https:\/\/www.sistemametra.com.br\/blog\/sistema-emissao-aso\/","title":{"rendered":"Como Aprimorar o Sistema de emiss\u00e3o de aso"},"content":{"rendered":"<article>\n<p>Venha descobrir como o <strong>sistema de emiss\u00e3o de aso<\/strong> da Sistema METRA pode te ajudar a gerenciar de forma f\u00e1cil e eficiente a sa\u00fade ocupacional dos seus colaboradores. Solicite agora mesmo uma cota\u00e7\u00e3o e veja como podemos te ajudar a otimizar as suas atividades relacionadas \u00e0 seguran\u00e7a e sa\u00fade no trabalho!<\/p>\n<h2>O QUE \u00c9 O SISTEMA DE EMISS\u00c3O DE ASO?<\/h2>\n<p>O <strong>sistema de emiss\u00e3o de aso<\/strong> (Aso: &#8220;Atestado de Sa\u00fade Ocupacional&#8221;) \u00e9 uma ferramenta essencial para empresas que desejam garantir a sa\u00fade e bem-estar dos seus colaboradores, al\u00e9m de estar em conformidade com as normas regulamentadoras relacionadas \u00e0 sa\u00fade ocupacional.<\/p>\n<p>Ele \u00e9 respons\u00e1vel por gerenciar e registrar todas as informa\u00e7\u00f5es relacionadas \u00e0 sa\u00fade dos funcion\u00e1rios, como exames m\u00e9dicos, vacinas, resultados de testes, entre outros. Com o <strong>sistema de emiss\u00e3o de aso<\/strong>, \u00e9 poss\u00edvel manter um controle preciso e atualizado sobre a sa\u00fade de cada colaborador, garantindo uma gest\u00e3o eficiente e segura.<\/p>\n<h2>VANTAGENS DO SISTEMA DE EMISS\u00c3O DE ASO<\/h2>\n<p>A utiliza\u00e7\u00e3o do <strong>sistema de emiss\u00e3o de aso<\/strong> traz diversas vantagens para a empresa e para os colaboradores. Entre elas, podemos destacar:<\/p>\n<p>Maior controle e organiza\u00e7\u00e3o dos dados relacionados \u00e0 sa\u00fade ocupacional dos funcion\u00e1rios;<\/p>\n<p>Facilidade na realiza\u00e7\u00e3o de exames e agendamentos de consultas;<\/p>\n<p>Redu\u00e7\u00e3o de erros e omiss\u00f5es nos registros;<\/p>\n<p>Agilidade na emiss\u00e3o de documentos e relat\u00f3rios;<\/p>\n<p>Otimiza\u00e7\u00e3o do tempo dos profissionais respons\u00e1veis pelo gerenciamento da sa\u00fade ocupacional;<\/p>\n<p>Conformidade com as normas regulamentadoras relacionadas \u00e0 sa\u00fade e seguran\u00e7a no trabalho.<\/p>\n<h2>FUNCIONALIDADE E APLICABILIDADE DO SISTEMA DE EMISS\u00c3O DE ASO<\/h2>\n<p>O <strong>sistema de emiss\u00e3o de aso<\/strong> \u00e9 uma ferramenta bastante vers\u00e1til e pode ser aplicada em diferentes tipos de empresas e segmentos. Ele \u00e9 especialmente indicado para organiza\u00e7\u00f5es que possuem um grande n\u00famero de funcion\u00e1rios, pois facilita a gest\u00e3o dos dados de sa\u00fade ocupacional de forma integrada e segura.<\/p>\n<p>Al\u00e9m disso, ele \u00e9 de grande utilidade para empresas que precisam estar em conformidade com o eSocial, um sistema do governo que unifica as informa\u00e7\u00f5es trabalhistas, fiscais e previdenci\u00e1rias dos colaboradores.<\/p>\n<h2>RECOMENDA\u00c7\u00d5ES E OUTRAS INFORMA\u00c7\u00d5ES IMPORTANTES<\/h2>\n<p>Para garantir que a utiliza\u00e7\u00e3o do <strong>sistema de emiss\u00e3o de aso<\/strong> seja eficiente e traga todos os benef\u00edcios esperados, \u00e9 fundamental seguir algumas recomenda\u00e7\u00f5es. Entre elas, podemos destacar:<\/p>\n<p>Escolher um sistema de emiss\u00e3o de ASO de uma empresa confi\u00e1vel e com experi\u00eancia na \u00e1rea de gest\u00e3o de SST;<\/p>\n<p>Capacitar os profissionais respons\u00e1veis pela utiliza\u00e7\u00e3o do sistema;<\/p>\n<p>Manter o sistema sempre atualizado e realizar backups regularmente;<\/p>\n<p>Fazer uma an\u00e1lise das necessidades da empresa antes de escolher o sistema mais adequado;<\/p>\n<p>Seguir corretamente as normas regulamentadoras e leis relacionadas \u00e0 sa\u00fade e seguran\u00e7a no trabalho.<\/p>\n<p>Com todas essas informa\u00e7\u00f5es, voc\u00ea j\u00e1 pode entender a import\u00e2ncia e os benef\u00edcios do <strong>sistema de emiss\u00e3o de aso<\/strong>. N\u00e3o deixe de entrar em contato com a Sistema METRA e solicitar uma cota\u00e7\u00e3o para saber mais sobre como podemos te ajudar a gerenciar a sa\u00fade ocupacional dos seus colaboradores de forma eficiente e segura. N\u00e3o perca mais tempo e garanta o bem-estar e a conformidade da sua empresa!<\/p>\n<h2>Para saber mais sobre Como Aprimorar o Sistema de emiss\u00e3o de aso<\/h2>\n<p>Ligue para <strong>0800-707-5900 <\/strong>ou clique aqui e entre em contato por email.<\/p>\n<p>O conte\u00fado do texto desta p\u00e1gina \u00e9 de direito reservado. Sua reprodu\u00e7\u00e3o, parcial ou total, mesmo citando nossos links, \u00e9 proibida sem a autoriza\u00e7\u00e3o do autor. Crime de viola\u00e7\u00e3o de direito autoral \u2013 artigo 184 do C\u00f3digo Penal \u2013 Lei 9610\/98 &#8211; Lei de direitos autorais. <\/article>\n","protected":false},"excerpt":{"rendered":"<p>Venha descobrir como o sistema de emiss\u00e3o de aso da Sistema METRA pode te ajudar a gerenciar de forma f\u00e1cil e eficiente a sa\u00fade ocupacional dos seus colaboradores. Solicite agora mesmo uma cota\u00e7\u00e3o e veja como podemos te ajudar a otimizar as suas atividades relacionadas \u00e0 seguran\u00e7a e sa\u00fade no trabalho! O QUE \u00c9 O [&hellip;]<\/p>\n","protected":false},"author":3,"featured_media":525,"comment_status":"open","ping_status":"open","sticky":false,"template":"","format":"standard","meta":{"footnotes":""},"categories":[12],"tags":[],"class_list":["post-524","post","type-post","status-publish","format-standard","has-post-thumbnail","hentry","category-programas-e-documentos"],"yoast_head":"<!-- This site is optimized with the Yoast SEO plugin v27.5 - https:\/\/yoast.com\/product\/yoast-seo-wordpress\/ -->\n<title>Sistema de emiss\u00e3o de aso | Sistema Metra<\/title>\n<meta name=\"robots\" content=\"index, follow, max-snippet:-1, max-image-preview:large, max-video-preview:-1\" \/>\n<link rel=\"canonical\" href=\"https:\/\/www.sistemametra.com.br\/blog\/sistema-emissao-aso\/\" \/>\n<meta property=\"og:locale\" content=\"pt_BR\" \/>\n<meta property=\"og:type\" content=\"article\" \/>\n<meta property=\"og:title\" content=\"Sistema de emiss\u00e3o de aso | Sistema Metra\" \/>\n<meta property=\"og:description\" content=\"Venha descobrir como o sistema de emiss\u00e3o de aso da Sistema METRA pode te ajudar a gerenciar de forma f\u00e1cil e eficiente a sa\u00fade ocupacional dos seus colaboradores. Solicite agora mesmo uma cota\u00e7\u00e3o e veja como podemos te ajudar a otimizar as suas atividades relacionadas \u00e0 seguran\u00e7a e sa\u00fade no trabalho! O QUE \u00c9 O [&hellip;]\" \/>\n<meta property=\"og:url\" content=\"https:\/\/www.sistemametra.com.br\/blog\/sistema-emissao-aso\/\" \/>\n<meta property=\"og:site_name\" content=\"Blog Metra\" \/>\n<meta property=\"article:publisher\" content=\"https:\/\/www.facebook.com\/metraweb\" \/>\n<meta property=\"article:published_time\" content=\"2026-02-14T03:00:00+00:00\" \/>\n<meta property=\"article:modified_time\" content=\"2026-04-28T19:51:19+00:00\" \/>\n<meta property=\"og:image\" content=\"https:\/\/www.sistemametra.com.br\/blog\/wp-content\/uploads\/2026\/04\/sistema-emissao-aso.webp\" \/>\n\t<meta property=\"og:image:width\" content=\"800\" \/>\n\t<meta property=\"og:image:height\" content=\"800\" \/>\n\t<meta property=\"og:image:type\" content=\"image\/jpeg\" \/>\n<meta name=\"author\" content=\"Anderson Fernandes\" \/>\n<meta name=\"twitter:card\" content=\"summary_large_image\" \/>\n<meta name=\"twitter:label1\" content=\"Escrito por\" \/>\n\t<meta name=\"twitter:data1\" content=\"Anderson Fernandes\" \/>\n\t<meta name=\"twitter:label2\" content=\"Est. tempo de leitura\" \/>\n\t<meta name=\"twitter:data2\" content=\"3 minutos\" \/>\n<script type=\"application\/ld+json\" class=\"yoast-schema-graph\">{\"@context\":\"https:\\\/\\\/schema.org\",\"@graph\":[{\"@type\":\"Article\",\"@id\":\"https:\\\/\\\/www.sistemametra.com.br\\\/blog\\\/sistema-emissao-aso\\\/#article\",\"isPartOf\":{\"@id\":\"https:\\\/\\\/www.sistemametra.com.br\\\/blog\\\/sistema-emissao-aso\\\/\"},\"author\":{\"name\":\"Anderson Fernandes\",\"@id\":\"https:\\\/\\\/www.sistemametra.com.br\\\/blog\\\/#\\\/schema\\\/person\\\/7c04d9110a7e64758ca9951890e56d82\"},\"headline\":\"Como Aprimorar o Sistema de emiss\u00e3o de aso\",\"datePublished\":\"2026-02-14T03:00:00+00:00\",\"dateModified\":\"2026-04-28T19:51:19+00:00\",\"mainEntityOfPage\":{\"@id\":\"https:\\\/\\\/www.sistemametra.com.br\\\/blog\\\/sistema-emissao-aso\\\/\"},\"wordCount\":631,\"commentCount\":0,\"publisher\":{\"@id\":\"https:\\\/\\\/www.sistemametra.com.br\\\/blog\\\/#organization\"},\"image\":{\"@id\":\"https:\\\/\\\/www.sistemametra.com.br\\\/blog\\\/sistema-emissao-aso\\\/#primaryimage\"},\"thumbnailUrl\":\"https:\\\/\\\/www.sistemametra.com.br\\\/blog\\\/wp-content\\\/uploads\\\/2026\\\/04\\\/sistema-emissao-aso.webp\",\"articleSection\":[\"Programas e Documentos\"],\"inLanguage\":\"pt-BR\",\"potentialAction\":[{\"@type\":\"CommentAction\",\"name\":\"Comment\",\"target\":[\"https:\\\/\\\/www.sistemametra.com.br\\\/blog\\\/sistema-emissao-aso\\\/#respond\"]}]},{\"@type\":\"WebPage\",\"@id\":\"https:\\\/\\\/www.sistemametra.com.br\\\/blog\\\/sistema-emissao-aso\\\/\",\"url\":\"https:\\\/\\\/www.sistemametra.com.br\\\/blog\\\/sistema-emissao-aso\\\/\",\"name\":\"Sistema de emiss\u00e3o de aso | Sistema Metra\",\"isPartOf\":{\"@id\":\"https:\\\/\\\/www.sistemametra.com.br\\\/blog\\\/#website\"},\"primaryImageOfPage\":{\"@id\":\"https:\\\/\\\/www.sistemametra.com.br\\\/blog\\\/sistema-emissao-aso\\\/#primaryimage\"},\"image\":{\"@id\":\"https:\\\/\\\/www.sistemametra.com.br\\\/blog\\\/sistema-emissao-aso\\\/#primaryimage\"},\"thumbnailUrl\":\"https:\\\/\\\/www.sistemametra.com.br\\\/blog\\\/wp-content\\\/uploads\\\/2026\\\/04\\\/sistema-emissao-aso.webp\",\"datePublished\":\"2026-02-14T03:00:00+00:00\",\"dateModified\":\"2026-04-28T19:51:19+00:00\",\"breadcrumb\":{\"@id\":\"https:\\\/\\\/www.sistemametra.com.br\\\/blog\\\/sistema-emissao-aso\\\/#breadcrumb\"},\"inLanguage\":\"pt-BR\",\"potentialAction\":[{\"@type\":\"ReadAction\",\"target\":[\"https:\\\/\\\/www.sistemametra.com.br\\\/blog\\\/sistema-emissao-aso\\\/\"]}]},{\"@type\":\"ImageObject\",\"inLanguage\":\"pt-BR\",\"@id\":\"https:\\\/\\\/www.sistemametra.com.br\\\/blog\\\/sistema-emissao-aso\\\/#primaryimage\",\"url\":\"https:\\\/\\\/www.sistemametra.com.br\\\/blog\\\/wp-content\\\/uploads\\\/2026\\\/04\\\/sistema-emissao-aso.webp\",\"contentUrl\":\"https:\\\/\\\/www.sistemametra.com.br\\\/blog\\\/wp-content\\\/uploads\\\/2026\\\/04\\\/sistema-emissao-aso.webp\",\"width\":800,\"height\":800,\"caption\":\"sobre emiss\u00e3o de aso | Blog Metra\"},{\"@type\":\"BreadcrumbList\",\"@id\":\"https:\\\/\\\/www.sistemametra.com.br\\\/blog\\\/sistema-emissao-aso\\\/#breadcrumb\",\"itemListElement\":[{\"@type\":\"ListItem\",\"position\":1,\"name\":\"In\u00edcio\",\"item\":\"https:\\\/\\\/www.sistemametra.com.br\\\/blog\\\/\"},{\"@type\":\"ListItem\",\"position\":2,\"name\":\"Como Aprimorar o Sistema de emiss\u00e3o de aso\"}]},{\"@type\":\"WebSite\",\"@id\":\"https:\\\/\\\/www.sistemametra.com.br\\\/blog\\\/#website\",\"url\":\"https:\\\/\\\/www.sistemametra.com.br\\\/blog\\\/\",\"name\":\"Blog Metra\",\"description\":\"Conte\u00fado pr\u00e1tico sobre Sa\u00fade e Seguran\u00e7a do Trabalho: normas, documentos e obriga\u00e7\u00f5es explicados de forma direta para profissionais e empresas.\",\"publisher\":{\"@id\":\"https:\\\/\\\/www.sistemametra.com.br\\\/blog\\\/#organization\"},\"alternateName\":\"Sistema Metra\",\"potentialAction\":[{\"@type\":\"SearchAction\",\"target\":{\"@type\":\"EntryPoint\",\"urlTemplate\":\"https:\\\/\\\/www.sistemametra.com.br\\\/blog\\\/?s={search_term_string}\"},\"query-input\":{\"@type\":\"PropertyValueSpecification\",\"valueRequired\":true,\"valueName\":\"search_term_string\"}}],\"inLanguage\":\"pt-BR\"},{\"@type\":\"Organization\",\"@id\":\"https:\\\/\\\/www.sistemametra.com.br\\\/blog\\\/#organization\",\"name\":\"Sistema Metra\",\"url\":\"https:\\\/\\\/www.sistemametra.com.br\\\/blog\\\/\",\"logo\":{\"@type\":\"ImageObject\",\"inLanguage\":\"pt-BR\",\"@id\":\"https:\\\/\\\/www.sistemametra.com.br\\\/blog\\\/#\\\/schema\\\/logo\\\/image\\\/\",\"url\":\"https:\\\/\\\/www.sistemametra.com.br\\\/blog\\\/wp-content\\\/uploads\\\/2026\\\/04\\\/blog-metra.webp\",\"contentUrl\":\"https:\\\/\\\/www.sistemametra.com.br\\\/blog\\\/wp-content\\\/uploads\\\/2026\\\/04\\\/blog-metra.webp\",\"width\":800,\"height\":800,\"caption\":\"Sistema Metra\"},\"image\":{\"@id\":\"https:\\\/\\\/www.sistemametra.com.br\\\/blog\\\/#\\\/schema\\\/logo\\\/image\\\/\"},\"sameAs\":[\"https:\\\/\\\/www.facebook.com\\\/metraweb\",\"https:\\\/\\\/www.linkedin.com\\\/company\\\/metra-web\\\/?viewAsMember=true\",\"https:\\\/\\\/www.youtube.com\\\/@SistemaMetra\"]},{\"@type\":\"Person\",\"@id\":\"https:\\\/\\\/www.sistemametra.com.br\\\/blog\\\/#\\\/schema\\\/person\\\/7c04d9110a7e64758ca9951890e56d82\",\"name\":\"Anderson Fernandes\",\"image\":{\"@type\":\"ImageObject\",\"inLanguage\":\"pt-BR\",\"@id\":\"https:\\\/\\\/secure.gravatar.com\\\/avatar\\\/fbe9c5fc3e57710af6aceaea09e3d466e4721a3069e8568b6c9655c7231c5b5e?s=96&d=mm&r=g\",\"url\":\"https:\\\/\\\/secure.gravatar.com\\\/avatar\\\/fbe9c5fc3e57710af6aceaea09e3d466e4721a3069e8568b6c9655c7231c5b5e?s=96&d=mm&r=g\",\"contentUrl\":\"https:\\\/\\\/secure.gravatar.com\\\/avatar\\\/fbe9c5fc3e57710af6aceaea09e3d466e4721a3069e8568b6c9655c7231c5b5e?s=96&d=mm&r=g\",\"caption\":\"Anderson Fernandes\"},\"description\":\"Com forma\u00e7\u00e3o superior \u00e9 t\u00e9cnico em Seguran\u00e7a do Trabalho do Sistema Metra. H\u00e1 30 anos trabalhando ininterruptamente na \u00e1rea desde 2002. Formado ainda no Curso de Tecn\u00f3logo em Seguran\u00e7a do Trabalho e cursando Engenharia visando a p\u00f3s gradua\u00e7\u00e3o em Seguran\u00e7a do Trabalho. Atua ainda como int\u00e9rprete de LIBRAS e atualmente \u00e9 consultor de diversas empresas em ramos de atividade como: Minera\u00e7\u00e3o, Automobil\u00edstica, Manuten\u00e7\u00e3o El\u00e9trica de Grande Porte, Cer\u00e2mica, Refrat\u00e1rios, Sa\u00fade entre outros. \u00c9 propriet\u00e1rio da empresa Mais Sa\u00fade e Seguran\u00e7a do Trabalho e atende seus clientes de forma personalizada moldando a\u00e7\u00f5es conforme as caracter\u00edsticas de cliente.\",\"sameAs\":[\"https:\\\/\\\/www.sistemametra.com.br\",\"https:\\\/\\\/www.instagram.com\\\/andfergom17121999\"],\"url\":\"https:\\\/\\\/www.sistemametra.com.br\\\/blog\\\/author\\\/anderson-fernandes\\\/\"}]}<\/script>\n<!-- \/ Yoast SEO plugin. -->","yoast_head_json":{"title":"Sistema de emiss\u00e3o de aso | Sistema Metra","robots":{"index":"index","follow":"follow","max-snippet":"max-snippet:-1","max-image-preview":"max-image-preview:large","max-video-preview":"max-video-preview:-1"},"canonical":"https:\/\/www.sistemametra.com.br\/blog\/sistema-emissao-aso\/","og_locale":"pt_BR","og_type":"article","og_title":"Sistema de emiss\u00e3o de aso | Sistema Metra","og_description":"Venha descobrir como o sistema de emiss\u00e3o de aso da Sistema METRA pode te ajudar a gerenciar de forma f\u00e1cil e eficiente a sa\u00fade ocupacional dos seus colaboradores. Solicite agora mesmo uma cota\u00e7\u00e3o e veja como podemos te ajudar a otimizar as suas atividades relacionadas \u00e0 seguran\u00e7a e sa\u00fade no trabalho! O QUE \u00c9 O [&hellip;]","og_url":"https:\/\/www.sistemametra.com.br\/blog\/sistema-emissao-aso\/","og_site_name":"Blog Metra","article_publisher":"https:\/\/www.facebook.com\/metraweb","article_published_time":"2026-02-14T03:00:00+00:00","article_modified_time":"2026-04-28T19:51:19+00:00","og_image":[{"width":800,"height":800,"url":"https:\/\/www.sistemametra.com.br\/blog\/wp-content\/uploads\/2026\/04\/sistema-emissao-aso.webp","type":"image\/jpeg"}],"author":"Anderson Fernandes","twitter_card":"summary_large_image","twitter_misc":{"Escrito por":"Anderson Fernandes","Est. tempo de leitura":"3 minutos"},"schema":{"@context":"https:\/\/schema.org","@graph":[{"@type":"Article","@id":"https:\/\/www.sistemametra.com.br\/blog\/sistema-emissao-aso\/#article","isPartOf":{"@id":"https:\/\/www.sistemametra.com.br\/blog\/sistema-emissao-aso\/"},"author":{"name":"Anderson Fernandes","@id":"https:\/\/www.sistemametra.com.br\/blog\/#\/schema\/person\/7c04d9110a7e64758ca9951890e56d82"},"headline":"Como Aprimorar o Sistema de emiss\u00e3o de aso","datePublished":"2026-02-14T03:00:00+00:00","dateModified":"2026-04-28T19:51:19+00:00","mainEntityOfPage":{"@id":"https:\/\/www.sistemametra.com.br\/blog\/sistema-emissao-aso\/"},"wordCount":631,"commentCount":0,"publisher":{"@id":"https:\/\/www.sistemametra.com.br\/blog\/#organization"},"image":{"@id":"https:\/\/www.sistemametra.com.br\/blog\/sistema-emissao-aso\/#primaryimage"},"thumbnailUrl":"https:\/\/www.sistemametra.com.br\/blog\/wp-content\/uploads\/2026\/04\/sistema-emissao-aso.webp","articleSection":["Programas e Documentos"],"inLanguage":"pt-BR","potentialAction":[{"@type":"CommentAction","name":"Comment","target":["https:\/\/www.sistemametra.com.br\/blog\/sistema-emissao-aso\/#respond"]}]},{"@type":"WebPage","@id":"https:\/\/www.sistemametra.com.br\/blog\/sistema-emissao-aso\/","url":"https:\/\/www.sistemametra.com.br\/blog\/sistema-emissao-aso\/","name":"Sistema de emiss\u00e3o de aso | Sistema Metra","isPartOf":{"@id":"https:\/\/www.sistemametra.com.br\/blog\/#website"},"primaryImageOfPage":{"@id":"https:\/\/www.sistemametra.com.br\/blog\/sistema-emissao-aso\/#primaryimage"},"image":{"@id":"https:\/\/www.sistemametra.com.br\/blog\/sistema-emissao-aso\/#primaryimage"},"thumbnailUrl":"https:\/\/www.sistemametra.com.br\/blog\/wp-content\/uploads\/2026\/04\/sistema-emissao-aso.webp","datePublished":"2026-02-14T03:00:00+00:00","dateModified":"2026-04-28T19:51:19+00:00","breadcrumb":{"@id":"https:\/\/www.sistemametra.com.br\/blog\/sistema-emissao-aso\/#breadcrumb"},"inLanguage":"pt-BR","potentialAction":[{"@type":"ReadAction","target":["https:\/\/www.sistemametra.com.br\/blog\/sistema-emissao-aso\/"]}]},{"@type":"ImageObject","inLanguage":"pt-BR","@id":"https:\/\/www.sistemametra.com.br\/blog\/sistema-emissao-aso\/#primaryimage","url":"https:\/\/www.sistemametra.com.br\/blog\/wp-content\/uploads\/2026\/04\/sistema-emissao-aso.webp","contentUrl":"https:\/\/www.sistemametra.com.br\/blog\/wp-content\/uploads\/2026\/04\/sistema-emissao-aso.webp","width":800,"height":800,"caption":"sobre emiss\u00e3o de aso | Blog Metra"},{"@type":"BreadcrumbList","@id":"https:\/\/www.sistemametra.com.br\/blog\/sistema-emissao-aso\/#breadcrumb","itemListElement":[{"@type":"ListItem","position":1,"name":"In\u00edcio","item":"https:\/\/www.sistemametra.com.br\/blog\/"},{"@type":"ListItem","position":2,"name":"Como Aprimorar o Sistema de emiss\u00e3o de aso"}]},{"@type":"WebSite","@id":"https:\/\/www.sistemametra.com.br\/blog\/#website","url":"https:\/\/www.sistemametra.com.br\/blog\/","name":"Blog Metra","description":"Conte\u00fado pr\u00e1tico sobre Sa\u00fade e Seguran\u00e7a do Trabalho: normas, documentos e obriga\u00e7\u00f5es explicados de forma direta para profissionais e empresas.","publisher":{"@id":"https:\/\/www.sistemametra.com.br\/blog\/#organization"},"alternateName":"Sistema Metra","potentialAction":[{"@type":"SearchAction","target":{"@type":"EntryPoint","urlTemplate":"https:\/\/www.sistemametra.com.br\/blog\/?s={search_term_string}"},"query-input":{"@type":"PropertyValueSpecification","valueRequired":true,"valueName":"search_term_string"}}],"inLanguage":"pt-BR"},{"@type":"Organization","@id":"https:\/\/www.sistemametra.com.br\/blog\/#organization","name":"Sistema Metra","url":"https:\/\/www.sistemametra.com.br\/blog\/","logo":{"@type":"ImageObject","inLanguage":"pt-BR","@id":"https:\/\/www.sistemametra.com.br\/blog\/#\/schema\/logo\/image\/","url":"https:\/\/www.sistemametra.com.br\/blog\/wp-content\/uploads\/2026\/04\/blog-metra.webp","contentUrl":"https:\/\/www.sistemametra.com.br\/blog\/wp-content\/uploads\/2026\/04\/blog-metra.webp","width":800,"height":800,"caption":"Sistema Metra"},"image":{"@id":"https:\/\/www.sistemametra.com.br\/blog\/#\/schema\/logo\/image\/"},"sameAs":["https:\/\/www.facebook.com\/metraweb","https:\/\/www.linkedin.com\/company\/metra-web\/?viewAsMember=true","https:\/\/www.youtube.com\/@SistemaMetra"]},{"@type":"Person","@id":"https:\/\/www.sistemametra.com.br\/blog\/#\/schema\/person\/7c04d9110a7e64758ca9951890e56d82","name":"Anderson Fernandes","image":{"@type":"ImageObject","inLanguage":"pt-BR","@id":"https:\/\/secure.gravatar.com\/avatar\/fbe9c5fc3e57710af6aceaea09e3d466e4721a3069e8568b6c9655c7231c5b5e?s=96&d=mm&r=g","url":"https:\/\/secure.gravatar.com\/avatar\/fbe9c5fc3e57710af6aceaea09e3d466e4721a3069e8568b6c9655c7231c5b5e?s=96&d=mm&r=g","contentUrl":"https:\/\/secure.gravatar.com\/avatar\/fbe9c5fc3e57710af6aceaea09e3d466e4721a3069e8568b6c9655c7231c5b5e?s=96&d=mm&r=g","caption":"Anderson Fernandes"},"description":"Com forma\u00e7\u00e3o superior \u00e9 t\u00e9cnico em Seguran\u00e7a do Trabalho do Sistema Metra. H\u00e1 30 anos trabalhando ininterruptamente na \u00e1rea desde 2002. Formado ainda no Curso de Tecn\u00f3logo em Seguran\u00e7a do Trabalho e cursando Engenharia visando a p\u00f3s gradua\u00e7\u00e3o em Seguran\u00e7a do Trabalho. Atua ainda como int\u00e9rprete de LIBRAS e atualmente \u00e9 consultor de diversas empresas em ramos de atividade como: Minera\u00e7\u00e3o, Automobil\u00edstica, Manuten\u00e7\u00e3o El\u00e9trica de Grande Porte, Cer\u00e2mica, Refrat\u00e1rios, Sa\u00fade entre outros. \u00c9 propriet\u00e1rio da empresa Mais Sa\u00fade e Seguran\u00e7a do Trabalho e atende seus clientes de forma personalizada moldando a\u00e7\u00f5es conforme as caracter\u00edsticas de cliente.","sameAs":["https:\/\/www.sistemametra.com.br","https:\/\/www.instagram.com\/andfergom17121999"],"url":"https:\/\/www.sistemametra.com.br\/blog\/author\/anderson-fernandes\/"}]}},"_links":{"self":[{"href":"https:\/\/www.sistemametra.com.br\/blog\/wp-json\/wp\/v2\/posts\/524","targetHints":{"allow":["GET"]}}],"collection":[{"href":"https:\/\/www.sistemametra.com.br\/blog\/wp-json\/wp\/v2\/posts"}],"about":[{"href":"https:\/\/www.sistemametra.com.br\/blog\/wp-json\/wp\/v2\/types\/post"}],"author":[{"embeddable":true,"href":"https:\/\/www.sistemametra.com.br\/blog\/wp-json\/wp\/v2\/users\/3"}],"replies":[{"embeddable":true,"href":"https:\/\/www.sistemametra.com.br\/blog\/wp-json\/wp\/v2\/comments?post=524"}],"version-history":[{"count":1,"href":"https:\/\/www.sistemametra.com.br\/blog\/wp-json\/wp\/v2\/posts\/524\/revisions"}],"predecessor-version":[{"id":822,"href":"https:\/\/www.sistemametra.com.br\/blog\/wp-json\/wp\/v2\/posts\/524\/revisions\/822"}],"wp:featuredmedia":[{"embeddable":true,"href":"https:\/\/www.sistemametra.com.br\/blog\/wp-json\/wp\/v2\/media\/525"}],"wp:attachment":[{"href":"https:\/\/www.sistemametra.com.br\/blog\/wp-json\/wp\/v2\/media?parent=524"}],"wp:term":[{"taxonomy":"category","embeddable":true,"href":"https:\/\/www.sistemametra.com.br\/blog\/wp-json\/wp\/v2\/categories?post=524"},{"taxonomy":"post_tag","embeddable":true,"href":"https:\/\/www.sistemametra.com.br\/blog\/wp-json\/wp\/v2\/tags?post=524"}],"curies":[{"name":"wp","href":"https:\/\/api.w.org\/{rel}","templated":true}]}}