{"id":528,"date":"2026-02-16T00:00:00","date_gmt":"2026-02-16T03:00:00","guid":{"rendered":"https:\/\/www.sistemametra.com.br\/blog\/sistema-emissao-aso-sst-esocial\/"},"modified":"2026-04-28T16:51:18","modified_gmt":"2026-04-28T19:51:18","slug":"sistema-emissao-aso-sst-esocial","status":"publish","type":"post","link":"https:\/\/www.sistemametra.com.br\/blog\/sistema-emissao-aso-sst-esocial\/","title":{"rendered":"Como Aprimorar o Sistema de emiss\u00e3o de aso e sst esocial"},"content":{"rendered":"<article>\n<p>Voc\u00ea j\u00e1 ouviu falar sobre o <strong>sistema de emiss\u00e3o de aso e sst esocial<\/strong>? Se voc\u00ea \u00e9 um gestor ou respons\u00e1vel pela \u00e1rea de sa\u00fade e seguran\u00e7a do trabalho na sua empresa, certamente j\u00e1 est\u00e1 familiarizado com esse termo. E se ainda n\u00e3o est\u00e1, provavelmente est\u00e1 procurando por solu\u00e7\u00f5es eficientes e atualizadas para gerenciar essas quest\u00f5es em sua empresa. Se esse \u00e9 o seu caso, ent\u00e3o voc\u00ea est\u00e1 no lugar certo! A empresa Sistema METRA \u00e9 especializada em Como Aprimorar o Sistema de Solu\u00e7\u00f5es para Gest\u00e3o de SST e eSocial e oferece o melhor <strong>sistema de emiss\u00e3o de aso e sst esocial<\/strong> do mercado. Fa\u00e7a uma cota\u00e7\u00e3o agora mesmo e descubra como podemos te ajudar!<\/p>\n<h2>O QUE \u00c9 O SISTEMA DE EMISS\u00c3O DE ASO E SST ESOCIAL?<\/h2>\n<p>O <strong>sistema de emiss\u00e3o de aso e sst esocial<\/strong> \u00e9 uma ferramenta essencial para empresas que desejam otimizar e automatizar o processo de emiss\u00e3o de documentos relacionados \u00e0 sa\u00fade e seguran\u00e7a do trabalho. O ASO (Avalia\u00e7\u00e3o de Sa\u00fade Ocupacional) \u00e9 um documento obrigat\u00f3rio para todos os trabalhadores, que comprova que est\u00e3o aptos para exercer suas fun\u00e7\u00f5es. Al\u00e9m disso, o sistema tamb\u00e9m auxilia na gest\u00e3o do eSocial, que \u00e9 um sistema do governo que unifica o envio de informa\u00e7\u00f5es trabalhistas, previdenci\u00e1rias e fiscais de todas as empresas.<\/p>\n<h2>VANTAGENS DE UTILIZAR O SISTEMA DE EMISS\u00c3O DE ASO E SST ESOCIAL<\/h2>\n<p>O uso do <strong>sistema de emiss\u00e3o de aso e sst esocial<\/strong> traz in\u00fameros benef\u00edcios para a empresa, como:<\/p>\n<p>Automatiza\u00e7\u00e3o do processo de emiss\u00e3o de ASO, facilitando o controle e acompanhamento dos exames m\u00e9dicos;<\/p>\n<p>Redu\u00e7\u00e3o de erros e retrabalhos, j\u00e1 que as informa\u00e7\u00f5es s\u00e3o inseridas diretamente no sistema;<\/p>\n<p>Melhor organiza\u00e7\u00e3o e seguran\u00e7a dos documentos, j\u00e1 que ficam armazenados de forma eletr\u00f4nica;<\/p>\n<p>Otimiza\u00e7\u00e3o do tempo, pois o sistema agiliza o processo de emiss\u00e3o e envio de documentos;<\/p>\n<p>Conformidade com a legisla\u00e7\u00e3o trabalhista e previdenci\u00e1ria;<\/p>\n<p>Integra\u00e7\u00e3o com o eSocial, garantindo o envio correto e em dia das informa\u00e7\u00f5es obrigat\u00f3rias;<\/p>\n<p>Redu\u00e7\u00e3o de custos, pois evita gastos com impress\u00e3o, armazenamento e envio de documentos f\u00edsicos.<\/p>\n<h2>FUNCIONALIDADE DO SISTEMA DE EMISS\u00c3O DE ASO E SST ESOCIAL<\/h2>\n<p>O <strong>sistema de emiss\u00e3o de aso e sst esocial<\/strong> da Sistema METRA possui diversas funcionalidades que facilitam o dia a dia da empresa, como:<\/p>\n<p>Cadastro de colaboradores e v\u00ednculos trabalhistas;<\/p>\n<p>Agendamento de exames e prazos de validade;<\/p>\n<p>Emiss\u00e3o de ASO de acordo com as normas do Minist\u00e9rio do Trabalho;<\/p>\n<p>Controle de datas e periodicidade dos exames;<\/p>\n<p>Emiss\u00e3o de CAT em casos de acidentes de trabalho;<\/p>\n<p>Gest\u00e3o de afastamentos e retorno ao trabalho;<\/p>\n<p>Integra\u00e7\u00e3o com o eSocial, evitando falhas e inconsist\u00eancias nas informa\u00e7\u00f5es enviadas ao governo;<\/p>\n<p>Relat\u00f3rios completos e personalizados para an\u00e1lise e tomada de decis\u00e3o.<\/p>\n<h2>APLICABILIDADE E RECOMENDA\u00c7\u00d5ES DO SISTEMA DE EMISS\u00c3O DE ASO E SST ESOCIAL<\/h2>\n<p>O <strong>sistema de emiss\u00e3o de aso e sst esocial<\/strong> \u00e9 aplic\u00e1vel a empresas de todos os portes e segmentos, que desejam manter a conformidade com a legisla\u00e7\u00e3o e garantir a sa\u00fade e seguran\u00e7a de seus colaboradores. Al\u00e9m disso, \u00e9 recomendado que a empresa busque um sistema confi\u00e1vel e atualizado, como o da Sistema METRA, que oferece suporte t\u00e9cnico especializado e se mant\u00e9m sempre informado sobre as mudan\u00e7as na legisla\u00e7\u00e3o.<\/p>\n<p>Agora que voc\u00ea j\u00e1 conhece mais sobre o <strong>sistema de emiss\u00e3o de aso e sst esocial<\/strong>, n\u00e3o perca mais tempo e fa\u00e7a uma cota\u00e7\u00e3o com a Sistema METRA. Oferecemos a melhor solu\u00e7\u00e3o para gest\u00e3o de SST e eSocial, garantindo a seguran\u00e7a e efici\u00eancia no processo de emiss\u00e3o de documentos. Entre em contato conosco e saiba mais!<\/p>\n<h2>Para saber mais sobre Como Aprimorar o Sistema de emiss\u00e3o de aso e sst esocial<\/h2>\n<p>Ligue para <strong>0800-707-5900<\/strong> ou clique aqui e entre em contato por email.<\/p>\n<p>O conte\u00fado do texto desta p\u00e1gina \u00e9 de direito reservado. Sua reprodu\u00e7\u00e3o, parcial ou total, mesmo citando nossos links, \u00e9 proibida sem a autoriza\u00e7\u00e3o do autor. Crime de viola\u00e7\u00e3o de direito autoral \u2013 artigo 184 do C\u00f3digo Penal \u2013 Lei 9610\/98 &#8211; Lei de direitos autorais. <\/article>\n","protected":false},"excerpt":{"rendered":"<p>Voc\u00ea j\u00e1 ouviu falar sobre o sistema de emiss\u00e3o de aso e sst esocial? Se voc\u00ea \u00e9 um gestor ou respons\u00e1vel pela \u00e1rea de sa\u00fade e seguran\u00e7a do trabalho na sua empresa, certamente j\u00e1 est\u00e1 familiarizado com esse termo. E se ainda n\u00e3o est\u00e1, provavelmente est\u00e1 procurando por solu\u00e7\u00f5es eficientes e atualizadas para gerenciar essas [&hellip;]<\/p>\n","protected":false},"author":3,"featured_media":529,"comment_status":"open","ping_status":"open","sticky":false,"template":"","format":"standard","meta":{"footnotes":""},"categories":[5,27],"tags":[],"class_list":["post-528","post","type-post","status-publish","format-standard","has-post-thumbnail","hentry","category-esocial","category-esocial-sst"],"yoast_head":"<!-- This site is optimized with the Yoast SEO plugin v27.5 - https:\/\/yoast.com\/product\/yoast-seo-wordpress\/ -->\n<title>Sistema de emiss\u00e3o de aso e sst esocial | Sistema Metra<\/title>\n<meta name=\"robots\" content=\"index, follow, max-snippet:-1, max-image-preview:large, max-video-preview:-1\" \/>\n<link rel=\"canonical\" href=\"https:\/\/www.sistemametra.com.br\/blog\/sistema-emissao-aso-sst-esocial\/\" \/>\n<meta property=\"og:locale\" content=\"pt_BR\" \/>\n<meta property=\"og:type\" content=\"article\" \/>\n<meta property=\"og:title\" content=\"Sistema de emiss\u00e3o de aso e sst esocial | Sistema Metra\" \/>\n<meta property=\"og:description\" content=\"Voc\u00ea j\u00e1 ouviu falar sobre o sistema de emiss\u00e3o de aso e sst esocial? Se voc\u00ea \u00e9 um gestor ou respons\u00e1vel pela \u00e1rea de sa\u00fade e seguran\u00e7a do trabalho na sua empresa, certamente j\u00e1 est\u00e1 familiarizado com esse termo. E se ainda n\u00e3o est\u00e1, provavelmente est\u00e1 procurando por solu\u00e7\u00f5es eficientes e atualizadas para gerenciar essas [&hellip;]\" \/>\n<meta property=\"og:url\" content=\"https:\/\/www.sistemametra.com.br\/blog\/sistema-emissao-aso-sst-esocial\/\" \/>\n<meta property=\"og:site_name\" content=\"Blog Metra\" \/>\n<meta property=\"article:publisher\" content=\"https:\/\/www.facebook.com\/metraweb\" \/>\n<meta property=\"article:published_time\" content=\"2026-02-16T03:00:00+00:00\" \/>\n<meta property=\"article:modified_time\" content=\"2026-04-28T19:51:18+00:00\" \/>\n<meta property=\"og:image\" content=\"https:\/\/www.sistemametra.com.br\/blog\/wp-content\/uploads\/2026\/04\/sistema-emissao-aso-sst-esocial.webp\" \/>\n\t<meta property=\"og:image:width\" content=\"800\" \/>\n\t<meta property=\"og:image:height\" content=\"800\" \/>\n\t<meta property=\"og:image:type\" content=\"image\/jpeg\" \/>\n<meta name=\"author\" content=\"Anderson Fernandes\" \/>\n<meta name=\"twitter:card\" content=\"summary_large_image\" \/>\n<meta name=\"twitter:label1\" content=\"Escrito por\" \/>\n\t<meta name=\"twitter:data1\" content=\"Anderson Fernandes\" \/>\n\t<meta name=\"twitter:label2\" content=\"Est. tempo de leitura\" \/>\n\t<meta name=\"twitter:data2\" content=\"4 minutos\" \/>\n<script type=\"application\/ld+json\" class=\"yoast-schema-graph\">{\"@context\":\"https:\\\/\\\/schema.org\",\"@graph\":[{\"@type\":\"Article\",\"@id\":\"https:\\\/\\\/www.sistemametra.com.br\\\/blog\\\/sistema-emissao-aso-sst-esocial\\\/#article\",\"isPartOf\":{\"@id\":\"https:\\\/\\\/www.sistemametra.com.br\\\/blog\\\/sistema-emissao-aso-sst-esocial\\\/\"},\"author\":{\"name\":\"Anderson Fernandes\",\"@id\":\"https:\\\/\\\/www.sistemametra.com.br\\\/blog\\\/#\\\/schema\\\/person\\\/7c04d9110a7e64758ca9951890e56d82\"},\"headline\":\"Como Aprimorar o Sistema de emiss\u00e3o de aso e sst esocial\",\"datePublished\":\"2026-02-16T03:00:00+00:00\",\"dateModified\":\"2026-04-28T19:51:18+00:00\",\"mainEntityOfPage\":{\"@id\":\"https:\\\/\\\/www.sistemametra.com.br\\\/blog\\\/sistema-emissao-aso-sst-esocial\\\/\"},\"wordCount\":740,\"commentCount\":0,\"publisher\":{\"@id\":\"https:\\\/\\\/www.sistemametra.com.br\\\/blog\\\/#organization\"},\"image\":{\"@id\":\"https:\\\/\\\/www.sistemametra.com.br\\\/blog\\\/sistema-emissao-aso-sst-esocial\\\/#primaryimage\"},\"thumbnailUrl\":\"https:\\\/\\\/www.sistemametra.com.br\\\/blog\\\/wp-content\\\/uploads\\\/2026\\\/04\\\/sistema-emissao-aso-sst-esocial.webp\",\"articleSection\":[\"eSocial\",\"eSocial SST\"],\"inLanguage\":\"pt-BR\",\"potentialAction\":[{\"@type\":\"CommentAction\",\"name\":\"Comment\",\"target\":[\"https:\\\/\\\/www.sistemametra.com.br\\\/blog\\\/sistema-emissao-aso-sst-esocial\\\/#respond\"]}]},{\"@type\":\"WebPage\",\"@id\":\"https:\\\/\\\/www.sistemametra.com.br\\\/blog\\\/sistema-emissao-aso-sst-esocial\\\/\",\"url\":\"https:\\\/\\\/www.sistemametra.com.br\\\/blog\\\/sistema-emissao-aso-sst-esocial\\\/\",\"name\":\"Sistema de emiss\u00e3o de aso e sst esocial | Sistema Metra\",\"isPartOf\":{\"@id\":\"https:\\\/\\\/www.sistemametra.com.br\\\/blog\\\/#website\"},\"primaryImageOfPage\":{\"@id\":\"https:\\\/\\\/www.sistemametra.com.br\\\/blog\\\/sistema-emissao-aso-sst-esocial\\\/#primaryimage\"},\"image\":{\"@id\":\"https:\\\/\\\/www.sistemametra.com.br\\\/blog\\\/sistema-emissao-aso-sst-esocial\\\/#primaryimage\"},\"thumbnailUrl\":\"https:\\\/\\\/www.sistemametra.com.br\\\/blog\\\/wp-content\\\/uploads\\\/2026\\\/04\\\/sistema-emissao-aso-sst-esocial.webp\",\"datePublished\":\"2026-02-16T03:00:00+00:00\",\"dateModified\":\"2026-04-28T19:51:18+00:00\",\"breadcrumb\":{\"@id\":\"https:\\\/\\\/www.sistemametra.com.br\\\/blog\\\/sistema-emissao-aso-sst-esocial\\\/#breadcrumb\"},\"inLanguage\":\"pt-BR\",\"potentialAction\":[{\"@type\":\"ReadAction\",\"target\":[\"https:\\\/\\\/www.sistemametra.com.br\\\/blog\\\/sistema-emissao-aso-sst-esocial\\\/\"]}]},{\"@type\":\"ImageObject\",\"inLanguage\":\"pt-BR\",\"@id\":\"https:\\\/\\\/www.sistemametra.com.br\\\/blog\\\/sistema-emissao-aso-sst-esocial\\\/#primaryimage\",\"url\":\"https:\\\/\\\/www.sistemametra.com.br\\\/blog\\\/wp-content\\\/uploads\\\/2026\\\/04\\\/sistema-emissao-aso-sst-esocial.webp\",\"contentUrl\":\"https:\\\/\\\/www.sistemametra.com.br\\\/blog\\\/wp-content\\\/uploads\\\/2026\\\/04\\\/sistema-emissao-aso-sst-esocial.webp\",\"width\":800,\"height\":800,\"caption\":\"sobre emiss\u00e3o de aso e sst esocial | Blog Metra\"},{\"@type\":\"BreadcrumbList\",\"@id\":\"https:\\\/\\\/www.sistemametra.com.br\\\/blog\\\/sistema-emissao-aso-sst-esocial\\\/#breadcrumb\",\"itemListElement\":[{\"@type\":\"ListItem\",\"position\":1,\"name\":\"In\u00edcio\",\"item\":\"https:\\\/\\\/www.sistemametra.com.br\\\/blog\\\/\"},{\"@type\":\"ListItem\",\"position\":2,\"name\":\"Como Aprimorar o Sistema de emiss\u00e3o de aso e sst esocial\"}]},{\"@type\":\"WebSite\",\"@id\":\"https:\\\/\\\/www.sistemametra.com.br\\\/blog\\\/#website\",\"url\":\"https:\\\/\\\/www.sistemametra.com.br\\\/blog\\\/\",\"name\":\"Blog Metra\",\"description\":\"Conte\u00fado pr\u00e1tico sobre Sa\u00fade e Seguran\u00e7a do Trabalho: normas, documentos e obriga\u00e7\u00f5es explicados de forma direta para profissionais e empresas.\",\"publisher\":{\"@id\":\"https:\\\/\\\/www.sistemametra.com.br\\\/blog\\\/#organization\"},\"alternateName\":\"Sistema Metra\",\"potentialAction\":[{\"@type\":\"SearchAction\",\"target\":{\"@type\":\"EntryPoint\",\"urlTemplate\":\"https:\\\/\\\/www.sistemametra.com.br\\\/blog\\\/?s={search_term_string}\"},\"query-input\":{\"@type\":\"PropertyValueSpecification\",\"valueRequired\":true,\"valueName\":\"search_term_string\"}}],\"inLanguage\":\"pt-BR\"},{\"@type\":\"Organization\",\"@id\":\"https:\\\/\\\/www.sistemametra.com.br\\\/blog\\\/#organization\",\"name\":\"Sistema Metra\",\"url\":\"https:\\\/\\\/www.sistemametra.com.br\\\/blog\\\/\",\"logo\":{\"@type\":\"ImageObject\",\"inLanguage\":\"pt-BR\",\"@id\":\"https:\\\/\\\/www.sistemametra.com.br\\\/blog\\\/#\\\/schema\\\/logo\\\/image\\\/\",\"url\":\"https:\\\/\\\/www.sistemametra.com.br\\\/blog\\\/wp-content\\\/uploads\\\/2026\\\/04\\\/blog-metra.webp\",\"contentUrl\":\"https:\\\/\\\/www.sistemametra.com.br\\\/blog\\\/wp-content\\\/uploads\\\/2026\\\/04\\\/blog-metra.webp\",\"width\":800,\"height\":800,\"caption\":\"Sistema Metra\"},\"image\":{\"@id\":\"https:\\\/\\\/www.sistemametra.com.br\\\/blog\\\/#\\\/schema\\\/logo\\\/image\\\/\"},\"sameAs\":[\"https:\\\/\\\/www.facebook.com\\\/metraweb\",\"https:\\\/\\\/www.linkedin.com\\\/company\\\/metra-web\\\/?viewAsMember=true\",\"https:\\\/\\\/www.youtube.com\\\/@SistemaMetra\"]},{\"@type\":\"Person\",\"@id\":\"https:\\\/\\\/www.sistemametra.com.br\\\/blog\\\/#\\\/schema\\\/person\\\/7c04d9110a7e64758ca9951890e56d82\",\"name\":\"Anderson Fernandes\",\"image\":{\"@type\":\"ImageObject\",\"inLanguage\":\"pt-BR\",\"@id\":\"https:\\\/\\\/secure.gravatar.com\\\/avatar\\\/fbe9c5fc3e57710af6aceaea09e3d466e4721a3069e8568b6c9655c7231c5b5e?s=96&d=mm&r=g\",\"url\":\"https:\\\/\\\/secure.gravatar.com\\\/avatar\\\/fbe9c5fc3e57710af6aceaea09e3d466e4721a3069e8568b6c9655c7231c5b5e?s=96&d=mm&r=g\",\"contentUrl\":\"https:\\\/\\\/secure.gravatar.com\\\/avatar\\\/fbe9c5fc3e57710af6aceaea09e3d466e4721a3069e8568b6c9655c7231c5b5e?s=96&d=mm&r=g\",\"caption\":\"Anderson Fernandes\"},\"description\":\"Com forma\u00e7\u00e3o superior \u00e9 t\u00e9cnico em Seguran\u00e7a do Trabalho do Sistema Metra. H\u00e1 30 anos trabalhando ininterruptamente na \u00e1rea desde 2002. Formado ainda no Curso de Tecn\u00f3logo em Seguran\u00e7a do Trabalho e cursando Engenharia visando a p\u00f3s gradua\u00e7\u00e3o em Seguran\u00e7a do Trabalho. Atua ainda como int\u00e9rprete de LIBRAS e atualmente \u00e9 consultor de diversas empresas em ramos de atividade como: Minera\u00e7\u00e3o, Automobil\u00edstica, Manuten\u00e7\u00e3o El\u00e9trica de Grande Porte, Cer\u00e2mica, Refrat\u00e1rios, Sa\u00fade entre outros. \u00c9 propriet\u00e1rio da empresa Mais Sa\u00fade e Seguran\u00e7a do Trabalho e atende seus clientes de forma personalizada moldando a\u00e7\u00f5es conforme as caracter\u00edsticas de cliente.\",\"sameAs\":[\"https:\\\/\\\/www.sistemametra.com.br\",\"https:\\\/\\\/www.instagram.com\\\/andfergom17121999\"],\"url\":\"https:\\\/\\\/www.sistemametra.com.br\\\/blog\\\/author\\\/anderson-fernandes\\\/\"}]}<\/script>\n<!-- \/ Yoast SEO plugin. -->","yoast_head_json":{"title":"Sistema de emiss\u00e3o de aso e sst esocial | Sistema Metra","robots":{"index":"index","follow":"follow","max-snippet":"max-snippet:-1","max-image-preview":"max-image-preview:large","max-video-preview":"max-video-preview:-1"},"canonical":"https:\/\/www.sistemametra.com.br\/blog\/sistema-emissao-aso-sst-esocial\/","og_locale":"pt_BR","og_type":"article","og_title":"Sistema de emiss\u00e3o de aso e sst esocial | Sistema Metra","og_description":"Voc\u00ea j\u00e1 ouviu falar sobre o sistema de emiss\u00e3o de aso e sst esocial? Se voc\u00ea \u00e9 um gestor ou respons\u00e1vel pela \u00e1rea de sa\u00fade e seguran\u00e7a do trabalho na sua empresa, certamente j\u00e1 est\u00e1 familiarizado com esse termo. E se ainda n\u00e3o est\u00e1, provavelmente est\u00e1 procurando por solu\u00e7\u00f5es eficientes e atualizadas para gerenciar essas [&hellip;]","og_url":"https:\/\/www.sistemametra.com.br\/blog\/sistema-emissao-aso-sst-esocial\/","og_site_name":"Blog Metra","article_publisher":"https:\/\/www.facebook.com\/metraweb","article_published_time":"2026-02-16T03:00:00+00:00","article_modified_time":"2026-04-28T19:51:18+00:00","og_image":[{"width":800,"height":800,"url":"https:\/\/www.sistemametra.com.br\/blog\/wp-content\/uploads\/2026\/04\/sistema-emissao-aso-sst-esocial.webp","type":"image\/jpeg"}],"author":"Anderson Fernandes","twitter_card":"summary_large_image","twitter_misc":{"Escrito por":"Anderson Fernandes","Est. tempo de leitura":"4 minutos"},"schema":{"@context":"https:\/\/schema.org","@graph":[{"@type":"Article","@id":"https:\/\/www.sistemametra.com.br\/blog\/sistema-emissao-aso-sst-esocial\/#article","isPartOf":{"@id":"https:\/\/www.sistemametra.com.br\/blog\/sistema-emissao-aso-sst-esocial\/"},"author":{"name":"Anderson Fernandes","@id":"https:\/\/www.sistemametra.com.br\/blog\/#\/schema\/person\/7c04d9110a7e64758ca9951890e56d82"},"headline":"Como Aprimorar o Sistema de emiss\u00e3o de aso e sst esocial","datePublished":"2026-02-16T03:00:00+00:00","dateModified":"2026-04-28T19:51:18+00:00","mainEntityOfPage":{"@id":"https:\/\/www.sistemametra.com.br\/blog\/sistema-emissao-aso-sst-esocial\/"},"wordCount":740,"commentCount":0,"publisher":{"@id":"https:\/\/www.sistemametra.com.br\/blog\/#organization"},"image":{"@id":"https:\/\/www.sistemametra.com.br\/blog\/sistema-emissao-aso-sst-esocial\/#primaryimage"},"thumbnailUrl":"https:\/\/www.sistemametra.com.br\/blog\/wp-content\/uploads\/2026\/04\/sistema-emissao-aso-sst-esocial.webp","articleSection":["eSocial","eSocial SST"],"inLanguage":"pt-BR","potentialAction":[{"@type":"CommentAction","name":"Comment","target":["https:\/\/www.sistemametra.com.br\/blog\/sistema-emissao-aso-sst-esocial\/#respond"]}]},{"@type":"WebPage","@id":"https:\/\/www.sistemametra.com.br\/blog\/sistema-emissao-aso-sst-esocial\/","url":"https:\/\/www.sistemametra.com.br\/blog\/sistema-emissao-aso-sst-esocial\/","name":"Sistema de emiss\u00e3o de aso e sst esocial | Sistema Metra","isPartOf":{"@id":"https:\/\/www.sistemametra.com.br\/blog\/#website"},"primaryImageOfPage":{"@id":"https:\/\/www.sistemametra.com.br\/blog\/sistema-emissao-aso-sst-esocial\/#primaryimage"},"image":{"@id":"https:\/\/www.sistemametra.com.br\/blog\/sistema-emissao-aso-sst-esocial\/#primaryimage"},"thumbnailUrl":"https:\/\/www.sistemametra.com.br\/blog\/wp-content\/uploads\/2026\/04\/sistema-emissao-aso-sst-esocial.webp","datePublished":"2026-02-16T03:00:00+00:00","dateModified":"2026-04-28T19:51:18+00:00","breadcrumb":{"@id":"https:\/\/www.sistemametra.com.br\/blog\/sistema-emissao-aso-sst-esocial\/#breadcrumb"},"inLanguage":"pt-BR","potentialAction":[{"@type":"ReadAction","target":["https:\/\/www.sistemametra.com.br\/blog\/sistema-emissao-aso-sst-esocial\/"]}]},{"@type":"ImageObject","inLanguage":"pt-BR","@id":"https:\/\/www.sistemametra.com.br\/blog\/sistema-emissao-aso-sst-esocial\/#primaryimage","url":"https:\/\/www.sistemametra.com.br\/blog\/wp-content\/uploads\/2026\/04\/sistema-emissao-aso-sst-esocial.webp","contentUrl":"https:\/\/www.sistemametra.com.br\/blog\/wp-content\/uploads\/2026\/04\/sistema-emissao-aso-sst-esocial.webp","width":800,"height":800,"caption":"sobre emiss\u00e3o de aso e sst esocial | Blog Metra"},{"@type":"BreadcrumbList","@id":"https:\/\/www.sistemametra.com.br\/blog\/sistema-emissao-aso-sst-esocial\/#breadcrumb","itemListElement":[{"@type":"ListItem","position":1,"name":"In\u00edcio","item":"https:\/\/www.sistemametra.com.br\/blog\/"},{"@type":"ListItem","position":2,"name":"Como Aprimorar o Sistema de emiss\u00e3o de aso e sst esocial"}]},{"@type":"WebSite","@id":"https:\/\/www.sistemametra.com.br\/blog\/#website","url":"https:\/\/www.sistemametra.com.br\/blog\/","name":"Blog Metra","description":"Conte\u00fado pr\u00e1tico sobre Sa\u00fade e Seguran\u00e7a do Trabalho: normas, documentos e obriga\u00e7\u00f5es explicados de forma direta para profissionais e empresas.","publisher":{"@id":"https:\/\/www.sistemametra.com.br\/blog\/#organization"},"alternateName":"Sistema Metra","potentialAction":[{"@type":"SearchAction","target":{"@type":"EntryPoint","urlTemplate":"https:\/\/www.sistemametra.com.br\/blog\/?s={search_term_string}"},"query-input":{"@type":"PropertyValueSpecification","valueRequired":true,"valueName":"search_term_string"}}],"inLanguage":"pt-BR"},{"@type":"Organization","@id":"https:\/\/www.sistemametra.com.br\/blog\/#organization","name":"Sistema Metra","url":"https:\/\/www.sistemametra.com.br\/blog\/","logo":{"@type":"ImageObject","inLanguage":"pt-BR","@id":"https:\/\/www.sistemametra.com.br\/blog\/#\/schema\/logo\/image\/","url":"https:\/\/www.sistemametra.com.br\/blog\/wp-content\/uploads\/2026\/04\/blog-metra.webp","contentUrl":"https:\/\/www.sistemametra.com.br\/blog\/wp-content\/uploads\/2026\/04\/blog-metra.webp","width":800,"height":800,"caption":"Sistema Metra"},"image":{"@id":"https:\/\/www.sistemametra.com.br\/blog\/#\/schema\/logo\/image\/"},"sameAs":["https:\/\/www.facebook.com\/metraweb","https:\/\/www.linkedin.com\/company\/metra-web\/?viewAsMember=true","https:\/\/www.youtube.com\/@SistemaMetra"]},{"@type":"Person","@id":"https:\/\/www.sistemametra.com.br\/blog\/#\/schema\/person\/7c04d9110a7e64758ca9951890e56d82","name":"Anderson Fernandes","image":{"@type":"ImageObject","inLanguage":"pt-BR","@id":"https:\/\/secure.gravatar.com\/avatar\/fbe9c5fc3e57710af6aceaea09e3d466e4721a3069e8568b6c9655c7231c5b5e?s=96&d=mm&r=g","url":"https:\/\/secure.gravatar.com\/avatar\/fbe9c5fc3e57710af6aceaea09e3d466e4721a3069e8568b6c9655c7231c5b5e?s=96&d=mm&r=g","contentUrl":"https:\/\/secure.gravatar.com\/avatar\/fbe9c5fc3e57710af6aceaea09e3d466e4721a3069e8568b6c9655c7231c5b5e?s=96&d=mm&r=g","caption":"Anderson Fernandes"},"description":"Com forma\u00e7\u00e3o superior \u00e9 t\u00e9cnico em Seguran\u00e7a do Trabalho do Sistema Metra. H\u00e1 30 anos trabalhando ininterruptamente na \u00e1rea desde 2002. Formado ainda no Curso de Tecn\u00f3logo em Seguran\u00e7a do Trabalho e cursando Engenharia visando a p\u00f3s gradua\u00e7\u00e3o em Seguran\u00e7a do Trabalho. Atua ainda como int\u00e9rprete de LIBRAS e atualmente \u00e9 consultor de diversas empresas em ramos de atividade como: Minera\u00e7\u00e3o, Automobil\u00edstica, Manuten\u00e7\u00e3o El\u00e9trica de Grande Porte, Cer\u00e2mica, Refrat\u00e1rios, Sa\u00fade entre outros. \u00c9 propriet\u00e1rio da empresa Mais Sa\u00fade e Seguran\u00e7a do Trabalho e atende seus clientes de forma personalizada moldando a\u00e7\u00f5es conforme as caracter\u00edsticas de cliente.","sameAs":["https:\/\/www.sistemametra.com.br","https:\/\/www.instagram.com\/andfergom17121999"],"url":"https:\/\/www.sistemametra.com.br\/blog\/author\/anderson-fernandes\/"}]}},"_links":{"self":[{"href":"https:\/\/www.sistemametra.com.br\/blog\/wp-json\/wp\/v2\/posts\/528","targetHints":{"allow":["GET"]}}],"collection":[{"href":"https:\/\/www.sistemametra.com.br\/blog\/wp-json\/wp\/v2\/posts"}],"about":[{"href":"https:\/\/www.sistemametra.com.br\/blog\/wp-json\/wp\/v2\/types\/post"}],"author":[{"embeddable":true,"href":"https:\/\/www.sistemametra.com.br\/blog\/wp-json\/wp\/v2\/users\/3"}],"replies":[{"embeddable":true,"href":"https:\/\/www.sistemametra.com.br\/blog\/wp-json\/wp\/v2\/comments?post=528"}],"version-history":[{"count":1,"href":"https:\/\/www.sistemametra.com.br\/blog\/wp-json\/wp\/v2\/posts\/528\/revisions"}],"predecessor-version":[{"id":820,"href":"https:\/\/www.sistemametra.com.br\/blog\/wp-json\/wp\/v2\/posts\/528\/revisions\/820"}],"wp:featuredmedia":[{"embeddable":true,"href":"https:\/\/www.sistemametra.com.br\/blog\/wp-json\/wp\/v2\/media\/529"}],"wp:attachment":[{"href":"https:\/\/www.sistemametra.com.br\/blog\/wp-json\/wp\/v2\/media?parent=528"}],"wp:term":[{"taxonomy":"category","embeddable":true,"href":"https:\/\/www.sistemametra.com.br\/blog\/wp-json\/wp\/v2\/categories?post=528"},{"taxonomy":"post_tag","embeddable":true,"href":"https:\/\/www.sistemametra.com.br\/blog\/wp-json\/wp\/v2\/tags?post=528"}],"curies":[{"name":"wp","href":"https:\/\/api.w.org\/{rel}","templated":true}]}}