{"id":544,"date":"2026-02-24T00:00:00","date_gmt":"2026-02-24T03:00:00","guid":{"rendered":"https:\/\/www.sistemametra.com.br\/blog\/sistema-gerenciamento-saude-ocupacional\/"},"modified":"2026-04-28T16:51:17","modified_gmt":"2026-04-28T19:51:17","slug":"sistema-gerenciamento-saude-ocupacional","status":"publish","type":"post","link":"https:\/\/www.sistemametra.com.br\/blog\/sistema-gerenciamento-saude-ocupacional\/","title":{"rendered":"Como Aprimorar o Sistema de gerenciamento de sa\u00fade ocupacional"},"content":{"rendered":"<article>\n<p>Voc\u00ea est\u00e1 procurando por uma solu\u00e7\u00e3o de <strong>sistema de gerenciamento de sa\u00fade ocupacional<\/strong> confi\u00e1vel para sua empresa? Ent\u00e3o, voc\u00ea veio ao lugar certo! A Sistema METRA \u00e9 uma empresa do segmento de Como Aprimorar o Sistema de Solu\u00e7\u00f5es para Gest\u00e3o de SST e eSocial que oferece um sistema completo e integrado para a gest\u00e3o de sa\u00fade ocupacional em sua empresa. Fa\u00e7a uma cota\u00e7\u00e3o conosco e tenha o melhor <strong>sistema de gerenciamento de sa\u00fade ocupacional<\/strong> \u00e0 sua disposi\u00e7\u00e3o!<\/p>\n<h2>O QUE \u00c9 UM SISTEMA DE GERENCIAMENTO DE SA\u00daDE OCUPACIONAL?<\/h2>\n<p>Um <strong>sistema de gerenciamento de sa\u00fade ocupacional<\/strong>, tamb\u00e9m conhecido como SGSO, \u00e9 uma ferramenta que auxilia na gest\u00e3o das quest\u00f5es relacionadas \u00e0 sa\u00fade e seguran\u00e7a dos colaboradores em uma empresa. Atrav\u00e9s desse sistema, \u00e9 poss\u00edvel gerenciar informa\u00e7\u00f5es sobre exames, documentos, treinamentos e demais dados importantes para garantir o bem-estar dos funcion\u00e1rios.<\/p>\n<h2>VANTAGENS DE UTILIZAR UM SISTEMA DE GERENCIAMENTO DE SA\u00daDE OCUPACIONAL<\/h2>\n<p>A utiliza\u00e7\u00e3o de um <strong>sistema de gerenciamento de sa\u00fade ocupacional<\/strong> traz diversos benef\u00edcios para a empresa e seus colaboradores. Confira algumas vantagens:<\/p>\n<p>Facilita a gest\u00e3o de informa\u00e7\u00f5es: Com o SGSO, \u00e9 poss\u00edvel ter todas as informa\u00e7\u00f5es sobre a sa\u00fade e seguran\u00e7a dos funcion\u00e1rios em um \u00fanico lugar, facilitando o acesso e a organiza\u00e7\u00e3o desses dados.<\/p>\n<p>Maior controle: O sistema permite um maior controle e acompanhamento das a\u00e7\u00f5es relacionadas \u00e0 sa\u00fade ocupacional, garantindo o cumprimento das normas e legisla\u00e7\u00f5es vigentes.<\/p>\n<p>Melhora a comunica\u00e7\u00e3o interna: Com todas as informa\u00e7\u00f5es centralizadas, a comunica\u00e7\u00e3o entre os diferentes setores da empresa \u00e9 facilitada, evitando poss\u00edveis falhas de comunica\u00e7\u00e3o.<\/p>\n<p>Aumenta a efici\u00eancia: Com um SGSO, \u00e9 poss\u00edvel otimizar processos e tarefas relacionadas \u00e0 sa\u00fade ocupacional, tornando-as mais eficientes e reduzindo custos e tempo.<\/p>\n<h2>FUNCIONALIDADE DO SISTEMA DE GERENCIAMENTO DE SA\u00daDE OCUPACIONAL<\/h2>\n<p>O <strong>sistema de gerenciamento de sa\u00fade ocupacional<\/strong> oferecido pela Sistema METRA possui diversas funcionalidades para auxiliar na gest\u00e3o da sa\u00fade e seguran\u00e7a dos seus colaboradores. Veja algumas delas:<\/p>\n<p>Controle de exames e documentos: O sistema permite o controle de exames m\u00e9dicos, como admissionais, peri\u00f3dicos e demissionais, al\u00e9m de documentos obrigat\u00f3rios para a \u00e1rea de sa\u00fade ocupacional.<\/p>\n<p>Agendamento de treinamentos: \u00c9 poss\u00edvel agendar treinamentos relacionados \u00e0 sa\u00fade e seguran\u00e7a dos funcion\u00e1rios e acompanhar a participa\u00e7\u00e3o e resultados.<\/p>\n<p>Gest\u00e3o de afastamentos: O sistema permite o registro e acompanhamento de afastamentos por motivo de doen\u00e7a ou acidente de trabalho, facilitando a comunica\u00e7\u00e3o com o INSS e a gera\u00e7\u00e3o de informa\u00e7\u00f5es para o eSocial.<\/p>\n<p>Alertas e lembretes: Para garantir que as a\u00e7\u00f5es relacionadas \u00e0 sa\u00fade ocupacional sejam realizadas dentro do prazo, o sistema possui alertas e lembretes que ajudam a manter a empresa em conformidade com as normas e legisla\u00e7\u00f5es vigentes.<\/p>\n<h2>RECOMENDA\u00c7\u00d5ES PARA A UTILIZA\u00c7\u00c3O DE UM SISTEMA DE GERENCIAMENTO DE SA\u00daDE OCUPACIONAL<\/h2>\n<p>Para obter os melhores resultados com o uso de um <strong>sistema de gerenciamento de sa\u00fade ocupacional<\/strong>, \u00e9 importante seguir algumas recomenda\u00e7\u00f5es:<\/p>\n<p>Conhe\u00e7a as normas e legisla\u00e7\u00f5es: \u00c9 fundamental conhecer as normas e legisla\u00e7\u00f5es relacionadas \u00e0 sa\u00fade ocupacional para garantir o cumprimento dos requisitos legais.<\/p>\n<p>Invista em capacita\u00e7\u00e3o: Para utilizar o sistema corretamente, \u00e9 importante que os respons\u00e1veis pela sua utiliza\u00e7\u00e3o estejam capacitados e atualizados sobre as funcionalidades e normas relacionadas \u00e0 sa\u00fade ocupacional.<\/p>\n<p>Fa\u00e7a um plano de a\u00e7\u00e3o: Antes de implementar o sistema, \u00e9 importante fazer um planejamento e definir as a\u00e7\u00f5es necess\u00e1rias para garantir o sucesso da sua utiliza\u00e7\u00e3o.<\/p>\n<p>Acompanhe os resultados: \u00c9 fundamental acompanhar os resultados obtidos com a utiliza\u00e7\u00e3o do sistema para identificar poss\u00edveis melhorias e garantir a efici\u00eancia do processo de gerenciamento de sa\u00fade ocupacional.<\/p>\n<p>Agora que voc\u00ea j\u00e1 conhece os benef\u00edcios e funcionalidades de um <strong>sistema de gerenciamento de sa\u00fade ocupacional<\/strong>, n\u00e3o deixe de fazer uma cota\u00e7\u00e3o com a Sistema METRA e garanta a sa\u00fade e seguran\u00e7a dos seus colaboradores de forma eficiente e simplificada. Entre em contato com nossa equipe e saiba mais sobre a nossa solu\u00e7\u00e3o!<\/p>\n<h2>Para saber mais sobre Como Aprimorar o Sistema de gerenciamento de sa\u00fade ocupacional<\/h2>\n<p>Ligue para <strong>0800-707-5900 <\/strong>ou clique aqui e entre em contato por email.<\/p>\n<p>O conte\u00fado do texto desta p\u00e1gina \u00e9 de direito reservado. Sua reprodu\u00e7\u00e3o, parcial ou total, mesmo citando nossos links, \u00e9 proibida sem a autoriza\u00e7\u00e3o do autor. Crime de viola\u00e7\u00e3o de direito autoral \u2013 artigo 184 do C\u00f3digo Penal \u2013 Lei 9610\/98 &#8211; Lei de direitos autorais. <\/article>\n","protected":false},"excerpt":{"rendered":"<p>Voc\u00ea est\u00e1 procurando por uma solu\u00e7\u00e3o de sistema de gerenciamento de sa\u00fade ocupacional confi\u00e1vel para sua empresa? Ent\u00e3o, voc\u00ea veio ao lugar certo! A Sistema METRA \u00e9 uma empresa do segmento de Como Aprimorar o Sistema de Solu\u00e7\u00f5es para Gest\u00e3o de SST e eSocial que oferece um sistema completo e integrado para a gest\u00e3o de [&hellip;]<\/p>\n","protected":false},"author":3,"featured_media":545,"comment_status":"open","ping_status":"open","sticky":false,"template":"","format":"standard","meta":{"footnotes":""},"categories":[8],"tags":[],"class_list":["post-544","post","type-post","status-publish","format-standard","has-post-thumbnail","hentry","category-saude-ocupacional"],"yoast_head":"<!-- This site is optimized with the Yoast SEO plugin v27.5 - https:\/\/yoast.com\/product\/yoast-seo-wordpress\/ -->\n<title>Sistema de gerenciamento de sa\u00fade ocupacional | Sistema Metra<\/title>\n<meta name=\"robots\" content=\"index, follow, max-snippet:-1, max-image-preview:large, max-video-preview:-1\" \/>\n<link rel=\"canonical\" href=\"https:\/\/www.sistemametra.com.br\/blog\/sistema-gerenciamento-saude-ocupacional\/\" \/>\n<meta property=\"og:locale\" content=\"pt_BR\" \/>\n<meta property=\"og:type\" content=\"article\" \/>\n<meta property=\"og:title\" content=\"Sistema de gerenciamento de sa\u00fade ocupacional | Sistema Metra\" \/>\n<meta property=\"og:description\" content=\"Voc\u00ea est\u00e1 procurando por uma solu\u00e7\u00e3o de sistema de gerenciamento de sa\u00fade ocupacional confi\u00e1vel para sua empresa? Ent\u00e3o, voc\u00ea veio ao lugar certo! A Sistema METRA \u00e9 uma empresa do segmento de Como Aprimorar o Sistema de Solu\u00e7\u00f5es para Gest\u00e3o de SST e eSocial que oferece um sistema completo e integrado para a gest\u00e3o de [&hellip;]\" \/>\n<meta property=\"og:url\" content=\"https:\/\/www.sistemametra.com.br\/blog\/sistema-gerenciamento-saude-ocupacional\/\" \/>\n<meta property=\"og:site_name\" content=\"Blog Metra\" \/>\n<meta property=\"article:publisher\" content=\"https:\/\/www.facebook.com\/metraweb\" \/>\n<meta property=\"article:published_time\" content=\"2026-02-24T03:00:00+00:00\" \/>\n<meta property=\"article:modified_time\" content=\"2026-04-28T19:51:17+00:00\" \/>\n<meta property=\"og:image\" content=\"https:\/\/www.sistemametra.com.br\/blog\/wp-content\/uploads\/2026\/04\/sistema-gerenciamento-saude-ocupacional.webp\" \/>\n\t<meta property=\"og:image:width\" content=\"800\" \/>\n\t<meta property=\"og:image:height\" content=\"800\" \/>\n\t<meta property=\"og:image:type\" content=\"image\/jpeg\" \/>\n<meta name=\"author\" content=\"Anderson Fernandes\" \/>\n<meta name=\"twitter:card\" content=\"summary_large_image\" \/>\n<meta name=\"twitter:label1\" content=\"Escrito por\" \/>\n\t<meta name=\"twitter:data1\" content=\"Anderson Fernandes\" \/>\n\t<meta name=\"twitter:label2\" content=\"Est. tempo de leitura\" \/>\n\t<meta name=\"twitter:data2\" content=\"4 minutos\" \/>\n<script type=\"application\/ld+json\" class=\"yoast-schema-graph\">{\"@context\":\"https:\\\/\\\/schema.org\",\"@graph\":[{\"@type\":\"Article\",\"@id\":\"https:\\\/\\\/www.sistemametra.com.br\\\/blog\\\/sistema-gerenciamento-saude-ocupacional\\\/#article\",\"isPartOf\":{\"@id\":\"https:\\\/\\\/www.sistemametra.com.br\\\/blog\\\/sistema-gerenciamento-saude-ocupacional\\\/\"},\"author\":{\"name\":\"Anderson Fernandes\",\"@id\":\"https:\\\/\\\/www.sistemametra.com.br\\\/blog\\\/#\\\/schema\\\/person\\\/7c04d9110a7e64758ca9951890e56d82\"},\"headline\":\"Como Aprimorar o Sistema de gerenciamento de sa\u00fade ocupacional\",\"datePublished\":\"2026-02-24T03:00:00+00:00\",\"dateModified\":\"2026-04-28T19:51:17+00:00\",\"mainEntityOfPage\":{\"@id\":\"https:\\\/\\\/www.sistemametra.com.br\\\/blog\\\/sistema-gerenciamento-saude-ocupacional\\\/\"},\"wordCount\":785,\"commentCount\":0,\"publisher\":{\"@id\":\"https:\\\/\\\/www.sistemametra.com.br\\\/blog\\\/#organization\"},\"image\":{\"@id\":\"https:\\\/\\\/www.sistemametra.com.br\\\/blog\\\/sistema-gerenciamento-saude-ocupacional\\\/#primaryimage\"},\"thumbnailUrl\":\"https:\\\/\\\/www.sistemametra.com.br\\\/blog\\\/wp-content\\\/uploads\\\/2026\\\/04\\\/sistema-gerenciamento-saude-ocupacional.webp\",\"articleSection\":[\"Sa\u00fade Ocupacional\"],\"inLanguage\":\"pt-BR\",\"potentialAction\":[{\"@type\":\"CommentAction\",\"name\":\"Comment\",\"target\":[\"https:\\\/\\\/www.sistemametra.com.br\\\/blog\\\/sistema-gerenciamento-saude-ocupacional\\\/#respond\"]}]},{\"@type\":\"WebPage\",\"@id\":\"https:\\\/\\\/www.sistemametra.com.br\\\/blog\\\/sistema-gerenciamento-saude-ocupacional\\\/\",\"url\":\"https:\\\/\\\/www.sistemametra.com.br\\\/blog\\\/sistema-gerenciamento-saude-ocupacional\\\/\",\"name\":\"Sistema de gerenciamento de sa\u00fade ocupacional | Sistema Metra\",\"isPartOf\":{\"@id\":\"https:\\\/\\\/www.sistemametra.com.br\\\/blog\\\/#website\"},\"primaryImageOfPage\":{\"@id\":\"https:\\\/\\\/www.sistemametra.com.br\\\/blog\\\/sistema-gerenciamento-saude-ocupacional\\\/#primaryimage\"},\"image\":{\"@id\":\"https:\\\/\\\/www.sistemametra.com.br\\\/blog\\\/sistema-gerenciamento-saude-ocupacional\\\/#primaryimage\"},\"thumbnailUrl\":\"https:\\\/\\\/www.sistemametra.com.br\\\/blog\\\/wp-content\\\/uploads\\\/2026\\\/04\\\/sistema-gerenciamento-saude-ocupacional.webp\",\"datePublished\":\"2026-02-24T03:00:00+00:00\",\"dateModified\":\"2026-04-28T19:51:17+00:00\",\"breadcrumb\":{\"@id\":\"https:\\\/\\\/www.sistemametra.com.br\\\/blog\\\/sistema-gerenciamento-saude-ocupacional\\\/#breadcrumb\"},\"inLanguage\":\"pt-BR\",\"potentialAction\":[{\"@type\":\"ReadAction\",\"target\":[\"https:\\\/\\\/www.sistemametra.com.br\\\/blog\\\/sistema-gerenciamento-saude-ocupacional\\\/\"]}]},{\"@type\":\"ImageObject\",\"inLanguage\":\"pt-BR\",\"@id\":\"https:\\\/\\\/www.sistemametra.com.br\\\/blog\\\/sistema-gerenciamento-saude-ocupacional\\\/#primaryimage\",\"url\":\"https:\\\/\\\/www.sistemametra.com.br\\\/blog\\\/wp-content\\\/uploads\\\/2026\\\/04\\\/sistema-gerenciamento-saude-ocupacional.webp\",\"contentUrl\":\"https:\\\/\\\/www.sistemametra.com.br\\\/blog\\\/wp-content\\\/uploads\\\/2026\\\/04\\\/sistema-gerenciamento-saude-ocupacional.webp\",\"width\":800,\"height\":800,\"caption\":\"sobre gerenciamento de sa\u00fade ocupacional | Blog Metra\"},{\"@type\":\"BreadcrumbList\",\"@id\":\"https:\\\/\\\/www.sistemametra.com.br\\\/blog\\\/sistema-gerenciamento-saude-ocupacional\\\/#breadcrumb\",\"itemListElement\":[{\"@type\":\"ListItem\",\"position\":1,\"name\":\"In\u00edcio\",\"item\":\"https:\\\/\\\/www.sistemametra.com.br\\\/blog\\\/\"},{\"@type\":\"ListItem\",\"position\":2,\"name\":\"Como Aprimorar o Sistema de gerenciamento de sa\u00fade ocupacional\"}]},{\"@type\":\"WebSite\",\"@id\":\"https:\\\/\\\/www.sistemametra.com.br\\\/blog\\\/#website\",\"url\":\"https:\\\/\\\/www.sistemametra.com.br\\\/blog\\\/\",\"name\":\"Blog Metra\",\"description\":\"Conte\u00fado pr\u00e1tico sobre Sa\u00fade e Seguran\u00e7a do Trabalho: normas, documentos e obriga\u00e7\u00f5es explicados de forma direta para profissionais e empresas.\",\"publisher\":{\"@id\":\"https:\\\/\\\/www.sistemametra.com.br\\\/blog\\\/#organization\"},\"alternateName\":\"Sistema Metra\",\"potentialAction\":[{\"@type\":\"SearchAction\",\"target\":{\"@type\":\"EntryPoint\",\"urlTemplate\":\"https:\\\/\\\/www.sistemametra.com.br\\\/blog\\\/?s={search_term_string}\"},\"query-input\":{\"@type\":\"PropertyValueSpecification\",\"valueRequired\":true,\"valueName\":\"search_term_string\"}}],\"inLanguage\":\"pt-BR\"},{\"@type\":\"Organization\",\"@id\":\"https:\\\/\\\/www.sistemametra.com.br\\\/blog\\\/#organization\",\"name\":\"Sistema Metra\",\"url\":\"https:\\\/\\\/www.sistemametra.com.br\\\/blog\\\/\",\"logo\":{\"@type\":\"ImageObject\",\"inLanguage\":\"pt-BR\",\"@id\":\"https:\\\/\\\/www.sistemametra.com.br\\\/blog\\\/#\\\/schema\\\/logo\\\/image\\\/\",\"url\":\"https:\\\/\\\/www.sistemametra.com.br\\\/blog\\\/wp-content\\\/uploads\\\/2026\\\/04\\\/blog-metra.webp\",\"contentUrl\":\"https:\\\/\\\/www.sistemametra.com.br\\\/blog\\\/wp-content\\\/uploads\\\/2026\\\/04\\\/blog-metra.webp\",\"width\":800,\"height\":800,\"caption\":\"Sistema Metra\"},\"image\":{\"@id\":\"https:\\\/\\\/www.sistemametra.com.br\\\/blog\\\/#\\\/schema\\\/logo\\\/image\\\/\"},\"sameAs\":[\"https:\\\/\\\/www.facebook.com\\\/metraweb\",\"https:\\\/\\\/www.linkedin.com\\\/company\\\/metra-web\\\/?viewAsMember=true\",\"https:\\\/\\\/www.youtube.com\\\/@SistemaMetra\"]},{\"@type\":\"Person\",\"@id\":\"https:\\\/\\\/www.sistemametra.com.br\\\/blog\\\/#\\\/schema\\\/person\\\/7c04d9110a7e64758ca9951890e56d82\",\"name\":\"Anderson Fernandes\",\"image\":{\"@type\":\"ImageObject\",\"inLanguage\":\"pt-BR\",\"@id\":\"https:\\\/\\\/secure.gravatar.com\\\/avatar\\\/fbe9c5fc3e57710af6aceaea09e3d466e4721a3069e8568b6c9655c7231c5b5e?s=96&d=mm&r=g\",\"url\":\"https:\\\/\\\/secure.gravatar.com\\\/avatar\\\/fbe9c5fc3e57710af6aceaea09e3d466e4721a3069e8568b6c9655c7231c5b5e?s=96&d=mm&r=g\",\"contentUrl\":\"https:\\\/\\\/secure.gravatar.com\\\/avatar\\\/fbe9c5fc3e57710af6aceaea09e3d466e4721a3069e8568b6c9655c7231c5b5e?s=96&d=mm&r=g\",\"caption\":\"Anderson Fernandes\"},\"description\":\"Com forma\u00e7\u00e3o superior \u00e9 t\u00e9cnico em Seguran\u00e7a do Trabalho do Sistema Metra. H\u00e1 30 anos trabalhando ininterruptamente na \u00e1rea desde 2002. Formado ainda no Curso de Tecn\u00f3logo em Seguran\u00e7a do Trabalho e cursando Engenharia visando a p\u00f3s gradua\u00e7\u00e3o em Seguran\u00e7a do Trabalho. Atua ainda como int\u00e9rprete de LIBRAS e atualmente \u00e9 consultor de diversas empresas em ramos de atividade como: Minera\u00e7\u00e3o, Automobil\u00edstica, Manuten\u00e7\u00e3o El\u00e9trica de Grande Porte, Cer\u00e2mica, Refrat\u00e1rios, Sa\u00fade entre outros. \u00c9 propriet\u00e1rio da empresa Mais Sa\u00fade e Seguran\u00e7a do Trabalho e atende seus clientes de forma personalizada moldando a\u00e7\u00f5es conforme as caracter\u00edsticas de cliente.\",\"sameAs\":[\"https:\\\/\\\/www.sistemametra.com.br\",\"https:\\\/\\\/www.instagram.com\\\/andfergom17121999\"],\"url\":\"https:\\\/\\\/www.sistemametra.com.br\\\/blog\\\/author\\\/anderson-fernandes\\\/\"}]}<\/script>\n<!-- \/ Yoast SEO plugin. -->","yoast_head_json":{"title":"Sistema de gerenciamento de sa\u00fade ocupacional | Sistema Metra","robots":{"index":"index","follow":"follow","max-snippet":"max-snippet:-1","max-image-preview":"max-image-preview:large","max-video-preview":"max-video-preview:-1"},"canonical":"https:\/\/www.sistemametra.com.br\/blog\/sistema-gerenciamento-saude-ocupacional\/","og_locale":"pt_BR","og_type":"article","og_title":"Sistema de gerenciamento de sa\u00fade ocupacional | Sistema Metra","og_description":"Voc\u00ea est\u00e1 procurando por uma solu\u00e7\u00e3o de sistema de gerenciamento de sa\u00fade ocupacional confi\u00e1vel para sua empresa? Ent\u00e3o, voc\u00ea veio ao lugar certo! A Sistema METRA \u00e9 uma empresa do segmento de Como Aprimorar o Sistema de Solu\u00e7\u00f5es para Gest\u00e3o de SST e eSocial que oferece um sistema completo e integrado para a gest\u00e3o de [&hellip;]","og_url":"https:\/\/www.sistemametra.com.br\/blog\/sistema-gerenciamento-saude-ocupacional\/","og_site_name":"Blog Metra","article_publisher":"https:\/\/www.facebook.com\/metraweb","article_published_time":"2026-02-24T03:00:00+00:00","article_modified_time":"2026-04-28T19:51:17+00:00","og_image":[{"width":800,"height":800,"url":"https:\/\/www.sistemametra.com.br\/blog\/wp-content\/uploads\/2026\/04\/sistema-gerenciamento-saude-ocupacional.webp","type":"image\/jpeg"}],"author":"Anderson Fernandes","twitter_card":"summary_large_image","twitter_misc":{"Escrito por":"Anderson Fernandes","Est. tempo de leitura":"4 minutos"},"schema":{"@context":"https:\/\/schema.org","@graph":[{"@type":"Article","@id":"https:\/\/www.sistemametra.com.br\/blog\/sistema-gerenciamento-saude-ocupacional\/#article","isPartOf":{"@id":"https:\/\/www.sistemametra.com.br\/blog\/sistema-gerenciamento-saude-ocupacional\/"},"author":{"name":"Anderson Fernandes","@id":"https:\/\/www.sistemametra.com.br\/blog\/#\/schema\/person\/7c04d9110a7e64758ca9951890e56d82"},"headline":"Como Aprimorar o Sistema de gerenciamento de sa\u00fade ocupacional","datePublished":"2026-02-24T03:00:00+00:00","dateModified":"2026-04-28T19:51:17+00:00","mainEntityOfPage":{"@id":"https:\/\/www.sistemametra.com.br\/blog\/sistema-gerenciamento-saude-ocupacional\/"},"wordCount":785,"commentCount":0,"publisher":{"@id":"https:\/\/www.sistemametra.com.br\/blog\/#organization"},"image":{"@id":"https:\/\/www.sistemametra.com.br\/blog\/sistema-gerenciamento-saude-ocupacional\/#primaryimage"},"thumbnailUrl":"https:\/\/www.sistemametra.com.br\/blog\/wp-content\/uploads\/2026\/04\/sistema-gerenciamento-saude-ocupacional.webp","articleSection":["Sa\u00fade Ocupacional"],"inLanguage":"pt-BR","potentialAction":[{"@type":"CommentAction","name":"Comment","target":["https:\/\/www.sistemametra.com.br\/blog\/sistema-gerenciamento-saude-ocupacional\/#respond"]}]},{"@type":"WebPage","@id":"https:\/\/www.sistemametra.com.br\/blog\/sistema-gerenciamento-saude-ocupacional\/","url":"https:\/\/www.sistemametra.com.br\/blog\/sistema-gerenciamento-saude-ocupacional\/","name":"Sistema de gerenciamento de sa\u00fade ocupacional | Sistema Metra","isPartOf":{"@id":"https:\/\/www.sistemametra.com.br\/blog\/#website"},"primaryImageOfPage":{"@id":"https:\/\/www.sistemametra.com.br\/blog\/sistema-gerenciamento-saude-ocupacional\/#primaryimage"},"image":{"@id":"https:\/\/www.sistemametra.com.br\/blog\/sistema-gerenciamento-saude-ocupacional\/#primaryimage"},"thumbnailUrl":"https:\/\/www.sistemametra.com.br\/blog\/wp-content\/uploads\/2026\/04\/sistema-gerenciamento-saude-ocupacional.webp","datePublished":"2026-02-24T03:00:00+00:00","dateModified":"2026-04-28T19:51:17+00:00","breadcrumb":{"@id":"https:\/\/www.sistemametra.com.br\/blog\/sistema-gerenciamento-saude-ocupacional\/#breadcrumb"},"inLanguage":"pt-BR","potentialAction":[{"@type":"ReadAction","target":["https:\/\/www.sistemametra.com.br\/blog\/sistema-gerenciamento-saude-ocupacional\/"]}]},{"@type":"ImageObject","inLanguage":"pt-BR","@id":"https:\/\/www.sistemametra.com.br\/blog\/sistema-gerenciamento-saude-ocupacional\/#primaryimage","url":"https:\/\/www.sistemametra.com.br\/blog\/wp-content\/uploads\/2026\/04\/sistema-gerenciamento-saude-ocupacional.webp","contentUrl":"https:\/\/www.sistemametra.com.br\/blog\/wp-content\/uploads\/2026\/04\/sistema-gerenciamento-saude-ocupacional.webp","width":800,"height":800,"caption":"sobre gerenciamento de sa\u00fade ocupacional | Blog Metra"},{"@type":"BreadcrumbList","@id":"https:\/\/www.sistemametra.com.br\/blog\/sistema-gerenciamento-saude-ocupacional\/#breadcrumb","itemListElement":[{"@type":"ListItem","position":1,"name":"In\u00edcio","item":"https:\/\/www.sistemametra.com.br\/blog\/"},{"@type":"ListItem","position":2,"name":"Como Aprimorar o Sistema de gerenciamento de sa\u00fade ocupacional"}]},{"@type":"WebSite","@id":"https:\/\/www.sistemametra.com.br\/blog\/#website","url":"https:\/\/www.sistemametra.com.br\/blog\/","name":"Blog Metra","description":"Conte\u00fado pr\u00e1tico sobre Sa\u00fade e Seguran\u00e7a do Trabalho: normas, documentos e obriga\u00e7\u00f5es explicados de forma direta para profissionais e empresas.","publisher":{"@id":"https:\/\/www.sistemametra.com.br\/blog\/#organization"},"alternateName":"Sistema Metra","potentialAction":[{"@type":"SearchAction","target":{"@type":"EntryPoint","urlTemplate":"https:\/\/www.sistemametra.com.br\/blog\/?s={search_term_string}"},"query-input":{"@type":"PropertyValueSpecification","valueRequired":true,"valueName":"search_term_string"}}],"inLanguage":"pt-BR"},{"@type":"Organization","@id":"https:\/\/www.sistemametra.com.br\/blog\/#organization","name":"Sistema Metra","url":"https:\/\/www.sistemametra.com.br\/blog\/","logo":{"@type":"ImageObject","inLanguage":"pt-BR","@id":"https:\/\/www.sistemametra.com.br\/blog\/#\/schema\/logo\/image\/","url":"https:\/\/www.sistemametra.com.br\/blog\/wp-content\/uploads\/2026\/04\/blog-metra.webp","contentUrl":"https:\/\/www.sistemametra.com.br\/blog\/wp-content\/uploads\/2026\/04\/blog-metra.webp","width":800,"height":800,"caption":"Sistema Metra"},"image":{"@id":"https:\/\/www.sistemametra.com.br\/blog\/#\/schema\/logo\/image\/"},"sameAs":["https:\/\/www.facebook.com\/metraweb","https:\/\/www.linkedin.com\/company\/metra-web\/?viewAsMember=true","https:\/\/www.youtube.com\/@SistemaMetra"]},{"@type":"Person","@id":"https:\/\/www.sistemametra.com.br\/blog\/#\/schema\/person\/7c04d9110a7e64758ca9951890e56d82","name":"Anderson Fernandes","image":{"@type":"ImageObject","inLanguage":"pt-BR","@id":"https:\/\/secure.gravatar.com\/avatar\/fbe9c5fc3e57710af6aceaea09e3d466e4721a3069e8568b6c9655c7231c5b5e?s=96&d=mm&r=g","url":"https:\/\/secure.gravatar.com\/avatar\/fbe9c5fc3e57710af6aceaea09e3d466e4721a3069e8568b6c9655c7231c5b5e?s=96&d=mm&r=g","contentUrl":"https:\/\/secure.gravatar.com\/avatar\/fbe9c5fc3e57710af6aceaea09e3d466e4721a3069e8568b6c9655c7231c5b5e?s=96&d=mm&r=g","caption":"Anderson Fernandes"},"description":"Com forma\u00e7\u00e3o superior \u00e9 t\u00e9cnico em Seguran\u00e7a do Trabalho do Sistema Metra. H\u00e1 30 anos trabalhando ininterruptamente na \u00e1rea desde 2002. Formado ainda no Curso de Tecn\u00f3logo em Seguran\u00e7a do Trabalho e cursando Engenharia visando a p\u00f3s gradua\u00e7\u00e3o em Seguran\u00e7a do Trabalho. Atua ainda como int\u00e9rprete de LIBRAS e atualmente \u00e9 consultor de diversas empresas em ramos de atividade como: Minera\u00e7\u00e3o, Automobil\u00edstica, Manuten\u00e7\u00e3o El\u00e9trica de Grande Porte, Cer\u00e2mica, Refrat\u00e1rios, Sa\u00fade entre outros. \u00c9 propriet\u00e1rio da empresa Mais Sa\u00fade e Seguran\u00e7a do Trabalho e atende seus clientes de forma personalizada moldando a\u00e7\u00f5es conforme as caracter\u00edsticas de cliente.","sameAs":["https:\/\/www.sistemametra.com.br","https:\/\/www.instagram.com\/andfergom17121999"],"url":"https:\/\/www.sistemametra.com.br\/blog\/author\/anderson-fernandes\/"}]}},"_links":{"self":[{"href":"https:\/\/www.sistemametra.com.br\/blog\/wp-json\/wp\/v2\/posts\/544","targetHints":{"allow":["GET"]}}],"collection":[{"href":"https:\/\/www.sistemametra.com.br\/blog\/wp-json\/wp\/v2\/posts"}],"about":[{"href":"https:\/\/www.sistemametra.com.br\/blog\/wp-json\/wp\/v2\/types\/post"}],"author":[{"embeddable":true,"href":"https:\/\/www.sistemametra.com.br\/blog\/wp-json\/wp\/v2\/users\/3"}],"replies":[{"embeddable":true,"href":"https:\/\/www.sistemametra.com.br\/blog\/wp-json\/wp\/v2\/comments?post=544"}],"version-history":[{"count":1,"href":"https:\/\/www.sistemametra.com.br\/blog\/wp-json\/wp\/v2\/posts\/544\/revisions"}],"predecessor-version":[{"id":812,"href":"https:\/\/www.sistemametra.com.br\/blog\/wp-json\/wp\/v2\/posts\/544\/revisions\/812"}],"wp:featuredmedia":[{"embeddable":true,"href":"https:\/\/www.sistemametra.com.br\/blog\/wp-json\/wp\/v2\/media\/545"}],"wp:attachment":[{"href":"https:\/\/www.sistemametra.com.br\/blog\/wp-json\/wp\/v2\/media?parent=544"}],"wp:term":[{"taxonomy":"category","embeddable":true,"href":"https:\/\/www.sistemametra.com.br\/blog\/wp-json\/wp\/v2\/categories?post=544"},{"taxonomy":"post_tag","embeddable":true,"href":"https:\/\/www.sistemametra.com.br\/blog\/wp-json\/wp\/v2\/tags?post=544"}],"curies":[{"name":"wp","href":"https:\/\/api.w.org\/{rel}","templated":true}]}}