{"id":546,"date":"2026-02-25T00:00:00","date_gmt":"2026-02-25T03:00:00","guid":{"rendered":"https:\/\/www.sistemametra.com.br\/blog\/sistema-gerenciamento-saude-ocupacional-esocial\/"},"modified":"2026-04-28T16:51:17","modified_gmt":"2026-04-28T19:51:17","slug":"sistema-gerenciamento-saude-ocupacional-esocial","status":"publish","type":"post","link":"https:\/\/www.sistemametra.com.br\/blog\/sistema-gerenciamento-saude-ocupacional-esocial\/","title":{"rendered":"Como Aprimorar o Sistema de gerenciamento de sa\u00fade ocupacional esocial"},"content":{"rendered":"<article>\n<p>Voc\u00ea \u00e9 gestor de uma empresa e est\u00e1 buscando um sistema de gerenciamento de sa\u00fade ocupacional que esteja em conformidade com o sistema eSocial ? Ent\u00e3o voc\u00ea est\u00e1 no lugar certo! Fa\u00e7a agora mesmo uma cota\u00e7\u00e3o na Sistema METRA, especialista em solu\u00e7\u00f5es para gest\u00e3o de SST e eSocial.<\/p>\n<h2>SISTEMA DE GERENCIAMENTO DE SA\u00daDE OCUPACIONAL E ESOCIAL<\/h2>\n<p>O eSocial \u00e9 um sistema que unifica o envio de informa\u00e7\u00f5es trabalhistas, previdenci\u00e1rias e fiscais das empresas ao governo. Com isso, a gest\u00e3o de sa\u00fade ocupacional tamb\u00e9m deve ser realizada de forma integrada a esse sistema, garantindo que as informa\u00e7\u00f5es estejam em conformidade e sejam enviadas de maneira eficiente.<\/p>\n<h2>USO DO SISTEMA DE GERENCIAMENTO DE SA\u00daDE OCUPACIONAL ESOCIAL<\/h2>\n<p>O sistema de gerenciamento de sa\u00fade ocupacional e eSocial \u00e9 utilizado por empresas de diferentes segmentos e portes, que possuem colaboradores sob regime CLT. \u00c9 fundamental que essas empresas estejam preparadas para realizar a gest\u00e3o de sa\u00fade ocupacional de acordo com as exig\u00eancias do eSocial, evitando poss\u00edveis multas e penaliza\u00e7\u00f5es.<\/p>\n<h2>VANTAGENS DO SISTEMA DE GERENCIAMENTO DE SA\u00daDE OCUPACIONAL ESOCIAL<\/h2>\n<p>O uso do sistema de gerenciamento de sa\u00fade ocupacional e eSocial traz diversas vantagens para as empresas, como:<\/p>\n<p>Integra\u00e7\u00e3o com demais informa\u00e7\u00f5es trabalhistas, previdenci\u00e1rias e fiscais no eSocial;<\/p>\n<p>Facilidade no envio de informa\u00e7\u00f5es aos \u00f3rg\u00e3os governamentais;<\/p>\n<p>Redu\u00e7\u00e3o de erros e retrabalhos na gest\u00e3o de sa\u00fade ocupacional;<\/p>\n<p>Otimiza\u00e7\u00e3o de tempo e recursos;<\/p>\n<p>Garantia de conformidade com as exig\u00eancias do eSocial.<\/p>\n<h2>FUNCIONALIDADE DO SISTEMA DE GERENCIAMENTO DE SA\u00daDE OCUPACIONAL ESOCIAL<\/h2>\n<p>O sistema de gerenciamento de sa\u00fade ocupacional e eSocial possui funcionalidades que permitem a gest\u00e3o de todos os documentos e informa\u00e7\u00f5es relacionadas \u00e0 sa\u00fade ocupacional dos colaboradores, como:<\/p>\n<p>Atestados m\u00e9dicos;<\/p>\n<p>Exames ocupacionais;<\/p>\n<p>PPRA (Programa de Preven\u00e7\u00e3o de Riscos Ambientais);<\/p>\n<p>PCMSO (Programa de Controle M\u00e9dico de Sa\u00fade Ocupacional);<\/p>\n<p>LTCAT (Laudo T\u00e9cnico das Condi\u00e7\u00f5es Ambientais de Trabalho);<\/p>\n<p>PPP (Perfil Profissiogr\u00e1fico Previdenci\u00e1rio);<\/p>\n<p>Ficha de EPI (Equipamento de Prote\u00e7\u00e3o Individual), entre outros.<\/p>\n<h2>RECOMENDA\u00c7\u00d5ES PARA O USO DO SISTEMA DE GERENCIAMENTO DE SA\u00daDE OCUPACIONAL ESOCIAL<\/h2>\n<p>Algumas recomenda\u00e7\u00f5es para a utiliza\u00e7\u00e3o do <strong>sistema de gerenciamento de sa\u00fade ocupacional esocial<\/strong> s\u00e3o:<\/p>\n<p>Escolher uma empresa especializada em solu\u00e7\u00f5es para gest\u00e3o de SST e eSocial, que ofere\u00e7a um sistema completo e suporte t\u00e9cnico;<\/p>\n<p>Realizar treinamentos com os colaboradores respons\u00e1veis pela gest\u00e3o da sa\u00fade ocupacional, para garantir o correto uso do sistema;<\/p>\n<p>Mapear todos os documentos e informa\u00e7\u00f5es necess\u00e1rios para a gest\u00e3o de sa\u00fade ocupacional, para que estejam inclu\u00eddos no sistema e possam ser enviados ao eSocial de forma autom\u00e1tica;<\/p>\n<p>Realizar uma avalia\u00e7\u00e3o peri\u00f3dica da utiliza\u00e7\u00e3o do sistema, identificando pontos de melhoria e atualizando as informa\u00e7\u00f5es conforme necess\u00e1rio.<\/p>\n<p>Agora que voc\u00ea j\u00e1 conhece um pouco mais sobre o <strong>sistema de gerenciamento de sa\u00fade ocupacional esocial<\/strong>, n\u00e3o perca mais tempo e solicite uma cota\u00e7\u00e3o na Sistema METRA . Garanta a tranquilidade e conformidade da gest\u00e3o da sa\u00fade ocupacional da sua empresa!<\/p>\n<h2>Para saber mais sobre Como Aprimorar o Sistema de gerenciamento de sa\u00fade ocupacional esocial<\/h2>\n<p>Ligue para <strong>0800-707-5900<\/strong> ou clique aqui e entre em contato por email.<\/p>\n<p>O conte\u00fado do texto desta p\u00e1gina \u00e9 de direito reservado. Sua reprodu\u00e7\u00e3o, parcial ou total, mesmo citando nossos links, \u00e9 proibida sem a autoriza\u00e7\u00e3o do autor. Crime de viola\u00e7\u00e3o de direito autoral \u2013 artigo 184 do C\u00f3digo Penal \u2013 Lei 9610\/98 &#8211; Lei de direitos autorais. <\/article>\n","protected":false},"excerpt":{"rendered":"<p>Voc\u00ea \u00e9 gestor de uma empresa e est\u00e1 buscando um sistema de gerenciamento de sa\u00fade ocupacional que esteja em conformidade com o sistema eSocial ? Ent\u00e3o voc\u00ea est\u00e1 no lugar certo! Fa\u00e7a agora mesmo uma cota\u00e7\u00e3o na Sistema METRA, especialista em solu\u00e7\u00f5es para gest\u00e3o de SST e eSocial. SISTEMA DE GERENCIAMENTO DE SA\u00daDE OCUPACIONAL E [&hellip;]<\/p>\n","protected":false},"author":3,"featured_media":547,"comment_status":"open","ping_status":"open","sticky":false,"template":"","format":"standard","meta":{"footnotes":""},"categories":[5,27],"tags":[],"class_list":["post-546","post","type-post","status-publish","format-standard","has-post-thumbnail","hentry","category-esocial","category-esocial-sst"],"yoast_head":"<!-- This site is optimized with the Yoast SEO plugin v27.5 - https:\/\/yoast.com\/product\/yoast-seo-wordpress\/ -->\n<title>Sistema de gerenciamento de sa\u00fade ocupacional esocial | Sistema Metra<\/title>\n<meta name=\"robots\" content=\"index, follow, max-snippet:-1, max-image-preview:large, max-video-preview:-1\" \/>\n<link rel=\"canonical\" href=\"https:\/\/www.sistemametra.com.br\/blog\/sistema-gerenciamento-saude-ocupacional-esocial\/\" \/>\n<meta property=\"og:locale\" content=\"pt_BR\" \/>\n<meta property=\"og:type\" content=\"article\" \/>\n<meta property=\"og:title\" content=\"Sistema de gerenciamento de sa\u00fade ocupacional esocial | Sistema Metra\" \/>\n<meta property=\"og:description\" content=\"Voc\u00ea \u00e9 gestor de uma empresa e est\u00e1 buscando um sistema de gerenciamento de sa\u00fade ocupacional que esteja em conformidade com o sistema eSocial ? Ent\u00e3o voc\u00ea est\u00e1 no lugar certo! Fa\u00e7a agora mesmo uma cota\u00e7\u00e3o na Sistema METRA, especialista em solu\u00e7\u00f5es para gest\u00e3o de SST e eSocial. SISTEMA DE GERENCIAMENTO DE SA\u00daDE OCUPACIONAL E [&hellip;]\" \/>\n<meta property=\"og:url\" content=\"https:\/\/www.sistemametra.com.br\/blog\/sistema-gerenciamento-saude-ocupacional-esocial\/\" \/>\n<meta property=\"og:site_name\" content=\"Blog Metra\" \/>\n<meta property=\"article:publisher\" content=\"https:\/\/www.facebook.com\/metraweb\" \/>\n<meta property=\"article:published_time\" content=\"2026-02-25T03:00:00+00:00\" \/>\n<meta property=\"article:modified_time\" content=\"2026-04-28T19:51:17+00:00\" \/>\n<meta property=\"og:image\" content=\"https:\/\/www.sistemametra.com.br\/blog\/wp-content\/uploads\/2026\/04\/sistema-gerenciamento-saude-ocupacional-esocial.webp\" \/>\n\t<meta property=\"og:image:width\" content=\"800\" \/>\n\t<meta property=\"og:image:height\" content=\"800\" \/>\n\t<meta property=\"og:image:type\" content=\"image\/jpeg\" \/>\n<meta name=\"author\" content=\"Anderson Fernandes\" \/>\n<meta name=\"twitter:card\" content=\"summary_large_image\" \/>\n<meta name=\"twitter:label1\" content=\"Escrito por\" \/>\n\t<meta name=\"twitter:data1\" content=\"Anderson Fernandes\" \/>\n\t<meta name=\"twitter:label2\" content=\"Est. tempo de leitura\" \/>\n\t<meta name=\"twitter:data2\" content=\"3 minutos\" \/>\n<script type=\"application\/ld+json\" class=\"yoast-schema-graph\">{\"@context\":\"https:\\\/\\\/schema.org\",\"@graph\":[{\"@type\":\"Article\",\"@id\":\"https:\\\/\\\/www.sistemametra.com.br\\\/blog\\\/sistema-gerenciamento-saude-ocupacional-esocial\\\/#article\",\"isPartOf\":{\"@id\":\"https:\\\/\\\/www.sistemametra.com.br\\\/blog\\\/sistema-gerenciamento-saude-ocupacional-esocial\\\/\"},\"author\":{\"name\":\"Anderson Fernandes\",\"@id\":\"https:\\\/\\\/www.sistemametra.com.br\\\/blog\\\/#\\\/schema\\\/person\\\/7c04d9110a7e64758ca9951890e56d82\"},\"headline\":\"Como Aprimorar o Sistema de gerenciamento de sa\u00fade ocupacional esocial\",\"datePublished\":\"2026-02-25T03:00:00+00:00\",\"dateModified\":\"2026-04-28T19:51:17+00:00\",\"mainEntityOfPage\":{\"@id\":\"https:\\\/\\\/www.sistemametra.com.br\\\/blog\\\/sistema-gerenciamento-saude-ocupacional-esocial\\\/\"},\"wordCount\":614,\"commentCount\":0,\"publisher\":{\"@id\":\"https:\\\/\\\/www.sistemametra.com.br\\\/blog\\\/#organization\"},\"image\":{\"@id\":\"https:\\\/\\\/www.sistemametra.com.br\\\/blog\\\/sistema-gerenciamento-saude-ocupacional-esocial\\\/#primaryimage\"},\"thumbnailUrl\":\"https:\\\/\\\/www.sistemametra.com.br\\\/blog\\\/wp-content\\\/uploads\\\/2026\\\/04\\\/sistema-gerenciamento-saude-ocupacional-esocial.webp\",\"articleSection\":[\"eSocial\",\"eSocial SST\"],\"inLanguage\":\"pt-BR\",\"potentialAction\":[{\"@type\":\"CommentAction\",\"name\":\"Comment\",\"target\":[\"https:\\\/\\\/www.sistemametra.com.br\\\/blog\\\/sistema-gerenciamento-saude-ocupacional-esocial\\\/#respond\"]}]},{\"@type\":\"WebPage\",\"@id\":\"https:\\\/\\\/www.sistemametra.com.br\\\/blog\\\/sistema-gerenciamento-saude-ocupacional-esocial\\\/\",\"url\":\"https:\\\/\\\/www.sistemametra.com.br\\\/blog\\\/sistema-gerenciamento-saude-ocupacional-esocial\\\/\",\"name\":\"Sistema de gerenciamento de sa\u00fade ocupacional esocial | Sistema Metra\",\"isPartOf\":{\"@id\":\"https:\\\/\\\/www.sistemametra.com.br\\\/blog\\\/#website\"},\"primaryImageOfPage\":{\"@id\":\"https:\\\/\\\/www.sistemametra.com.br\\\/blog\\\/sistema-gerenciamento-saude-ocupacional-esocial\\\/#primaryimage\"},\"image\":{\"@id\":\"https:\\\/\\\/www.sistemametra.com.br\\\/blog\\\/sistema-gerenciamento-saude-ocupacional-esocial\\\/#primaryimage\"},\"thumbnailUrl\":\"https:\\\/\\\/www.sistemametra.com.br\\\/blog\\\/wp-content\\\/uploads\\\/2026\\\/04\\\/sistema-gerenciamento-saude-ocupacional-esocial.webp\",\"datePublished\":\"2026-02-25T03:00:00+00:00\",\"dateModified\":\"2026-04-28T19:51:17+00:00\",\"breadcrumb\":{\"@id\":\"https:\\\/\\\/www.sistemametra.com.br\\\/blog\\\/sistema-gerenciamento-saude-ocupacional-esocial\\\/#breadcrumb\"},\"inLanguage\":\"pt-BR\",\"potentialAction\":[{\"@type\":\"ReadAction\",\"target\":[\"https:\\\/\\\/www.sistemametra.com.br\\\/blog\\\/sistema-gerenciamento-saude-ocupacional-esocial\\\/\"]}]},{\"@type\":\"ImageObject\",\"inLanguage\":\"pt-BR\",\"@id\":\"https:\\\/\\\/www.sistemametra.com.br\\\/blog\\\/sistema-gerenciamento-saude-ocupacional-esocial\\\/#primaryimage\",\"url\":\"https:\\\/\\\/www.sistemametra.com.br\\\/blog\\\/wp-content\\\/uploads\\\/2026\\\/04\\\/sistema-gerenciamento-saude-ocupacional-esocial.webp\",\"contentUrl\":\"https:\\\/\\\/www.sistemametra.com.br\\\/blog\\\/wp-content\\\/uploads\\\/2026\\\/04\\\/sistema-gerenciamento-saude-ocupacional-esocial.webp\",\"width\":800,\"height\":800,\"caption\":\"sobre gerenciamento de sa\u00fade ocupacional esocial | Blog Metra\"},{\"@type\":\"BreadcrumbList\",\"@id\":\"https:\\\/\\\/www.sistemametra.com.br\\\/blog\\\/sistema-gerenciamento-saude-ocupacional-esocial\\\/#breadcrumb\",\"itemListElement\":[{\"@type\":\"ListItem\",\"position\":1,\"name\":\"In\u00edcio\",\"item\":\"https:\\\/\\\/www.sistemametra.com.br\\\/blog\\\/\"},{\"@type\":\"ListItem\",\"position\":2,\"name\":\"Como Aprimorar o Sistema de gerenciamento de sa\u00fade ocupacional esocial\"}]},{\"@type\":\"WebSite\",\"@id\":\"https:\\\/\\\/www.sistemametra.com.br\\\/blog\\\/#website\",\"url\":\"https:\\\/\\\/www.sistemametra.com.br\\\/blog\\\/\",\"name\":\"Blog Metra\",\"description\":\"Conte\u00fado pr\u00e1tico sobre Sa\u00fade e Seguran\u00e7a do Trabalho: normas, documentos e obriga\u00e7\u00f5es explicados de forma direta para profissionais e empresas.\",\"publisher\":{\"@id\":\"https:\\\/\\\/www.sistemametra.com.br\\\/blog\\\/#organization\"},\"alternateName\":\"Sistema Metra\",\"potentialAction\":[{\"@type\":\"SearchAction\",\"target\":{\"@type\":\"EntryPoint\",\"urlTemplate\":\"https:\\\/\\\/www.sistemametra.com.br\\\/blog\\\/?s={search_term_string}\"},\"query-input\":{\"@type\":\"PropertyValueSpecification\",\"valueRequired\":true,\"valueName\":\"search_term_string\"}}],\"inLanguage\":\"pt-BR\"},{\"@type\":\"Organization\",\"@id\":\"https:\\\/\\\/www.sistemametra.com.br\\\/blog\\\/#organization\",\"name\":\"Sistema Metra\",\"url\":\"https:\\\/\\\/www.sistemametra.com.br\\\/blog\\\/\",\"logo\":{\"@type\":\"ImageObject\",\"inLanguage\":\"pt-BR\",\"@id\":\"https:\\\/\\\/www.sistemametra.com.br\\\/blog\\\/#\\\/schema\\\/logo\\\/image\\\/\",\"url\":\"https:\\\/\\\/www.sistemametra.com.br\\\/blog\\\/wp-content\\\/uploads\\\/2026\\\/04\\\/blog-metra.webp\",\"contentUrl\":\"https:\\\/\\\/www.sistemametra.com.br\\\/blog\\\/wp-content\\\/uploads\\\/2026\\\/04\\\/blog-metra.webp\",\"width\":800,\"height\":800,\"caption\":\"Sistema Metra\"},\"image\":{\"@id\":\"https:\\\/\\\/www.sistemametra.com.br\\\/blog\\\/#\\\/schema\\\/logo\\\/image\\\/\"},\"sameAs\":[\"https:\\\/\\\/www.facebook.com\\\/metraweb\",\"https:\\\/\\\/www.linkedin.com\\\/company\\\/metra-web\\\/?viewAsMember=true\",\"https:\\\/\\\/www.youtube.com\\\/@SistemaMetra\"]},{\"@type\":\"Person\",\"@id\":\"https:\\\/\\\/www.sistemametra.com.br\\\/blog\\\/#\\\/schema\\\/person\\\/7c04d9110a7e64758ca9951890e56d82\",\"name\":\"Anderson Fernandes\",\"image\":{\"@type\":\"ImageObject\",\"inLanguage\":\"pt-BR\",\"@id\":\"https:\\\/\\\/secure.gravatar.com\\\/avatar\\\/fbe9c5fc3e57710af6aceaea09e3d466e4721a3069e8568b6c9655c7231c5b5e?s=96&d=mm&r=g\",\"url\":\"https:\\\/\\\/secure.gravatar.com\\\/avatar\\\/fbe9c5fc3e57710af6aceaea09e3d466e4721a3069e8568b6c9655c7231c5b5e?s=96&d=mm&r=g\",\"contentUrl\":\"https:\\\/\\\/secure.gravatar.com\\\/avatar\\\/fbe9c5fc3e57710af6aceaea09e3d466e4721a3069e8568b6c9655c7231c5b5e?s=96&d=mm&r=g\",\"caption\":\"Anderson Fernandes\"},\"description\":\"Com forma\u00e7\u00e3o superior \u00e9 t\u00e9cnico em Seguran\u00e7a do Trabalho do Sistema Metra. H\u00e1 30 anos trabalhando ininterruptamente na \u00e1rea desde 2002. Formado ainda no Curso de Tecn\u00f3logo em Seguran\u00e7a do Trabalho e cursando Engenharia visando a p\u00f3s gradua\u00e7\u00e3o em Seguran\u00e7a do Trabalho. Atua ainda como int\u00e9rprete de LIBRAS e atualmente \u00e9 consultor de diversas empresas em ramos de atividade como: Minera\u00e7\u00e3o, Automobil\u00edstica, Manuten\u00e7\u00e3o El\u00e9trica de Grande Porte, Cer\u00e2mica, Refrat\u00e1rios, Sa\u00fade entre outros. \u00c9 propriet\u00e1rio da empresa Mais Sa\u00fade e Seguran\u00e7a do Trabalho e atende seus clientes de forma personalizada moldando a\u00e7\u00f5es conforme as caracter\u00edsticas de cliente.\",\"sameAs\":[\"https:\\\/\\\/www.sistemametra.com.br\",\"https:\\\/\\\/www.instagram.com\\\/andfergom17121999\"],\"url\":\"https:\\\/\\\/www.sistemametra.com.br\\\/blog\\\/author\\\/anderson-fernandes\\\/\"}]}<\/script>\n<!-- \/ Yoast SEO plugin. -->","yoast_head_json":{"title":"Sistema de gerenciamento de sa\u00fade ocupacional esocial | Sistema Metra","robots":{"index":"index","follow":"follow","max-snippet":"max-snippet:-1","max-image-preview":"max-image-preview:large","max-video-preview":"max-video-preview:-1"},"canonical":"https:\/\/www.sistemametra.com.br\/blog\/sistema-gerenciamento-saude-ocupacional-esocial\/","og_locale":"pt_BR","og_type":"article","og_title":"Sistema de gerenciamento de sa\u00fade ocupacional esocial | Sistema Metra","og_description":"Voc\u00ea \u00e9 gestor de uma empresa e est\u00e1 buscando um sistema de gerenciamento de sa\u00fade ocupacional que esteja em conformidade com o sistema eSocial ? Ent\u00e3o voc\u00ea est\u00e1 no lugar certo! Fa\u00e7a agora mesmo uma cota\u00e7\u00e3o na Sistema METRA, especialista em solu\u00e7\u00f5es para gest\u00e3o de SST e eSocial. SISTEMA DE GERENCIAMENTO DE SA\u00daDE OCUPACIONAL E [&hellip;]","og_url":"https:\/\/www.sistemametra.com.br\/blog\/sistema-gerenciamento-saude-ocupacional-esocial\/","og_site_name":"Blog Metra","article_publisher":"https:\/\/www.facebook.com\/metraweb","article_published_time":"2026-02-25T03:00:00+00:00","article_modified_time":"2026-04-28T19:51:17+00:00","og_image":[{"width":800,"height":800,"url":"https:\/\/www.sistemametra.com.br\/blog\/wp-content\/uploads\/2026\/04\/sistema-gerenciamento-saude-ocupacional-esocial.webp","type":"image\/jpeg"}],"author":"Anderson Fernandes","twitter_card":"summary_large_image","twitter_misc":{"Escrito por":"Anderson Fernandes","Est. tempo de leitura":"3 minutos"},"schema":{"@context":"https:\/\/schema.org","@graph":[{"@type":"Article","@id":"https:\/\/www.sistemametra.com.br\/blog\/sistema-gerenciamento-saude-ocupacional-esocial\/#article","isPartOf":{"@id":"https:\/\/www.sistemametra.com.br\/blog\/sistema-gerenciamento-saude-ocupacional-esocial\/"},"author":{"name":"Anderson Fernandes","@id":"https:\/\/www.sistemametra.com.br\/blog\/#\/schema\/person\/7c04d9110a7e64758ca9951890e56d82"},"headline":"Como Aprimorar o Sistema de gerenciamento de sa\u00fade ocupacional esocial","datePublished":"2026-02-25T03:00:00+00:00","dateModified":"2026-04-28T19:51:17+00:00","mainEntityOfPage":{"@id":"https:\/\/www.sistemametra.com.br\/blog\/sistema-gerenciamento-saude-ocupacional-esocial\/"},"wordCount":614,"commentCount":0,"publisher":{"@id":"https:\/\/www.sistemametra.com.br\/blog\/#organization"},"image":{"@id":"https:\/\/www.sistemametra.com.br\/blog\/sistema-gerenciamento-saude-ocupacional-esocial\/#primaryimage"},"thumbnailUrl":"https:\/\/www.sistemametra.com.br\/blog\/wp-content\/uploads\/2026\/04\/sistema-gerenciamento-saude-ocupacional-esocial.webp","articleSection":["eSocial","eSocial SST"],"inLanguage":"pt-BR","potentialAction":[{"@type":"CommentAction","name":"Comment","target":["https:\/\/www.sistemametra.com.br\/blog\/sistema-gerenciamento-saude-ocupacional-esocial\/#respond"]}]},{"@type":"WebPage","@id":"https:\/\/www.sistemametra.com.br\/blog\/sistema-gerenciamento-saude-ocupacional-esocial\/","url":"https:\/\/www.sistemametra.com.br\/blog\/sistema-gerenciamento-saude-ocupacional-esocial\/","name":"Sistema de gerenciamento de sa\u00fade ocupacional esocial | Sistema Metra","isPartOf":{"@id":"https:\/\/www.sistemametra.com.br\/blog\/#website"},"primaryImageOfPage":{"@id":"https:\/\/www.sistemametra.com.br\/blog\/sistema-gerenciamento-saude-ocupacional-esocial\/#primaryimage"},"image":{"@id":"https:\/\/www.sistemametra.com.br\/blog\/sistema-gerenciamento-saude-ocupacional-esocial\/#primaryimage"},"thumbnailUrl":"https:\/\/www.sistemametra.com.br\/blog\/wp-content\/uploads\/2026\/04\/sistema-gerenciamento-saude-ocupacional-esocial.webp","datePublished":"2026-02-25T03:00:00+00:00","dateModified":"2026-04-28T19:51:17+00:00","breadcrumb":{"@id":"https:\/\/www.sistemametra.com.br\/blog\/sistema-gerenciamento-saude-ocupacional-esocial\/#breadcrumb"},"inLanguage":"pt-BR","potentialAction":[{"@type":"ReadAction","target":["https:\/\/www.sistemametra.com.br\/blog\/sistema-gerenciamento-saude-ocupacional-esocial\/"]}]},{"@type":"ImageObject","inLanguage":"pt-BR","@id":"https:\/\/www.sistemametra.com.br\/blog\/sistema-gerenciamento-saude-ocupacional-esocial\/#primaryimage","url":"https:\/\/www.sistemametra.com.br\/blog\/wp-content\/uploads\/2026\/04\/sistema-gerenciamento-saude-ocupacional-esocial.webp","contentUrl":"https:\/\/www.sistemametra.com.br\/blog\/wp-content\/uploads\/2026\/04\/sistema-gerenciamento-saude-ocupacional-esocial.webp","width":800,"height":800,"caption":"sobre gerenciamento de sa\u00fade ocupacional esocial | Blog Metra"},{"@type":"BreadcrumbList","@id":"https:\/\/www.sistemametra.com.br\/blog\/sistema-gerenciamento-saude-ocupacional-esocial\/#breadcrumb","itemListElement":[{"@type":"ListItem","position":1,"name":"In\u00edcio","item":"https:\/\/www.sistemametra.com.br\/blog\/"},{"@type":"ListItem","position":2,"name":"Como Aprimorar o Sistema de gerenciamento de sa\u00fade ocupacional esocial"}]},{"@type":"WebSite","@id":"https:\/\/www.sistemametra.com.br\/blog\/#website","url":"https:\/\/www.sistemametra.com.br\/blog\/","name":"Blog Metra","description":"Conte\u00fado pr\u00e1tico sobre Sa\u00fade e Seguran\u00e7a do Trabalho: normas, documentos e obriga\u00e7\u00f5es explicados de forma direta para profissionais e empresas.","publisher":{"@id":"https:\/\/www.sistemametra.com.br\/blog\/#organization"},"alternateName":"Sistema Metra","potentialAction":[{"@type":"SearchAction","target":{"@type":"EntryPoint","urlTemplate":"https:\/\/www.sistemametra.com.br\/blog\/?s={search_term_string}"},"query-input":{"@type":"PropertyValueSpecification","valueRequired":true,"valueName":"search_term_string"}}],"inLanguage":"pt-BR"},{"@type":"Organization","@id":"https:\/\/www.sistemametra.com.br\/blog\/#organization","name":"Sistema Metra","url":"https:\/\/www.sistemametra.com.br\/blog\/","logo":{"@type":"ImageObject","inLanguage":"pt-BR","@id":"https:\/\/www.sistemametra.com.br\/blog\/#\/schema\/logo\/image\/","url":"https:\/\/www.sistemametra.com.br\/blog\/wp-content\/uploads\/2026\/04\/blog-metra.webp","contentUrl":"https:\/\/www.sistemametra.com.br\/blog\/wp-content\/uploads\/2026\/04\/blog-metra.webp","width":800,"height":800,"caption":"Sistema Metra"},"image":{"@id":"https:\/\/www.sistemametra.com.br\/blog\/#\/schema\/logo\/image\/"},"sameAs":["https:\/\/www.facebook.com\/metraweb","https:\/\/www.linkedin.com\/company\/metra-web\/?viewAsMember=true","https:\/\/www.youtube.com\/@SistemaMetra"]},{"@type":"Person","@id":"https:\/\/www.sistemametra.com.br\/blog\/#\/schema\/person\/7c04d9110a7e64758ca9951890e56d82","name":"Anderson Fernandes","image":{"@type":"ImageObject","inLanguage":"pt-BR","@id":"https:\/\/secure.gravatar.com\/avatar\/fbe9c5fc3e57710af6aceaea09e3d466e4721a3069e8568b6c9655c7231c5b5e?s=96&d=mm&r=g","url":"https:\/\/secure.gravatar.com\/avatar\/fbe9c5fc3e57710af6aceaea09e3d466e4721a3069e8568b6c9655c7231c5b5e?s=96&d=mm&r=g","contentUrl":"https:\/\/secure.gravatar.com\/avatar\/fbe9c5fc3e57710af6aceaea09e3d466e4721a3069e8568b6c9655c7231c5b5e?s=96&d=mm&r=g","caption":"Anderson Fernandes"},"description":"Com forma\u00e7\u00e3o superior \u00e9 t\u00e9cnico em Seguran\u00e7a do Trabalho do Sistema Metra. H\u00e1 30 anos trabalhando ininterruptamente na \u00e1rea desde 2002. Formado ainda no Curso de Tecn\u00f3logo em Seguran\u00e7a do Trabalho e cursando Engenharia visando a p\u00f3s gradua\u00e7\u00e3o em Seguran\u00e7a do Trabalho. Atua ainda como int\u00e9rprete de LIBRAS e atualmente \u00e9 consultor de diversas empresas em ramos de atividade como: Minera\u00e7\u00e3o, Automobil\u00edstica, Manuten\u00e7\u00e3o El\u00e9trica de Grande Porte, Cer\u00e2mica, Refrat\u00e1rios, Sa\u00fade entre outros. \u00c9 propriet\u00e1rio da empresa Mais Sa\u00fade e Seguran\u00e7a do Trabalho e atende seus clientes de forma personalizada moldando a\u00e7\u00f5es conforme as caracter\u00edsticas de cliente.","sameAs":["https:\/\/www.sistemametra.com.br","https:\/\/www.instagram.com\/andfergom17121999"],"url":"https:\/\/www.sistemametra.com.br\/blog\/author\/anderson-fernandes\/"}]}},"_links":{"self":[{"href":"https:\/\/www.sistemametra.com.br\/blog\/wp-json\/wp\/v2\/posts\/546","targetHints":{"allow":["GET"]}}],"collection":[{"href":"https:\/\/www.sistemametra.com.br\/blog\/wp-json\/wp\/v2\/posts"}],"about":[{"href":"https:\/\/www.sistemametra.com.br\/blog\/wp-json\/wp\/v2\/types\/post"}],"author":[{"embeddable":true,"href":"https:\/\/www.sistemametra.com.br\/blog\/wp-json\/wp\/v2\/users\/3"}],"replies":[{"embeddable":true,"href":"https:\/\/www.sistemametra.com.br\/blog\/wp-json\/wp\/v2\/comments?post=546"}],"version-history":[{"count":1,"href":"https:\/\/www.sistemametra.com.br\/blog\/wp-json\/wp\/v2\/posts\/546\/revisions"}],"predecessor-version":[{"id":811,"href":"https:\/\/www.sistemametra.com.br\/blog\/wp-json\/wp\/v2\/posts\/546\/revisions\/811"}],"wp:featuredmedia":[{"embeddable":true,"href":"https:\/\/www.sistemametra.com.br\/blog\/wp-json\/wp\/v2\/media\/547"}],"wp:attachment":[{"href":"https:\/\/www.sistemametra.com.br\/blog\/wp-json\/wp\/v2\/media?parent=546"}],"wp:term":[{"taxonomy":"category","embeddable":true,"href":"https:\/\/www.sistemametra.com.br\/blog\/wp-json\/wp\/v2\/categories?post=546"},{"taxonomy":"post_tag","embeddable":true,"href":"https:\/\/www.sistemametra.com.br\/blog\/wp-json\/wp\/v2\/tags?post=546"}],"curies":[{"name":"wp","href":"https:\/\/api.w.org\/{rel}","templated":true}]}}