{"id":548,"date":"2026-02-26T00:00:00","date_gmt":"2026-02-26T03:00:00","guid":{"rendered":"https:\/\/www.sistemametra.com.br\/blog\/sistema-gestao-da-seguranca-saude-do-trabalho\/"},"modified":"2026-04-28T16:51:17","modified_gmt":"2026-04-28T19:51:17","slug":"sistema-gestao-da-seguranca-saude-do-trabalho","status":"publish","type":"post","link":"https:\/\/www.sistemametra.com.br\/blog\/sistema-gestao-da-seguranca-saude-do-trabalho\/","title":{"rendered":"Como Aprimorar o Sistema de gest\u00e3o da seguran\u00e7a e sa\u00fade do trabalho"},"content":{"rendered":"<article>\n<p>Voc\u00ea est\u00e1 procurando por um <strong>sistema de gest\u00e3o da seguran\u00e7a e sa\u00fade do trabalho<\/strong> eficiente para a sua empresa? Ent\u00e3o, voc\u00ea veio ao lugar certo! A Sistema METRA \u00e9 uma empresa especializada em Como Aprimorar o Sistema de Solu\u00e7\u00f5es para Gest\u00e3o de SST e eSocial, que oferece os melhores recursos para a gest\u00e3o da seguran\u00e7a e sa\u00fade do trabalho no ambiente corporativo.<\/p>\n<h2>O QUE \u00c9 UM SISTEMA DE GEST\u00c3O DA SEGURAN\u00c7A E SA\u00daDE DO TRABALHO?<\/h2>\n<p>Um <strong>sistema de gest\u00e3o da seguran\u00e7a e sa\u00fade do trabalho<\/strong> \u00e9 uma ferramenta que auxilia as empresas a gerenciarem as quest\u00f5es relacionadas \u00e0 seguran\u00e7a e sa\u00fade de seus colaboradores. Ele \u00e9 respons\u00e1vel por organizar e controlar todas as informa\u00e7\u00f5es referentes \u00e0 preven\u00e7\u00e3o de acidentes, doen\u00e7as ocupacionais e medidas de seguran\u00e7a no ambiente de trabalho.<\/p>\n<h2>COMO FUNCIONA UM SISTEMA DE GEST\u00c3O DA SEGURAN\u00c7A E SA\u00daDE DO TRABALHO?<\/h2>\n<p>Para que um <strong>sistema de gest\u00e3o da seguran\u00e7a e sa\u00fade do trabalho<\/strong> funcione de forma eficiente, \u00e9 necess\u00e1rio que todos os setores e colaboradores da empresa estejam envolvidos e engajados com o processo. Isso significa que \u00e9 preciso ter uma cultura voltada para a seguran\u00e7a e sa\u00fade no ambiente de trabalho, com a participa\u00e7\u00e3o ativa de todos.<\/p>\n<p>Al\u00e9m disso, o sistema de gest\u00e3o deve ser composto por etapas bem definidas, como a identifica\u00e7\u00e3o de riscos, an\u00e1lise de impactos, elabora\u00e7\u00e3o de planos de a\u00e7\u00e3o, treinamentos e monitoramento cont\u00ednuo. Essas etapas permitem que a empresa esteja sempre atualizada e preparada para lidar com poss\u00edveis situa\u00e7\u00f5es de risco.<\/p>\n<h2>VANTAGENS DE UTILIZAR UM SISTEMA DE GEST\u00c3O DA SEGURAN\u00c7A E SA\u00daDE DO TRABALHO<\/h2>\n<p>A utiliza\u00e7\u00e3o de um <strong>sistema de gest\u00e3o da seguran\u00e7a e sa\u00fade do trabalho<\/strong> traz diversos benef\u00edcios para as empresas, como:<\/p>\n<p>Redu\u00e7\u00e3o de acidentes e doen\u00e7as ocupacionais;<\/p>\n<p>Melhoria no ambiente de trabalho;<\/p>\n<p>Redu\u00e7\u00e3o de gastos com afastamentos e indeniza\u00e7\u00f5es;<\/p>\n<p>Cumprimento das normas de seguran\u00e7a e sa\u00fade do trabalho;<\/p>\n<p>Preven\u00e7\u00e3o de passivos trabalhistas;<\/p>\n<p>Melhoria da imagem da empresa;<\/p>\n<p>Conformidade com o eSocial.<\/p>\n<h2>APLICABILIDADE DO SISTEMA DE GEST\u00c3O DA SEGURAN\u00c7A E SA\u00daDE DO TRABALHO<\/h2>\n<p>O <strong>sistema de gest\u00e3o da seguran\u00e7a e sa\u00fade do trabalho<\/strong> pode ser aplicado em qualquer tipo de empresa, independentemente do seu porte ou segmento de atua\u00e7\u00e3o. Ele \u00e9 uma ferramenta essencial para garantir a seguran\u00e7a e prote\u00e7\u00e3o dos colaboradores, al\u00e9m de trazer in\u00fameros benef\u00edcios para o neg\u00f3cio como um todo.<\/p>\n<h2>RECOMENDA\u00c7\u00d5ES PARA ESCOLHER UM SISTEMA DE GEST\u00c3O DA SEGURAN\u00c7A E SA\u00daDE DO TRABALHO<\/h2>\n<p>Ao escolher um <strong>sistema de gest\u00e3o da seguran\u00e7a e sa\u00fade do trabalho<\/strong>, \u00e9 importante observar se a empresa possui experi\u00eancia e conhecimento na \u00e1rea, se os recursos oferecidos s\u00e3o completos e se o sistema \u00e9 de f\u00e1cil utiliza\u00e7\u00e3o. Al\u00e9m disso, \u00e9 preciso verificar se o sistema cumpre as normas de seguran\u00e7a e se est\u00e1 adequado \u00e0s exig\u00eancias do eSocial. A Sistema METRA \u00e9 uma empresa que preenche todos esses requisitos, oferecendo um sistema completo e eficiente para a gest\u00e3o da seguran\u00e7a e sa\u00fade do trabalho.<\/p>\n<p>Agora que voc\u00ea sabe mais sobre <strong>sistema de gest\u00e3o da seguran\u00e7a e sa\u00fade do trabalho<\/strong>, n\u00e3o perca mais tempo! Entre em contato com a Sistema METRA e solicite uma cota\u00e7\u00e3o para a sua empresa. Garanta a seguran\u00e7a e prote\u00e7\u00e3o dos seus colaboradores, bem como a conformidade com as normas e exig\u00eancias legais. A sua empresa merece o melhor <strong>sistema de gest\u00e3o da seguran\u00e7a e sa\u00fade do trabalho<\/strong>. Conte com a Sistema METRA!<\/p>\n<h2>Para saber mais sobre Como Aprimorar o Sistema de gest\u00e3o da seguran\u00e7a e sa\u00fade do trabalho<\/h2>\n<p>Ligue para <strong>0800-707-5900<\/strong> ou clique aqui e entre em contato por email.<\/p>\n<p>O conte\u00fado do texto desta p\u00e1gina \u00e9 de direito reservado. Sua reprodu\u00e7\u00e3o, parcial ou total, mesmo citando nossos links, \u00e9 proibida sem a autoriza\u00e7\u00e3o do autor. Crime de viola\u00e7\u00e3o de direito autoral \u2013 artigo 184 do C\u00f3digo Penal \u2013 Lei 9610\/98 &#8211; Lei de direitos autorais. <\/article>\n","protected":false},"excerpt":{"rendered":"<p>Voc\u00ea est\u00e1 procurando por um sistema de gest\u00e3o da seguran\u00e7a e sa\u00fade do trabalho eficiente para a sua empresa? Ent\u00e3o, voc\u00ea veio ao lugar certo! A Sistema METRA \u00e9 uma empresa especializada em Como Aprimorar o Sistema de Solu\u00e7\u00f5es para Gest\u00e3o de SST e eSocial, que oferece os melhores recursos para a gest\u00e3o da seguran\u00e7a [&hellip;]<\/p>\n","protected":false},"author":3,"featured_media":549,"comment_status":"open","ping_status":"open","sticky":false,"template":"","format":"standard","meta":{"footnotes":""},"categories":[25],"tags":[],"class_list":["post-548","post","type-post","status-publish","format-standard","has-post-thumbnail","hentry","category-seguranca-do-trabalho"],"yoast_head":"<!-- This site is optimized with the Yoast SEO plugin v27.5 - https:\/\/yoast.com\/product\/yoast-seo-wordpress\/ -->\n<title>Sistema de gest\u00e3o da seguran\u00e7a e sa\u00fade do trabalho | Sistema Metra<\/title>\n<meta name=\"robots\" content=\"index, follow, max-snippet:-1, max-image-preview:large, max-video-preview:-1\" \/>\n<link rel=\"canonical\" href=\"https:\/\/www.sistemametra.com.br\/blog\/sistema-gestao-da-seguranca-saude-do-trabalho\/\" \/>\n<meta property=\"og:locale\" content=\"pt_BR\" \/>\n<meta property=\"og:type\" content=\"article\" \/>\n<meta property=\"og:title\" content=\"Sistema de gest\u00e3o da seguran\u00e7a e sa\u00fade do trabalho | Sistema Metra\" \/>\n<meta property=\"og:description\" content=\"Voc\u00ea est\u00e1 procurando por um sistema de gest\u00e3o da seguran\u00e7a e sa\u00fade do trabalho eficiente para a sua empresa? Ent\u00e3o, voc\u00ea veio ao lugar certo! A Sistema METRA \u00e9 uma empresa especializada em Como Aprimorar o Sistema de Solu\u00e7\u00f5es para Gest\u00e3o de SST e eSocial, que oferece os melhores recursos para a gest\u00e3o da seguran\u00e7a [&hellip;]\" \/>\n<meta property=\"og:url\" content=\"https:\/\/www.sistemametra.com.br\/blog\/sistema-gestao-da-seguranca-saude-do-trabalho\/\" \/>\n<meta property=\"og:site_name\" content=\"Blog Metra\" \/>\n<meta property=\"article:publisher\" content=\"https:\/\/www.facebook.com\/metraweb\" \/>\n<meta property=\"article:published_time\" content=\"2026-02-26T03:00:00+00:00\" \/>\n<meta property=\"article:modified_time\" content=\"2026-04-28T19:51:17+00:00\" \/>\n<meta property=\"og:image\" content=\"https:\/\/www.sistemametra.com.br\/blog\/wp-content\/uploads\/2026\/04\/sistema-gestao-da-seguranca-saude-do-trabalho.webp\" \/>\n\t<meta property=\"og:image:width\" content=\"800\" \/>\n\t<meta property=\"og:image:height\" content=\"800\" \/>\n\t<meta property=\"og:image:type\" content=\"image\/jpeg\" \/>\n<meta name=\"author\" content=\"Anderson Fernandes\" \/>\n<meta name=\"twitter:card\" content=\"summary_large_image\" \/>\n<meta name=\"twitter:label1\" content=\"Escrito por\" \/>\n\t<meta name=\"twitter:data1\" content=\"Anderson Fernandes\" \/>\n\t<meta name=\"twitter:label2\" content=\"Est. tempo de leitura\" \/>\n\t<meta name=\"twitter:data2\" content=\"4 minutos\" \/>\n<script type=\"application\/ld+json\" class=\"yoast-schema-graph\">{\"@context\":\"https:\\\/\\\/schema.org\",\"@graph\":[{\"@type\":\"Article\",\"@id\":\"https:\\\/\\\/www.sistemametra.com.br\\\/blog\\\/sistema-gestao-da-seguranca-saude-do-trabalho\\\/#article\",\"isPartOf\":{\"@id\":\"https:\\\/\\\/www.sistemametra.com.br\\\/blog\\\/sistema-gestao-da-seguranca-saude-do-trabalho\\\/\"},\"author\":{\"name\":\"Anderson Fernandes\",\"@id\":\"https:\\\/\\\/www.sistemametra.com.br\\\/blog\\\/#\\\/schema\\\/person\\\/7c04d9110a7e64758ca9951890e56d82\"},\"headline\":\"Como Aprimorar o Sistema de gest\u00e3o da seguran\u00e7a e sa\u00fade do trabalho\",\"datePublished\":\"2026-02-26T03:00:00+00:00\",\"dateModified\":\"2026-04-28T19:51:17+00:00\",\"mainEntityOfPage\":{\"@id\":\"https:\\\/\\\/www.sistemametra.com.br\\\/blog\\\/sistema-gestao-da-seguranca-saude-do-trabalho\\\/\"},\"wordCount\":728,\"commentCount\":0,\"publisher\":{\"@id\":\"https:\\\/\\\/www.sistemametra.com.br\\\/blog\\\/#organization\"},\"image\":{\"@id\":\"https:\\\/\\\/www.sistemametra.com.br\\\/blog\\\/sistema-gestao-da-seguranca-saude-do-trabalho\\\/#primaryimage\"},\"thumbnailUrl\":\"https:\\\/\\\/www.sistemametra.com.br\\\/blog\\\/wp-content\\\/uploads\\\/2026\\\/04\\\/sistema-gestao-da-seguranca-saude-do-trabalho.webp\",\"articleSection\":[\"Seguran\u00e7a do Trabalho\"],\"inLanguage\":\"pt-BR\",\"potentialAction\":[{\"@type\":\"CommentAction\",\"name\":\"Comment\",\"target\":[\"https:\\\/\\\/www.sistemametra.com.br\\\/blog\\\/sistema-gestao-da-seguranca-saude-do-trabalho\\\/#respond\"]}]},{\"@type\":\"WebPage\",\"@id\":\"https:\\\/\\\/www.sistemametra.com.br\\\/blog\\\/sistema-gestao-da-seguranca-saude-do-trabalho\\\/\",\"url\":\"https:\\\/\\\/www.sistemametra.com.br\\\/blog\\\/sistema-gestao-da-seguranca-saude-do-trabalho\\\/\",\"name\":\"Sistema de gest\u00e3o da seguran\u00e7a e sa\u00fade do trabalho | Sistema Metra\",\"isPartOf\":{\"@id\":\"https:\\\/\\\/www.sistemametra.com.br\\\/blog\\\/#website\"},\"primaryImageOfPage\":{\"@id\":\"https:\\\/\\\/www.sistemametra.com.br\\\/blog\\\/sistema-gestao-da-seguranca-saude-do-trabalho\\\/#primaryimage\"},\"image\":{\"@id\":\"https:\\\/\\\/www.sistemametra.com.br\\\/blog\\\/sistema-gestao-da-seguranca-saude-do-trabalho\\\/#primaryimage\"},\"thumbnailUrl\":\"https:\\\/\\\/www.sistemametra.com.br\\\/blog\\\/wp-content\\\/uploads\\\/2026\\\/04\\\/sistema-gestao-da-seguranca-saude-do-trabalho.webp\",\"datePublished\":\"2026-02-26T03:00:00+00:00\",\"dateModified\":\"2026-04-28T19:51:17+00:00\",\"breadcrumb\":{\"@id\":\"https:\\\/\\\/www.sistemametra.com.br\\\/blog\\\/sistema-gestao-da-seguranca-saude-do-trabalho\\\/#breadcrumb\"},\"inLanguage\":\"pt-BR\",\"potentialAction\":[{\"@type\":\"ReadAction\",\"target\":[\"https:\\\/\\\/www.sistemametra.com.br\\\/blog\\\/sistema-gestao-da-seguranca-saude-do-trabalho\\\/\"]}]},{\"@type\":\"ImageObject\",\"inLanguage\":\"pt-BR\",\"@id\":\"https:\\\/\\\/www.sistemametra.com.br\\\/blog\\\/sistema-gestao-da-seguranca-saude-do-trabalho\\\/#primaryimage\",\"url\":\"https:\\\/\\\/www.sistemametra.com.br\\\/blog\\\/wp-content\\\/uploads\\\/2026\\\/04\\\/sistema-gestao-da-seguranca-saude-do-trabalho.webp\",\"contentUrl\":\"https:\\\/\\\/www.sistemametra.com.br\\\/blog\\\/wp-content\\\/uploads\\\/2026\\\/04\\\/sistema-gestao-da-seguranca-saude-do-trabalho.webp\",\"width\":800,\"height\":800,\"caption\":\"sobre gest\u00e3o da seguran\u00e7a e sa\u00fade do trabalho | Blog Metra\"},{\"@type\":\"BreadcrumbList\",\"@id\":\"https:\\\/\\\/www.sistemametra.com.br\\\/blog\\\/sistema-gestao-da-seguranca-saude-do-trabalho\\\/#breadcrumb\",\"itemListElement\":[{\"@type\":\"ListItem\",\"position\":1,\"name\":\"In\u00edcio\",\"item\":\"https:\\\/\\\/www.sistemametra.com.br\\\/blog\\\/\"},{\"@type\":\"ListItem\",\"position\":2,\"name\":\"Como Aprimorar o Sistema de gest\u00e3o da seguran\u00e7a e sa\u00fade do trabalho\"}]},{\"@type\":\"WebSite\",\"@id\":\"https:\\\/\\\/www.sistemametra.com.br\\\/blog\\\/#website\",\"url\":\"https:\\\/\\\/www.sistemametra.com.br\\\/blog\\\/\",\"name\":\"Blog Metra\",\"description\":\"Conte\u00fado pr\u00e1tico sobre Sa\u00fade e Seguran\u00e7a do Trabalho: normas, documentos e obriga\u00e7\u00f5es explicados de forma direta para profissionais e empresas.\",\"publisher\":{\"@id\":\"https:\\\/\\\/www.sistemametra.com.br\\\/blog\\\/#organization\"},\"alternateName\":\"Sistema Metra\",\"potentialAction\":[{\"@type\":\"SearchAction\",\"target\":{\"@type\":\"EntryPoint\",\"urlTemplate\":\"https:\\\/\\\/www.sistemametra.com.br\\\/blog\\\/?s={search_term_string}\"},\"query-input\":{\"@type\":\"PropertyValueSpecification\",\"valueRequired\":true,\"valueName\":\"search_term_string\"}}],\"inLanguage\":\"pt-BR\"},{\"@type\":\"Organization\",\"@id\":\"https:\\\/\\\/www.sistemametra.com.br\\\/blog\\\/#organization\",\"name\":\"Sistema Metra\",\"url\":\"https:\\\/\\\/www.sistemametra.com.br\\\/blog\\\/\",\"logo\":{\"@type\":\"ImageObject\",\"inLanguage\":\"pt-BR\",\"@id\":\"https:\\\/\\\/www.sistemametra.com.br\\\/blog\\\/#\\\/schema\\\/logo\\\/image\\\/\",\"url\":\"https:\\\/\\\/www.sistemametra.com.br\\\/blog\\\/wp-content\\\/uploads\\\/2026\\\/04\\\/blog-metra.webp\",\"contentUrl\":\"https:\\\/\\\/www.sistemametra.com.br\\\/blog\\\/wp-content\\\/uploads\\\/2026\\\/04\\\/blog-metra.webp\",\"width\":800,\"height\":800,\"caption\":\"Sistema Metra\"},\"image\":{\"@id\":\"https:\\\/\\\/www.sistemametra.com.br\\\/blog\\\/#\\\/schema\\\/logo\\\/image\\\/\"},\"sameAs\":[\"https:\\\/\\\/www.facebook.com\\\/metraweb\",\"https:\\\/\\\/www.linkedin.com\\\/company\\\/metra-web\\\/?viewAsMember=true\",\"https:\\\/\\\/www.youtube.com\\\/@SistemaMetra\"]},{\"@type\":\"Person\",\"@id\":\"https:\\\/\\\/www.sistemametra.com.br\\\/blog\\\/#\\\/schema\\\/person\\\/7c04d9110a7e64758ca9951890e56d82\",\"name\":\"Anderson Fernandes\",\"image\":{\"@type\":\"ImageObject\",\"inLanguage\":\"pt-BR\",\"@id\":\"https:\\\/\\\/secure.gravatar.com\\\/avatar\\\/fbe9c5fc3e57710af6aceaea09e3d466e4721a3069e8568b6c9655c7231c5b5e?s=96&d=mm&r=g\",\"url\":\"https:\\\/\\\/secure.gravatar.com\\\/avatar\\\/fbe9c5fc3e57710af6aceaea09e3d466e4721a3069e8568b6c9655c7231c5b5e?s=96&d=mm&r=g\",\"contentUrl\":\"https:\\\/\\\/secure.gravatar.com\\\/avatar\\\/fbe9c5fc3e57710af6aceaea09e3d466e4721a3069e8568b6c9655c7231c5b5e?s=96&d=mm&r=g\",\"caption\":\"Anderson Fernandes\"},\"description\":\"Com forma\u00e7\u00e3o superior \u00e9 t\u00e9cnico em Seguran\u00e7a do Trabalho do Sistema Metra. H\u00e1 30 anos trabalhando ininterruptamente na \u00e1rea desde 2002. Formado ainda no Curso de Tecn\u00f3logo em Seguran\u00e7a do Trabalho e cursando Engenharia visando a p\u00f3s gradua\u00e7\u00e3o em Seguran\u00e7a do Trabalho. Atua ainda como int\u00e9rprete de LIBRAS e atualmente \u00e9 consultor de diversas empresas em ramos de atividade como: Minera\u00e7\u00e3o, Automobil\u00edstica, Manuten\u00e7\u00e3o El\u00e9trica de Grande Porte, Cer\u00e2mica, Refrat\u00e1rios, Sa\u00fade entre outros. \u00c9 propriet\u00e1rio da empresa Mais Sa\u00fade e Seguran\u00e7a do Trabalho e atende seus clientes de forma personalizada moldando a\u00e7\u00f5es conforme as caracter\u00edsticas de cliente.\",\"sameAs\":[\"https:\\\/\\\/www.sistemametra.com.br\",\"https:\\\/\\\/www.instagram.com\\\/andfergom17121999\"],\"url\":\"https:\\\/\\\/www.sistemametra.com.br\\\/blog\\\/author\\\/anderson-fernandes\\\/\"}]}<\/script>\n<!-- \/ Yoast SEO plugin. -->","yoast_head_json":{"title":"Sistema de gest\u00e3o da seguran\u00e7a e sa\u00fade do trabalho | Sistema Metra","robots":{"index":"index","follow":"follow","max-snippet":"max-snippet:-1","max-image-preview":"max-image-preview:large","max-video-preview":"max-video-preview:-1"},"canonical":"https:\/\/www.sistemametra.com.br\/blog\/sistema-gestao-da-seguranca-saude-do-trabalho\/","og_locale":"pt_BR","og_type":"article","og_title":"Sistema de gest\u00e3o da seguran\u00e7a e sa\u00fade do trabalho | Sistema Metra","og_description":"Voc\u00ea est\u00e1 procurando por um sistema de gest\u00e3o da seguran\u00e7a e sa\u00fade do trabalho eficiente para a sua empresa? Ent\u00e3o, voc\u00ea veio ao lugar certo! A Sistema METRA \u00e9 uma empresa especializada em Como Aprimorar o Sistema de Solu\u00e7\u00f5es para Gest\u00e3o de SST e eSocial, que oferece os melhores recursos para a gest\u00e3o da seguran\u00e7a [&hellip;]","og_url":"https:\/\/www.sistemametra.com.br\/blog\/sistema-gestao-da-seguranca-saude-do-trabalho\/","og_site_name":"Blog Metra","article_publisher":"https:\/\/www.facebook.com\/metraweb","article_published_time":"2026-02-26T03:00:00+00:00","article_modified_time":"2026-04-28T19:51:17+00:00","og_image":[{"width":800,"height":800,"url":"https:\/\/www.sistemametra.com.br\/blog\/wp-content\/uploads\/2026\/04\/sistema-gestao-da-seguranca-saude-do-trabalho.webp","type":"image\/jpeg"}],"author":"Anderson Fernandes","twitter_card":"summary_large_image","twitter_misc":{"Escrito por":"Anderson Fernandes","Est. tempo de leitura":"4 minutos"},"schema":{"@context":"https:\/\/schema.org","@graph":[{"@type":"Article","@id":"https:\/\/www.sistemametra.com.br\/blog\/sistema-gestao-da-seguranca-saude-do-trabalho\/#article","isPartOf":{"@id":"https:\/\/www.sistemametra.com.br\/blog\/sistema-gestao-da-seguranca-saude-do-trabalho\/"},"author":{"name":"Anderson Fernandes","@id":"https:\/\/www.sistemametra.com.br\/blog\/#\/schema\/person\/7c04d9110a7e64758ca9951890e56d82"},"headline":"Como Aprimorar o Sistema de gest\u00e3o da seguran\u00e7a e sa\u00fade do trabalho","datePublished":"2026-02-26T03:00:00+00:00","dateModified":"2026-04-28T19:51:17+00:00","mainEntityOfPage":{"@id":"https:\/\/www.sistemametra.com.br\/blog\/sistema-gestao-da-seguranca-saude-do-trabalho\/"},"wordCount":728,"commentCount":0,"publisher":{"@id":"https:\/\/www.sistemametra.com.br\/blog\/#organization"},"image":{"@id":"https:\/\/www.sistemametra.com.br\/blog\/sistema-gestao-da-seguranca-saude-do-trabalho\/#primaryimage"},"thumbnailUrl":"https:\/\/www.sistemametra.com.br\/blog\/wp-content\/uploads\/2026\/04\/sistema-gestao-da-seguranca-saude-do-trabalho.webp","articleSection":["Seguran\u00e7a do Trabalho"],"inLanguage":"pt-BR","potentialAction":[{"@type":"CommentAction","name":"Comment","target":["https:\/\/www.sistemametra.com.br\/blog\/sistema-gestao-da-seguranca-saude-do-trabalho\/#respond"]}]},{"@type":"WebPage","@id":"https:\/\/www.sistemametra.com.br\/blog\/sistema-gestao-da-seguranca-saude-do-trabalho\/","url":"https:\/\/www.sistemametra.com.br\/blog\/sistema-gestao-da-seguranca-saude-do-trabalho\/","name":"Sistema de gest\u00e3o da seguran\u00e7a e sa\u00fade do trabalho | Sistema Metra","isPartOf":{"@id":"https:\/\/www.sistemametra.com.br\/blog\/#website"},"primaryImageOfPage":{"@id":"https:\/\/www.sistemametra.com.br\/blog\/sistema-gestao-da-seguranca-saude-do-trabalho\/#primaryimage"},"image":{"@id":"https:\/\/www.sistemametra.com.br\/blog\/sistema-gestao-da-seguranca-saude-do-trabalho\/#primaryimage"},"thumbnailUrl":"https:\/\/www.sistemametra.com.br\/blog\/wp-content\/uploads\/2026\/04\/sistema-gestao-da-seguranca-saude-do-trabalho.webp","datePublished":"2026-02-26T03:00:00+00:00","dateModified":"2026-04-28T19:51:17+00:00","breadcrumb":{"@id":"https:\/\/www.sistemametra.com.br\/blog\/sistema-gestao-da-seguranca-saude-do-trabalho\/#breadcrumb"},"inLanguage":"pt-BR","potentialAction":[{"@type":"ReadAction","target":["https:\/\/www.sistemametra.com.br\/blog\/sistema-gestao-da-seguranca-saude-do-trabalho\/"]}]},{"@type":"ImageObject","inLanguage":"pt-BR","@id":"https:\/\/www.sistemametra.com.br\/blog\/sistema-gestao-da-seguranca-saude-do-trabalho\/#primaryimage","url":"https:\/\/www.sistemametra.com.br\/blog\/wp-content\/uploads\/2026\/04\/sistema-gestao-da-seguranca-saude-do-trabalho.webp","contentUrl":"https:\/\/www.sistemametra.com.br\/blog\/wp-content\/uploads\/2026\/04\/sistema-gestao-da-seguranca-saude-do-trabalho.webp","width":800,"height":800,"caption":"sobre gest\u00e3o da seguran\u00e7a e sa\u00fade do trabalho | Blog Metra"},{"@type":"BreadcrumbList","@id":"https:\/\/www.sistemametra.com.br\/blog\/sistema-gestao-da-seguranca-saude-do-trabalho\/#breadcrumb","itemListElement":[{"@type":"ListItem","position":1,"name":"In\u00edcio","item":"https:\/\/www.sistemametra.com.br\/blog\/"},{"@type":"ListItem","position":2,"name":"Como Aprimorar o Sistema de gest\u00e3o da seguran\u00e7a e sa\u00fade do trabalho"}]},{"@type":"WebSite","@id":"https:\/\/www.sistemametra.com.br\/blog\/#website","url":"https:\/\/www.sistemametra.com.br\/blog\/","name":"Blog Metra","description":"Conte\u00fado pr\u00e1tico sobre Sa\u00fade e Seguran\u00e7a do Trabalho: normas, documentos e obriga\u00e7\u00f5es explicados de forma direta para profissionais e empresas.","publisher":{"@id":"https:\/\/www.sistemametra.com.br\/blog\/#organization"},"alternateName":"Sistema Metra","potentialAction":[{"@type":"SearchAction","target":{"@type":"EntryPoint","urlTemplate":"https:\/\/www.sistemametra.com.br\/blog\/?s={search_term_string}"},"query-input":{"@type":"PropertyValueSpecification","valueRequired":true,"valueName":"search_term_string"}}],"inLanguage":"pt-BR"},{"@type":"Organization","@id":"https:\/\/www.sistemametra.com.br\/blog\/#organization","name":"Sistema Metra","url":"https:\/\/www.sistemametra.com.br\/blog\/","logo":{"@type":"ImageObject","inLanguage":"pt-BR","@id":"https:\/\/www.sistemametra.com.br\/blog\/#\/schema\/logo\/image\/","url":"https:\/\/www.sistemametra.com.br\/blog\/wp-content\/uploads\/2026\/04\/blog-metra.webp","contentUrl":"https:\/\/www.sistemametra.com.br\/blog\/wp-content\/uploads\/2026\/04\/blog-metra.webp","width":800,"height":800,"caption":"Sistema Metra"},"image":{"@id":"https:\/\/www.sistemametra.com.br\/blog\/#\/schema\/logo\/image\/"},"sameAs":["https:\/\/www.facebook.com\/metraweb","https:\/\/www.linkedin.com\/company\/metra-web\/?viewAsMember=true","https:\/\/www.youtube.com\/@SistemaMetra"]},{"@type":"Person","@id":"https:\/\/www.sistemametra.com.br\/blog\/#\/schema\/person\/7c04d9110a7e64758ca9951890e56d82","name":"Anderson Fernandes","image":{"@type":"ImageObject","inLanguage":"pt-BR","@id":"https:\/\/secure.gravatar.com\/avatar\/fbe9c5fc3e57710af6aceaea09e3d466e4721a3069e8568b6c9655c7231c5b5e?s=96&d=mm&r=g","url":"https:\/\/secure.gravatar.com\/avatar\/fbe9c5fc3e57710af6aceaea09e3d466e4721a3069e8568b6c9655c7231c5b5e?s=96&d=mm&r=g","contentUrl":"https:\/\/secure.gravatar.com\/avatar\/fbe9c5fc3e57710af6aceaea09e3d466e4721a3069e8568b6c9655c7231c5b5e?s=96&d=mm&r=g","caption":"Anderson Fernandes"},"description":"Com forma\u00e7\u00e3o superior \u00e9 t\u00e9cnico em Seguran\u00e7a do Trabalho do Sistema Metra. H\u00e1 30 anos trabalhando ininterruptamente na \u00e1rea desde 2002. Formado ainda no Curso de Tecn\u00f3logo em Seguran\u00e7a do Trabalho e cursando Engenharia visando a p\u00f3s gradua\u00e7\u00e3o em Seguran\u00e7a do Trabalho. Atua ainda como int\u00e9rprete de LIBRAS e atualmente \u00e9 consultor de diversas empresas em ramos de atividade como: Minera\u00e7\u00e3o, Automobil\u00edstica, Manuten\u00e7\u00e3o El\u00e9trica de Grande Porte, Cer\u00e2mica, Refrat\u00e1rios, Sa\u00fade entre outros. \u00c9 propriet\u00e1rio da empresa Mais Sa\u00fade e Seguran\u00e7a do Trabalho e atende seus clientes de forma personalizada moldando a\u00e7\u00f5es conforme as caracter\u00edsticas de cliente.","sameAs":["https:\/\/www.sistemametra.com.br","https:\/\/www.instagram.com\/andfergom17121999"],"url":"https:\/\/www.sistemametra.com.br\/blog\/author\/anderson-fernandes\/"}]}},"_links":{"self":[{"href":"https:\/\/www.sistemametra.com.br\/blog\/wp-json\/wp\/v2\/posts\/548","targetHints":{"allow":["GET"]}}],"collection":[{"href":"https:\/\/www.sistemametra.com.br\/blog\/wp-json\/wp\/v2\/posts"}],"about":[{"href":"https:\/\/www.sistemametra.com.br\/blog\/wp-json\/wp\/v2\/types\/post"}],"author":[{"embeddable":true,"href":"https:\/\/www.sistemametra.com.br\/blog\/wp-json\/wp\/v2\/users\/3"}],"replies":[{"embeddable":true,"href":"https:\/\/www.sistemametra.com.br\/blog\/wp-json\/wp\/v2\/comments?post=548"}],"version-history":[{"count":1,"href":"https:\/\/www.sistemametra.com.br\/blog\/wp-json\/wp\/v2\/posts\/548\/revisions"}],"predecessor-version":[{"id":810,"href":"https:\/\/www.sistemametra.com.br\/blog\/wp-json\/wp\/v2\/posts\/548\/revisions\/810"}],"wp:featuredmedia":[{"embeddable":true,"href":"https:\/\/www.sistemametra.com.br\/blog\/wp-json\/wp\/v2\/media\/549"}],"wp:attachment":[{"href":"https:\/\/www.sistemametra.com.br\/blog\/wp-json\/wp\/v2\/media?parent=548"}],"wp:term":[{"taxonomy":"category","embeddable":true,"href":"https:\/\/www.sistemametra.com.br\/blog\/wp-json\/wp\/v2\/categories?post=548"},{"taxonomy":"post_tag","embeddable":true,"href":"https:\/\/www.sistemametra.com.br\/blog\/wp-json\/wp\/v2\/tags?post=548"}],"curies":[{"name":"wp","href":"https:\/\/api.w.org\/{rel}","templated":true}]}}