{"id":560,"date":"2026-03-04T00:00:00","date_gmt":"2026-03-04T03:00:00","guid":{"rendered":"https:\/\/www.sistemametra.com.br\/blog\/sistema-gestao-saude-seguranca-ocupacional\/"},"modified":"2026-04-28T16:51:15","modified_gmt":"2026-04-28T19:51:15","slug":"sistema-gestao-saude-seguranca-ocupacional","status":"publish","type":"post","link":"https:\/\/www.sistemametra.com.br\/blog\/sistema-gestao-saude-seguranca-ocupacional\/","title":{"rendered":"Como Aprimorar o Sistema de gest\u00e3o de sa\u00fade e seguran\u00e7a ocupacional"},"content":{"rendered":"<article>\n<p>Voc\u00ea sabia que um <strong>sistema de gest\u00e3o de sa\u00fade e seguran\u00e7a ocupacional<\/strong> pode trazer diversos benef\u00edcios para a sua empresa? Al\u00e9m de garantir a sa\u00fade e seguran\u00e7a dos colaboradores, tamb\u00e9m pode otimizar processos e at\u00e9 mesmo melhorar o seu ranqueamento no Google. Para saber mais sobre essa solu\u00e7\u00e3o, fa\u00e7a agora mesmo uma cota\u00e7\u00e3o na Sistema METRA, empresa especializada em sistema de solu\u00e7\u00f5es para gest\u00e3o de SST e eSocial.<\/p>\n<h2>O QUE \u00c9 UM SISTEMA DE GEST\u00c3O DE SA\u00daDE E SEGURAN\u00c7A OCUPACIONAL?<\/h2>\n<p>Um <strong>sistema de gest\u00e3o de sa\u00fade e seguran\u00e7a ocupacional<\/strong>, tamb\u00e9m conhecido como SGSSO, \u00e9 uma ferramenta que auxilia na gest\u00e3o de todas as quest\u00f5es relacionadas \u00e0 sa\u00fade e seguran\u00e7a do trabalho dentro de uma empresa. Isso inclui desde a an\u00e1lise de riscos at\u00e9 o controle de acidentes e incidentes.<\/p>\n<h2>COMO FUNCIONA UM SISTEMA DE GEST\u00c3O DE SA\u00daDE E SEGURAN\u00c7A OCUPACIONAL?<\/h2>\n<p>Para garantir a efic\u00e1cia do SGSSO, ele \u00e9 dividido em etapas, que incluem a identifica\u00e7\u00e3o de riscos, elabora\u00e7\u00e3o de planos de a\u00e7\u00e3o, capacita\u00e7\u00e3o dos colaboradores, registro e an\u00e1lise de dados, entre outros. Essas etapas s\u00e3o interligadas e se complementam, proporcionando uma gest\u00e3o mais completa e eficiente.<\/p>\n<h2>QUAIS S\u00c3O AS VANTAGENS DE ADOTAR UM SISTEMA DE GEST\u00c3O DE SA\u00daDE E SEGURAN\u00c7A OCUPACIONAL?<\/h2>\n<p>Ao implementar um SGSSO na sua empresa, voc\u00ea estar\u00e1 garantindo a seguran\u00e7a e integridade dos seus colaboradores, o que \u00e9 essencial para manter um ambiente de trabalho saud\u00e1vel e produtivo. Al\u00e9m disso, o sistema tamb\u00e9m pode trazer outras vantagens, como a otimiza\u00e7\u00e3o de processos, redu\u00e7\u00e3o de custos com acidentes de trabalho, melhora na imagem da empresa e at\u00e9 mesmo um melhor posicionamento no Google.<\/p>\n<h2>QUAL A APLICABILIDADE DE UM SISTEMA DE GEST\u00c3O DE SA\u00daDE E SEGURAN\u00c7A OCUPACIONAL?<\/h2>\n<p>O SGSSO \u00e9 uma solu\u00e7\u00e3o indicada para empresas de todos os segmentos e tamanhos, que desejam garantir a sa\u00fade e seguran\u00e7a dos seus colaboradores e tamb\u00e9m seguir as legisla\u00e7\u00f5es trabalhistas e previdenci\u00e1rias vigentes. \u00c9 uma ferramenta indispens\u00e1vel para manter a conformidade com o eSocial, sistema do Governo Federal que unifica o envio de informa\u00e7\u00f5es trabalhistas, previdenci\u00e1rias e fiscais.<\/p>\n<h2>RECOMENDA\u00c7\u00d5ES PARA A ESCOLHA DE UM SISTEMA DE GEST\u00c3O DE SA\u00daDE E SEGURAN\u00c7A OCUPACIONAL<\/h2>\n<p>Ao escolher um <strong>sistema de gest\u00e3o de sa\u00fade e seguran\u00e7a ocupacional<\/strong>, \u00e9 importante levar em considera\u00e7\u00e3o a qualidade do software, a experi\u00eancia do fornecedor, a compatibilidade com as legisla\u00e7\u00f5es vigentes e a facilidade de uso e implementa\u00e7\u00e3o. Al\u00e9m disso, \u00e9 essencial que a empresa respons\u00e1vel ofere\u00e7a suporte e treinamento para garantir a efic\u00e1cia do sistema.<\/p>\n<p>Agora que voc\u00ea j\u00e1 sabe mais sobre <strong>sistema de gest\u00e3o de sa\u00fade e seguran\u00e7a ocupacional<\/strong>, n\u00e3o perca mais tempo e fa\u00e7a uma cota\u00e7\u00e3o na Sistema METRA. Tenha uma gest\u00e3o mais eficiente e garanta a sa\u00fade e seguran\u00e7a dos seus colaboradores com as solu\u00e7\u00f5es oferecidas pela empresa. Saiba mais em nosso site e solicite um or\u00e7amento.<\/p>\n<h2>Para saber mais sobre Como Aprimorar o Sistema de gest\u00e3o de sa\u00fade e seguran\u00e7a ocupacional<\/h2>\n<p>Ligue para <strong>0800-707-5900 <\/strong>ou clique aqui e entre em contato por email.<\/p>\n<p>O conte\u00fado do texto desta p\u00e1gina \u00e9 de direito reservado. Sua reprodu\u00e7\u00e3o, parcial ou total, mesmo citando nossos links, \u00e9 proibida sem a autoriza\u00e7\u00e3o do autor. Crime de viola\u00e7\u00e3o de direito autoral \u2013 artigo 184 do C\u00f3digo Penal \u2013 Lei 9610\/98 &#8211; Lei de direitos autorais. <\/article>\n","protected":false},"excerpt":{"rendered":"<p>Voc\u00ea sabia que um sistema de gest\u00e3o de sa\u00fade e seguran\u00e7a ocupacional pode trazer diversos benef\u00edcios para a sua empresa? Al\u00e9m de garantir a sa\u00fade e seguran\u00e7a dos colaboradores, tamb\u00e9m pode otimizar processos e at\u00e9 mesmo melhorar o seu ranqueamento no Google. Para saber mais sobre essa solu\u00e7\u00e3o, fa\u00e7a agora mesmo uma cota\u00e7\u00e3o na Sistema [&hellip;]<\/p>\n","protected":false},"author":3,"featured_media":561,"comment_status":"open","ping_status":"open","sticky":false,"template":"","format":"standard","meta":{"footnotes":""},"categories":[25],"tags":[],"class_list":["post-560","post","type-post","status-publish","format-standard","has-post-thumbnail","hentry","category-seguranca-do-trabalho"],"yoast_head":"<!-- This site is optimized with the Yoast SEO plugin v27.5 - https:\/\/yoast.com\/product\/yoast-seo-wordpress\/ -->\n<title>Sistema de gest\u00e3o de sa\u00fade e seguran\u00e7a ocupacional | Sistema Metra<\/title>\n<meta name=\"robots\" content=\"index, follow, max-snippet:-1, max-image-preview:large, max-video-preview:-1\" \/>\n<link rel=\"canonical\" href=\"https:\/\/www.sistemametra.com.br\/blog\/sistema-gestao-saude-seguranca-ocupacional\/\" \/>\n<meta property=\"og:locale\" content=\"pt_BR\" \/>\n<meta property=\"og:type\" content=\"article\" \/>\n<meta property=\"og:title\" content=\"Sistema de gest\u00e3o de sa\u00fade e seguran\u00e7a ocupacional | Sistema Metra\" \/>\n<meta property=\"og:description\" content=\"Voc\u00ea sabia que um sistema de gest\u00e3o de sa\u00fade e seguran\u00e7a ocupacional pode trazer diversos benef\u00edcios para a sua empresa? Al\u00e9m de garantir a sa\u00fade e seguran\u00e7a dos colaboradores, tamb\u00e9m pode otimizar processos e at\u00e9 mesmo melhorar o seu ranqueamento no Google. Para saber mais sobre essa solu\u00e7\u00e3o, fa\u00e7a agora mesmo uma cota\u00e7\u00e3o na Sistema [&hellip;]\" \/>\n<meta property=\"og:url\" content=\"https:\/\/www.sistemametra.com.br\/blog\/sistema-gestao-saude-seguranca-ocupacional\/\" \/>\n<meta property=\"og:site_name\" content=\"Blog Metra\" \/>\n<meta property=\"article:publisher\" content=\"https:\/\/www.facebook.com\/metraweb\" \/>\n<meta property=\"article:published_time\" content=\"2026-03-04T03:00:00+00:00\" \/>\n<meta property=\"article:modified_time\" content=\"2026-04-28T19:51:15+00:00\" \/>\n<meta property=\"og:image\" content=\"https:\/\/www.sistemametra.com.br\/blog\/wp-content\/uploads\/2026\/04\/sistema-gestao-saude-seguranca-ocupacional.webp\" \/>\n\t<meta property=\"og:image:width\" content=\"800\" \/>\n\t<meta property=\"og:image:height\" content=\"800\" \/>\n\t<meta property=\"og:image:type\" content=\"image\/jpeg\" \/>\n<meta name=\"author\" content=\"Anderson Fernandes\" \/>\n<meta name=\"twitter:card\" content=\"summary_large_image\" \/>\n<meta name=\"twitter:label1\" content=\"Escrito por\" \/>\n\t<meta name=\"twitter:data1\" content=\"Anderson Fernandes\" \/>\n\t<meta name=\"twitter:label2\" content=\"Est. tempo de leitura\" \/>\n\t<meta name=\"twitter:data2\" content=\"3 minutos\" \/>\n<script type=\"application\/ld+json\" class=\"yoast-schema-graph\">{\"@context\":\"https:\\\/\\\/schema.org\",\"@graph\":[{\"@type\":\"Article\",\"@id\":\"https:\\\/\\\/www.sistemametra.com.br\\\/blog\\\/sistema-gestao-saude-seguranca-ocupacional\\\/#article\",\"isPartOf\":{\"@id\":\"https:\\\/\\\/www.sistemametra.com.br\\\/blog\\\/sistema-gestao-saude-seguranca-ocupacional\\\/\"},\"author\":{\"name\":\"Anderson Fernandes\",\"@id\":\"https:\\\/\\\/www.sistemametra.com.br\\\/blog\\\/#\\\/schema\\\/person\\\/7c04d9110a7e64758ca9951890e56d82\"},\"headline\":\"Como Aprimorar o Sistema de gest\u00e3o de sa\u00fade e seguran\u00e7a ocupacional\",\"datePublished\":\"2026-03-04T03:00:00+00:00\",\"dateModified\":\"2026-04-28T19:51:15+00:00\",\"mainEntityOfPage\":{\"@id\":\"https:\\\/\\\/www.sistemametra.com.br\\\/blog\\\/sistema-gestao-saude-seguranca-ocupacional\\\/\"},\"wordCount\":626,\"commentCount\":0,\"publisher\":{\"@id\":\"https:\\\/\\\/www.sistemametra.com.br\\\/blog\\\/#organization\"},\"image\":{\"@id\":\"https:\\\/\\\/www.sistemametra.com.br\\\/blog\\\/sistema-gestao-saude-seguranca-ocupacional\\\/#primaryimage\"},\"thumbnailUrl\":\"https:\\\/\\\/www.sistemametra.com.br\\\/blog\\\/wp-content\\\/uploads\\\/2026\\\/04\\\/sistema-gestao-saude-seguranca-ocupacional.webp\",\"articleSection\":[\"Seguran\u00e7a do Trabalho\"],\"inLanguage\":\"pt-BR\",\"potentialAction\":[{\"@type\":\"CommentAction\",\"name\":\"Comment\",\"target\":[\"https:\\\/\\\/www.sistemametra.com.br\\\/blog\\\/sistema-gestao-saude-seguranca-ocupacional\\\/#respond\"]}]},{\"@type\":\"WebPage\",\"@id\":\"https:\\\/\\\/www.sistemametra.com.br\\\/blog\\\/sistema-gestao-saude-seguranca-ocupacional\\\/\",\"url\":\"https:\\\/\\\/www.sistemametra.com.br\\\/blog\\\/sistema-gestao-saude-seguranca-ocupacional\\\/\",\"name\":\"Sistema de gest\u00e3o de sa\u00fade e seguran\u00e7a ocupacional | Sistema Metra\",\"isPartOf\":{\"@id\":\"https:\\\/\\\/www.sistemametra.com.br\\\/blog\\\/#website\"},\"primaryImageOfPage\":{\"@id\":\"https:\\\/\\\/www.sistemametra.com.br\\\/blog\\\/sistema-gestao-saude-seguranca-ocupacional\\\/#primaryimage\"},\"image\":{\"@id\":\"https:\\\/\\\/www.sistemametra.com.br\\\/blog\\\/sistema-gestao-saude-seguranca-ocupacional\\\/#primaryimage\"},\"thumbnailUrl\":\"https:\\\/\\\/www.sistemametra.com.br\\\/blog\\\/wp-content\\\/uploads\\\/2026\\\/04\\\/sistema-gestao-saude-seguranca-ocupacional.webp\",\"datePublished\":\"2026-03-04T03:00:00+00:00\",\"dateModified\":\"2026-04-28T19:51:15+00:00\",\"breadcrumb\":{\"@id\":\"https:\\\/\\\/www.sistemametra.com.br\\\/blog\\\/sistema-gestao-saude-seguranca-ocupacional\\\/#breadcrumb\"},\"inLanguage\":\"pt-BR\",\"potentialAction\":[{\"@type\":\"ReadAction\",\"target\":[\"https:\\\/\\\/www.sistemametra.com.br\\\/blog\\\/sistema-gestao-saude-seguranca-ocupacional\\\/\"]}]},{\"@type\":\"ImageObject\",\"inLanguage\":\"pt-BR\",\"@id\":\"https:\\\/\\\/www.sistemametra.com.br\\\/blog\\\/sistema-gestao-saude-seguranca-ocupacional\\\/#primaryimage\",\"url\":\"https:\\\/\\\/www.sistemametra.com.br\\\/blog\\\/wp-content\\\/uploads\\\/2026\\\/04\\\/sistema-gestao-saude-seguranca-ocupacional.webp\",\"contentUrl\":\"https:\\\/\\\/www.sistemametra.com.br\\\/blog\\\/wp-content\\\/uploads\\\/2026\\\/04\\\/sistema-gestao-saude-seguranca-ocupacional.webp\",\"width\":800,\"height\":800,\"caption\":\"sobre gest\u00e3o de sa\u00fade e seguran\u00e7a ocupacional | Blog Metra\"},{\"@type\":\"BreadcrumbList\",\"@id\":\"https:\\\/\\\/www.sistemametra.com.br\\\/blog\\\/sistema-gestao-saude-seguranca-ocupacional\\\/#breadcrumb\",\"itemListElement\":[{\"@type\":\"ListItem\",\"position\":1,\"name\":\"In\u00edcio\",\"item\":\"https:\\\/\\\/www.sistemametra.com.br\\\/blog\\\/\"},{\"@type\":\"ListItem\",\"position\":2,\"name\":\"Como Aprimorar o Sistema de gest\u00e3o de sa\u00fade e seguran\u00e7a ocupacional\"}]},{\"@type\":\"WebSite\",\"@id\":\"https:\\\/\\\/www.sistemametra.com.br\\\/blog\\\/#website\",\"url\":\"https:\\\/\\\/www.sistemametra.com.br\\\/blog\\\/\",\"name\":\"Blog Metra\",\"description\":\"Conte\u00fado pr\u00e1tico sobre Sa\u00fade e Seguran\u00e7a do Trabalho: normas, documentos e obriga\u00e7\u00f5es explicados de forma direta para profissionais e empresas.\",\"publisher\":{\"@id\":\"https:\\\/\\\/www.sistemametra.com.br\\\/blog\\\/#organization\"},\"alternateName\":\"Sistema Metra\",\"potentialAction\":[{\"@type\":\"SearchAction\",\"target\":{\"@type\":\"EntryPoint\",\"urlTemplate\":\"https:\\\/\\\/www.sistemametra.com.br\\\/blog\\\/?s={search_term_string}\"},\"query-input\":{\"@type\":\"PropertyValueSpecification\",\"valueRequired\":true,\"valueName\":\"search_term_string\"}}],\"inLanguage\":\"pt-BR\"},{\"@type\":\"Organization\",\"@id\":\"https:\\\/\\\/www.sistemametra.com.br\\\/blog\\\/#organization\",\"name\":\"Sistema Metra\",\"url\":\"https:\\\/\\\/www.sistemametra.com.br\\\/blog\\\/\",\"logo\":{\"@type\":\"ImageObject\",\"inLanguage\":\"pt-BR\",\"@id\":\"https:\\\/\\\/www.sistemametra.com.br\\\/blog\\\/#\\\/schema\\\/logo\\\/image\\\/\",\"url\":\"https:\\\/\\\/www.sistemametra.com.br\\\/blog\\\/wp-content\\\/uploads\\\/2026\\\/04\\\/blog-metra.webp\",\"contentUrl\":\"https:\\\/\\\/www.sistemametra.com.br\\\/blog\\\/wp-content\\\/uploads\\\/2026\\\/04\\\/blog-metra.webp\",\"width\":800,\"height\":800,\"caption\":\"Sistema Metra\"},\"image\":{\"@id\":\"https:\\\/\\\/www.sistemametra.com.br\\\/blog\\\/#\\\/schema\\\/logo\\\/image\\\/\"},\"sameAs\":[\"https:\\\/\\\/www.facebook.com\\\/metraweb\",\"https:\\\/\\\/www.linkedin.com\\\/company\\\/metra-web\\\/?viewAsMember=true\",\"https:\\\/\\\/www.youtube.com\\\/@SistemaMetra\"]},{\"@type\":\"Person\",\"@id\":\"https:\\\/\\\/www.sistemametra.com.br\\\/blog\\\/#\\\/schema\\\/person\\\/7c04d9110a7e64758ca9951890e56d82\",\"name\":\"Anderson Fernandes\",\"image\":{\"@type\":\"ImageObject\",\"inLanguage\":\"pt-BR\",\"@id\":\"https:\\\/\\\/secure.gravatar.com\\\/avatar\\\/fbe9c5fc3e57710af6aceaea09e3d466e4721a3069e8568b6c9655c7231c5b5e?s=96&d=mm&r=g\",\"url\":\"https:\\\/\\\/secure.gravatar.com\\\/avatar\\\/fbe9c5fc3e57710af6aceaea09e3d466e4721a3069e8568b6c9655c7231c5b5e?s=96&d=mm&r=g\",\"contentUrl\":\"https:\\\/\\\/secure.gravatar.com\\\/avatar\\\/fbe9c5fc3e57710af6aceaea09e3d466e4721a3069e8568b6c9655c7231c5b5e?s=96&d=mm&r=g\",\"caption\":\"Anderson Fernandes\"},\"description\":\"Com forma\u00e7\u00e3o superior \u00e9 t\u00e9cnico em Seguran\u00e7a do Trabalho do Sistema Metra. H\u00e1 30 anos trabalhando ininterruptamente na \u00e1rea desde 2002. Formado ainda no Curso de Tecn\u00f3logo em Seguran\u00e7a do Trabalho e cursando Engenharia visando a p\u00f3s gradua\u00e7\u00e3o em Seguran\u00e7a do Trabalho. Atua ainda como int\u00e9rprete de LIBRAS e atualmente \u00e9 consultor de diversas empresas em ramos de atividade como: Minera\u00e7\u00e3o, Automobil\u00edstica, Manuten\u00e7\u00e3o El\u00e9trica de Grande Porte, Cer\u00e2mica, Refrat\u00e1rios, Sa\u00fade entre outros. \u00c9 propriet\u00e1rio da empresa Mais Sa\u00fade e Seguran\u00e7a do Trabalho e atende seus clientes de forma personalizada moldando a\u00e7\u00f5es conforme as caracter\u00edsticas de cliente.\",\"sameAs\":[\"https:\\\/\\\/www.sistemametra.com.br\",\"https:\\\/\\\/www.instagram.com\\\/andfergom17121999\"],\"url\":\"https:\\\/\\\/www.sistemametra.com.br\\\/blog\\\/author\\\/anderson-fernandes\\\/\"}]}<\/script>\n<!-- \/ Yoast SEO plugin. -->","yoast_head_json":{"title":"Sistema de gest\u00e3o de sa\u00fade e seguran\u00e7a ocupacional | Sistema Metra","robots":{"index":"index","follow":"follow","max-snippet":"max-snippet:-1","max-image-preview":"max-image-preview:large","max-video-preview":"max-video-preview:-1"},"canonical":"https:\/\/www.sistemametra.com.br\/blog\/sistema-gestao-saude-seguranca-ocupacional\/","og_locale":"pt_BR","og_type":"article","og_title":"Sistema de gest\u00e3o de sa\u00fade e seguran\u00e7a ocupacional | Sistema Metra","og_description":"Voc\u00ea sabia que um sistema de gest\u00e3o de sa\u00fade e seguran\u00e7a ocupacional pode trazer diversos benef\u00edcios para a sua empresa? Al\u00e9m de garantir a sa\u00fade e seguran\u00e7a dos colaboradores, tamb\u00e9m pode otimizar processos e at\u00e9 mesmo melhorar o seu ranqueamento no Google. Para saber mais sobre essa solu\u00e7\u00e3o, fa\u00e7a agora mesmo uma cota\u00e7\u00e3o na Sistema [&hellip;]","og_url":"https:\/\/www.sistemametra.com.br\/blog\/sistema-gestao-saude-seguranca-ocupacional\/","og_site_name":"Blog Metra","article_publisher":"https:\/\/www.facebook.com\/metraweb","article_published_time":"2026-03-04T03:00:00+00:00","article_modified_time":"2026-04-28T19:51:15+00:00","og_image":[{"width":800,"height":800,"url":"https:\/\/www.sistemametra.com.br\/blog\/wp-content\/uploads\/2026\/04\/sistema-gestao-saude-seguranca-ocupacional.webp","type":"image\/jpeg"}],"author":"Anderson Fernandes","twitter_card":"summary_large_image","twitter_misc":{"Escrito por":"Anderson Fernandes","Est. tempo de leitura":"3 minutos"},"schema":{"@context":"https:\/\/schema.org","@graph":[{"@type":"Article","@id":"https:\/\/www.sistemametra.com.br\/blog\/sistema-gestao-saude-seguranca-ocupacional\/#article","isPartOf":{"@id":"https:\/\/www.sistemametra.com.br\/blog\/sistema-gestao-saude-seguranca-ocupacional\/"},"author":{"name":"Anderson Fernandes","@id":"https:\/\/www.sistemametra.com.br\/blog\/#\/schema\/person\/7c04d9110a7e64758ca9951890e56d82"},"headline":"Como Aprimorar o Sistema de gest\u00e3o de sa\u00fade e seguran\u00e7a ocupacional","datePublished":"2026-03-04T03:00:00+00:00","dateModified":"2026-04-28T19:51:15+00:00","mainEntityOfPage":{"@id":"https:\/\/www.sistemametra.com.br\/blog\/sistema-gestao-saude-seguranca-ocupacional\/"},"wordCount":626,"commentCount":0,"publisher":{"@id":"https:\/\/www.sistemametra.com.br\/blog\/#organization"},"image":{"@id":"https:\/\/www.sistemametra.com.br\/blog\/sistema-gestao-saude-seguranca-ocupacional\/#primaryimage"},"thumbnailUrl":"https:\/\/www.sistemametra.com.br\/blog\/wp-content\/uploads\/2026\/04\/sistema-gestao-saude-seguranca-ocupacional.webp","articleSection":["Seguran\u00e7a do Trabalho"],"inLanguage":"pt-BR","potentialAction":[{"@type":"CommentAction","name":"Comment","target":["https:\/\/www.sistemametra.com.br\/blog\/sistema-gestao-saude-seguranca-ocupacional\/#respond"]}]},{"@type":"WebPage","@id":"https:\/\/www.sistemametra.com.br\/blog\/sistema-gestao-saude-seguranca-ocupacional\/","url":"https:\/\/www.sistemametra.com.br\/blog\/sistema-gestao-saude-seguranca-ocupacional\/","name":"Sistema de gest\u00e3o de sa\u00fade e seguran\u00e7a ocupacional | Sistema Metra","isPartOf":{"@id":"https:\/\/www.sistemametra.com.br\/blog\/#website"},"primaryImageOfPage":{"@id":"https:\/\/www.sistemametra.com.br\/blog\/sistema-gestao-saude-seguranca-ocupacional\/#primaryimage"},"image":{"@id":"https:\/\/www.sistemametra.com.br\/blog\/sistema-gestao-saude-seguranca-ocupacional\/#primaryimage"},"thumbnailUrl":"https:\/\/www.sistemametra.com.br\/blog\/wp-content\/uploads\/2026\/04\/sistema-gestao-saude-seguranca-ocupacional.webp","datePublished":"2026-03-04T03:00:00+00:00","dateModified":"2026-04-28T19:51:15+00:00","breadcrumb":{"@id":"https:\/\/www.sistemametra.com.br\/blog\/sistema-gestao-saude-seguranca-ocupacional\/#breadcrumb"},"inLanguage":"pt-BR","potentialAction":[{"@type":"ReadAction","target":["https:\/\/www.sistemametra.com.br\/blog\/sistema-gestao-saude-seguranca-ocupacional\/"]}]},{"@type":"ImageObject","inLanguage":"pt-BR","@id":"https:\/\/www.sistemametra.com.br\/blog\/sistema-gestao-saude-seguranca-ocupacional\/#primaryimage","url":"https:\/\/www.sistemametra.com.br\/blog\/wp-content\/uploads\/2026\/04\/sistema-gestao-saude-seguranca-ocupacional.webp","contentUrl":"https:\/\/www.sistemametra.com.br\/blog\/wp-content\/uploads\/2026\/04\/sistema-gestao-saude-seguranca-ocupacional.webp","width":800,"height":800,"caption":"sobre gest\u00e3o de sa\u00fade e seguran\u00e7a ocupacional | Blog Metra"},{"@type":"BreadcrumbList","@id":"https:\/\/www.sistemametra.com.br\/blog\/sistema-gestao-saude-seguranca-ocupacional\/#breadcrumb","itemListElement":[{"@type":"ListItem","position":1,"name":"In\u00edcio","item":"https:\/\/www.sistemametra.com.br\/blog\/"},{"@type":"ListItem","position":2,"name":"Como Aprimorar o Sistema de gest\u00e3o de sa\u00fade e seguran\u00e7a ocupacional"}]},{"@type":"WebSite","@id":"https:\/\/www.sistemametra.com.br\/blog\/#website","url":"https:\/\/www.sistemametra.com.br\/blog\/","name":"Blog Metra","description":"Conte\u00fado pr\u00e1tico sobre Sa\u00fade e Seguran\u00e7a do Trabalho: normas, documentos e obriga\u00e7\u00f5es explicados de forma direta para profissionais e empresas.","publisher":{"@id":"https:\/\/www.sistemametra.com.br\/blog\/#organization"},"alternateName":"Sistema Metra","potentialAction":[{"@type":"SearchAction","target":{"@type":"EntryPoint","urlTemplate":"https:\/\/www.sistemametra.com.br\/blog\/?s={search_term_string}"},"query-input":{"@type":"PropertyValueSpecification","valueRequired":true,"valueName":"search_term_string"}}],"inLanguage":"pt-BR"},{"@type":"Organization","@id":"https:\/\/www.sistemametra.com.br\/blog\/#organization","name":"Sistema Metra","url":"https:\/\/www.sistemametra.com.br\/blog\/","logo":{"@type":"ImageObject","inLanguage":"pt-BR","@id":"https:\/\/www.sistemametra.com.br\/blog\/#\/schema\/logo\/image\/","url":"https:\/\/www.sistemametra.com.br\/blog\/wp-content\/uploads\/2026\/04\/blog-metra.webp","contentUrl":"https:\/\/www.sistemametra.com.br\/blog\/wp-content\/uploads\/2026\/04\/blog-metra.webp","width":800,"height":800,"caption":"Sistema Metra"},"image":{"@id":"https:\/\/www.sistemametra.com.br\/blog\/#\/schema\/logo\/image\/"},"sameAs":["https:\/\/www.facebook.com\/metraweb","https:\/\/www.linkedin.com\/company\/metra-web\/?viewAsMember=true","https:\/\/www.youtube.com\/@SistemaMetra"]},{"@type":"Person","@id":"https:\/\/www.sistemametra.com.br\/blog\/#\/schema\/person\/7c04d9110a7e64758ca9951890e56d82","name":"Anderson Fernandes","image":{"@type":"ImageObject","inLanguage":"pt-BR","@id":"https:\/\/secure.gravatar.com\/avatar\/fbe9c5fc3e57710af6aceaea09e3d466e4721a3069e8568b6c9655c7231c5b5e?s=96&d=mm&r=g","url":"https:\/\/secure.gravatar.com\/avatar\/fbe9c5fc3e57710af6aceaea09e3d466e4721a3069e8568b6c9655c7231c5b5e?s=96&d=mm&r=g","contentUrl":"https:\/\/secure.gravatar.com\/avatar\/fbe9c5fc3e57710af6aceaea09e3d466e4721a3069e8568b6c9655c7231c5b5e?s=96&d=mm&r=g","caption":"Anderson Fernandes"},"description":"Com forma\u00e7\u00e3o superior \u00e9 t\u00e9cnico em Seguran\u00e7a do Trabalho do Sistema Metra. H\u00e1 30 anos trabalhando ininterruptamente na \u00e1rea desde 2002. Formado ainda no Curso de Tecn\u00f3logo em Seguran\u00e7a do Trabalho e cursando Engenharia visando a p\u00f3s gradua\u00e7\u00e3o em Seguran\u00e7a do Trabalho. Atua ainda como int\u00e9rprete de LIBRAS e atualmente \u00e9 consultor de diversas empresas em ramos de atividade como: Minera\u00e7\u00e3o, Automobil\u00edstica, Manuten\u00e7\u00e3o El\u00e9trica de Grande Porte, Cer\u00e2mica, Refrat\u00e1rios, Sa\u00fade entre outros. \u00c9 propriet\u00e1rio da empresa Mais Sa\u00fade e Seguran\u00e7a do Trabalho e atende seus clientes de forma personalizada moldando a\u00e7\u00f5es conforme as caracter\u00edsticas de cliente.","sameAs":["https:\/\/www.sistemametra.com.br","https:\/\/www.instagram.com\/andfergom17121999"],"url":"https:\/\/www.sistemametra.com.br\/blog\/author\/anderson-fernandes\/"}]}},"_links":{"self":[{"href":"https:\/\/www.sistemametra.com.br\/blog\/wp-json\/wp\/v2\/posts\/560","targetHints":{"allow":["GET"]}}],"collection":[{"href":"https:\/\/www.sistemametra.com.br\/blog\/wp-json\/wp\/v2\/posts"}],"about":[{"href":"https:\/\/www.sistemametra.com.br\/blog\/wp-json\/wp\/v2\/types\/post"}],"author":[{"embeddable":true,"href":"https:\/\/www.sistemametra.com.br\/blog\/wp-json\/wp\/v2\/users\/3"}],"replies":[{"embeddable":true,"href":"https:\/\/www.sistemametra.com.br\/blog\/wp-json\/wp\/v2\/comments?post=560"}],"version-history":[{"count":1,"href":"https:\/\/www.sistemametra.com.br\/blog\/wp-json\/wp\/v2\/posts\/560\/revisions"}],"predecessor-version":[{"id":804,"href":"https:\/\/www.sistemametra.com.br\/blog\/wp-json\/wp\/v2\/posts\/560\/revisions\/804"}],"wp:featuredmedia":[{"embeddable":true,"href":"https:\/\/www.sistemametra.com.br\/blog\/wp-json\/wp\/v2\/media\/561"}],"wp:attachment":[{"href":"https:\/\/www.sistemametra.com.br\/blog\/wp-json\/wp\/v2\/media?parent=560"}],"wp:term":[{"taxonomy":"category","embeddable":true,"href":"https:\/\/www.sistemametra.com.br\/blog\/wp-json\/wp\/v2\/categories?post=560"},{"taxonomy":"post_tag","embeddable":true,"href":"https:\/\/www.sistemametra.com.br\/blog\/wp-json\/wp\/v2\/tags?post=560"}],"curies":[{"name":"wp","href":"https:\/\/api.w.org\/{rel}","templated":true}]}}