{"id":562,"date":"2026-03-05T00:00:00","date_gmt":"2026-03-05T03:00:00","guid":{"rendered":"https:\/\/www.sistemametra.com.br\/blog\/sistema-gestao-saude-ocupacional\/"},"modified":"2026-04-28T16:51:15","modified_gmt":"2026-04-28T19:51:15","slug":"sistema-gestao-saude-ocupacional","status":"publish","type":"post","link":"https:\/\/www.sistemametra.com.br\/blog\/sistema-gestao-saude-ocupacional\/","title":{"rendered":"Como Aprimorar o Sistema de gest\u00e3o de sa\u00fade ocupacional"},"content":{"rendered":"<article>\n<p>Voc\u00ea, empres\u00e1rio, sabe da import\u00e2ncia de investir na sa\u00fade e seguran\u00e7a dos seus colaboradores, n\u00e3o \u00e9 mesmo? Al\u00e9m de ser uma obrigatoriedade legal, cuidar da sa\u00fade ocupacional dos seus funcion\u00e1rios \u00e9 uma forma de garantir a produtividade e bem-estar de todos. E para te ajudar nessa tarefa, a Sistema METRA oferece o melhor <strong>sistema de gest\u00e3o de sa\u00fade ocupacional<\/strong> do mercado. Fa\u00e7a uma cota\u00e7\u00e3o agora mesmo e garanta a seguran\u00e7a da sua empresa e de seus colaboradores.<\/p>\n<h2>SISTEMA DE GEST\u00c3O DE SA\u00daDE OCUPACIONAL: GARANTIA DE SEGURAN\u00c7A E PRODUTIVIDADE<\/h2>\n<p>O <strong>sistema de gest\u00e3o de sa\u00fade ocupacional<\/strong> \u00e9 uma ferramenta essencial para empresas que desejam garantir a seguran\u00e7a e sa\u00fade de seus colaboradores. Al\u00e9m de ser uma exig\u00eancia legal, ter um bom <strong>sistema de gest\u00e3o de sa\u00fade ocupacional<\/strong> traz benef\u00edcios tanto para o empregador quanto para os funcion\u00e1rios.<\/p>\n<h2>CONHE\u00c7A AS VANTAGENS DO SISTEMA DE GEST\u00c3O DE SA\u00daDE OCUPACIONAL<\/h2>\n<p>O <strong>sistema de gest\u00e3o de sa\u00fade ocupacional<\/strong> oferecido pela Sistema METRA possui diversas vantagens para sua empresa. Confira algumas delas:<\/p>\n<p>Melhora da produtividade: com funcion\u00e1rios saud\u00e1veis e seguros, a produtividade da empresa aumenta;<\/p>\n<p>Cumprimento das exig\u00eancias legais: o sistema de gest\u00e3o de sa\u00fade ocupacional garante que sua empresa esteja em conformidade com as normas de sa\u00fade e seguran\u00e7a do trabalho;<\/p>\n<p>Redu\u00e7\u00e3o de riscos e acidentes: com o sistema, \u00e9 poss\u00edvel identificar e prevenir poss\u00edveis riscos e acidentes de trabalho;<\/p>\n<p>Controle de afastamentos: o sistema permite o controle e acompanhamento dos afastamentos de funcion\u00e1rios, facilitando a tomada de decis\u00f5es e reduzindo custos para a empresa;<\/p>\n<p>Facilidade na gest\u00e3o de documentos: toda a documenta\u00e7\u00e3o relacionada \u00e0 sa\u00fade ocupacional dos funcion\u00e1rios \u00e9 armazenada de forma organizada e segura no sistema, facilitando o acesso e a gest\u00e3o dos documentos.<\/p>\n<h2>FUNCIONALIDADE E APLICABILIDADE DO SISTEMA DE GEST\u00c3O DE SA\u00daDE OCUPACIONAL<\/h2>\n<p>O <strong>sistema de gest\u00e3o de sa\u00fade ocupacional<\/strong> da Sistema METRA \u00e9 uma solu\u00e7\u00e3o completa e possui diversas funcionalidades para atender \u00e0s necessidades de diferentes tipos de empresas. Com ele, \u00e9 poss\u00edvel realizar o controle de exames m\u00e9dicos, acompanhamento de doen\u00e7as ocupacionais, controle de afastamentos, gest\u00e3o de documentos, entre outras funcionalidades.<\/p>\n<p>A aplicabilidade do sistema \u00e9 ampla e pode ser utilizada em diferentes \u00e1reas, como ind\u00fastrias, constru\u00e7\u00e3o civil, com\u00e9rcio, servi\u00e7os e outros segmentos. O sistema tamb\u00e9m \u00e9 compat\u00edvel com o eSocial, facilitando o envio de informa\u00e7\u00f5es ao governo.<\/p>\n<h2>RECOMENDA\u00c7\u00d5ES PARA O USO DO SISTEMA DE GEST\u00c3O DE SA\u00daDE OCUPACIONAL<\/h2>\n<p>Para garantir que o <strong>sistema de gest\u00e3o de sa\u00fade ocupacional<\/strong> seja eficiente e atenda \u00e0s necessidades da sua empresa, \u00e9 importante seguir algumas recomenda\u00e7\u00f5es:<\/p>\n<p>Escolha um sistema confi\u00e1vel e de qualidade: a Sistema METRA \u00e9 refer\u00eancia no mercado e possui um sistema de gest\u00e3o de sa\u00fade ocupacional completo e de alta qualidade;<\/p>\n<p>Treine sua equipe: \u00e9 importante que os respons\u00e1veis pelo uso do sistema estejam capacitados para utiliz\u00e1-lo de forma correta e eficiente;<\/p>\n<p>Fa\u00e7a manuten\u00e7\u00f5es peri\u00f3dicas: \u00e9 fundamental que o sistema seja atualizado e passar por manuten\u00e7\u00f5es peri\u00f3dicas para garantir seu bom funcionamento;<\/p>\n<p>Mantenha a documenta\u00e7\u00e3o em dia: para que o sistema seja efetivo, \u00e9 preciso manter a documenta\u00e7\u00e3o de sa\u00fade ocupacional dos funcion\u00e1rios sempre atualizada e organizada.<\/p>\n<p>Investir em um bom <strong>sistema de gest\u00e3o de sa\u00fade ocupacional<\/strong> \u00e9 fundamental para garantir a seguran\u00e7a e bem-estar dos seus colaboradores, al\u00e9m de trazer benef\u00edcios para a sua empresa. Conte com a Sistema METRA e tenha o melhor <strong>sistema de gest\u00e3o de sa\u00fade ocupacional<\/strong> do mercado. Fa\u00e7a uma cota\u00e7\u00e3o agora mesmo!<\/p>\n<h2>Para saber mais sobre Como Aprimorar o Sistema de gest\u00e3o de sa\u00fade ocupacional<\/h2>\n<p>Ligue para <strong>0800-707-5900<\/strong> ou clique aqui e entre em contato por email.<\/p>\n<p>O conte\u00fado do texto desta p\u00e1gina \u00e9 de direito reservado. Sua reprodu\u00e7\u00e3o, parcial ou total, mesmo citando nossos links, \u00e9 proibida sem a autoriza\u00e7\u00e3o do autor. Crime de viola\u00e7\u00e3o de direito autoral \u2013 artigo 184 do C\u00f3digo Penal \u2013 Lei 9610\/98 &#8211; Lei de direitos autorais. <\/article>\n","protected":false},"excerpt":{"rendered":"<p>Voc\u00ea, empres\u00e1rio, sabe da import\u00e2ncia de investir na sa\u00fade e seguran\u00e7a dos seus colaboradores, n\u00e3o \u00e9 mesmo? Al\u00e9m de ser uma obrigatoriedade legal, cuidar da sa\u00fade ocupacional dos seus funcion\u00e1rios \u00e9 uma forma de garantir a produtividade e bem-estar de todos. E para te ajudar nessa tarefa, a Sistema METRA oferece o melhor sistema de [&hellip;]<\/p>\n","protected":false},"author":3,"featured_media":563,"comment_status":"open","ping_status":"open","sticky":false,"template":"","format":"standard","meta":{"footnotes":""},"categories":[8],"tags":[],"class_list":["post-562","post","type-post","status-publish","format-standard","has-post-thumbnail","hentry","category-saude-ocupacional"],"yoast_head":"<!-- This site is optimized with the Yoast SEO plugin v27.5 - https:\/\/yoast.com\/product\/yoast-seo-wordpress\/ -->\n<title>Sistema de gest\u00e3o de sa\u00fade ocupacional | Sistema Metra<\/title>\n<meta name=\"robots\" content=\"index, follow, max-snippet:-1, max-image-preview:large, max-video-preview:-1\" \/>\n<link rel=\"canonical\" href=\"https:\/\/www.sistemametra.com.br\/blog\/sistema-gestao-saude-ocupacional\/\" \/>\n<meta property=\"og:locale\" content=\"pt_BR\" \/>\n<meta property=\"og:type\" content=\"article\" \/>\n<meta property=\"og:title\" content=\"Sistema de gest\u00e3o de sa\u00fade ocupacional | Sistema Metra\" \/>\n<meta property=\"og:description\" content=\"Voc\u00ea, empres\u00e1rio, sabe da import\u00e2ncia de investir na sa\u00fade e seguran\u00e7a dos seus colaboradores, n\u00e3o \u00e9 mesmo? Al\u00e9m de ser uma obrigatoriedade legal, cuidar da sa\u00fade ocupacional dos seus funcion\u00e1rios \u00e9 uma forma de garantir a produtividade e bem-estar de todos. E para te ajudar nessa tarefa, a Sistema METRA oferece o melhor sistema de [&hellip;]\" \/>\n<meta property=\"og:url\" content=\"https:\/\/www.sistemametra.com.br\/blog\/sistema-gestao-saude-ocupacional\/\" \/>\n<meta property=\"og:site_name\" content=\"Blog Metra\" \/>\n<meta property=\"article:publisher\" content=\"https:\/\/www.facebook.com\/metraweb\" \/>\n<meta property=\"article:published_time\" content=\"2026-03-05T03:00:00+00:00\" \/>\n<meta property=\"article:modified_time\" content=\"2026-04-28T19:51:15+00:00\" \/>\n<meta property=\"og:image\" content=\"https:\/\/www.sistemametra.com.br\/blog\/wp-content\/uploads\/2026\/04\/sistema-gestao-saude-ocupacional.webp\" \/>\n\t<meta property=\"og:image:width\" content=\"800\" \/>\n\t<meta property=\"og:image:height\" content=\"800\" \/>\n\t<meta property=\"og:image:type\" content=\"image\/jpeg\" \/>\n<meta name=\"author\" content=\"Anderson Fernandes\" \/>\n<meta name=\"twitter:card\" content=\"summary_large_image\" \/>\n<meta name=\"twitter:label1\" content=\"Escrito por\" \/>\n\t<meta name=\"twitter:data1\" content=\"Anderson Fernandes\" \/>\n\t<meta name=\"twitter:label2\" content=\"Est. tempo de leitura\" \/>\n\t<meta name=\"twitter:data2\" content=\"4 minutos\" \/>\n<script type=\"application\/ld+json\" class=\"yoast-schema-graph\">{\"@context\":\"https:\\\/\\\/schema.org\",\"@graph\":[{\"@type\":\"Article\",\"@id\":\"https:\\\/\\\/www.sistemametra.com.br\\\/blog\\\/sistema-gestao-saude-ocupacional\\\/#article\",\"isPartOf\":{\"@id\":\"https:\\\/\\\/www.sistemametra.com.br\\\/blog\\\/sistema-gestao-saude-ocupacional\\\/\"},\"author\":{\"name\":\"Anderson Fernandes\",\"@id\":\"https:\\\/\\\/www.sistemametra.com.br\\\/blog\\\/#\\\/schema\\\/person\\\/7c04d9110a7e64758ca9951890e56d82\"},\"headline\":\"Como Aprimorar o Sistema de gest\u00e3o de sa\u00fade ocupacional\",\"datePublished\":\"2026-03-05T03:00:00+00:00\",\"dateModified\":\"2026-04-28T19:51:15+00:00\",\"mainEntityOfPage\":{\"@id\":\"https:\\\/\\\/www.sistemametra.com.br\\\/blog\\\/sistema-gestao-saude-ocupacional\\\/\"},\"wordCount\":721,\"commentCount\":0,\"publisher\":{\"@id\":\"https:\\\/\\\/www.sistemametra.com.br\\\/blog\\\/#organization\"},\"image\":{\"@id\":\"https:\\\/\\\/www.sistemametra.com.br\\\/blog\\\/sistema-gestao-saude-ocupacional\\\/#primaryimage\"},\"thumbnailUrl\":\"https:\\\/\\\/www.sistemametra.com.br\\\/blog\\\/wp-content\\\/uploads\\\/2026\\\/04\\\/sistema-gestao-saude-ocupacional.webp\",\"articleSection\":[\"Sa\u00fade Ocupacional\"],\"inLanguage\":\"pt-BR\",\"potentialAction\":[{\"@type\":\"CommentAction\",\"name\":\"Comment\",\"target\":[\"https:\\\/\\\/www.sistemametra.com.br\\\/blog\\\/sistema-gestao-saude-ocupacional\\\/#respond\"]}]},{\"@type\":\"WebPage\",\"@id\":\"https:\\\/\\\/www.sistemametra.com.br\\\/blog\\\/sistema-gestao-saude-ocupacional\\\/\",\"url\":\"https:\\\/\\\/www.sistemametra.com.br\\\/blog\\\/sistema-gestao-saude-ocupacional\\\/\",\"name\":\"Sistema de gest\u00e3o de sa\u00fade ocupacional | Sistema Metra\",\"isPartOf\":{\"@id\":\"https:\\\/\\\/www.sistemametra.com.br\\\/blog\\\/#website\"},\"primaryImageOfPage\":{\"@id\":\"https:\\\/\\\/www.sistemametra.com.br\\\/blog\\\/sistema-gestao-saude-ocupacional\\\/#primaryimage\"},\"image\":{\"@id\":\"https:\\\/\\\/www.sistemametra.com.br\\\/blog\\\/sistema-gestao-saude-ocupacional\\\/#primaryimage\"},\"thumbnailUrl\":\"https:\\\/\\\/www.sistemametra.com.br\\\/blog\\\/wp-content\\\/uploads\\\/2026\\\/04\\\/sistema-gestao-saude-ocupacional.webp\",\"datePublished\":\"2026-03-05T03:00:00+00:00\",\"dateModified\":\"2026-04-28T19:51:15+00:00\",\"breadcrumb\":{\"@id\":\"https:\\\/\\\/www.sistemametra.com.br\\\/blog\\\/sistema-gestao-saude-ocupacional\\\/#breadcrumb\"},\"inLanguage\":\"pt-BR\",\"potentialAction\":[{\"@type\":\"ReadAction\",\"target\":[\"https:\\\/\\\/www.sistemametra.com.br\\\/blog\\\/sistema-gestao-saude-ocupacional\\\/\"]}]},{\"@type\":\"ImageObject\",\"inLanguage\":\"pt-BR\",\"@id\":\"https:\\\/\\\/www.sistemametra.com.br\\\/blog\\\/sistema-gestao-saude-ocupacional\\\/#primaryimage\",\"url\":\"https:\\\/\\\/www.sistemametra.com.br\\\/blog\\\/wp-content\\\/uploads\\\/2026\\\/04\\\/sistema-gestao-saude-ocupacional.webp\",\"contentUrl\":\"https:\\\/\\\/www.sistemametra.com.br\\\/blog\\\/wp-content\\\/uploads\\\/2026\\\/04\\\/sistema-gestao-saude-ocupacional.webp\",\"width\":800,\"height\":800,\"caption\":\"sobre gest\u00e3o de sa\u00fade ocupacional | Blog Metra\"},{\"@type\":\"BreadcrumbList\",\"@id\":\"https:\\\/\\\/www.sistemametra.com.br\\\/blog\\\/sistema-gestao-saude-ocupacional\\\/#breadcrumb\",\"itemListElement\":[{\"@type\":\"ListItem\",\"position\":1,\"name\":\"In\u00edcio\",\"item\":\"https:\\\/\\\/www.sistemametra.com.br\\\/blog\\\/\"},{\"@type\":\"ListItem\",\"position\":2,\"name\":\"Como Aprimorar o Sistema de gest\u00e3o de sa\u00fade ocupacional\"}]},{\"@type\":\"WebSite\",\"@id\":\"https:\\\/\\\/www.sistemametra.com.br\\\/blog\\\/#website\",\"url\":\"https:\\\/\\\/www.sistemametra.com.br\\\/blog\\\/\",\"name\":\"Blog Metra\",\"description\":\"Conte\u00fado pr\u00e1tico sobre Sa\u00fade e Seguran\u00e7a do Trabalho: normas, documentos e obriga\u00e7\u00f5es explicados de forma direta para profissionais e empresas.\",\"publisher\":{\"@id\":\"https:\\\/\\\/www.sistemametra.com.br\\\/blog\\\/#organization\"},\"alternateName\":\"Sistema Metra\",\"potentialAction\":[{\"@type\":\"SearchAction\",\"target\":{\"@type\":\"EntryPoint\",\"urlTemplate\":\"https:\\\/\\\/www.sistemametra.com.br\\\/blog\\\/?s={search_term_string}\"},\"query-input\":{\"@type\":\"PropertyValueSpecification\",\"valueRequired\":true,\"valueName\":\"search_term_string\"}}],\"inLanguage\":\"pt-BR\"},{\"@type\":\"Organization\",\"@id\":\"https:\\\/\\\/www.sistemametra.com.br\\\/blog\\\/#organization\",\"name\":\"Sistema Metra\",\"url\":\"https:\\\/\\\/www.sistemametra.com.br\\\/blog\\\/\",\"logo\":{\"@type\":\"ImageObject\",\"inLanguage\":\"pt-BR\",\"@id\":\"https:\\\/\\\/www.sistemametra.com.br\\\/blog\\\/#\\\/schema\\\/logo\\\/image\\\/\",\"url\":\"https:\\\/\\\/www.sistemametra.com.br\\\/blog\\\/wp-content\\\/uploads\\\/2026\\\/04\\\/blog-metra.webp\",\"contentUrl\":\"https:\\\/\\\/www.sistemametra.com.br\\\/blog\\\/wp-content\\\/uploads\\\/2026\\\/04\\\/blog-metra.webp\",\"width\":800,\"height\":800,\"caption\":\"Sistema Metra\"},\"image\":{\"@id\":\"https:\\\/\\\/www.sistemametra.com.br\\\/blog\\\/#\\\/schema\\\/logo\\\/image\\\/\"},\"sameAs\":[\"https:\\\/\\\/www.facebook.com\\\/metraweb\",\"https:\\\/\\\/www.linkedin.com\\\/company\\\/metra-web\\\/?viewAsMember=true\",\"https:\\\/\\\/www.youtube.com\\\/@SistemaMetra\"]},{\"@type\":\"Person\",\"@id\":\"https:\\\/\\\/www.sistemametra.com.br\\\/blog\\\/#\\\/schema\\\/person\\\/7c04d9110a7e64758ca9951890e56d82\",\"name\":\"Anderson Fernandes\",\"image\":{\"@type\":\"ImageObject\",\"inLanguage\":\"pt-BR\",\"@id\":\"https:\\\/\\\/secure.gravatar.com\\\/avatar\\\/fbe9c5fc3e57710af6aceaea09e3d466e4721a3069e8568b6c9655c7231c5b5e?s=96&d=mm&r=g\",\"url\":\"https:\\\/\\\/secure.gravatar.com\\\/avatar\\\/fbe9c5fc3e57710af6aceaea09e3d466e4721a3069e8568b6c9655c7231c5b5e?s=96&d=mm&r=g\",\"contentUrl\":\"https:\\\/\\\/secure.gravatar.com\\\/avatar\\\/fbe9c5fc3e57710af6aceaea09e3d466e4721a3069e8568b6c9655c7231c5b5e?s=96&d=mm&r=g\",\"caption\":\"Anderson Fernandes\"},\"description\":\"Com forma\u00e7\u00e3o superior \u00e9 t\u00e9cnico em Seguran\u00e7a do Trabalho do Sistema Metra. H\u00e1 30 anos trabalhando ininterruptamente na \u00e1rea desde 2002. Formado ainda no Curso de Tecn\u00f3logo em Seguran\u00e7a do Trabalho e cursando Engenharia visando a p\u00f3s gradua\u00e7\u00e3o em Seguran\u00e7a do Trabalho. Atua ainda como int\u00e9rprete de LIBRAS e atualmente \u00e9 consultor de diversas empresas em ramos de atividade como: Minera\u00e7\u00e3o, Automobil\u00edstica, Manuten\u00e7\u00e3o El\u00e9trica de Grande Porte, Cer\u00e2mica, Refrat\u00e1rios, Sa\u00fade entre outros. \u00c9 propriet\u00e1rio da empresa Mais Sa\u00fade e Seguran\u00e7a do Trabalho e atende seus clientes de forma personalizada moldando a\u00e7\u00f5es conforme as caracter\u00edsticas de cliente.\",\"sameAs\":[\"https:\\\/\\\/www.sistemametra.com.br\",\"https:\\\/\\\/www.instagram.com\\\/andfergom17121999\"],\"url\":\"https:\\\/\\\/www.sistemametra.com.br\\\/blog\\\/author\\\/anderson-fernandes\\\/\"}]}<\/script>\n<!-- \/ Yoast SEO plugin. -->","yoast_head_json":{"title":"Sistema de gest\u00e3o de sa\u00fade ocupacional | Sistema Metra","robots":{"index":"index","follow":"follow","max-snippet":"max-snippet:-1","max-image-preview":"max-image-preview:large","max-video-preview":"max-video-preview:-1"},"canonical":"https:\/\/www.sistemametra.com.br\/blog\/sistema-gestao-saude-ocupacional\/","og_locale":"pt_BR","og_type":"article","og_title":"Sistema de gest\u00e3o de sa\u00fade ocupacional | Sistema Metra","og_description":"Voc\u00ea, empres\u00e1rio, sabe da import\u00e2ncia de investir na sa\u00fade e seguran\u00e7a dos seus colaboradores, n\u00e3o \u00e9 mesmo? Al\u00e9m de ser uma obrigatoriedade legal, cuidar da sa\u00fade ocupacional dos seus funcion\u00e1rios \u00e9 uma forma de garantir a produtividade e bem-estar de todos. E para te ajudar nessa tarefa, a Sistema METRA oferece o melhor sistema de [&hellip;]","og_url":"https:\/\/www.sistemametra.com.br\/blog\/sistema-gestao-saude-ocupacional\/","og_site_name":"Blog Metra","article_publisher":"https:\/\/www.facebook.com\/metraweb","article_published_time":"2026-03-05T03:00:00+00:00","article_modified_time":"2026-04-28T19:51:15+00:00","og_image":[{"width":800,"height":800,"url":"https:\/\/www.sistemametra.com.br\/blog\/wp-content\/uploads\/2026\/04\/sistema-gestao-saude-ocupacional.webp","type":"image\/jpeg"}],"author":"Anderson Fernandes","twitter_card":"summary_large_image","twitter_misc":{"Escrito por":"Anderson Fernandes","Est. tempo de leitura":"4 minutos"},"schema":{"@context":"https:\/\/schema.org","@graph":[{"@type":"Article","@id":"https:\/\/www.sistemametra.com.br\/blog\/sistema-gestao-saude-ocupacional\/#article","isPartOf":{"@id":"https:\/\/www.sistemametra.com.br\/blog\/sistema-gestao-saude-ocupacional\/"},"author":{"name":"Anderson Fernandes","@id":"https:\/\/www.sistemametra.com.br\/blog\/#\/schema\/person\/7c04d9110a7e64758ca9951890e56d82"},"headline":"Como Aprimorar o Sistema de gest\u00e3o de sa\u00fade ocupacional","datePublished":"2026-03-05T03:00:00+00:00","dateModified":"2026-04-28T19:51:15+00:00","mainEntityOfPage":{"@id":"https:\/\/www.sistemametra.com.br\/blog\/sistema-gestao-saude-ocupacional\/"},"wordCount":721,"commentCount":0,"publisher":{"@id":"https:\/\/www.sistemametra.com.br\/blog\/#organization"},"image":{"@id":"https:\/\/www.sistemametra.com.br\/blog\/sistema-gestao-saude-ocupacional\/#primaryimage"},"thumbnailUrl":"https:\/\/www.sistemametra.com.br\/blog\/wp-content\/uploads\/2026\/04\/sistema-gestao-saude-ocupacional.webp","articleSection":["Sa\u00fade Ocupacional"],"inLanguage":"pt-BR","potentialAction":[{"@type":"CommentAction","name":"Comment","target":["https:\/\/www.sistemametra.com.br\/blog\/sistema-gestao-saude-ocupacional\/#respond"]}]},{"@type":"WebPage","@id":"https:\/\/www.sistemametra.com.br\/blog\/sistema-gestao-saude-ocupacional\/","url":"https:\/\/www.sistemametra.com.br\/blog\/sistema-gestao-saude-ocupacional\/","name":"Sistema de gest\u00e3o de sa\u00fade ocupacional | Sistema Metra","isPartOf":{"@id":"https:\/\/www.sistemametra.com.br\/blog\/#website"},"primaryImageOfPage":{"@id":"https:\/\/www.sistemametra.com.br\/blog\/sistema-gestao-saude-ocupacional\/#primaryimage"},"image":{"@id":"https:\/\/www.sistemametra.com.br\/blog\/sistema-gestao-saude-ocupacional\/#primaryimage"},"thumbnailUrl":"https:\/\/www.sistemametra.com.br\/blog\/wp-content\/uploads\/2026\/04\/sistema-gestao-saude-ocupacional.webp","datePublished":"2026-03-05T03:00:00+00:00","dateModified":"2026-04-28T19:51:15+00:00","breadcrumb":{"@id":"https:\/\/www.sistemametra.com.br\/blog\/sistema-gestao-saude-ocupacional\/#breadcrumb"},"inLanguage":"pt-BR","potentialAction":[{"@type":"ReadAction","target":["https:\/\/www.sistemametra.com.br\/blog\/sistema-gestao-saude-ocupacional\/"]}]},{"@type":"ImageObject","inLanguage":"pt-BR","@id":"https:\/\/www.sistemametra.com.br\/blog\/sistema-gestao-saude-ocupacional\/#primaryimage","url":"https:\/\/www.sistemametra.com.br\/blog\/wp-content\/uploads\/2026\/04\/sistema-gestao-saude-ocupacional.webp","contentUrl":"https:\/\/www.sistemametra.com.br\/blog\/wp-content\/uploads\/2026\/04\/sistema-gestao-saude-ocupacional.webp","width":800,"height":800,"caption":"sobre gest\u00e3o de sa\u00fade ocupacional | Blog Metra"},{"@type":"BreadcrumbList","@id":"https:\/\/www.sistemametra.com.br\/blog\/sistema-gestao-saude-ocupacional\/#breadcrumb","itemListElement":[{"@type":"ListItem","position":1,"name":"In\u00edcio","item":"https:\/\/www.sistemametra.com.br\/blog\/"},{"@type":"ListItem","position":2,"name":"Como Aprimorar o Sistema de gest\u00e3o de sa\u00fade ocupacional"}]},{"@type":"WebSite","@id":"https:\/\/www.sistemametra.com.br\/blog\/#website","url":"https:\/\/www.sistemametra.com.br\/blog\/","name":"Blog Metra","description":"Conte\u00fado pr\u00e1tico sobre Sa\u00fade e Seguran\u00e7a do Trabalho: normas, documentos e obriga\u00e7\u00f5es explicados de forma direta para profissionais e empresas.","publisher":{"@id":"https:\/\/www.sistemametra.com.br\/blog\/#organization"},"alternateName":"Sistema Metra","potentialAction":[{"@type":"SearchAction","target":{"@type":"EntryPoint","urlTemplate":"https:\/\/www.sistemametra.com.br\/blog\/?s={search_term_string}"},"query-input":{"@type":"PropertyValueSpecification","valueRequired":true,"valueName":"search_term_string"}}],"inLanguage":"pt-BR"},{"@type":"Organization","@id":"https:\/\/www.sistemametra.com.br\/blog\/#organization","name":"Sistema Metra","url":"https:\/\/www.sistemametra.com.br\/blog\/","logo":{"@type":"ImageObject","inLanguage":"pt-BR","@id":"https:\/\/www.sistemametra.com.br\/blog\/#\/schema\/logo\/image\/","url":"https:\/\/www.sistemametra.com.br\/blog\/wp-content\/uploads\/2026\/04\/blog-metra.webp","contentUrl":"https:\/\/www.sistemametra.com.br\/blog\/wp-content\/uploads\/2026\/04\/blog-metra.webp","width":800,"height":800,"caption":"Sistema Metra"},"image":{"@id":"https:\/\/www.sistemametra.com.br\/blog\/#\/schema\/logo\/image\/"},"sameAs":["https:\/\/www.facebook.com\/metraweb","https:\/\/www.linkedin.com\/company\/metra-web\/?viewAsMember=true","https:\/\/www.youtube.com\/@SistemaMetra"]},{"@type":"Person","@id":"https:\/\/www.sistemametra.com.br\/blog\/#\/schema\/person\/7c04d9110a7e64758ca9951890e56d82","name":"Anderson Fernandes","image":{"@type":"ImageObject","inLanguage":"pt-BR","@id":"https:\/\/secure.gravatar.com\/avatar\/fbe9c5fc3e57710af6aceaea09e3d466e4721a3069e8568b6c9655c7231c5b5e?s=96&d=mm&r=g","url":"https:\/\/secure.gravatar.com\/avatar\/fbe9c5fc3e57710af6aceaea09e3d466e4721a3069e8568b6c9655c7231c5b5e?s=96&d=mm&r=g","contentUrl":"https:\/\/secure.gravatar.com\/avatar\/fbe9c5fc3e57710af6aceaea09e3d466e4721a3069e8568b6c9655c7231c5b5e?s=96&d=mm&r=g","caption":"Anderson Fernandes"},"description":"Com forma\u00e7\u00e3o superior \u00e9 t\u00e9cnico em Seguran\u00e7a do Trabalho do Sistema Metra. H\u00e1 30 anos trabalhando ininterruptamente na \u00e1rea desde 2002. Formado ainda no Curso de Tecn\u00f3logo em Seguran\u00e7a do Trabalho e cursando Engenharia visando a p\u00f3s gradua\u00e7\u00e3o em Seguran\u00e7a do Trabalho. Atua ainda como int\u00e9rprete de LIBRAS e atualmente \u00e9 consultor de diversas empresas em ramos de atividade como: Minera\u00e7\u00e3o, Automobil\u00edstica, Manuten\u00e7\u00e3o El\u00e9trica de Grande Porte, Cer\u00e2mica, Refrat\u00e1rios, Sa\u00fade entre outros. \u00c9 propriet\u00e1rio da empresa Mais Sa\u00fade e Seguran\u00e7a do Trabalho e atende seus clientes de forma personalizada moldando a\u00e7\u00f5es conforme as caracter\u00edsticas de cliente.","sameAs":["https:\/\/www.sistemametra.com.br","https:\/\/www.instagram.com\/andfergom17121999"],"url":"https:\/\/www.sistemametra.com.br\/blog\/author\/anderson-fernandes\/"}]}},"_links":{"self":[{"href":"https:\/\/www.sistemametra.com.br\/blog\/wp-json\/wp\/v2\/posts\/562","targetHints":{"allow":["GET"]}}],"collection":[{"href":"https:\/\/www.sistemametra.com.br\/blog\/wp-json\/wp\/v2\/posts"}],"about":[{"href":"https:\/\/www.sistemametra.com.br\/blog\/wp-json\/wp\/v2\/types\/post"}],"author":[{"embeddable":true,"href":"https:\/\/www.sistemametra.com.br\/blog\/wp-json\/wp\/v2\/users\/3"}],"replies":[{"embeddable":true,"href":"https:\/\/www.sistemametra.com.br\/blog\/wp-json\/wp\/v2\/comments?post=562"}],"version-history":[{"count":1,"href":"https:\/\/www.sistemametra.com.br\/blog\/wp-json\/wp\/v2\/posts\/562\/revisions"}],"predecessor-version":[{"id":803,"href":"https:\/\/www.sistemametra.com.br\/blog\/wp-json\/wp\/v2\/posts\/562\/revisions\/803"}],"wp:featuredmedia":[{"embeddable":true,"href":"https:\/\/www.sistemametra.com.br\/blog\/wp-json\/wp\/v2\/media\/563"}],"wp:attachment":[{"href":"https:\/\/www.sistemametra.com.br\/blog\/wp-json\/wp\/v2\/media?parent=562"}],"wp:term":[{"taxonomy":"category","embeddable":true,"href":"https:\/\/www.sistemametra.com.br\/blog\/wp-json\/wp\/v2\/categories?post=562"},{"taxonomy":"post_tag","embeddable":true,"href":"https:\/\/www.sistemametra.com.br\/blog\/wp-json\/wp\/v2\/tags?post=562"}],"curies":[{"name":"wp","href":"https:\/\/api.w.org\/{rel}","templated":true}]}}