{"id":564,"date":"2026-03-06T00:00:00","date_gmt":"2026-03-06T03:00:00","guid":{"rendered":"https:\/\/www.sistemametra.com.br\/blog\/sistema-gestao-saude-ocupacional-esocial\/"},"modified":"2026-04-28T16:51:14","modified_gmt":"2026-04-28T19:51:14","slug":"sistema-gestao-saude-ocupacional-esocial","status":"publish","type":"post","link":"https:\/\/www.sistemametra.com.br\/blog\/sistema-gestao-saude-ocupacional-esocial\/","title":{"rendered":"Como Aprimorar o Sistema de gest\u00e3o de sa\u00fade ocupacional esocial"},"content":{"rendered":"<article>\n<p>Voc\u00ea j\u00e1 parou para pensar na import\u00e2ncia de um <strong>sistema de gest\u00e3o de sa\u00fade ocupacional esocial<\/strong> para a sua empresa? Se voc\u00ea se preocupa com a sa\u00fade e bem-estar dos seus colaboradores e quer estar em conformidade com as obriga\u00e7\u00f5es legais, ent\u00e3o a Systema METRA \u00e9 a solu\u00e7\u00e3o ideal para voc\u00ea. Fa\u00e7a agora uma cota\u00e7\u00e3o e descubra como podemos ajudar a sua empresa a gerenciar de forma eficiente os riscos ocupacionais e manter o cumprimento das exig\u00eancias do eSocial.<\/p>\n<h2>SISTEMA DE GEST\u00c3O DE SA\u00daDE OCUPACIONAL ESOCIAL: O QUE \u00c9 E COMO FUNCIONA?<\/h2>\n<p>O <strong>sistema de gest\u00e3o de sa\u00fade ocupacional esocial<\/strong> \u00e9 uma ferramenta digital que tem como objetivo facilitar o gerenciamento das informa\u00e7\u00f5es relacionadas \u00e0 sa\u00fade e seguran\u00e7a do trabalho (SST) dentro das empresas. Ele integra diversos processos, como a elabora\u00e7\u00e3o de documentos, controle de exames m\u00e9dicos, treinamentos e avalia\u00e7\u00e3o de riscos, em uma \u00fanica plataforma, permitindo um acompanhamento mais eficiente de todos os aspectos relacionados \u00e0 sa\u00fade dos colaboradores.<\/p>\n<h3>Uso e vantagens<\/h3>\n<p>A ado\u00e7\u00e3o do <strong>sistema de gest\u00e3o de sa\u00fade ocupacional esocial<\/strong> traz uma s\u00e9rie de benef\u00edcios para as empresas, como:<\/p>\n<p>Maior agilidade e efici\u00eancia no gerenciamento das informa\u00e7\u00f5es SST;<\/p>\n<p>Redu\u00e7\u00e3o de erros e retrabalhos;<\/p>\n<p>Conformidade com as normas regulamentadoras do Minist\u00e9rio do Trabalho e Emprego;<\/p>\n<p>Facilita\u00e7\u00e3o no cumprimento das obriga\u00e7\u00f5es do eSocial;<\/p>\n<p>Gera\u00e7\u00e3o de relat\u00f3rios e documentos de forma automatizada;<\/p>\n<p>Melhoria no planejamento e na tomada de decis\u00f5es relacionadas \u00e0 sa\u00fade ocupacional;<\/p>\n<p>Aumento da produtividade e da qualidade de vida dos colaboradores.<\/p>\n<h2>FUNCIONALIDADES E APLICABILIDADE DO SISTEMA DE GEST\u00c3O DE SA\u00daDE OCUPACIONAL ESOCIAL<\/h2>\n<p>O <strong>sistema de gest\u00e3o de sa\u00fade ocupacional esocial<\/strong> possui uma s\u00e9rie de funcionalidades que visam tornar a gest\u00e3o da SST mais eficiente. Entre elas, podemos destacar:<\/p>\n<p>Controle de exames m\u00e9dicos, com alertas para a realiza\u00e7\u00e3o de novos exames e prazos de validade;<\/p>\n<p>Gest\u00e3o de treinamentos e capacita\u00e7\u00f5es, com controle de datas e conte\u00fados ministrados;<\/p>\n<p>Avalia\u00e7\u00e3o e controle de riscos ocupacionais;<\/p>\n<p>Registro de acidentes de trabalho;<\/p>\n<p>Elabora\u00e7\u00e3o e gest\u00e3o de documentos, como PPRA e PCMSO;<\/p>\n<p>Emiss\u00e3o de CAT (Comunica\u00e7\u00e3o de Acidente de Trabalho) de forma automatizada;<\/p>\n<p>Gera\u00e7\u00e3o de relat\u00f3rios de forma personalizada, de acordo com as necessidades da empresa.<\/p>\n<h2>RECOMENDA\u00c7\u00d5ES PARA A ESCOLHA DE UM SISTEMA DE GEST\u00c3O DE SA\u00daDE OCUPACIONAL ESOCIAL<\/h2>\n<p>Antes de escolher um <strong>sistema de gest\u00e3o de sa\u00fade ocupacional esocial<\/strong>, \u00e9 importante levar em considera\u00e7\u00e3o alguns crit\u00e9rios, como:<\/p>\n<p>Confiabilidade e seguran\u00e7a dos dados;<\/p>\n<p>Facilidade de uso e navegabilidade;<\/p>\n<p>Suporte e assist\u00eancia t\u00e9cnica oferecidos pela empresa fornecedora;<\/p>\n<p>Integra\u00e7\u00e3o com outras ferramentas e sistemas utilizados pela empresa;<\/p>\n<p>Custo-benef\u00edcio.<\/p>\n<p>A Systema METRA oferece um <strong>sistema de gest\u00e3o de sa\u00fade ocupacional esocial<\/strong> completo e confi\u00e1vel, com uma equipe t\u00e9cnica altamente capacitada para garantir uma excelente experi\u00eancia para os usu\u00e1rios. N\u00e3o perca mais tempo e entre em contato para solicitar uma cota\u00e7\u00e3o agora mesmo!<\/p>\n<h2>Para saber mais sobre Como Aprimorar o Sistema de gest\u00e3o de sa\u00fade ocupacional esocial<\/h2>\n<p>Ligue para <strong>0800-707-5900<\/strong> ou clique aqui e entre em contato por email.<\/p>\n<p>O conte\u00fado do texto desta p\u00e1gina \u00e9 de direito reservado. Sua reprodu\u00e7\u00e3o, parcial ou total, mesmo citando nossos links, \u00e9 proibida sem a autoriza\u00e7\u00e3o do autor. Crime de viola\u00e7\u00e3o de direito autoral \u2013 artigo 184 do C\u00f3digo Penal \u2013 Lei 9610\/98 &#8211; Lei de direitos autorais. <\/article>\n","protected":false},"excerpt":{"rendered":"<p>Voc\u00ea j\u00e1 parou para pensar na import\u00e2ncia de um sistema de gest\u00e3o de sa\u00fade ocupacional esocial para a sua empresa? Se voc\u00ea se preocupa com a sa\u00fade e bem-estar dos seus colaboradores e quer estar em conformidade com as obriga\u00e7\u00f5es legais, ent\u00e3o a Systema METRA \u00e9 a solu\u00e7\u00e3o ideal para voc\u00ea. Fa\u00e7a agora uma cota\u00e7\u00e3o [&hellip;]<\/p>\n","protected":false},"author":3,"featured_media":565,"comment_status":"open","ping_status":"open","sticky":false,"template":"","format":"standard","meta":{"footnotes":""},"categories":[5,27],"tags":[],"class_list":["post-564","post","type-post","status-publish","format-standard","has-post-thumbnail","hentry","category-esocial","category-esocial-sst"],"yoast_head":"<!-- This site is optimized with the Yoast SEO plugin v27.5 - https:\/\/yoast.com\/product\/yoast-seo-wordpress\/ -->\n<title>Sistema de gest\u00e3o de sa\u00fade ocupacional esocial | Sistema Metra<\/title>\n<meta name=\"robots\" content=\"index, follow, max-snippet:-1, max-image-preview:large, max-video-preview:-1\" \/>\n<link rel=\"canonical\" href=\"https:\/\/www.sistemametra.com.br\/blog\/sistema-gestao-saude-ocupacional-esocial\/\" \/>\n<meta property=\"og:locale\" content=\"pt_BR\" \/>\n<meta property=\"og:type\" content=\"article\" \/>\n<meta property=\"og:title\" content=\"Sistema de gest\u00e3o de sa\u00fade ocupacional esocial | Sistema Metra\" \/>\n<meta property=\"og:description\" content=\"Voc\u00ea j\u00e1 parou para pensar na import\u00e2ncia de um sistema de gest\u00e3o de sa\u00fade ocupacional esocial para a sua empresa? Se voc\u00ea se preocupa com a sa\u00fade e bem-estar dos seus colaboradores e quer estar em conformidade com as obriga\u00e7\u00f5es legais, ent\u00e3o a Systema METRA \u00e9 a solu\u00e7\u00e3o ideal para voc\u00ea. Fa\u00e7a agora uma cota\u00e7\u00e3o [&hellip;]\" \/>\n<meta property=\"og:url\" content=\"https:\/\/www.sistemametra.com.br\/blog\/sistema-gestao-saude-ocupacional-esocial\/\" \/>\n<meta property=\"og:site_name\" content=\"Blog Metra\" \/>\n<meta property=\"article:publisher\" content=\"https:\/\/www.facebook.com\/metraweb\" \/>\n<meta property=\"article:published_time\" content=\"2026-03-06T03:00:00+00:00\" \/>\n<meta property=\"article:modified_time\" content=\"2026-04-28T19:51:14+00:00\" \/>\n<meta property=\"og:image\" content=\"https:\/\/www.sistemametra.com.br\/blog\/wp-content\/uploads\/2026\/04\/sistema-gestao-saude-ocupacional-esocial.webp\" \/>\n\t<meta property=\"og:image:width\" content=\"800\" \/>\n\t<meta property=\"og:image:height\" content=\"800\" \/>\n\t<meta property=\"og:image:type\" content=\"image\/jpeg\" \/>\n<meta name=\"author\" content=\"Anderson Fernandes\" \/>\n<meta name=\"twitter:card\" content=\"summary_large_image\" \/>\n<meta name=\"twitter:label1\" content=\"Escrito por\" \/>\n\t<meta name=\"twitter:data1\" content=\"Anderson Fernandes\" \/>\n\t<meta name=\"twitter:label2\" content=\"Est. tempo de leitura\" \/>\n\t<meta name=\"twitter:data2\" content=\"3 minutos\" \/>\n<script type=\"application\/ld+json\" class=\"yoast-schema-graph\">{\"@context\":\"https:\\\/\\\/schema.org\",\"@graph\":[{\"@type\":\"Article\",\"@id\":\"https:\\\/\\\/www.sistemametra.com.br\\\/blog\\\/sistema-gestao-saude-ocupacional-esocial\\\/#article\",\"isPartOf\":{\"@id\":\"https:\\\/\\\/www.sistemametra.com.br\\\/blog\\\/sistema-gestao-saude-ocupacional-esocial\\\/\"},\"author\":{\"name\":\"Anderson Fernandes\",\"@id\":\"https:\\\/\\\/www.sistemametra.com.br\\\/blog\\\/#\\\/schema\\\/person\\\/7c04d9110a7e64758ca9951890e56d82\"},\"headline\":\"Como Aprimorar o Sistema de gest\u00e3o de sa\u00fade ocupacional esocial\",\"datePublished\":\"2026-03-06T03:00:00+00:00\",\"dateModified\":\"2026-04-28T19:51:14+00:00\",\"mainEntityOfPage\":{\"@id\":\"https:\\\/\\\/www.sistemametra.com.br\\\/blog\\\/sistema-gestao-saude-ocupacional-esocial\\\/\"},\"wordCount\":610,\"commentCount\":0,\"publisher\":{\"@id\":\"https:\\\/\\\/www.sistemametra.com.br\\\/blog\\\/#organization\"},\"image\":{\"@id\":\"https:\\\/\\\/www.sistemametra.com.br\\\/blog\\\/sistema-gestao-saude-ocupacional-esocial\\\/#primaryimage\"},\"thumbnailUrl\":\"https:\\\/\\\/www.sistemametra.com.br\\\/blog\\\/wp-content\\\/uploads\\\/2026\\\/04\\\/sistema-gestao-saude-ocupacional-esocial.webp\",\"articleSection\":[\"eSocial\",\"eSocial SST\"],\"inLanguage\":\"pt-BR\",\"potentialAction\":[{\"@type\":\"CommentAction\",\"name\":\"Comment\",\"target\":[\"https:\\\/\\\/www.sistemametra.com.br\\\/blog\\\/sistema-gestao-saude-ocupacional-esocial\\\/#respond\"]}]},{\"@type\":\"WebPage\",\"@id\":\"https:\\\/\\\/www.sistemametra.com.br\\\/blog\\\/sistema-gestao-saude-ocupacional-esocial\\\/\",\"url\":\"https:\\\/\\\/www.sistemametra.com.br\\\/blog\\\/sistema-gestao-saude-ocupacional-esocial\\\/\",\"name\":\"Sistema de gest\u00e3o de sa\u00fade ocupacional esocial | Sistema Metra\",\"isPartOf\":{\"@id\":\"https:\\\/\\\/www.sistemametra.com.br\\\/blog\\\/#website\"},\"primaryImageOfPage\":{\"@id\":\"https:\\\/\\\/www.sistemametra.com.br\\\/blog\\\/sistema-gestao-saude-ocupacional-esocial\\\/#primaryimage\"},\"image\":{\"@id\":\"https:\\\/\\\/www.sistemametra.com.br\\\/blog\\\/sistema-gestao-saude-ocupacional-esocial\\\/#primaryimage\"},\"thumbnailUrl\":\"https:\\\/\\\/www.sistemametra.com.br\\\/blog\\\/wp-content\\\/uploads\\\/2026\\\/04\\\/sistema-gestao-saude-ocupacional-esocial.webp\",\"datePublished\":\"2026-03-06T03:00:00+00:00\",\"dateModified\":\"2026-04-28T19:51:14+00:00\",\"breadcrumb\":{\"@id\":\"https:\\\/\\\/www.sistemametra.com.br\\\/blog\\\/sistema-gestao-saude-ocupacional-esocial\\\/#breadcrumb\"},\"inLanguage\":\"pt-BR\",\"potentialAction\":[{\"@type\":\"ReadAction\",\"target\":[\"https:\\\/\\\/www.sistemametra.com.br\\\/blog\\\/sistema-gestao-saude-ocupacional-esocial\\\/\"]}]},{\"@type\":\"ImageObject\",\"inLanguage\":\"pt-BR\",\"@id\":\"https:\\\/\\\/www.sistemametra.com.br\\\/blog\\\/sistema-gestao-saude-ocupacional-esocial\\\/#primaryimage\",\"url\":\"https:\\\/\\\/www.sistemametra.com.br\\\/blog\\\/wp-content\\\/uploads\\\/2026\\\/04\\\/sistema-gestao-saude-ocupacional-esocial.webp\",\"contentUrl\":\"https:\\\/\\\/www.sistemametra.com.br\\\/blog\\\/wp-content\\\/uploads\\\/2026\\\/04\\\/sistema-gestao-saude-ocupacional-esocial.webp\",\"width\":800,\"height\":800,\"caption\":\"sobre gest\u00e3o de sa\u00fade ocupacional esocial | Blog Metra\"},{\"@type\":\"BreadcrumbList\",\"@id\":\"https:\\\/\\\/www.sistemametra.com.br\\\/blog\\\/sistema-gestao-saude-ocupacional-esocial\\\/#breadcrumb\",\"itemListElement\":[{\"@type\":\"ListItem\",\"position\":1,\"name\":\"In\u00edcio\",\"item\":\"https:\\\/\\\/www.sistemametra.com.br\\\/blog\\\/\"},{\"@type\":\"ListItem\",\"position\":2,\"name\":\"Como Aprimorar o Sistema de gest\u00e3o de sa\u00fade ocupacional esocial\"}]},{\"@type\":\"WebSite\",\"@id\":\"https:\\\/\\\/www.sistemametra.com.br\\\/blog\\\/#website\",\"url\":\"https:\\\/\\\/www.sistemametra.com.br\\\/blog\\\/\",\"name\":\"Blog Metra\",\"description\":\"Conte\u00fado pr\u00e1tico sobre Sa\u00fade e Seguran\u00e7a do Trabalho: normas, documentos e obriga\u00e7\u00f5es explicados de forma direta para profissionais e empresas.\",\"publisher\":{\"@id\":\"https:\\\/\\\/www.sistemametra.com.br\\\/blog\\\/#organization\"},\"alternateName\":\"Sistema Metra\",\"potentialAction\":[{\"@type\":\"SearchAction\",\"target\":{\"@type\":\"EntryPoint\",\"urlTemplate\":\"https:\\\/\\\/www.sistemametra.com.br\\\/blog\\\/?s={search_term_string}\"},\"query-input\":{\"@type\":\"PropertyValueSpecification\",\"valueRequired\":true,\"valueName\":\"search_term_string\"}}],\"inLanguage\":\"pt-BR\"},{\"@type\":\"Organization\",\"@id\":\"https:\\\/\\\/www.sistemametra.com.br\\\/blog\\\/#organization\",\"name\":\"Sistema Metra\",\"url\":\"https:\\\/\\\/www.sistemametra.com.br\\\/blog\\\/\",\"logo\":{\"@type\":\"ImageObject\",\"inLanguage\":\"pt-BR\",\"@id\":\"https:\\\/\\\/www.sistemametra.com.br\\\/blog\\\/#\\\/schema\\\/logo\\\/image\\\/\",\"url\":\"https:\\\/\\\/www.sistemametra.com.br\\\/blog\\\/wp-content\\\/uploads\\\/2026\\\/04\\\/blog-metra.webp\",\"contentUrl\":\"https:\\\/\\\/www.sistemametra.com.br\\\/blog\\\/wp-content\\\/uploads\\\/2026\\\/04\\\/blog-metra.webp\",\"width\":800,\"height\":800,\"caption\":\"Sistema Metra\"},\"image\":{\"@id\":\"https:\\\/\\\/www.sistemametra.com.br\\\/blog\\\/#\\\/schema\\\/logo\\\/image\\\/\"},\"sameAs\":[\"https:\\\/\\\/www.facebook.com\\\/metraweb\",\"https:\\\/\\\/www.linkedin.com\\\/company\\\/metra-web\\\/?viewAsMember=true\",\"https:\\\/\\\/www.youtube.com\\\/@SistemaMetra\"]},{\"@type\":\"Person\",\"@id\":\"https:\\\/\\\/www.sistemametra.com.br\\\/blog\\\/#\\\/schema\\\/person\\\/7c04d9110a7e64758ca9951890e56d82\",\"name\":\"Anderson Fernandes\",\"image\":{\"@type\":\"ImageObject\",\"inLanguage\":\"pt-BR\",\"@id\":\"https:\\\/\\\/secure.gravatar.com\\\/avatar\\\/fbe9c5fc3e57710af6aceaea09e3d466e4721a3069e8568b6c9655c7231c5b5e?s=96&d=mm&r=g\",\"url\":\"https:\\\/\\\/secure.gravatar.com\\\/avatar\\\/fbe9c5fc3e57710af6aceaea09e3d466e4721a3069e8568b6c9655c7231c5b5e?s=96&d=mm&r=g\",\"contentUrl\":\"https:\\\/\\\/secure.gravatar.com\\\/avatar\\\/fbe9c5fc3e57710af6aceaea09e3d466e4721a3069e8568b6c9655c7231c5b5e?s=96&d=mm&r=g\",\"caption\":\"Anderson Fernandes\"},\"description\":\"Com forma\u00e7\u00e3o superior \u00e9 t\u00e9cnico em Seguran\u00e7a do Trabalho do Sistema Metra. H\u00e1 30 anos trabalhando ininterruptamente na \u00e1rea desde 2002. Formado ainda no Curso de Tecn\u00f3logo em Seguran\u00e7a do Trabalho e cursando Engenharia visando a p\u00f3s gradua\u00e7\u00e3o em Seguran\u00e7a do Trabalho. Atua ainda como int\u00e9rprete de LIBRAS e atualmente \u00e9 consultor de diversas empresas em ramos de atividade como: Minera\u00e7\u00e3o, Automobil\u00edstica, Manuten\u00e7\u00e3o El\u00e9trica de Grande Porte, Cer\u00e2mica, Refrat\u00e1rios, Sa\u00fade entre outros. \u00c9 propriet\u00e1rio da empresa Mais Sa\u00fade e Seguran\u00e7a do Trabalho e atende seus clientes de forma personalizada moldando a\u00e7\u00f5es conforme as caracter\u00edsticas de cliente.\",\"sameAs\":[\"https:\\\/\\\/www.sistemametra.com.br\",\"https:\\\/\\\/www.instagram.com\\\/andfergom17121999\"],\"url\":\"https:\\\/\\\/www.sistemametra.com.br\\\/blog\\\/author\\\/anderson-fernandes\\\/\"}]}<\/script>\n<!-- \/ Yoast SEO plugin. -->","yoast_head_json":{"title":"Sistema de gest\u00e3o de sa\u00fade ocupacional esocial | Sistema Metra","robots":{"index":"index","follow":"follow","max-snippet":"max-snippet:-1","max-image-preview":"max-image-preview:large","max-video-preview":"max-video-preview:-1"},"canonical":"https:\/\/www.sistemametra.com.br\/blog\/sistema-gestao-saude-ocupacional-esocial\/","og_locale":"pt_BR","og_type":"article","og_title":"Sistema de gest\u00e3o de sa\u00fade ocupacional esocial | Sistema Metra","og_description":"Voc\u00ea j\u00e1 parou para pensar na import\u00e2ncia de um sistema de gest\u00e3o de sa\u00fade ocupacional esocial para a sua empresa? Se voc\u00ea se preocupa com a sa\u00fade e bem-estar dos seus colaboradores e quer estar em conformidade com as obriga\u00e7\u00f5es legais, ent\u00e3o a Systema METRA \u00e9 a solu\u00e7\u00e3o ideal para voc\u00ea. Fa\u00e7a agora uma cota\u00e7\u00e3o [&hellip;]","og_url":"https:\/\/www.sistemametra.com.br\/blog\/sistema-gestao-saude-ocupacional-esocial\/","og_site_name":"Blog Metra","article_publisher":"https:\/\/www.facebook.com\/metraweb","article_published_time":"2026-03-06T03:00:00+00:00","article_modified_time":"2026-04-28T19:51:14+00:00","og_image":[{"width":800,"height":800,"url":"https:\/\/www.sistemametra.com.br\/blog\/wp-content\/uploads\/2026\/04\/sistema-gestao-saude-ocupacional-esocial.webp","type":"image\/jpeg"}],"author":"Anderson Fernandes","twitter_card":"summary_large_image","twitter_misc":{"Escrito por":"Anderson Fernandes","Est. tempo de leitura":"3 minutos"},"schema":{"@context":"https:\/\/schema.org","@graph":[{"@type":"Article","@id":"https:\/\/www.sistemametra.com.br\/blog\/sistema-gestao-saude-ocupacional-esocial\/#article","isPartOf":{"@id":"https:\/\/www.sistemametra.com.br\/blog\/sistema-gestao-saude-ocupacional-esocial\/"},"author":{"name":"Anderson Fernandes","@id":"https:\/\/www.sistemametra.com.br\/blog\/#\/schema\/person\/7c04d9110a7e64758ca9951890e56d82"},"headline":"Como Aprimorar o Sistema de gest\u00e3o de sa\u00fade ocupacional esocial","datePublished":"2026-03-06T03:00:00+00:00","dateModified":"2026-04-28T19:51:14+00:00","mainEntityOfPage":{"@id":"https:\/\/www.sistemametra.com.br\/blog\/sistema-gestao-saude-ocupacional-esocial\/"},"wordCount":610,"commentCount":0,"publisher":{"@id":"https:\/\/www.sistemametra.com.br\/blog\/#organization"},"image":{"@id":"https:\/\/www.sistemametra.com.br\/blog\/sistema-gestao-saude-ocupacional-esocial\/#primaryimage"},"thumbnailUrl":"https:\/\/www.sistemametra.com.br\/blog\/wp-content\/uploads\/2026\/04\/sistema-gestao-saude-ocupacional-esocial.webp","articleSection":["eSocial","eSocial SST"],"inLanguage":"pt-BR","potentialAction":[{"@type":"CommentAction","name":"Comment","target":["https:\/\/www.sistemametra.com.br\/blog\/sistema-gestao-saude-ocupacional-esocial\/#respond"]}]},{"@type":"WebPage","@id":"https:\/\/www.sistemametra.com.br\/blog\/sistema-gestao-saude-ocupacional-esocial\/","url":"https:\/\/www.sistemametra.com.br\/blog\/sistema-gestao-saude-ocupacional-esocial\/","name":"Sistema de gest\u00e3o de sa\u00fade ocupacional esocial | Sistema Metra","isPartOf":{"@id":"https:\/\/www.sistemametra.com.br\/blog\/#website"},"primaryImageOfPage":{"@id":"https:\/\/www.sistemametra.com.br\/blog\/sistema-gestao-saude-ocupacional-esocial\/#primaryimage"},"image":{"@id":"https:\/\/www.sistemametra.com.br\/blog\/sistema-gestao-saude-ocupacional-esocial\/#primaryimage"},"thumbnailUrl":"https:\/\/www.sistemametra.com.br\/blog\/wp-content\/uploads\/2026\/04\/sistema-gestao-saude-ocupacional-esocial.webp","datePublished":"2026-03-06T03:00:00+00:00","dateModified":"2026-04-28T19:51:14+00:00","breadcrumb":{"@id":"https:\/\/www.sistemametra.com.br\/blog\/sistema-gestao-saude-ocupacional-esocial\/#breadcrumb"},"inLanguage":"pt-BR","potentialAction":[{"@type":"ReadAction","target":["https:\/\/www.sistemametra.com.br\/blog\/sistema-gestao-saude-ocupacional-esocial\/"]}]},{"@type":"ImageObject","inLanguage":"pt-BR","@id":"https:\/\/www.sistemametra.com.br\/blog\/sistema-gestao-saude-ocupacional-esocial\/#primaryimage","url":"https:\/\/www.sistemametra.com.br\/blog\/wp-content\/uploads\/2026\/04\/sistema-gestao-saude-ocupacional-esocial.webp","contentUrl":"https:\/\/www.sistemametra.com.br\/blog\/wp-content\/uploads\/2026\/04\/sistema-gestao-saude-ocupacional-esocial.webp","width":800,"height":800,"caption":"sobre gest\u00e3o de sa\u00fade ocupacional esocial | Blog Metra"},{"@type":"BreadcrumbList","@id":"https:\/\/www.sistemametra.com.br\/blog\/sistema-gestao-saude-ocupacional-esocial\/#breadcrumb","itemListElement":[{"@type":"ListItem","position":1,"name":"In\u00edcio","item":"https:\/\/www.sistemametra.com.br\/blog\/"},{"@type":"ListItem","position":2,"name":"Como Aprimorar o Sistema de gest\u00e3o de sa\u00fade ocupacional esocial"}]},{"@type":"WebSite","@id":"https:\/\/www.sistemametra.com.br\/blog\/#website","url":"https:\/\/www.sistemametra.com.br\/blog\/","name":"Blog Metra","description":"Conte\u00fado pr\u00e1tico sobre Sa\u00fade e Seguran\u00e7a do Trabalho: normas, documentos e obriga\u00e7\u00f5es explicados de forma direta para profissionais e empresas.","publisher":{"@id":"https:\/\/www.sistemametra.com.br\/blog\/#organization"},"alternateName":"Sistema Metra","potentialAction":[{"@type":"SearchAction","target":{"@type":"EntryPoint","urlTemplate":"https:\/\/www.sistemametra.com.br\/blog\/?s={search_term_string}"},"query-input":{"@type":"PropertyValueSpecification","valueRequired":true,"valueName":"search_term_string"}}],"inLanguage":"pt-BR"},{"@type":"Organization","@id":"https:\/\/www.sistemametra.com.br\/blog\/#organization","name":"Sistema Metra","url":"https:\/\/www.sistemametra.com.br\/blog\/","logo":{"@type":"ImageObject","inLanguage":"pt-BR","@id":"https:\/\/www.sistemametra.com.br\/blog\/#\/schema\/logo\/image\/","url":"https:\/\/www.sistemametra.com.br\/blog\/wp-content\/uploads\/2026\/04\/blog-metra.webp","contentUrl":"https:\/\/www.sistemametra.com.br\/blog\/wp-content\/uploads\/2026\/04\/blog-metra.webp","width":800,"height":800,"caption":"Sistema Metra"},"image":{"@id":"https:\/\/www.sistemametra.com.br\/blog\/#\/schema\/logo\/image\/"},"sameAs":["https:\/\/www.facebook.com\/metraweb","https:\/\/www.linkedin.com\/company\/metra-web\/?viewAsMember=true","https:\/\/www.youtube.com\/@SistemaMetra"]},{"@type":"Person","@id":"https:\/\/www.sistemametra.com.br\/blog\/#\/schema\/person\/7c04d9110a7e64758ca9951890e56d82","name":"Anderson Fernandes","image":{"@type":"ImageObject","inLanguage":"pt-BR","@id":"https:\/\/secure.gravatar.com\/avatar\/fbe9c5fc3e57710af6aceaea09e3d466e4721a3069e8568b6c9655c7231c5b5e?s=96&d=mm&r=g","url":"https:\/\/secure.gravatar.com\/avatar\/fbe9c5fc3e57710af6aceaea09e3d466e4721a3069e8568b6c9655c7231c5b5e?s=96&d=mm&r=g","contentUrl":"https:\/\/secure.gravatar.com\/avatar\/fbe9c5fc3e57710af6aceaea09e3d466e4721a3069e8568b6c9655c7231c5b5e?s=96&d=mm&r=g","caption":"Anderson Fernandes"},"description":"Com forma\u00e7\u00e3o superior \u00e9 t\u00e9cnico em Seguran\u00e7a do Trabalho do Sistema Metra. H\u00e1 30 anos trabalhando ininterruptamente na \u00e1rea desde 2002. Formado ainda no Curso de Tecn\u00f3logo em Seguran\u00e7a do Trabalho e cursando Engenharia visando a p\u00f3s gradua\u00e7\u00e3o em Seguran\u00e7a do Trabalho. Atua ainda como int\u00e9rprete de LIBRAS e atualmente \u00e9 consultor de diversas empresas em ramos de atividade como: Minera\u00e7\u00e3o, Automobil\u00edstica, Manuten\u00e7\u00e3o El\u00e9trica de Grande Porte, Cer\u00e2mica, Refrat\u00e1rios, Sa\u00fade entre outros. \u00c9 propriet\u00e1rio da empresa Mais Sa\u00fade e Seguran\u00e7a do Trabalho e atende seus clientes de forma personalizada moldando a\u00e7\u00f5es conforme as caracter\u00edsticas de cliente.","sameAs":["https:\/\/www.sistemametra.com.br","https:\/\/www.instagram.com\/andfergom17121999"],"url":"https:\/\/www.sistemametra.com.br\/blog\/author\/anderson-fernandes\/"}]}},"_links":{"self":[{"href":"https:\/\/www.sistemametra.com.br\/blog\/wp-json\/wp\/v2\/posts\/564","targetHints":{"allow":["GET"]}}],"collection":[{"href":"https:\/\/www.sistemametra.com.br\/blog\/wp-json\/wp\/v2\/posts"}],"about":[{"href":"https:\/\/www.sistemametra.com.br\/blog\/wp-json\/wp\/v2\/types\/post"}],"author":[{"embeddable":true,"href":"https:\/\/www.sistemametra.com.br\/blog\/wp-json\/wp\/v2\/users\/3"}],"replies":[{"embeddable":true,"href":"https:\/\/www.sistemametra.com.br\/blog\/wp-json\/wp\/v2\/comments?post=564"}],"version-history":[{"count":1,"href":"https:\/\/www.sistemametra.com.br\/blog\/wp-json\/wp\/v2\/posts\/564\/revisions"}],"predecessor-version":[{"id":802,"href":"https:\/\/www.sistemametra.com.br\/blog\/wp-json\/wp\/v2\/posts\/564\/revisions\/802"}],"wp:featuredmedia":[{"embeddable":true,"href":"https:\/\/www.sistemametra.com.br\/blog\/wp-json\/wp\/v2\/media\/565"}],"wp:attachment":[{"href":"https:\/\/www.sistemametra.com.br\/blog\/wp-json\/wp\/v2\/media?parent=564"}],"wp:term":[{"taxonomy":"category","embeddable":true,"href":"https:\/\/www.sistemametra.com.br\/blog\/wp-json\/wp\/v2\/categories?post=564"},{"taxonomy":"post_tag","embeddable":true,"href":"https:\/\/www.sistemametra.com.br\/blog\/wp-json\/wp\/v2\/tags?post=564"}],"curies":[{"name":"wp","href":"https:\/\/api.w.org\/{rel}","templated":true}]}}