{"id":566,"date":"2026-03-07T00:00:00","date_gmt":"2026-03-07T03:00:00","guid":{"rendered":"https:\/\/www.sistemametra.com.br\/blog\/sistema-gestao-seguranca-do-trabalho\/"},"modified":"2026-04-28T16:51:14","modified_gmt":"2026-04-28T19:51:14","slug":"sistema-gestao-seguranca-do-trabalho","status":"publish","type":"post","link":"https:\/\/www.sistemametra.com.br\/blog\/sistema-gestao-seguranca-do-trabalho\/","title":{"rendered":"Como Aprimorar o Sistema de gest\u00e3o de seguran\u00e7a do trabalho"},"content":{"rendered":"<article>\n<p>Voc\u00ea est\u00e1 em busca de um <strong>sistema de gest\u00e3o de seguran\u00e7a do trabalho<\/strong> eficiente e que atenda \u00e0s exig\u00eancias do eSocial? Conhe\u00e7a o Sistema METRA, a melhor op\u00e7\u00e3o para garantir a seguran\u00e7a e a sa\u00fade dos seus funcion\u00e1rios. Fa\u00e7a agora sua cota\u00e7\u00e3o e veja como podemos ajudar sua empresa a estar em dia com as normas de seguran\u00e7a.<\/p>\n<h2>O QUE \u00c9 UM SISTEMA DE GEST\u00c3O DE SEGURAN\u00c7A DO TRABALHO?<\/h2>\n<p>O <strong>sistema de gest\u00e3o de seguran\u00e7a do trabalho<\/strong> \u00e9 uma ferramenta que auxilia as empresas a gerenciarem todas as informa\u00e7\u00f5es relacionadas \u00e0 sa\u00fade e seguran\u00e7a dos colaboradores. Ele permite o controle e o monitoramento de todos os aspectos relacionados \u00e0 seguran\u00e7a no ambiente de trabalho, desde treinamentos e capacita\u00e7\u00f5es at\u00e9 a documenta\u00e7\u00e3o e os registros necess\u00e1rios para atender \u00e0s exig\u00eancias legais.<\/p>\n<h2>VANTAGENS DE UTILIZAR UM SISTEMA DE GEST\u00c3O DE SEGURAN\u00c7A DO TRABALHO<\/h2>\n<p>A utiliza\u00e7\u00e3o de um <strong>sistema de gest\u00e3o de seguran\u00e7a do trabalho<\/strong> traz diversas vantagens para as empresas, como por exemplo:<\/p>\n<p>Atendimento \u00e0s exig\u00eancias legais: com um sistema de gest\u00e3o, a empresa se mant\u00e9m em conformidade com as normas e leis relacionadas \u00e0 sa\u00fade e seguran\u00e7a do trabalho, evitando multas e san\u00e7\u00f5es;<\/p>\n<p>Melhoria da seguran\u00e7a e sa\u00fade dos colaboradores: ao utilizar um sistema eficiente, \u00e9 poss\u00edvel identificar e corrigir poss\u00edveis riscos e perigos no ambiente de trabalho, garantindo a sa\u00fade e integridade dos funcion\u00e1rios;<\/p>\n<p>Centraliza\u00e7\u00e3o e organiza\u00e7\u00e3o das informa\u00e7\u00f5es: com o sistema, todas as informa\u00e7\u00f5es relacionadas \u00e0 seguran\u00e7a do trabalho ficam centralizadas em um \u00fanico lugar, facilitando o acesso e a gest\u00e3o dos dados;<\/p>\n<p>Redu\u00e7\u00e3o de custos: ao evitar acidentes e doen\u00e7as ocupacionais, a empresa tamb\u00e9m reduz os gastos com afastamentos, tratamentos e indeniza\u00e7\u00f5es;<\/p>\n<p>Melhoria da produtividade: com funcion\u00e1rios saud\u00e1veis e seguros, a empresa pode contar com uma equipe mais produtiva e engajada.<\/p>\n<h2>FUNCIONALIDADES DE UM SISTEMA DE GEST\u00c3O DE SEGURAN\u00c7A DO TRABALHO<\/h2>\n<p>O Sistema METRA oferece diversas funcionalidades que tornam a gest\u00e3o da seguran\u00e7a do trabalho ainda mais eficiente, como:<\/p>\n<p>Registro e controle de todas as atividades relacionadas \u00e0 seguran\u00e7a do trabalho;<\/p>\n<p>Gest\u00e3o de documentos, como PPRA, PCMSO, LTCAT, entre outros;<\/p>\n<p>Monitoramento dos indicadores de seguran\u00e7a, com emiss\u00e3o de relat\u00f3rios e gr\u00e1ficos;<\/p>\n<p>Controle e registro de treinamentos e capacita\u00e7\u00f5es dos colaboradores;<\/p>\n<p>Alertas e lembretes para vencimentos de documenta\u00e7\u00f5es e treinamentos;<\/p>\n<p>Sistema totalmente online, permitindo o acesso \u00e0s informa\u00e7\u00f5es de qualquer lugar e a qualquer hora.<\/p>\n<h2>RECOMENDA\u00c7\u00d5ES PARA ESCOLHER UM SISTEMA DE GEST\u00c3O DE SEGURAN\u00c7A DO TRABALHO<\/h2>\n<p>\u00c9 importante considerar alguns aspectos na hora de escolher um <strong>sistema de gest\u00e3o de seguran\u00e7a do trabalho<\/strong>, como por exemplo:<\/p>\n<p>Facilidade de uso: o sistema deve ser de f\u00e1cil utiliza\u00e7\u00e3o, permitindo que os usu\u00e1rios, mesmo sem conhecimentos t\u00e9cnicos, possam utiliz\u00e1-lo sem dificuldades;<\/p>\n<p>Seguran\u00e7a dos dados: \u00e9 fundamental que o sistema ofere\u00e7a mecanismos de seguran\u00e7a que garantam a confidencialidade e integridade das informa\u00e7\u00f5es;<\/p>\n<p>Suporte t\u00e9cnico: o sistema deve contar com um suporte t\u00e9cnico eficiente, para solucionar poss\u00edveis problemas e d\u00favidas dos usu\u00e1rios;<\/p>\n<p>Pre\u00e7o acess\u00edvel: \u00e9 importante analisar os custos do sistema em rela\u00e7\u00e3o aos benef\u00edcios oferecidos;<\/p>\n<p>Atualiza\u00e7\u00f5es constantes: o sistema deve estar em constante atualiza\u00e7\u00e3o, acompanhando as mudan\u00e7as nas leis e normas relacionadas \u00e0 seguran\u00e7a do trabalho.<\/p>\n<p>Agora que voc\u00ea j\u00e1 conhece um pouco mais sobre o <strong>sistema de gest\u00e3o de seguran\u00e7a do trabalho<\/strong> e as vantagens de utiliz\u00e1-lo, n\u00e3o perca mais tempo e solicite j\u00e1 sua cota\u00e7\u00e3o com a Sistema METRA. Garanta a seguran\u00e7a e a sa\u00fade dos seus funcion\u00e1rios com uma gest\u00e3o eficiente e em conformidade com o eSocial.<\/p>\n<h2>Para saber mais sobre Como Aprimorar o Sistema de gest\u00e3o de seguran\u00e7a do trabalho<\/h2>\n<p>Ligue para <strong>0800-707-5900<\/strong> ou clique aqui e entre em contato por email.<\/p>\n<p>O conte\u00fado do texto desta p\u00e1gina \u00e9 de direito reservado. Sua reprodu\u00e7\u00e3o, parcial ou total, mesmo citando nossos links, \u00e9 proibida sem a autoriza\u00e7\u00e3o do autor. Crime de viola\u00e7\u00e3o de direito autoral \u2013 artigo 184 do C\u00f3digo Penal \u2013 Lei 9610\/98 &#8211; Lei de direitos autorais. <\/article>\n","protected":false},"excerpt":{"rendered":"<p>Voc\u00ea est\u00e1 em busca de um sistema de gest\u00e3o de seguran\u00e7a do trabalho eficiente e que atenda \u00e0s exig\u00eancias do eSocial? Conhe\u00e7a o Sistema METRA, a melhor op\u00e7\u00e3o para garantir a seguran\u00e7a e a sa\u00fade dos seus funcion\u00e1rios. Fa\u00e7a agora sua cota\u00e7\u00e3o e veja como podemos ajudar sua empresa a estar em dia com as [&hellip;]<\/p>\n","protected":false},"author":3,"featured_media":567,"comment_status":"open","ping_status":"open","sticky":false,"template":"","format":"standard","meta":{"footnotes":""},"categories":[25],"tags":[],"class_list":["post-566","post","type-post","status-publish","format-standard","has-post-thumbnail","hentry","category-seguranca-do-trabalho"],"yoast_head":"<!-- This site is optimized with the Yoast SEO plugin v27.5 - https:\/\/yoast.com\/product\/yoast-seo-wordpress\/ -->\n<title>Sistema de gest\u00e3o de seguran\u00e7a do trabalho | Sistema Metra<\/title>\n<meta name=\"robots\" content=\"index, follow, max-snippet:-1, max-image-preview:large, max-video-preview:-1\" \/>\n<link rel=\"canonical\" href=\"https:\/\/www.sistemametra.com.br\/blog\/sistema-gestao-seguranca-do-trabalho\/\" \/>\n<meta property=\"og:locale\" content=\"pt_BR\" \/>\n<meta property=\"og:type\" content=\"article\" \/>\n<meta property=\"og:title\" content=\"Sistema de gest\u00e3o de seguran\u00e7a do trabalho | Sistema Metra\" \/>\n<meta property=\"og:description\" content=\"Voc\u00ea est\u00e1 em busca de um sistema de gest\u00e3o de seguran\u00e7a do trabalho eficiente e que atenda \u00e0s exig\u00eancias do eSocial? Conhe\u00e7a o Sistema METRA, a melhor op\u00e7\u00e3o para garantir a seguran\u00e7a e a sa\u00fade dos seus funcion\u00e1rios. Fa\u00e7a agora sua cota\u00e7\u00e3o e veja como podemos ajudar sua empresa a estar em dia com as [&hellip;]\" \/>\n<meta property=\"og:url\" content=\"https:\/\/www.sistemametra.com.br\/blog\/sistema-gestao-seguranca-do-trabalho\/\" \/>\n<meta property=\"og:site_name\" content=\"Blog Metra\" \/>\n<meta property=\"article:publisher\" content=\"https:\/\/www.facebook.com\/metraweb\" \/>\n<meta property=\"article:published_time\" content=\"2026-03-07T03:00:00+00:00\" \/>\n<meta property=\"article:modified_time\" content=\"2026-04-28T19:51:14+00:00\" \/>\n<meta property=\"og:image\" content=\"https:\/\/www.sistemametra.com.br\/blog\/wp-content\/uploads\/2026\/04\/sistema-gestao-seguranca-do-trabalho.webp\" \/>\n\t<meta property=\"og:image:width\" content=\"800\" \/>\n\t<meta property=\"og:image:height\" content=\"800\" \/>\n\t<meta property=\"og:image:type\" content=\"image\/jpeg\" \/>\n<meta name=\"author\" content=\"Anderson Fernandes\" \/>\n<meta name=\"twitter:card\" content=\"summary_large_image\" \/>\n<meta name=\"twitter:label1\" content=\"Escrito por\" \/>\n\t<meta name=\"twitter:data1\" content=\"Anderson Fernandes\" \/>\n\t<meta name=\"twitter:label2\" content=\"Est. tempo de leitura\" \/>\n\t<meta name=\"twitter:data2\" content=\"4 minutos\" \/>\n<script type=\"application\/ld+json\" class=\"yoast-schema-graph\">{\"@context\":\"https:\\\/\\\/schema.org\",\"@graph\":[{\"@type\":\"Article\",\"@id\":\"https:\\\/\\\/www.sistemametra.com.br\\\/blog\\\/sistema-gestao-seguranca-do-trabalho\\\/#article\",\"isPartOf\":{\"@id\":\"https:\\\/\\\/www.sistemametra.com.br\\\/blog\\\/sistema-gestao-seguranca-do-trabalho\\\/\"},\"author\":{\"name\":\"Anderson Fernandes\",\"@id\":\"https:\\\/\\\/www.sistemametra.com.br\\\/blog\\\/#\\\/schema\\\/person\\\/7c04d9110a7e64758ca9951890e56d82\"},\"headline\":\"Como Aprimorar o Sistema de gest\u00e3o de seguran\u00e7a do trabalho\",\"datePublished\":\"2026-03-07T03:00:00+00:00\",\"dateModified\":\"2026-04-28T19:51:14+00:00\",\"mainEntityOfPage\":{\"@id\":\"https:\\\/\\\/www.sistemametra.com.br\\\/blog\\\/sistema-gestao-seguranca-do-trabalho\\\/\"},\"wordCount\":743,\"commentCount\":0,\"publisher\":{\"@id\":\"https:\\\/\\\/www.sistemametra.com.br\\\/blog\\\/#organization\"},\"image\":{\"@id\":\"https:\\\/\\\/www.sistemametra.com.br\\\/blog\\\/sistema-gestao-seguranca-do-trabalho\\\/#primaryimage\"},\"thumbnailUrl\":\"https:\\\/\\\/www.sistemametra.com.br\\\/blog\\\/wp-content\\\/uploads\\\/2026\\\/04\\\/sistema-gestao-seguranca-do-trabalho.webp\",\"articleSection\":[\"Seguran\u00e7a do Trabalho\"],\"inLanguage\":\"pt-BR\",\"potentialAction\":[{\"@type\":\"CommentAction\",\"name\":\"Comment\",\"target\":[\"https:\\\/\\\/www.sistemametra.com.br\\\/blog\\\/sistema-gestao-seguranca-do-trabalho\\\/#respond\"]}]},{\"@type\":\"WebPage\",\"@id\":\"https:\\\/\\\/www.sistemametra.com.br\\\/blog\\\/sistema-gestao-seguranca-do-trabalho\\\/\",\"url\":\"https:\\\/\\\/www.sistemametra.com.br\\\/blog\\\/sistema-gestao-seguranca-do-trabalho\\\/\",\"name\":\"Sistema de gest\u00e3o de seguran\u00e7a do trabalho | Sistema Metra\",\"isPartOf\":{\"@id\":\"https:\\\/\\\/www.sistemametra.com.br\\\/blog\\\/#website\"},\"primaryImageOfPage\":{\"@id\":\"https:\\\/\\\/www.sistemametra.com.br\\\/blog\\\/sistema-gestao-seguranca-do-trabalho\\\/#primaryimage\"},\"image\":{\"@id\":\"https:\\\/\\\/www.sistemametra.com.br\\\/blog\\\/sistema-gestao-seguranca-do-trabalho\\\/#primaryimage\"},\"thumbnailUrl\":\"https:\\\/\\\/www.sistemametra.com.br\\\/blog\\\/wp-content\\\/uploads\\\/2026\\\/04\\\/sistema-gestao-seguranca-do-trabalho.webp\",\"datePublished\":\"2026-03-07T03:00:00+00:00\",\"dateModified\":\"2026-04-28T19:51:14+00:00\",\"breadcrumb\":{\"@id\":\"https:\\\/\\\/www.sistemametra.com.br\\\/blog\\\/sistema-gestao-seguranca-do-trabalho\\\/#breadcrumb\"},\"inLanguage\":\"pt-BR\",\"potentialAction\":[{\"@type\":\"ReadAction\",\"target\":[\"https:\\\/\\\/www.sistemametra.com.br\\\/blog\\\/sistema-gestao-seguranca-do-trabalho\\\/\"]}]},{\"@type\":\"ImageObject\",\"inLanguage\":\"pt-BR\",\"@id\":\"https:\\\/\\\/www.sistemametra.com.br\\\/blog\\\/sistema-gestao-seguranca-do-trabalho\\\/#primaryimage\",\"url\":\"https:\\\/\\\/www.sistemametra.com.br\\\/blog\\\/wp-content\\\/uploads\\\/2026\\\/04\\\/sistema-gestao-seguranca-do-trabalho.webp\",\"contentUrl\":\"https:\\\/\\\/www.sistemametra.com.br\\\/blog\\\/wp-content\\\/uploads\\\/2026\\\/04\\\/sistema-gestao-seguranca-do-trabalho.webp\",\"width\":800,\"height\":800,\"caption\":\"sobre gest\u00e3o de seguran\u00e7a do trabalho | Blog Metra\"},{\"@type\":\"BreadcrumbList\",\"@id\":\"https:\\\/\\\/www.sistemametra.com.br\\\/blog\\\/sistema-gestao-seguranca-do-trabalho\\\/#breadcrumb\",\"itemListElement\":[{\"@type\":\"ListItem\",\"position\":1,\"name\":\"In\u00edcio\",\"item\":\"https:\\\/\\\/www.sistemametra.com.br\\\/blog\\\/\"},{\"@type\":\"ListItem\",\"position\":2,\"name\":\"Como Aprimorar o Sistema de gest\u00e3o de seguran\u00e7a do trabalho\"}]},{\"@type\":\"WebSite\",\"@id\":\"https:\\\/\\\/www.sistemametra.com.br\\\/blog\\\/#website\",\"url\":\"https:\\\/\\\/www.sistemametra.com.br\\\/blog\\\/\",\"name\":\"Blog Metra\",\"description\":\"Conte\u00fado pr\u00e1tico sobre Sa\u00fade e Seguran\u00e7a do Trabalho: normas, documentos e obriga\u00e7\u00f5es explicados de forma direta para profissionais e empresas.\",\"publisher\":{\"@id\":\"https:\\\/\\\/www.sistemametra.com.br\\\/blog\\\/#organization\"},\"alternateName\":\"Sistema Metra\",\"potentialAction\":[{\"@type\":\"SearchAction\",\"target\":{\"@type\":\"EntryPoint\",\"urlTemplate\":\"https:\\\/\\\/www.sistemametra.com.br\\\/blog\\\/?s={search_term_string}\"},\"query-input\":{\"@type\":\"PropertyValueSpecification\",\"valueRequired\":true,\"valueName\":\"search_term_string\"}}],\"inLanguage\":\"pt-BR\"},{\"@type\":\"Organization\",\"@id\":\"https:\\\/\\\/www.sistemametra.com.br\\\/blog\\\/#organization\",\"name\":\"Sistema Metra\",\"url\":\"https:\\\/\\\/www.sistemametra.com.br\\\/blog\\\/\",\"logo\":{\"@type\":\"ImageObject\",\"inLanguage\":\"pt-BR\",\"@id\":\"https:\\\/\\\/www.sistemametra.com.br\\\/blog\\\/#\\\/schema\\\/logo\\\/image\\\/\",\"url\":\"https:\\\/\\\/www.sistemametra.com.br\\\/blog\\\/wp-content\\\/uploads\\\/2026\\\/04\\\/blog-metra.webp\",\"contentUrl\":\"https:\\\/\\\/www.sistemametra.com.br\\\/blog\\\/wp-content\\\/uploads\\\/2026\\\/04\\\/blog-metra.webp\",\"width\":800,\"height\":800,\"caption\":\"Sistema Metra\"},\"image\":{\"@id\":\"https:\\\/\\\/www.sistemametra.com.br\\\/blog\\\/#\\\/schema\\\/logo\\\/image\\\/\"},\"sameAs\":[\"https:\\\/\\\/www.facebook.com\\\/metraweb\",\"https:\\\/\\\/www.linkedin.com\\\/company\\\/metra-web\\\/?viewAsMember=true\",\"https:\\\/\\\/www.youtube.com\\\/@SistemaMetra\"]},{\"@type\":\"Person\",\"@id\":\"https:\\\/\\\/www.sistemametra.com.br\\\/blog\\\/#\\\/schema\\\/person\\\/7c04d9110a7e64758ca9951890e56d82\",\"name\":\"Anderson Fernandes\",\"image\":{\"@type\":\"ImageObject\",\"inLanguage\":\"pt-BR\",\"@id\":\"https:\\\/\\\/secure.gravatar.com\\\/avatar\\\/fbe9c5fc3e57710af6aceaea09e3d466e4721a3069e8568b6c9655c7231c5b5e?s=96&d=mm&r=g\",\"url\":\"https:\\\/\\\/secure.gravatar.com\\\/avatar\\\/fbe9c5fc3e57710af6aceaea09e3d466e4721a3069e8568b6c9655c7231c5b5e?s=96&d=mm&r=g\",\"contentUrl\":\"https:\\\/\\\/secure.gravatar.com\\\/avatar\\\/fbe9c5fc3e57710af6aceaea09e3d466e4721a3069e8568b6c9655c7231c5b5e?s=96&d=mm&r=g\",\"caption\":\"Anderson Fernandes\"},\"description\":\"Com forma\u00e7\u00e3o superior \u00e9 t\u00e9cnico em Seguran\u00e7a do Trabalho do Sistema Metra. H\u00e1 30 anos trabalhando ininterruptamente na \u00e1rea desde 2002. Formado ainda no Curso de Tecn\u00f3logo em Seguran\u00e7a do Trabalho e cursando Engenharia visando a p\u00f3s gradua\u00e7\u00e3o em Seguran\u00e7a do Trabalho. Atua ainda como int\u00e9rprete de LIBRAS e atualmente \u00e9 consultor de diversas empresas em ramos de atividade como: Minera\u00e7\u00e3o, Automobil\u00edstica, Manuten\u00e7\u00e3o El\u00e9trica de Grande Porte, Cer\u00e2mica, Refrat\u00e1rios, Sa\u00fade entre outros. \u00c9 propriet\u00e1rio da empresa Mais Sa\u00fade e Seguran\u00e7a do Trabalho e atende seus clientes de forma personalizada moldando a\u00e7\u00f5es conforme as caracter\u00edsticas de cliente.\",\"sameAs\":[\"https:\\\/\\\/www.sistemametra.com.br\",\"https:\\\/\\\/www.instagram.com\\\/andfergom17121999\"],\"url\":\"https:\\\/\\\/www.sistemametra.com.br\\\/blog\\\/author\\\/anderson-fernandes\\\/\"}]}<\/script>\n<!-- \/ Yoast SEO plugin. -->","yoast_head_json":{"title":"Sistema de gest\u00e3o de seguran\u00e7a do trabalho | Sistema Metra","robots":{"index":"index","follow":"follow","max-snippet":"max-snippet:-1","max-image-preview":"max-image-preview:large","max-video-preview":"max-video-preview:-1"},"canonical":"https:\/\/www.sistemametra.com.br\/blog\/sistema-gestao-seguranca-do-trabalho\/","og_locale":"pt_BR","og_type":"article","og_title":"Sistema de gest\u00e3o de seguran\u00e7a do trabalho | Sistema Metra","og_description":"Voc\u00ea est\u00e1 em busca de um sistema de gest\u00e3o de seguran\u00e7a do trabalho eficiente e que atenda \u00e0s exig\u00eancias do eSocial? Conhe\u00e7a o Sistema METRA, a melhor op\u00e7\u00e3o para garantir a seguran\u00e7a e a sa\u00fade dos seus funcion\u00e1rios. Fa\u00e7a agora sua cota\u00e7\u00e3o e veja como podemos ajudar sua empresa a estar em dia com as [&hellip;]","og_url":"https:\/\/www.sistemametra.com.br\/blog\/sistema-gestao-seguranca-do-trabalho\/","og_site_name":"Blog Metra","article_publisher":"https:\/\/www.facebook.com\/metraweb","article_published_time":"2026-03-07T03:00:00+00:00","article_modified_time":"2026-04-28T19:51:14+00:00","og_image":[{"width":800,"height":800,"url":"https:\/\/www.sistemametra.com.br\/blog\/wp-content\/uploads\/2026\/04\/sistema-gestao-seguranca-do-trabalho.webp","type":"image\/jpeg"}],"author":"Anderson Fernandes","twitter_card":"summary_large_image","twitter_misc":{"Escrito por":"Anderson Fernandes","Est. tempo de leitura":"4 minutos"},"schema":{"@context":"https:\/\/schema.org","@graph":[{"@type":"Article","@id":"https:\/\/www.sistemametra.com.br\/blog\/sistema-gestao-seguranca-do-trabalho\/#article","isPartOf":{"@id":"https:\/\/www.sistemametra.com.br\/blog\/sistema-gestao-seguranca-do-trabalho\/"},"author":{"name":"Anderson Fernandes","@id":"https:\/\/www.sistemametra.com.br\/blog\/#\/schema\/person\/7c04d9110a7e64758ca9951890e56d82"},"headline":"Como Aprimorar o Sistema de gest\u00e3o de seguran\u00e7a do trabalho","datePublished":"2026-03-07T03:00:00+00:00","dateModified":"2026-04-28T19:51:14+00:00","mainEntityOfPage":{"@id":"https:\/\/www.sistemametra.com.br\/blog\/sistema-gestao-seguranca-do-trabalho\/"},"wordCount":743,"commentCount":0,"publisher":{"@id":"https:\/\/www.sistemametra.com.br\/blog\/#organization"},"image":{"@id":"https:\/\/www.sistemametra.com.br\/blog\/sistema-gestao-seguranca-do-trabalho\/#primaryimage"},"thumbnailUrl":"https:\/\/www.sistemametra.com.br\/blog\/wp-content\/uploads\/2026\/04\/sistema-gestao-seguranca-do-trabalho.webp","articleSection":["Seguran\u00e7a do Trabalho"],"inLanguage":"pt-BR","potentialAction":[{"@type":"CommentAction","name":"Comment","target":["https:\/\/www.sistemametra.com.br\/blog\/sistema-gestao-seguranca-do-trabalho\/#respond"]}]},{"@type":"WebPage","@id":"https:\/\/www.sistemametra.com.br\/blog\/sistema-gestao-seguranca-do-trabalho\/","url":"https:\/\/www.sistemametra.com.br\/blog\/sistema-gestao-seguranca-do-trabalho\/","name":"Sistema de gest\u00e3o de seguran\u00e7a do trabalho | Sistema Metra","isPartOf":{"@id":"https:\/\/www.sistemametra.com.br\/blog\/#website"},"primaryImageOfPage":{"@id":"https:\/\/www.sistemametra.com.br\/blog\/sistema-gestao-seguranca-do-trabalho\/#primaryimage"},"image":{"@id":"https:\/\/www.sistemametra.com.br\/blog\/sistema-gestao-seguranca-do-trabalho\/#primaryimage"},"thumbnailUrl":"https:\/\/www.sistemametra.com.br\/blog\/wp-content\/uploads\/2026\/04\/sistema-gestao-seguranca-do-trabalho.webp","datePublished":"2026-03-07T03:00:00+00:00","dateModified":"2026-04-28T19:51:14+00:00","breadcrumb":{"@id":"https:\/\/www.sistemametra.com.br\/blog\/sistema-gestao-seguranca-do-trabalho\/#breadcrumb"},"inLanguage":"pt-BR","potentialAction":[{"@type":"ReadAction","target":["https:\/\/www.sistemametra.com.br\/blog\/sistema-gestao-seguranca-do-trabalho\/"]}]},{"@type":"ImageObject","inLanguage":"pt-BR","@id":"https:\/\/www.sistemametra.com.br\/blog\/sistema-gestao-seguranca-do-trabalho\/#primaryimage","url":"https:\/\/www.sistemametra.com.br\/blog\/wp-content\/uploads\/2026\/04\/sistema-gestao-seguranca-do-trabalho.webp","contentUrl":"https:\/\/www.sistemametra.com.br\/blog\/wp-content\/uploads\/2026\/04\/sistema-gestao-seguranca-do-trabalho.webp","width":800,"height":800,"caption":"sobre gest\u00e3o de seguran\u00e7a do trabalho | Blog Metra"},{"@type":"BreadcrumbList","@id":"https:\/\/www.sistemametra.com.br\/blog\/sistema-gestao-seguranca-do-trabalho\/#breadcrumb","itemListElement":[{"@type":"ListItem","position":1,"name":"In\u00edcio","item":"https:\/\/www.sistemametra.com.br\/blog\/"},{"@type":"ListItem","position":2,"name":"Como Aprimorar o Sistema de gest\u00e3o de seguran\u00e7a do trabalho"}]},{"@type":"WebSite","@id":"https:\/\/www.sistemametra.com.br\/blog\/#website","url":"https:\/\/www.sistemametra.com.br\/blog\/","name":"Blog Metra","description":"Conte\u00fado pr\u00e1tico sobre Sa\u00fade e Seguran\u00e7a do Trabalho: normas, documentos e obriga\u00e7\u00f5es explicados de forma direta para profissionais e empresas.","publisher":{"@id":"https:\/\/www.sistemametra.com.br\/blog\/#organization"},"alternateName":"Sistema Metra","potentialAction":[{"@type":"SearchAction","target":{"@type":"EntryPoint","urlTemplate":"https:\/\/www.sistemametra.com.br\/blog\/?s={search_term_string}"},"query-input":{"@type":"PropertyValueSpecification","valueRequired":true,"valueName":"search_term_string"}}],"inLanguage":"pt-BR"},{"@type":"Organization","@id":"https:\/\/www.sistemametra.com.br\/blog\/#organization","name":"Sistema Metra","url":"https:\/\/www.sistemametra.com.br\/blog\/","logo":{"@type":"ImageObject","inLanguage":"pt-BR","@id":"https:\/\/www.sistemametra.com.br\/blog\/#\/schema\/logo\/image\/","url":"https:\/\/www.sistemametra.com.br\/blog\/wp-content\/uploads\/2026\/04\/blog-metra.webp","contentUrl":"https:\/\/www.sistemametra.com.br\/blog\/wp-content\/uploads\/2026\/04\/blog-metra.webp","width":800,"height":800,"caption":"Sistema Metra"},"image":{"@id":"https:\/\/www.sistemametra.com.br\/blog\/#\/schema\/logo\/image\/"},"sameAs":["https:\/\/www.facebook.com\/metraweb","https:\/\/www.linkedin.com\/company\/metra-web\/?viewAsMember=true","https:\/\/www.youtube.com\/@SistemaMetra"]},{"@type":"Person","@id":"https:\/\/www.sistemametra.com.br\/blog\/#\/schema\/person\/7c04d9110a7e64758ca9951890e56d82","name":"Anderson Fernandes","image":{"@type":"ImageObject","inLanguage":"pt-BR","@id":"https:\/\/secure.gravatar.com\/avatar\/fbe9c5fc3e57710af6aceaea09e3d466e4721a3069e8568b6c9655c7231c5b5e?s=96&d=mm&r=g","url":"https:\/\/secure.gravatar.com\/avatar\/fbe9c5fc3e57710af6aceaea09e3d466e4721a3069e8568b6c9655c7231c5b5e?s=96&d=mm&r=g","contentUrl":"https:\/\/secure.gravatar.com\/avatar\/fbe9c5fc3e57710af6aceaea09e3d466e4721a3069e8568b6c9655c7231c5b5e?s=96&d=mm&r=g","caption":"Anderson Fernandes"},"description":"Com forma\u00e7\u00e3o superior \u00e9 t\u00e9cnico em Seguran\u00e7a do Trabalho do Sistema Metra. H\u00e1 30 anos trabalhando ininterruptamente na \u00e1rea desde 2002. Formado ainda no Curso de Tecn\u00f3logo em Seguran\u00e7a do Trabalho e cursando Engenharia visando a p\u00f3s gradua\u00e7\u00e3o em Seguran\u00e7a do Trabalho. Atua ainda como int\u00e9rprete de LIBRAS e atualmente \u00e9 consultor de diversas empresas em ramos de atividade como: Minera\u00e7\u00e3o, Automobil\u00edstica, Manuten\u00e7\u00e3o El\u00e9trica de Grande Porte, Cer\u00e2mica, Refrat\u00e1rios, Sa\u00fade entre outros. \u00c9 propriet\u00e1rio da empresa Mais Sa\u00fade e Seguran\u00e7a do Trabalho e atende seus clientes de forma personalizada moldando a\u00e7\u00f5es conforme as caracter\u00edsticas de cliente.","sameAs":["https:\/\/www.sistemametra.com.br","https:\/\/www.instagram.com\/andfergom17121999"],"url":"https:\/\/www.sistemametra.com.br\/blog\/author\/anderson-fernandes\/"}]}},"_links":{"self":[{"href":"https:\/\/www.sistemametra.com.br\/blog\/wp-json\/wp\/v2\/posts\/566","targetHints":{"allow":["GET"]}}],"collection":[{"href":"https:\/\/www.sistemametra.com.br\/blog\/wp-json\/wp\/v2\/posts"}],"about":[{"href":"https:\/\/www.sistemametra.com.br\/blog\/wp-json\/wp\/v2\/types\/post"}],"author":[{"embeddable":true,"href":"https:\/\/www.sistemametra.com.br\/blog\/wp-json\/wp\/v2\/users\/3"}],"replies":[{"embeddable":true,"href":"https:\/\/www.sistemametra.com.br\/blog\/wp-json\/wp\/v2\/comments?post=566"}],"version-history":[{"count":1,"href":"https:\/\/www.sistemametra.com.br\/blog\/wp-json\/wp\/v2\/posts\/566\/revisions"}],"predecessor-version":[{"id":801,"href":"https:\/\/www.sistemametra.com.br\/blog\/wp-json\/wp\/v2\/posts\/566\/revisions\/801"}],"wp:featuredmedia":[{"embeddable":true,"href":"https:\/\/www.sistemametra.com.br\/blog\/wp-json\/wp\/v2\/media\/567"}],"wp:attachment":[{"href":"https:\/\/www.sistemametra.com.br\/blog\/wp-json\/wp\/v2\/media?parent=566"}],"wp:term":[{"taxonomy":"category","embeddable":true,"href":"https:\/\/www.sistemametra.com.br\/blog\/wp-json\/wp\/v2\/categories?post=566"},{"taxonomy":"post_tag","embeddable":true,"href":"https:\/\/www.sistemametra.com.br\/blog\/wp-json\/wp\/v2\/tags?post=566"}],"curies":[{"name":"wp","href":"https:\/\/api.w.org\/{rel}","templated":true}]}}