{"id":568,"date":"2026-03-08T00:00:00","date_gmt":"2026-03-08T03:00:00","guid":{"rendered":"https:\/\/www.sistemametra.com.br\/blog\/sistema-gestao-seguranca-saude-no-trabalho\/"},"modified":"2026-04-28T16:51:13","modified_gmt":"2026-04-28T19:51:13","slug":"sistema-gestao-seguranca-saude-no-trabalho","status":"publish","type":"post","link":"https:\/\/www.sistemametra.com.br\/blog\/sistema-gestao-seguranca-saude-no-trabalho\/","title":{"rendered":"Como Aprimorar o Sistema de gest\u00e3o de seguran\u00e7a e sa\u00fade no trabalho"},"content":{"rendered":"<article>\n<p>Se voc\u00ea est\u00e1 buscando uma empresa confi\u00e1vel e experiente no segmento de Como Aprimorar o Sistema de Solu\u00e7\u00f5es para Gest\u00e3o de SST e eSocial, a Sistema METRA \u00e9 a escolha certa para voc\u00ea. Com anos de atua\u00e7\u00e3o no mercado e uma equipe altamente qualificada, oferecemos o melhor <strong>sistema de gest\u00e3o de seguran\u00e7a e sa\u00fade no trabalho<\/strong> para sua empresa. Entre em contato conosco e fa\u00e7a uma cota\u00e7\u00e3o agora mesmo!<\/p>\n<h2>SISTEMA DE GEST\u00c3O DE SEGURAN\u00c7A E SA\u00daDE NO TRABALHO: O QUE \u00c9 E COMO FUNCIONA?<\/h2>\n<p>O <strong>sistema de gest\u00e3o de seguran\u00e7a e sa\u00fade no trabalho<\/strong> \u00e9 uma ferramenta que tem como objetivo organizar e gerenciar as atividades relacionadas \u00e0 seguran\u00e7a e sa\u00fade dos trabalhadores em uma empresa. Ele engloba diversas \u00e1reas, como preven\u00e7\u00e3o de acidentes, promo\u00e7\u00e3o da sa\u00fade, controle de riscos, entre outros.<\/p>\n<p>Com o avan\u00e7o da tecnologia, muitas empresas t\u00eam optado por utilizar sistemas de gest\u00e3o para otimizar seus processos e garantir a seguran\u00e7a e bem-estar de seus colaboradores. O <strong>sistema de gest\u00e3o de seguran\u00e7a e sa\u00fade no trabalho<\/strong>, al\u00e9m de automatizar tarefas, tamb\u00e9m oferece relat\u00f3rios e m\u00e9tricas que auxiliam na tomada de decis\u00f5es e no cumprimento de normas e regulamentos.<\/p>\n<h2>VANTAGENS DE UTILIZAR UM SISTEMA DE GEST\u00c3O DE SEGURAN\u00c7A E SA\u00daDE NO TRABALHO<\/h2>\n<p>O uso de um <strong>sistema de gest\u00e3o de seguran\u00e7a e sa\u00fade no trabalho<\/strong> traz diversos benef\u00edcios para as empresas, como:<\/p>\n<p>Melhor organiza\u00e7\u00e3o e controle dos processos;<\/p>\n<p>Redu\u00e7\u00e3o de riscos de acidentes e doen\u00e7as ocupacionais;<\/p>\n<p>Otimiza\u00e7\u00e3o do tempo e aumento da produtividade;<\/p>\n<p>Cumprimento de normas e regulamentos;<\/p>\n<p>Facilidade na elabora\u00e7\u00e3o de relat\u00f3rios e m\u00e9tricas;<\/p>\n<p>Redu\u00e7\u00e3o de custos com afastamentos e processos trabalhistas.<\/p>\n<h2>FUNCIONALIDADE E APLICABILIDADE DO SISTEMA DE GEST\u00c3O DE SEGURAN\u00c7A E SA\u00daDE NO TRABALHO<\/h2>\n<p>O <strong>sistema de gest\u00e3o de seguran\u00e7a e sa\u00fade no trabalho<\/strong> \u00e9 uma ferramenta de f\u00e1cil usabilidade, que pode ser utilizada em diversos segmentos e tamanhos de empresas. Ele engloba diversas funcionalidades, como:<\/p>\n<p>Gerenciamento de documentos e registros;<\/p>\n<p>Controle de riscos e perigos;<\/p>\n<p>An\u00e1lise e monitoramento de acidentes e incidentes;<\/p>\n<p>Programas de preven\u00e7\u00e3o e promo\u00e7\u00e3o da sa\u00fade;<\/p>\n<p>Acompanhamento de exames e laudos;<\/p>\n<p>Treinamentos e capacita\u00e7\u00f5es.<\/p>\n<p>Al\u00e9m disso, o <strong>sistema de gest\u00e3o de seguran\u00e7a e sa\u00fade no trabalho<\/strong> pode ser integrado ao eSocial, plataforma do governo que unifica o envio de informa\u00e7\u00f5es trabalhistas, fiscais e previdenci\u00e1rias, facilitando ainda mais a gest\u00e3o da sua empresa.<\/p>\n<h2>RECOMENDA\u00c7\u00d5ES PARA ESCOLHER UM SISTEMA DE GEST\u00c3O DE SEGURAN\u00c7A E SA\u00daDE NO TRABALHO<\/h2>\n<p>A escolha de um <strong>sistema de gest\u00e3o de seguran\u00e7a e sa\u00fade no trabalho<\/strong> deve ser feita com cuidado e aten\u00e7\u00e3o, levando em considera\u00e7\u00e3o as necessidades e caracter\u00edsticas da sua empresa. Algumas recomenda\u00e7\u00f5es importantes s\u00e3o:<\/p>\n<p>Opte por uma empresa experiente e confi\u00e1vel, que tenha expertise no segmento;<\/p>\n<p>Verifique se o sistema \u00e9 adequado para o tamanho e segmento da sua empresa;<\/p>\n<p>Analise as funcionalidades e recursos oferecidos pelo sistema;<\/p>\n<p>Certifique-se de que a empresa oferece suporte t\u00e9cnico e treinamentos para utiliza\u00e7\u00e3o do sistema;<\/p>\n<p>Pesquise a opini\u00e3o de outras empresas que utilizam o sistema;<\/p>\n<p>Verifique se o sistema est\u00e1 de acordo com as normas e regulamentos vigentes.<\/p>\n<p>Com essas informa\u00e7\u00f5es, fica claro o qu\u00e3o importante \u00e9 contar com um <strong>sistema de gest\u00e3o de seguran\u00e7a e sa\u00fade no trabalho<\/strong> para garantir o bem-estar dos colaboradores e o cumprimento das normas e regulamentos. Entre em contato conosco e fa\u00e7a uma cota\u00e7\u00e3o para implementar o melhor <strong>sistema de gest\u00e3o de seguran\u00e7a e sa\u00fade no trabalho<\/strong> em sua empresa.<\/p>\n<h2>Para saber mais sobre Como Aprimorar o Sistema de gest\u00e3o de seguran\u00e7a e sa\u00fade no trabalho<\/h2>\n<p>Ligue para <strong>0800-707-5900 <\/strong>ou clique aqui e entre em contato por email.<\/p>\n<p>O conte\u00fado do texto desta p\u00e1gina \u00e9 de direito reservado. Sua reprodu\u00e7\u00e3o, parcial ou total, mesmo citando nossos links, \u00e9 proibida sem a autoriza\u00e7\u00e3o do autor. Crime de viola\u00e7\u00e3o de direito autoral \u2013 artigo 184 do C\u00f3digo Penal \u2013 Lei 9610\/98 &#8211; Lei de direitos autorais. <\/article>\n","protected":false},"excerpt":{"rendered":"<p>Se voc\u00ea est\u00e1 buscando uma empresa confi\u00e1vel e experiente no segmento de Como Aprimorar o Sistema de Solu\u00e7\u00f5es para Gest\u00e3o de SST e eSocial, a Sistema METRA \u00e9 a escolha certa para voc\u00ea. Com anos de atua\u00e7\u00e3o no mercado e uma equipe altamente qualificada, oferecemos o melhor sistema de gest\u00e3o de seguran\u00e7a e sa\u00fade no [&hellip;]<\/p>\n","protected":false},"author":3,"featured_media":569,"comment_status":"open","ping_status":"open","sticky":false,"template":"","format":"standard","meta":{"footnotes":""},"categories":[25],"tags":[],"class_list":["post-568","post","type-post","status-publish","format-standard","has-post-thumbnail","hentry","category-seguranca-do-trabalho"],"yoast_head":"<!-- This site is optimized with the Yoast SEO plugin v27.5 - https:\/\/yoast.com\/product\/yoast-seo-wordpress\/ -->\n<title>Sistema de gest\u00e3o de seguran\u00e7a e sa\u00fade no trabalho | Sistema Metra<\/title>\n<meta name=\"robots\" content=\"index, follow, max-snippet:-1, max-image-preview:large, max-video-preview:-1\" \/>\n<link rel=\"canonical\" href=\"https:\/\/www.sistemametra.com.br\/blog\/sistema-gestao-seguranca-saude-no-trabalho\/\" \/>\n<meta property=\"og:locale\" content=\"pt_BR\" \/>\n<meta property=\"og:type\" content=\"article\" \/>\n<meta property=\"og:title\" content=\"Sistema de gest\u00e3o de seguran\u00e7a e sa\u00fade no trabalho | Sistema Metra\" \/>\n<meta property=\"og:description\" content=\"Se voc\u00ea est\u00e1 buscando uma empresa confi\u00e1vel e experiente no segmento de Como Aprimorar o Sistema de Solu\u00e7\u00f5es para Gest\u00e3o de SST e eSocial, a Sistema METRA \u00e9 a escolha certa para voc\u00ea. Com anos de atua\u00e7\u00e3o no mercado e uma equipe altamente qualificada, oferecemos o melhor sistema de gest\u00e3o de seguran\u00e7a e sa\u00fade no [&hellip;]\" \/>\n<meta property=\"og:url\" content=\"https:\/\/www.sistemametra.com.br\/blog\/sistema-gestao-seguranca-saude-no-trabalho\/\" \/>\n<meta property=\"og:site_name\" content=\"Blog Metra\" \/>\n<meta property=\"article:publisher\" content=\"https:\/\/www.facebook.com\/metraweb\" \/>\n<meta property=\"article:published_time\" content=\"2026-03-08T03:00:00+00:00\" \/>\n<meta property=\"article:modified_time\" content=\"2026-04-28T19:51:13+00:00\" \/>\n<meta property=\"og:image\" content=\"https:\/\/www.sistemametra.com.br\/blog\/wp-content\/uploads\/2026\/04\/sistema-gestao-seguranca-saude-no-trabalho.webp\" \/>\n\t<meta property=\"og:image:width\" content=\"800\" \/>\n\t<meta property=\"og:image:height\" content=\"800\" \/>\n\t<meta property=\"og:image:type\" content=\"image\/jpeg\" \/>\n<meta name=\"author\" content=\"Anderson Fernandes\" \/>\n<meta name=\"twitter:card\" content=\"summary_large_image\" \/>\n<meta name=\"twitter:label1\" content=\"Escrito por\" \/>\n\t<meta name=\"twitter:data1\" content=\"Anderson Fernandes\" \/>\n\t<meta name=\"twitter:label2\" content=\"Est. tempo de leitura\" \/>\n\t<meta name=\"twitter:data2\" content=\"4 minutos\" \/>\n<script type=\"application\/ld+json\" class=\"yoast-schema-graph\">{\"@context\":\"https:\\\/\\\/schema.org\",\"@graph\":[{\"@type\":\"Article\",\"@id\":\"https:\\\/\\\/www.sistemametra.com.br\\\/blog\\\/sistema-gestao-seguranca-saude-no-trabalho\\\/#article\",\"isPartOf\":{\"@id\":\"https:\\\/\\\/www.sistemametra.com.br\\\/blog\\\/sistema-gestao-seguranca-saude-no-trabalho\\\/\"},\"author\":{\"name\":\"Anderson Fernandes\",\"@id\":\"https:\\\/\\\/www.sistemametra.com.br\\\/blog\\\/#\\\/schema\\\/person\\\/7c04d9110a7e64758ca9951890e56d82\"},\"headline\":\"Como Aprimorar o Sistema de gest\u00e3o de seguran\u00e7a e sa\u00fade no trabalho\",\"datePublished\":\"2026-03-08T03:00:00+00:00\",\"dateModified\":\"2026-04-28T19:51:13+00:00\",\"mainEntityOfPage\":{\"@id\":\"https:\\\/\\\/www.sistemametra.com.br\\\/blog\\\/sistema-gestao-seguranca-saude-no-trabalho\\\/\"},\"wordCount\":734,\"commentCount\":0,\"publisher\":{\"@id\":\"https:\\\/\\\/www.sistemametra.com.br\\\/blog\\\/#organization\"},\"image\":{\"@id\":\"https:\\\/\\\/www.sistemametra.com.br\\\/blog\\\/sistema-gestao-seguranca-saude-no-trabalho\\\/#primaryimage\"},\"thumbnailUrl\":\"https:\\\/\\\/www.sistemametra.com.br\\\/blog\\\/wp-content\\\/uploads\\\/2026\\\/04\\\/sistema-gestao-seguranca-saude-no-trabalho.webp\",\"articleSection\":[\"Seguran\u00e7a do Trabalho\"],\"inLanguage\":\"pt-BR\",\"potentialAction\":[{\"@type\":\"CommentAction\",\"name\":\"Comment\",\"target\":[\"https:\\\/\\\/www.sistemametra.com.br\\\/blog\\\/sistema-gestao-seguranca-saude-no-trabalho\\\/#respond\"]}]},{\"@type\":\"WebPage\",\"@id\":\"https:\\\/\\\/www.sistemametra.com.br\\\/blog\\\/sistema-gestao-seguranca-saude-no-trabalho\\\/\",\"url\":\"https:\\\/\\\/www.sistemametra.com.br\\\/blog\\\/sistema-gestao-seguranca-saude-no-trabalho\\\/\",\"name\":\"Sistema de gest\u00e3o de seguran\u00e7a e sa\u00fade no trabalho | Sistema Metra\",\"isPartOf\":{\"@id\":\"https:\\\/\\\/www.sistemametra.com.br\\\/blog\\\/#website\"},\"primaryImageOfPage\":{\"@id\":\"https:\\\/\\\/www.sistemametra.com.br\\\/blog\\\/sistema-gestao-seguranca-saude-no-trabalho\\\/#primaryimage\"},\"image\":{\"@id\":\"https:\\\/\\\/www.sistemametra.com.br\\\/blog\\\/sistema-gestao-seguranca-saude-no-trabalho\\\/#primaryimage\"},\"thumbnailUrl\":\"https:\\\/\\\/www.sistemametra.com.br\\\/blog\\\/wp-content\\\/uploads\\\/2026\\\/04\\\/sistema-gestao-seguranca-saude-no-trabalho.webp\",\"datePublished\":\"2026-03-08T03:00:00+00:00\",\"dateModified\":\"2026-04-28T19:51:13+00:00\",\"breadcrumb\":{\"@id\":\"https:\\\/\\\/www.sistemametra.com.br\\\/blog\\\/sistema-gestao-seguranca-saude-no-trabalho\\\/#breadcrumb\"},\"inLanguage\":\"pt-BR\",\"potentialAction\":[{\"@type\":\"ReadAction\",\"target\":[\"https:\\\/\\\/www.sistemametra.com.br\\\/blog\\\/sistema-gestao-seguranca-saude-no-trabalho\\\/\"]}]},{\"@type\":\"ImageObject\",\"inLanguage\":\"pt-BR\",\"@id\":\"https:\\\/\\\/www.sistemametra.com.br\\\/blog\\\/sistema-gestao-seguranca-saude-no-trabalho\\\/#primaryimage\",\"url\":\"https:\\\/\\\/www.sistemametra.com.br\\\/blog\\\/wp-content\\\/uploads\\\/2026\\\/04\\\/sistema-gestao-seguranca-saude-no-trabalho.webp\",\"contentUrl\":\"https:\\\/\\\/www.sistemametra.com.br\\\/blog\\\/wp-content\\\/uploads\\\/2026\\\/04\\\/sistema-gestao-seguranca-saude-no-trabalho.webp\",\"width\":800,\"height\":800,\"caption\":\"sobre gest\u00e3o de seguran\u00e7a e sa\u00fade no trabalho | Blog Metra\"},{\"@type\":\"BreadcrumbList\",\"@id\":\"https:\\\/\\\/www.sistemametra.com.br\\\/blog\\\/sistema-gestao-seguranca-saude-no-trabalho\\\/#breadcrumb\",\"itemListElement\":[{\"@type\":\"ListItem\",\"position\":1,\"name\":\"In\u00edcio\",\"item\":\"https:\\\/\\\/www.sistemametra.com.br\\\/blog\\\/\"},{\"@type\":\"ListItem\",\"position\":2,\"name\":\"Como Aprimorar o Sistema de gest\u00e3o de seguran\u00e7a e sa\u00fade no trabalho\"}]},{\"@type\":\"WebSite\",\"@id\":\"https:\\\/\\\/www.sistemametra.com.br\\\/blog\\\/#website\",\"url\":\"https:\\\/\\\/www.sistemametra.com.br\\\/blog\\\/\",\"name\":\"Blog Metra\",\"description\":\"Conte\u00fado pr\u00e1tico sobre Sa\u00fade e Seguran\u00e7a do Trabalho: normas, documentos e obriga\u00e7\u00f5es explicados de forma direta para profissionais e empresas.\",\"publisher\":{\"@id\":\"https:\\\/\\\/www.sistemametra.com.br\\\/blog\\\/#organization\"},\"alternateName\":\"Sistema Metra\",\"potentialAction\":[{\"@type\":\"SearchAction\",\"target\":{\"@type\":\"EntryPoint\",\"urlTemplate\":\"https:\\\/\\\/www.sistemametra.com.br\\\/blog\\\/?s={search_term_string}\"},\"query-input\":{\"@type\":\"PropertyValueSpecification\",\"valueRequired\":true,\"valueName\":\"search_term_string\"}}],\"inLanguage\":\"pt-BR\"},{\"@type\":\"Organization\",\"@id\":\"https:\\\/\\\/www.sistemametra.com.br\\\/blog\\\/#organization\",\"name\":\"Sistema Metra\",\"url\":\"https:\\\/\\\/www.sistemametra.com.br\\\/blog\\\/\",\"logo\":{\"@type\":\"ImageObject\",\"inLanguage\":\"pt-BR\",\"@id\":\"https:\\\/\\\/www.sistemametra.com.br\\\/blog\\\/#\\\/schema\\\/logo\\\/image\\\/\",\"url\":\"https:\\\/\\\/www.sistemametra.com.br\\\/blog\\\/wp-content\\\/uploads\\\/2026\\\/04\\\/blog-metra.webp\",\"contentUrl\":\"https:\\\/\\\/www.sistemametra.com.br\\\/blog\\\/wp-content\\\/uploads\\\/2026\\\/04\\\/blog-metra.webp\",\"width\":800,\"height\":800,\"caption\":\"Sistema Metra\"},\"image\":{\"@id\":\"https:\\\/\\\/www.sistemametra.com.br\\\/blog\\\/#\\\/schema\\\/logo\\\/image\\\/\"},\"sameAs\":[\"https:\\\/\\\/www.facebook.com\\\/metraweb\",\"https:\\\/\\\/www.linkedin.com\\\/company\\\/metra-web\\\/?viewAsMember=true\",\"https:\\\/\\\/www.youtube.com\\\/@SistemaMetra\"]},{\"@type\":\"Person\",\"@id\":\"https:\\\/\\\/www.sistemametra.com.br\\\/blog\\\/#\\\/schema\\\/person\\\/7c04d9110a7e64758ca9951890e56d82\",\"name\":\"Anderson Fernandes\",\"image\":{\"@type\":\"ImageObject\",\"inLanguage\":\"pt-BR\",\"@id\":\"https:\\\/\\\/secure.gravatar.com\\\/avatar\\\/fbe9c5fc3e57710af6aceaea09e3d466e4721a3069e8568b6c9655c7231c5b5e?s=96&d=mm&r=g\",\"url\":\"https:\\\/\\\/secure.gravatar.com\\\/avatar\\\/fbe9c5fc3e57710af6aceaea09e3d466e4721a3069e8568b6c9655c7231c5b5e?s=96&d=mm&r=g\",\"contentUrl\":\"https:\\\/\\\/secure.gravatar.com\\\/avatar\\\/fbe9c5fc3e57710af6aceaea09e3d466e4721a3069e8568b6c9655c7231c5b5e?s=96&d=mm&r=g\",\"caption\":\"Anderson Fernandes\"},\"description\":\"Com forma\u00e7\u00e3o superior \u00e9 t\u00e9cnico em Seguran\u00e7a do Trabalho do Sistema Metra. H\u00e1 30 anos trabalhando ininterruptamente na \u00e1rea desde 2002. Formado ainda no Curso de Tecn\u00f3logo em Seguran\u00e7a do Trabalho e cursando Engenharia visando a p\u00f3s gradua\u00e7\u00e3o em Seguran\u00e7a do Trabalho. Atua ainda como int\u00e9rprete de LIBRAS e atualmente \u00e9 consultor de diversas empresas em ramos de atividade como: Minera\u00e7\u00e3o, Automobil\u00edstica, Manuten\u00e7\u00e3o El\u00e9trica de Grande Porte, Cer\u00e2mica, Refrat\u00e1rios, Sa\u00fade entre outros. \u00c9 propriet\u00e1rio da empresa Mais Sa\u00fade e Seguran\u00e7a do Trabalho e atende seus clientes de forma personalizada moldando a\u00e7\u00f5es conforme as caracter\u00edsticas de cliente.\",\"sameAs\":[\"https:\\\/\\\/www.sistemametra.com.br\",\"https:\\\/\\\/www.instagram.com\\\/andfergom17121999\"],\"url\":\"https:\\\/\\\/www.sistemametra.com.br\\\/blog\\\/author\\\/anderson-fernandes\\\/\"}]}<\/script>\n<!-- \/ Yoast SEO plugin. -->","yoast_head_json":{"title":"Sistema de gest\u00e3o de seguran\u00e7a e sa\u00fade no trabalho | Sistema Metra","robots":{"index":"index","follow":"follow","max-snippet":"max-snippet:-1","max-image-preview":"max-image-preview:large","max-video-preview":"max-video-preview:-1"},"canonical":"https:\/\/www.sistemametra.com.br\/blog\/sistema-gestao-seguranca-saude-no-trabalho\/","og_locale":"pt_BR","og_type":"article","og_title":"Sistema de gest\u00e3o de seguran\u00e7a e sa\u00fade no trabalho | Sistema Metra","og_description":"Se voc\u00ea est\u00e1 buscando uma empresa confi\u00e1vel e experiente no segmento de Como Aprimorar o Sistema de Solu\u00e7\u00f5es para Gest\u00e3o de SST e eSocial, a Sistema METRA \u00e9 a escolha certa para voc\u00ea. Com anos de atua\u00e7\u00e3o no mercado e uma equipe altamente qualificada, oferecemos o melhor sistema de gest\u00e3o de seguran\u00e7a e sa\u00fade no [&hellip;]","og_url":"https:\/\/www.sistemametra.com.br\/blog\/sistema-gestao-seguranca-saude-no-trabalho\/","og_site_name":"Blog Metra","article_publisher":"https:\/\/www.facebook.com\/metraweb","article_published_time":"2026-03-08T03:00:00+00:00","article_modified_time":"2026-04-28T19:51:13+00:00","og_image":[{"width":800,"height":800,"url":"https:\/\/www.sistemametra.com.br\/blog\/wp-content\/uploads\/2026\/04\/sistema-gestao-seguranca-saude-no-trabalho.webp","type":"image\/jpeg"}],"author":"Anderson Fernandes","twitter_card":"summary_large_image","twitter_misc":{"Escrito por":"Anderson Fernandes","Est. tempo de leitura":"4 minutos"},"schema":{"@context":"https:\/\/schema.org","@graph":[{"@type":"Article","@id":"https:\/\/www.sistemametra.com.br\/blog\/sistema-gestao-seguranca-saude-no-trabalho\/#article","isPartOf":{"@id":"https:\/\/www.sistemametra.com.br\/blog\/sistema-gestao-seguranca-saude-no-trabalho\/"},"author":{"name":"Anderson Fernandes","@id":"https:\/\/www.sistemametra.com.br\/blog\/#\/schema\/person\/7c04d9110a7e64758ca9951890e56d82"},"headline":"Como Aprimorar o Sistema de gest\u00e3o de seguran\u00e7a e sa\u00fade no trabalho","datePublished":"2026-03-08T03:00:00+00:00","dateModified":"2026-04-28T19:51:13+00:00","mainEntityOfPage":{"@id":"https:\/\/www.sistemametra.com.br\/blog\/sistema-gestao-seguranca-saude-no-trabalho\/"},"wordCount":734,"commentCount":0,"publisher":{"@id":"https:\/\/www.sistemametra.com.br\/blog\/#organization"},"image":{"@id":"https:\/\/www.sistemametra.com.br\/blog\/sistema-gestao-seguranca-saude-no-trabalho\/#primaryimage"},"thumbnailUrl":"https:\/\/www.sistemametra.com.br\/blog\/wp-content\/uploads\/2026\/04\/sistema-gestao-seguranca-saude-no-trabalho.webp","articleSection":["Seguran\u00e7a do Trabalho"],"inLanguage":"pt-BR","potentialAction":[{"@type":"CommentAction","name":"Comment","target":["https:\/\/www.sistemametra.com.br\/blog\/sistema-gestao-seguranca-saude-no-trabalho\/#respond"]}]},{"@type":"WebPage","@id":"https:\/\/www.sistemametra.com.br\/blog\/sistema-gestao-seguranca-saude-no-trabalho\/","url":"https:\/\/www.sistemametra.com.br\/blog\/sistema-gestao-seguranca-saude-no-trabalho\/","name":"Sistema de gest\u00e3o de seguran\u00e7a e sa\u00fade no trabalho | Sistema Metra","isPartOf":{"@id":"https:\/\/www.sistemametra.com.br\/blog\/#website"},"primaryImageOfPage":{"@id":"https:\/\/www.sistemametra.com.br\/blog\/sistema-gestao-seguranca-saude-no-trabalho\/#primaryimage"},"image":{"@id":"https:\/\/www.sistemametra.com.br\/blog\/sistema-gestao-seguranca-saude-no-trabalho\/#primaryimage"},"thumbnailUrl":"https:\/\/www.sistemametra.com.br\/blog\/wp-content\/uploads\/2026\/04\/sistema-gestao-seguranca-saude-no-trabalho.webp","datePublished":"2026-03-08T03:00:00+00:00","dateModified":"2026-04-28T19:51:13+00:00","breadcrumb":{"@id":"https:\/\/www.sistemametra.com.br\/blog\/sistema-gestao-seguranca-saude-no-trabalho\/#breadcrumb"},"inLanguage":"pt-BR","potentialAction":[{"@type":"ReadAction","target":["https:\/\/www.sistemametra.com.br\/blog\/sistema-gestao-seguranca-saude-no-trabalho\/"]}]},{"@type":"ImageObject","inLanguage":"pt-BR","@id":"https:\/\/www.sistemametra.com.br\/blog\/sistema-gestao-seguranca-saude-no-trabalho\/#primaryimage","url":"https:\/\/www.sistemametra.com.br\/blog\/wp-content\/uploads\/2026\/04\/sistema-gestao-seguranca-saude-no-trabalho.webp","contentUrl":"https:\/\/www.sistemametra.com.br\/blog\/wp-content\/uploads\/2026\/04\/sistema-gestao-seguranca-saude-no-trabalho.webp","width":800,"height":800,"caption":"sobre gest\u00e3o de seguran\u00e7a e sa\u00fade no trabalho | Blog Metra"},{"@type":"BreadcrumbList","@id":"https:\/\/www.sistemametra.com.br\/blog\/sistema-gestao-seguranca-saude-no-trabalho\/#breadcrumb","itemListElement":[{"@type":"ListItem","position":1,"name":"In\u00edcio","item":"https:\/\/www.sistemametra.com.br\/blog\/"},{"@type":"ListItem","position":2,"name":"Como Aprimorar o Sistema de gest\u00e3o de seguran\u00e7a e sa\u00fade no trabalho"}]},{"@type":"WebSite","@id":"https:\/\/www.sistemametra.com.br\/blog\/#website","url":"https:\/\/www.sistemametra.com.br\/blog\/","name":"Blog Metra","description":"Conte\u00fado pr\u00e1tico sobre Sa\u00fade e Seguran\u00e7a do Trabalho: normas, documentos e obriga\u00e7\u00f5es explicados de forma direta para profissionais e empresas.","publisher":{"@id":"https:\/\/www.sistemametra.com.br\/blog\/#organization"},"alternateName":"Sistema Metra","potentialAction":[{"@type":"SearchAction","target":{"@type":"EntryPoint","urlTemplate":"https:\/\/www.sistemametra.com.br\/blog\/?s={search_term_string}"},"query-input":{"@type":"PropertyValueSpecification","valueRequired":true,"valueName":"search_term_string"}}],"inLanguage":"pt-BR"},{"@type":"Organization","@id":"https:\/\/www.sistemametra.com.br\/blog\/#organization","name":"Sistema Metra","url":"https:\/\/www.sistemametra.com.br\/blog\/","logo":{"@type":"ImageObject","inLanguage":"pt-BR","@id":"https:\/\/www.sistemametra.com.br\/blog\/#\/schema\/logo\/image\/","url":"https:\/\/www.sistemametra.com.br\/blog\/wp-content\/uploads\/2026\/04\/blog-metra.webp","contentUrl":"https:\/\/www.sistemametra.com.br\/blog\/wp-content\/uploads\/2026\/04\/blog-metra.webp","width":800,"height":800,"caption":"Sistema Metra"},"image":{"@id":"https:\/\/www.sistemametra.com.br\/blog\/#\/schema\/logo\/image\/"},"sameAs":["https:\/\/www.facebook.com\/metraweb","https:\/\/www.linkedin.com\/company\/metra-web\/?viewAsMember=true","https:\/\/www.youtube.com\/@SistemaMetra"]},{"@type":"Person","@id":"https:\/\/www.sistemametra.com.br\/blog\/#\/schema\/person\/7c04d9110a7e64758ca9951890e56d82","name":"Anderson Fernandes","image":{"@type":"ImageObject","inLanguage":"pt-BR","@id":"https:\/\/secure.gravatar.com\/avatar\/fbe9c5fc3e57710af6aceaea09e3d466e4721a3069e8568b6c9655c7231c5b5e?s=96&d=mm&r=g","url":"https:\/\/secure.gravatar.com\/avatar\/fbe9c5fc3e57710af6aceaea09e3d466e4721a3069e8568b6c9655c7231c5b5e?s=96&d=mm&r=g","contentUrl":"https:\/\/secure.gravatar.com\/avatar\/fbe9c5fc3e57710af6aceaea09e3d466e4721a3069e8568b6c9655c7231c5b5e?s=96&d=mm&r=g","caption":"Anderson Fernandes"},"description":"Com forma\u00e7\u00e3o superior \u00e9 t\u00e9cnico em Seguran\u00e7a do Trabalho do Sistema Metra. H\u00e1 30 anos trabalhando ininterruptamente na \u00e1rea desde 2002. Formado ainda no Curso de Tecn\u00f3logo em Seguran\u00e7a do Trabalho e cursando Engenharia visando a p\u00f3s gradua\u00e7\u00e3o em Seguran\u00e7a do Trabalho. Atua ainda como int\u00e9rprete de LIBRAS e atualmente \u00e9 consultor de diversas empresas em ramos de atividade como: Minera\u00e7\u00e3o, Automobil\u00edstica, Manuten\u00e7\u00e3o El\u00e9trica de Grande Porte, Cer\u00e2mica, Refrat\u00e1rios, Sa\u00fade entre outros. \u00c9 propriet\u00e1rio da empresa Mais Sa\u00fade e Seguran\u00e7a do Trabalho e atende seus clientes de forma personalizada moldando a\u00e7\u00f5es conforme as caracter\u00edsticas de cliente.","sameAs":["https:\/\/www.sistemametra.com.br","https:\/\/www.instagram.com\/andfergom17121999"],"url":"https:\/\/www.sistemametra.com.br\/blog\/author\/anderson-fernandes\/"}]}},"_links":{"self":[{"href":"https:\/\/www.sistemametra.com.br\/blog\/wp-json\/wp\/v2\/posts\/568","targetHints":{"allow":["GET"]}}],"collection":[{"href":"https:\/\/www.sistemametra.com.br\/blog\/wp-json\/wp\/v2\/posts"}],"about":[{"href":"https:\/\/www.sistemametra.com.br\/blog\/wp-json\/wp\/v2\/types\/post"}],"author":[{"embeddable":true,"href":"https:\/\/www.sistemametra.com.br\/blog\/wp-json\/wp\/v2\/users\/3"}],"replies":[{"embeddable":true,"href":"https:\/\/www.sistemametra.com.br\/blog\/wp-json\/wp\/v2\/comments?post=568"}],"version-history":[{"count":1,"href":"https:\/\/www.sistemametra.com.br\/blog\/wp-json\/wp\/v2\/posts\/568\/revisions"}],"predecessor-version":[{"id":800,"href":"https:\/\/www.sistemametra.com.br\/blog\/wp-json\/wp\/v2\/posts\/568\/revisions\/800"}],"wp:featuredmedia":[{"embeddable":true,"href":"https:\/\/www.sistemametra.com.br\/blog\/wp-json\/wp\/v2\/media\/569"}],"wp:attachment":[{"href":"https:\/\/www.sistemametra.com.br\/blog\/wp-json\/wp\/v2\/media?parent=568"}],"wp:term":[{"taxonomy":"category","embeddable":true,"href":"https:\/\/www.sistemametra.com.br\/blog\/wp-json\/wp\/v2\/categories?post=568"},{"taxonomy":"post_tag","embeddable":true,"href":"https:\/\/www.sistemametra.com.br\/blog\/wp-json\/wp\/v2\/tags?post=568"}],"curies":[{"name":"wp","href":"https:\/\/api.w.org\/{rel}","templated":true}]}}