{"id":570,"date":"2026-03-09T00:00:00","date_gmt":"2026-03-09T03:00:00","guid":{"rendered":"https:\/\/www.sistemametra.com.br\/blog\/sistema-gestao-seguranca-saude-ocupacional\/"},"modified":"2026-04-28T16:51:13","modified_gmt":"2026-04-28T19:51:13","slug":"sistema-gestao-seguranca-saude-ocupacional","status":"publish","type":"post","link":"https:\/\/www.sistemametra.com.br\/blog\/sistema-gestao-seguranca-saude-ocupacional\/","title":{"rendered":"Como Aprimorar o Sistema de gest\u00e3o de seguran\u00e7a e sa\u00fade ocupacional"},"content":{"rendered":"<article>\n<p>Voc\u00ea \u00e9 respons\u00e1vel por garantir a seguran\u00e7a e sa\u00fade dos seus colaboradores e est\u00e1 procurando um sistema eficiente e confi\u00e1vel para gerenciar essas quest\u00f5es? A empresa Sistema METRA oferece as melhores solu\u00e7\u00f5es de gest\u00e3o de SST e eSocial no mercado! Fa\u00e7a agora mesmo uma cota\u00e7\u00e3o e garanta a prote\u00e7\u00e3o e bem-estar dos seus funcion\u00e1rios.<\/p>\n<h2>O QUE \u00c9 UM SISTEMA DE GEST\u00c3O DE SEGURAN\u00c7A E SA\u00daDE OCUPACIONAL?<\/h2>\n<p>O <strong>sistema de gest\u00e3o de seguran\u00e7a e sa\u00fade ocupacional<\/strong>, tamb\u00e9m conhecido como SGSSO, \u00e9 uma ferramenta utilizada para gerenciar e controlar as quest\u00f5es relacionadas \u00e0 seguran\u00e7a e sa\u00fade dos colaboradores de uma empresa. Ele engloba desde a identifica\u00e7\u00e3o e avalia\u00e7\u00e3o de riscos at\u00e9 a implementa\u00e7\u00e3o de medidas preventivas e corretivas.<\/p>\n<h2>COMO FUNCIONA O SISTEMA DE GEST\u00c3O DE SEGURAN\u00c7A E SA\u00daDE OCUPACIONAL?<\/h2>\n<p>O SGSSO \u00e9 baseado nas normas regulamentadoras (NRs) do Minist\u00e9rio do Trabalho e Emprego, que estabelecem as diretrizes e exig\u00eancias para garantir a seguran\u00e7a e sa\u00fade no ambiente de trabalho. Ele possui uma estrutura de gest\u00e3o com etapas que envolvem planejamento, execu\u00e7\u00e3o, verifica\u00e7\u00e3o e a\u00e7\u00f5es corretivas e preventivas.<\/p>\n<h2>QUAIS AS VANTAGENS DE UTILIZAR UM SISTEMA DE GEST\u00c3O DE SEGURAN\u00c7A E SA\u00daDE OCUPACIONAL?<\/h2>\n<p>A ado\u00e7\u00e3o de um SGSSO traz diversas vantagens para as empresas, entre elas:<\/p>\n<p>Maior controle e organiza\u00e7\u00e3o das quest\u00f5es relacionadas \u00e0 seguran\u00e7a e sa\u00fade ocupacional;<\/p>\n<p>Redu\u00e7\u00e3o de acidentes de trabalho e absente\u00edsmo;<\/p>\n<p>Melhora na imagem da empresa e do clima organizacional;<\/p>\n<p>Atendimento \u00e0s exig\u00eancias legais e regulamentares;<\/p>\n<p>Redu\u00e7\u00e3o de custos com poss\u00edveis multas e processos judiciais.<\/p>\n<h2>QUAL A APLICABILIDADE DO SISTEMA DE GEST\u00c3O DE SEGURAN\u00c7A E SA\u00daDE OCUPACIONAL?<\/h2>\n<p>O SGSSO \u00e9 aplic\u00e1vel a qualquer tipo de empresa, independentemente do porte ou segmento. Ele \u00e9 especialmente importante para as empresas que trabalham com atividades de alto risco, como a constru\u00e7\u00e3o civil, ind\u00fastria qu\u00edmica e minera\u00e7\u00e3o, por exemplo.<\/p>\n<h2>RECOMENDA\u00c7\u00d5ES PARA ESCOLHER UM SISTEMA DE GEST\u00c3O DE SEGURAN\u00c7A E SA\u00daDE OCUPACIONAL<\/h2>\n<p>Ao escolher um SGSSO, \u00e9 importante considerar alguns aspectos, como:<\/p>\n<p>Atendimento \u00e0s normas regulamentadoras do Minist\u00e9rio do Trabalho e Emprego;<\/p>\n<p>Facilidade de uso e navega\u00e7\u00e3o;<\/p>\n<p>Integra\u00e7\u00e3o com outros sistemas de gest\u00e3o da empresa;<\/p>\n<p>Atualiza\u00e7\u00f5es e suporte t\u00e9cnico oferecidos pela empresa fornecedora;<\/p>\n<p>Pre\u00e7o competitivo e custo-benef\u00edcio adequado.<\/p>\n<p>Agora que voc\u00ea j\u00e1 sabe mais sobre o <strong>sistema de gest\u00e3o de seguran\u00e7a e sa\u00fade ocupacional<\/strong>, n\u00e3o deixe de investir nessa ferramenta t\u00e3o importante para garantir a prote\u00e7\u00e3o e bem-estar dos seus colaboradores. Fa\u00e7a uma cota\u00e7\u00e3o na empresa Sistema METRA e tenha a certeza de contar com um sistema confi\u00e1vel e eficiente para gerenciar a seguran\u00e7a e sa\u00fade na sua empresa.<\/p>\n<h2>Para saber mais sobre Como Aprimorar o Sistema de gest\u00e3o de seguran\u00e7a e sa\u00fade ocupacional<\/h2>\n<p>Ligue para <strong>0800-707-5900<\/strong> ou clique aqui e entre em contato por email.<\/p>\n<p>O conte\u00fado do texto desta p\u00e1gina \u00e9 de direito reservado. Sua reprodu\u00e7\u00e3o, parcial ou total, mesmo citando nossos links, \u00e9 proibida sem a autoriza\u00e7\u00e3o do autor. Crime de viola\u00e7\u00e3o de direito autoral \u2013 artigo 184 do C\u00f3digo Penal \u2013 Lei 9610\/98 &#8211; Lei de direitos autorais. <\/article>\n","protected":false},"excerpt":{"rendered":"<p>Voc\u00ea \u00e9 respons\u00e1vel por garantir a seguran\u00e7a e sa\u00fade dos seus colaboradores e est\u00e1 procurando um sistema eficiente e confi\u00e1vel para gerenciar essas quest\u00f5es? A empresa Sistema METRA oferece as melhores solu\u00e7\u00f5es de gest\u00e3o de SST e eSocial no mercado! Fa\u00e7a agora mesmo uma cota\u00e7\u00e3o e garanta a prote\u00e7\u00e3o e bem-estar dos seus funcion\u00e1rios. O [&hellip;]<\/p>\n","protected":false},"author":3,"featured_media":571,"comment_status":"open","ping_status":"open","sticky":false,"template":"","format":"standard","meta":{"footnotes":""},"categories":[8],"tags":[],"class_list":["post-570","post","type-post","status-publish","format-standard","has-post-thumbnail","hentry","category-saude-ocupacional"],"yoast_head":"<!-- This site is optimized with the Yoast SEO plugin v27.5 - https:\/\/yoast.com\/product\/yoast-seo-wordpress\/ -->\n<title>Sistema de gest\u00e3o de seguran\u00e7a e sa\u00fade ocupacional | Sistema Metra<\/title>\n<meta name=\"robots\" content=\"index, follow, max-snippet:-1, max-image-preview:large, max-video-preview:-1\" \/>\n<link rel=\"canonical\" href=\"https:\/\/www.sistemametra.com.br\/blog\/sistema-gestao-seguranca-saude-ocupacional\/\" \/>\n<meta property=\"og:locale\" content=\"pt_BR\" \/>\n<meta property=\"og:type\" content=\"article\" \/>\n<meta property=\"og:title\" content=\"Sistema de gest\u00e3o de seguran\u00e7a e sa\u00fade ocupacional | Sistema Metra\" \/>\n<meta property=\"og:description\" content=\"Voc\u00ea \u00e9 respons\u00e1vel por garantir a seguran\u00e7a e sa\u00fade dos seus colaboradores e est\u00e1 procurando um sistema eficiente e confi\u00e1vel para gerenciar essas quest\u00f5es? A empresa Sistema METRA oferece as melhores solu\u00e7\u00f5es de gest\u00e3o de SST e eSocial no mercado! Fa\u00e7a agora mesmo uma cota\u00e7\u00e3o e garanta a prote\u00e7\u00e3o e bem-estar dos seus funcion\u00e1rios. O [&hellip;]\" \/>\n<meta property=\"og:url\" content=\"https:\/\/www.sistemametra.com.br\/blog\/sistema-gestao-seguranca-saude-ocupacional\/\" \/>\n<meta property=\"og:site_name\" content=\"Blog Metra\" \/>\n<meta property=\"article:publisher\" content=\"https:\/\/www.facebook.com\/metraweb\" \/>\n<meta property=\"article:published_time\" content=\"2026-03-09T03:00:00+00:00\" \/>\n<meta property=\"article:modified_time\" content=\"2026-04-28T19:51:13+00:00\" \/>\n<meta property=\"og:image\" content=\"https:\/\/www.sistemametra.com.br\/blog\/wp-content\/uploads\/2026\/04\/sistema-gestao-seguranca-saude-ocupacional.webp\" \/>\n\t<meta property=\"og:image:width\" content=\"800\" \/>\n\t<meta property=\"og:image:height\" content=\"800\" \/>\n\t<meta property=\"og:image:type\" content=\"image\/jpeg\" \/>\n<meta name=\"author\" content=\"Anderson Fernandes\" \/>\n<meta name=\"twitter:card\" content=\"summary_large_image\" \/>\n<meta name=\"twitter:label1\" content=\"Escrito por\" \/>\n\t<meta name=\"twitter:data1\" content=\"Anderson Fernandes\" \/>\n\t<meta name=\"twitter:label2\" content=\"Est. tempo de leitura\" \/>\n\t<meta name=\"twitter:data2\" content=\"3 minutos\" \/>\n<script type=\"application\/ld+json\" class=\"yoast-schema-graph\">{\"@context\":\"https:\\\/\\\/schema.org\",\"@graph\":[{\"@type\":\"Article\",\"@id\":\"https:\\\/\\\/www.sistemametra.com.br\\\/blog\\\/sistema-gestao-seguranca-saude-ocupacional\\\/#article\",\"isPartOf\":{\"@id\":\"https:\\\/\\\/www.sistemametra.com.br\\\/blog\\\/sistema-gestao-seguranca-saude-ocupacional\\\/\"},\"author\":{\"name\":\"Anderson Fernandes\",\"@id\":\"https:\\\/\\\/www.sistemametra.com.br\\\/blog\\\/#\\\/schema\\\/person\\\/7c04d9110a7e64758ca9951890e56d82\"},\"headline\":\"Como Aprimorar o Sistema de gest\u00e3o de seguran\u00e7a e sa\u00fade ocupacional\",\"datePublished\":\"2026-03-09T03:00:00+00:00\",\"dateModified\":\"2026-04-28T19:51:13+00:00\",\"mainEntityOfPage\":{\"@id\":\"https:\\\/\\\/www.sistemametra.com.br\\\/blog\\\/sistema-gestao-seguranca-saude-ocupacional\\\/\"},\"wordCount\":575,\"commentCount\":0,\"publisher\":{\"@id\":\"https:\\\/\\\/www.sistemametra.com.br\\\/blog\\\/#organization\"},\"image\":{\"@id\":\"https:\\\/\\\/www.sistemametra.com.br\\\/blog\\\/sistema-gestao-seguranca-saude-ocupacional\\\/#primaryimage\"},\"thumbnailUrl\":\"https:\\\/\\\/www.sistemametra.com.br\\\/blog\\\/wp-content\\\/uploads\\\/2026\\\/04\\\/sistema-gestao-seguranca-saude-ocupacional.webp\",\"articleSection\":[\"Sa\u00fade Ocupacional\"],\"inLanguage\":\"pt-BR\",\"potentialAction\":[{\"@type\":\"CommentAction\",\"name\":\"Comment\",\"target\":[\"https:\\\/\\\/www.sistemametra.com.br\\\/blog\\\/sistema-gestao-seguranca-saude-ocupacional\\\/#respond\"]}]},{\"@type\":\"WebPage\",\"@id\":\"https:\\\/\\\/www.sistemametra.com.br\\\/blog\\\/sistema-gestao-seguranca-saude-ocupacional\\\/\",\"url\":\"https:\\\/\\\/www.sistemametra.com.br\\\/blog\\\/sistema-gestao-seguranca-saude-ocupacional\\\/\",\"name\":\"Sistema de gest\u00e3o de seguran\u00e7a e sa\u00fade ocupacional | Sistema Metra\",\"isPartOf\":{\"@id\":\"https:\\\/\\\/www.sistemametra.com.br\\\/blog\\\/#website\"},\"primaryImageOfPage\":{\"@id\":\"https:\\\/\\\/www.sistemametra.com.br\\\/blog\\\/sistema-gestao-seguranca-saude-ocupacional\\\/#primaryimage\"},\"image\":{\"@id\":\"https:\\\/\\\/www.sistemametra.com.br\\\/blog\\\/sistema-gestao-seguranca-saude-ocupacional\\\/#primaryimage\"},\"thumbnailUrl\":\"https:\\\/\\\/www.sistemametra.com.br\\\/blog\\\/wp-content\\\/uploads\\\/2026\\\/04\\\/sistema-gestao-seguranca-saude-ocupacional.webp\",\"datePublished\":\"2026-03-09T03:00:00+00:00\",\"dateModified\":\"2026-04-28T19:51:13+00:00\",\"breadcrumb\":{\"@id\":\"https:\\\/\\\/www.sistemametra.com.br\\\/blog\\\/sistema-gestao-seguranca-saude-ocupacional\\\/#breadcrumb\"},\"inLanguage\":\"pt-BR\",\"potentialAction\":[{\"@type\":\"ReadAction\",\"target\":[\"https:\\\/\\\/www.sistemametra.com.br\\\/blog\\\/sistema-gestao-seguranca-saude-ocupacional\\\/\"]}]},{\"@type\":\"ImageObject\",\"inLanguage\":\"pt-BR\",\"@id\":\"https:\\\/\\\/www.sistemametra.com.br\\\/blog\\\/sistema-gestao-seguranca-saude-ocupacional\\\/#primaryimage\",\"url\":\"https:\\\/\\\/www.sistemametra.com.br\\\/blog\\\/wp-content\\\/uploads\\\/2026\\\/04\\\/sistema-gestao-seguranca-saude-ocupacional.webp\",\"contentUrl\":\"https:\\\/\\\/www.sistemametra.com.br\\\/blog\\\/wp-content\\\/uploads\\\/2026\\\/04\\\/sistema-gestao-seguranca-saude-ocupacional.webp\",\"width\":800,\"height\":800,\"caption\":\"sobre gest\u00e3o de seguran\u00e7a e sa\u00fade ocupacional | Blog Metra\"},{\"@type\":\"BreadcrumbList\",\"@id\":\"https:\\\/\\\/www.sistemametra.com.br\\\/blog\\\/sistema-gestao-seguranca-saude-ocupacional\\\/#breadcrumb\",\"itemListElement\":[{\"@type\":\"ListItem\",\"position\":1,\"name\":\"In\u00edcio\",\"item\":\"https:\\\/\\\/www.sistemametra.com.br\\\/blog\\\/\"},{\"@type\":\"ListItem\",\"position\":2,\"name\":\"Como Aprimorar o Sistema de gest\u00e3o de seguran\u00e7a e sa\u00fade ocupacional\"}]},{\"@type\":\"WebSite\",\"@id\":\"https:\\\/\\\/www.sistemametra.com.br\\\/blog\\\/#website\",\"url\":\"https:\\\/\\\/www.sistemametra.com.br\\\/blog\\\/\",\"name\":\"Blog Metra\",\"description\":\"Conte\u00fado pr\u00e1tico sobre Sa\u00fade e Seguran\u00e7a do Trabalho: normas, documentos e obriga\u00e7\u00f5es explicados de forma direta para profissionais e empresas.\",\"publisher\":{\"@id\":\"https:\\\/\\\/www.sistemametra.com.br\\\/blog\\\/#organization\"},\"alternateName\":\"Sistema Metra\",\"potentialAction\":[{\"@type\":\"SearchAction\",\"target\":{\"@type\":\"EntryPoint\",\"urlTemplate\":\"https:\\\/\\\/www.sistemametra.com.br\\\/blog\\\/?s={search_term_string}\"},\"query-input\":{\"@type\":\"PropertyValueSpecification\",\"valueRequired\":true,\"valueName\":\"search_term_string\"}}],\"inLanguage\":\"pt-BR\"},{\"@type\":\"Organization\",\"@id\":\"https:\\\/\\\/www.sistemametra.com.br\\\/blog\\\/#organization\",\"name\":\"Sistema Metra\",\"url\":\"https:\\\/\\\/www.sistemametra.com.br\\\/blog\\\/\",\"logo\":{\"@type\":\"ImageObject\",\"inLanguage\":\"pt-BR\",\"@id\":\"https:\\\/\\\/www.sistemametra.com.br\\\/blog\\\/#\\\/schema\\\/logo\\\/image\\\/\",\"url\":\"https:\\\/\\\/www.sistemametra.com.br\\\/blog\\\/wp-content\\\/uploads\\\/2026\\\/04\\\/blog-metra.webp\",\"contentUrl\":\"https:\\\/\\\/www.sistemametra.com.br\\\/blog\\\/wp-content\\\/uploads\\\/2026\\\/04\\\/blog-metra.webp\",\"width\":800,\"height\":800,\"caption\":\"Sistema Metra\"},\"image\":{\"@id\":\"https:\\\/\\\/www.sistemametra.com.br\\\/blog\\\/#\\\/schema\\\/logo\\\/image\\\/\"},\"sameAs\":[\"https:\\\/\\\/www.facebook.com\\\/metraweb\",\"https:\\\/\\\/www.linkedin.com\\\/company\\\/metra-web\\\/?viewAsMember=true\",\"https:\\\/\\\/www.youtube.com\\\/@SistemaMetra\"]},{\"@type\":\"Person\",\"@id\":\"https:\\\/\\\/www.sistemametra.com.br\\\/blog\\\/#\\\/schema\\\/person\\\/7c04d9110a7e64758ca9951890e56d82\",\"name\":\"Anderson Fernandes\",\"image\":{\"@type\":\"ImageObject\",\"inLanguage\":\"pt-BR\",\"@id\":\"https:\\\/\\\/secure.gravatar.com\\\/avatar\\\/fbe9c5fc3e57710af6aceaea09e3d466e4721a3069e8568b6c9655c7231c5b5e?s=96&d=mm&r=g\",\"url\":\"https:\\\/\\\/secure.gravatar.com\\\/avatar\\\/fbe9c5fc3e57710af6aceaea09e3d466e4721a3069e8568b6c9655c7231c5b5e?s=96&d=mm&r=g\",\"contentUrl\":\"https:\\\/\\\/secure.gravatar.com\\\/avatar\\\/fbe9c5fc3e57710af6aceaea09e3d466e4721a3069e8568b6c9655c7231c5b5e?s=96&d=mm&r=g\",\"caption\":\"Anderson Fernandes\"},\"description\":\"Com forma\u00e7\u00e3o superior \u00e9 t\u00e9cnico em Seguran\u00e7a do Trabalho do Sistema Metra. H\u00e1 30 anos trabalhando ininterruptamente na \u00e1rea desde 2002. Formado ainda no Curso de Tecn\u00f3logo em Seguran\u00e7a do Trabalho e cursando Engenharia visando a p\u00f3s gradua\u00e7\u00e3o em Seguran\u00e7a do Trabalho. Atua ainda como int\u00e9rprete de LIBRAS e atualmente \u00e9 consultor de diversas empresas em ramos de atividade como: Minera\u00e7\u00e3o, Automobil\u00edstica, Manuten\u00e7\u00e3o El\u00e9trica de Grande Porte, Cer\u00e2mica, Refrat\u00e1rios, Sa\u00fade entre outros. \u00c9 propriet\u00e1rio da empresa Mais Sa\u00fade e Seguran\u00e7a do Trabalho e atende seus clientes de forma personalizada moldando a\u00e7\u00f5es conforme as caracter\u00edsticas de cliente.\",\"sameAs\":[\"https:\\\/\\\/www.sistemametra.com.br\",\"https:\\\/\\\/www.instagram.com\\\/andfergom17121999\"],\"url\":\"https:\\\/\\\/www.sistemametra.com.br\\\/blog\\\/author\\\/anderson-fernandes\\\/\"}]}<\/script>\n<!-- \/ Yoast SEO plugin. -->","yoast_head_json":{"title":"Sistema de gest\u00e3o de seguran\u00e7a e sa\u00fade ocupacional | Sistema Metra","robots":{"index":"index","follow":"follow","max-snippet":"max-snippet:-1","max-image-preview":"max-image-preview:large","max-video-preview":"max-video-preview:-1"},"canonical":"https:\/\/www.sistemametra.com.br\/blog\/sistema-gestao-seguranca-saude-ocupacional\/","og_locale":"pt_BR","og_type":"article","og_title":"Sistema de gest\u00e3o de seguran\u00e7a e sa\u00fade ocupacional | Sistema Metra","og_description":"Voc\u00ea \u00e9 respons\u00e1vel por garantir a seguran\u00e7a e sa\u00fade dos seus colaboradores e est\u00e1 procurando um sistema eficiente e confi\u00e1vel para gerenciar essas quest\u00f5es? A empresa Sistema METRA oferece as melhores solu\u00e7\u00f5es de gest\u00e3o de SST e eSocial no mercado! Fa\u00e7a agora mesmo uma cota\u00e7\u00e3o e garanta a prote\u00e7\u00e3o e bem-estar dos seus funcion\u00e1rios. O [&hellip;]","og_url":"https:\/\/www.sistemametra.com.br\/blog\/sistema-gestao-seguranca-saude-ocupacional\/","og_site_name":"Blog Metra","article_publisher":"https:\/\/www.facebook.com\/metraweb","article_published_time":"2026-03-09T03:00:00+00:00","article_modified_time":"2026-04-28T19:51:13+00:00","og_image":[{"width":800,"height":800,"url":"https:\/\/www.sistemametra.com.br\/blog\/wp-content\/uploads\/2026\/04\/sistema-gestao-seguranca-saude-ocupacional.webp","type":"image\/jpeg"}],"author":"Anderson Fernandes","twitter_card":"summary_large_image","twitter_misc":{"Escrito por":"Anderson Fernandes","Est. tempo de leitura":"3 minutos"},"schema":{"@context":"https:\/\/schema.org","@graph":[{"@type":"Article","@id":"https:\/\/www.sistemametra.com.br\/blog\/sistema-gestao-seguranca-saude-ocupacional\/#article","isPartOf":{"@id":"https:\/\/www.sistemametra.com.br\/blog\/sistema-gestao-seguranca-saude-ocupacional\/"},"author":{"name":"Anderson Fernandes","@id":"https:\/\/www.sistemametra.com.br\/blog\/#\/schema\/person\/7c04d9110a7e64758ca9951890e56d82"},"headline":"Como Aprimorar o Sistema de gest\u00e3o de seguran\u00e7a e sa\u00fade ocupacional","datePublished":"2026-03-09T03:00:00+00:00","dateModified":"2026-04-28T19:51:13+00:00","mainEntityOfPage":{"@id":"https:\/\/www.sistemametra.com.br\/blog\/sistema-gestao-seguranca-saude-ocupacional\/"},"wordCount":575,"commentCount":0,"publisher":{"@id":"https:\/\/www.sistemametra.com.br\/blog\/#organization"},"image":{"@id":"https:\/\/www.sistemametra.com.br\/blog\/sistema-gestao-seguranca-saude-ocupacional\/#primaryimage"},"thumbnailUrl":"https:\/\/www.sistemametra.com.br\/blog\/wp-content\/uploads\/2026\/04\/sistema-gestao-seguranca-saude-ocupacional.webp","articleSection":["Sa\u00fade Ocupacional"],"inLanguage":"pt-BR","potentialAction":[{"@type":"CommentAction","name":"Comment","target":["https:\/\/www.sistemametra.com.br\/blog\/sistema-gestao-seguranca-saude-ocupacional\/#respond"]}]},{"@type":"WebPage","@id":"https:\/\/www.sistemametra.com.br\/blog\/sistema-gestao-seguranca-saude-ocupacional\/","url":"https:\/\/www.sistemametra.com.br\/blog\/sistema-gestao-seguranca-saude-ocupacional\/","name":"Sistema de gest\u00e3o de seguran\u00e7a e sa\u00fade ocupacional | Sistema Metra","isPartOf":{"@id":"https:\/\/www.sistemametra.com.br\/blog\/#website"},"primaryImageOfPage":{"@id":"https:\/\/www.sistemametra.com.br\/blog\/sistema-gestao-seguranca-saude-ocupacional\/#primaryimage"},"image":{"@id":"https:\/\/www.sistemametra.com.br\/blog\/sistema-gestao-seguranca-saude-ocupacional\/#primaryimage"},"thumbnailUrl":"https:\/\/www.sistemametra.com.br\/blog\/wp-content\/uploads\/2026\/04\/sistema-gestao-seguranca-saude-ocupacional.webp","datePublished":"2026-03-09T03:00:00+00:00","dateModified":"2026-04-28T19:51:13+00:00","breadcrumb":{"@id":"https:\/\/www.sistemametra.com.br\/blog\/sistema-gestao-seguranca-saude-ocupacional\/#breadcrumb"},"inLanguage":"pt-BR","potentialAction":[{"@type":"ReadAction","target":["https:\/\/www.sistemametra.com.br\/blog\/sistema-gestao-seguranca-saude-ocupacional\/"]}]},{"@type":"ImageObject","inLanguage":"pt-BR","@id":"https:\/\/www.sistemametra.com.br\/blog\/sistema-gestao-seguranca-saude-ocupacional\/#primaryimage","url":"https:\/\/www.sistemametra.com.br\/blog\/wp-content\/uploads\/2026\/04\/sistema-gestao-seguranca-saude-ocupacional.webp","contentUrl":"https:\/\/www.sistemametra.com.br\/blog\/wp-content\/uploads\/2026\/04\/sistema-gestao-seguranca-saude-ocupacional.webp","width":800,"height":800,"caption":"sobre gest\u00e3o de seguran\u00e7a e sa\u00fade ocupacional | Blog Metra"},{"@type":"BreadcrumbList","@id":"https:\/\/www.sistemametra.com.br\/blog\/sistema-gestao-seguranca-saude-ocupacional\/#breadcrumb","itemListElement":[{"@type":"ListItem","position":1,"name":"In\u00edcio","item":"https:\/\/www.sistemametra.com.br\/blog\/"},{"@type":"ListItem","position":2,"name":"Como Aprimorar o Sistema de gest\u00e3o de seguran\u00e7a e sa\u00fade ocupacional"}]},{"@type":"WebSite","@id":"https:\/\/www.sistemametra.com.br\/blog\/#website","url":"https:\/\/www.sistemametra.com.br\/blog\/","name":"Blog Metra","description":"Conte\u00fado pr\u00e1tico sobre Sa\u00fade e Seguran\u00e7a do Trabalho: normas, documentos e obriga\u00e7\u00f5es explicados de forma direta para profissionais e empresas.","publisher":{"@id":"https:\/\/www.sistemametra.com.br\/blog\/#organization"},"alternateName":"Sistema Metra","potentialAction":[{"@type":"SearchAction","target":{"@type":"EntryPoint","urlTemplate":"https:\/\/www.sistemametra.com.br\/blog\/?s={search_term_string}"},"query-input":{"@type":"PropertyValueSpecification","valueRequired":true,"valueName":"search_term_string"}}],"inLanguage":"pt-BR"},{"@type":"Organization","@id":"https:\/\/www.sistemametra.com.br\/blog\/#organization","name":"Sistema Metra","url":"https:\/\/www.sistemametra.com.br\/blog\/","logo":{"@type":"ImageObject","inLanguage":"pt-BR","@id":"https:\/\/www.sistemametra.com.br\/blog\/#\/schema\/logo\/image\/","url":"https:\/\/www.sistemametra.com.br\/blog\/wp-content\/uploads\/2026\/04\/blog-metra.webp","contentUrl":"https:\/\/www.sistemametra.com.br\/blog\/wp-content\/uploads\/2026\/04\/blog-metra.webp","width":800,"height":800,"caption":"Sistema Metra"},"image":{"@id":"https:\/\/www.sistemametra.com.br\/blog\/#\/schema\/logo\/image\/"},"sameAs":["https:\/\/www.facebook.com\/metraweb","https:\/\/www.linkedin.com\/company\/metra-web\/?viewAsMember=true","https:\/\/www.youtube.com\/@SistemaMetra"]},{"@type":"Person","@id":"https:\/\/www.sistemametra.com.br\/blog\/#\/schema\/person\/7c04d9110a7e64758ca9951890e56d82","name":"Anderson Fernandes","image":{"@type":"ImageObject","inLanguage":"pt-BR","@id":"https:\/\/secure.gravatar.com\/avatar\/fbe9c5fc3e57710af6aceaea09e3d466e4721a3069e8568b6c9655c7231c5b5e?s=96&d=mm&r=g","url":"https:\/\/secure.gravatar.com\/avatar\/fbe9c5fc3e57710af6aceaea09e3d466e4721a3069e8568b6c9655c7231c5b5e?s=96&d=mm&r=g","contentUrl":"https:\/\/secure.gravatar.com\/avatar\/fbe9c5fc3e57710af6aceaea09e3d466e4721a3069e8568b6c9655c7231c5b5e?s=96&d=mm&r=g","caption":"Anderson Fernandes"},"description":"Com forma\u00e7\u00e3o superior \u00e9 t\u00e9cnico em Seguran\u00e7a do Trabalho do Sistema Metra. H\u00e1 30 anos trabalhando ininterruptamente na \u00e1rea desde 2002. Formado ainda no Curso de Tecn\u00f3logo em Seguran\u00e7a do Trabalho e cursando Engenharia visando a p\u00f3s gradua\u00e7\u00e3o em Seguran\u00e7a do Trabalho. Atua ainda como int\u00e9rprete de LIBRAS e atualmente \u00e9 consultor de diversas empresas em ramos de atividade como: Minera\u00e7\u00e3o, Automobil\u00edstica, Manuten\u00e7\u00e3o El\u00e9trica de Grande Porte, Cer\u00e2mica, Refrat\u00e1rios, Sa\u00fade entre outros. \u00c9 propriet\u00e1rio da empresa Mais Sa\u00fade e Seguran\u00e7a do Trabalho e atende seus clientes de forma personalizada moldando a\u00e7\u00f5es conforme as caracter\u00edsticas de cliente.","sameAs":["https:\/\/www.sistemametra.com.br","https:\/\/www.instagram.com\/andfergom17121999"],"url":"https:\/\/www.sistemametra.com.br\/blog\/author\/anderson-fernandes\/"}]}},"_links":{"self":[{"href":"https:\/\/www.sistemametra.com.br\/blog\/wp-json\/wp\/v2\/posts\/570","targetHints":{"allow":["GET"]}}],"collection":[{"href":"https:\/\/www.sistemametra.com.br\/blog\/wp-json\/wp\/v2\/posts"}],"about":[{"href":"https:\/\/www.sistemametra.com.br\/blog\/wp-json\/wp\/v2\/types\/post"}],"author":[{"embeddable":true,"href":"https:\/\/www.sistemametra.com.br\/blog\/wp-json\/wp\/v2\/users\/3"}],"replies":[{"embeddable":true,"href":"https:\/\/www.sistemametra.com.br\/blog\/wp-json\/wp\/v2\/comments?post=570"}],"version-history":[{"count":1,"href":"https:\/\/www.sistemametra.com.br\/blog\/wp-json\/wp\/v2\/posts\/570\/revisions"}],"predecessor-version":[{"id":799,"href":"https:\/\/www.sistemametra.com.br\/blog\/wp-json\/wp\/v2\/posts\/570\/revisions\/799"}],"wp:featuredmedia":[{"embeddable":true,"href":"https:\/\/www.sistemametra.com.br\/blog\/wp-json\/wp\/v2\/media\/571"}],"wp:attachment":[{"href":"https:\/\/www.sistemametra.com.br\/blog\/wp-json\/wp\/v2\/media?parent=570"}],"wp:term":[{"taxonomy":"category","embeddable":true,"href":"https:\/\/www.sistemametra.com.br\/blog\/wp-json\/wp\/v2\/categories?post=570"},{"taxonomy":"post_tag","embeddable":true,"href":"https:\/\/www.sistemametra.com.br\/blog\/wp-json\/wp\/v2\/tags?post=570"}],"curies":[{"name":"wp","href":"https:\/\/api.w.org\/{rel}","templated":true}]}}