{"id":580,"date":"2026-03-14T00:00:00","date_gmt":"2026-03-14T03:00:00","guid":{"rendered":"https:\/\/www.sistemametra.com.br\/blog\/sistema-gestao-integrada-seguranca-do-trabalho\/"},"modified":"2026-04-28T16:51:12","modified_gmt":"2026-04-28T19:51:12","slug":"sistema-gestao-integrada-seguranca-do-trabalho","status":"publish","type":"post","link":"https:\/\/www.sistemametra.com.br\/blog\/sistema-gestao-integrada-seguranca-do-trabalho\/","title":{"rendered":"Como Aprimorar o Sistema de gest\u00e3o integrada seguran\u00e7a do trabalho"},"content":{"rendered":"<article>\n<p>Se voc\u00ea est\u00e1 em busca de um <strong>sistema de gest\u00e3o integrada seguran\u00e7a do trabalho<\/strong> confi\u00e1vel e que atenda \u00e0s suas necessidades, a Sistema METRA \u00e9 a empresa certa para voc\u00ea. Somos especializados em solu\u00e7\u00f5es para gest\u00e3o de SST e eSocial e oferecemos um sistema completo e eficiente para auxiliar na gest\u00e3o de seguran\u00e7a do trabalho em sua empresa. Fa\u00e7a uma cota\u00e7\u00e3o agora mesmo e descubra todas as vantagens que podemos oferecer para o seu neg\u00f3cio.<\/p>\n<h2>SISTEMA DE GEST\u00c3O INTEGRADA SEGURAN\u00c7A DO TRABALHO: SAIBA MAIS SOBRE ESSA FERRAMENTA<\/h2>\n<p>O <strong>sistema de gest\u00e3o integrada seguran\u00e7a do trabalho<\/strong> \u00e9 uma ferramenta essencial para empresas que desejam garantir a seguran\u00e7a e sa\u00fade de seus colaboradores. Ele \u00e9 respons\u00e1vel por organizar e controlar todas as informa\u00e7\u00f5es relacionadas \u00e0 sa\u00fade e seguran\u00e7a do trabalho, al\u00e9m de auxiliar no cumprimento das normas e legisla\u00e7\u00f5es vigentes.<\/p>\n<p>Com um sistema de gest\u00e3o integrada, \u00e9 poss\u00edvel gerenciar de forma mais eficiente as quest\u00f5es relacionadas \u00e0 seguran\u00e7a do trabalho, como treinamentos, exames m\u00e9dicos, emiss\u00e3o de documentos e controle de acidentes. Al\u00e9m disso, o uso de um sistema automatizado facilita o acesso \u00e0s informa\u00e7\u00f5es, tornando os processos mais \u00e1geis e assertivos.<\/p>\n<h2>A IMPORT\u00c2NCIA DO SISTEMA DE GEST\u00c3O INTEGRADA SEGURAN\u00c7A DO TRABALHO<\/h2>\n<p>O sistema de gest\u00e3o integrada de seguran\u00e7a do trabalho \u00e9 fundamental para garantir a seguran\u00e7a e sa\u00fade de todos os colaboradores de uma empresa. Com ele, \u00e9 poss\u00edvel identificar e corrigir falhas e problemas antes que eles se tornem grandes riscos para os funcion\u00e1rios, prevenindo acidentes e garantindo o cumprimento das normas e leis trabalhistas.<\/p>\n<p>Al\u00e9m disso, um sistema de gest\u00e3o integrada tamb\u00e9m auxilia na redu\u00e7\u00e3o de custos e aumento da produtividade, j\u00e1 que processos mais \u00e1geis e eficientes resultam em uma melhor gest\u00e3o do tempo e de recursos.<\/p>\n<h3>Benef\u00edcios do sistema de gest\u00e3o integrada de seguran\u00e7a do trabalho<\/h3>\n<p>Al\u00e9m de garantir a seguran\u00e7a dos colaboradores e o cumprimento das normas, um sistema de gest\u00e3o integrada de seguran\u00e7a do trabalho tamb\u00e9m oferece outros benef\u00edcios para as empresas, como:<\/p>\n<p>Maior controle e organiza\u00e7\u00e3o das informa\u00e7\u00f5es;<\/p>\n<p>Redu\u00e7\u00e3o de custos;<\/p>\n<p>Melhoria na tomada de decis\u00f5es;<\/p>\n<p>Maior produtividade;<\/p>\n<p>Melhoria na imagem da empresa;<\/p>\n<p>Facilidade no cumprimento de obriga\u00e7\u00f5es legais;<\/p>\n<p>Aumento da qualidade de vida dos colaboradores.<\/p>\n<h2>RECOMENDA\u00c7\u00d5ES PARA O USO DO SISTEMA DE GEST\u00c3O INTEGRADA DE SEGURAN\u00c7A DO TRABALHO<\/h2>\n<p>Para garantir a efici\u00eancia e o sucesso do sistema de gest\u00e3o integrada de seguran\u00e7a do trabalho em sua empresa, \u00e9 importante seguir algumas recomenda\u00e7\u00f5es:<\/p>\n<p>Fa\u00e7a um planejamento antes de implementar o sistema;<\/p>\n<p>Invista em treinamentos e capacita\u00e7\u00e3o dos colaboradores;<\/p>\n<p>Mantenha o sistema sempre atualizado;<\/p>\n<p>Realize auditorias peri\u00f3dicas;<\/p>\n<p>Incentive a participa\u00e7\u00e3o e colabora\u00e7\u00e3o dos funcion\u00e1rios no processo.<\/p>\n<p>Com um sistema de gest\u00e3o integrada de seguran\u00e7a do trabalho eficiente, sua empresa pode garantir a seguran\u00e7a e sa\u00fade dos colaboradores, cumprir as obriga\u00e7\u00f5es legais e ainda obter diversos benef\u00edcios. Entre em contato com a Sistema METRA e saiba mais sobre nossas solu\u00e7\u00f5es para gest\u00e3o de SST e eSocial. Fa\u00e7a uma cota\u00e7\u00e3o e descubra como podemos ajudar o seu neg\u00f3cio a crescer com seguran\u00e7a e efici\u00eancia.<\/p>\n<h2>Para saber mais sobre Como Aprimorar o Sistema de gest\u00e3o integrada seguran\u00e7a do trabalho<\/h2>\n<p>Ligue para <strong>0800-707-5900<\/strong> ou clique aqui e entre em contato por email.<\/p>\n<p>O conte\u00fado do texto desta p\u00e1gina \u00e9 de direito reservado. Sua reprodu\u00e7\u00e3o, parcial ou total, mesmo citando nossos links, \u00e9 proibida sem a autoriza\u00e7\u00e3o do autor. Crime de viola\u00e7\u00e3o de direito autoral \u2013 artigo 184 do C\u00f3digo Penal \u2013 Lei 9610\/98 &#8211; Lei de direitos autorais. <\/article>\n","protected":false},"excerpt":{"rendered":"<p>Se voc\u00ea est\u00e1 em busca de um sistema de gest\u00e3o integrada seguran\u00e7a do trabalho confi\u00e1vel e que atenda \u00e0s suas necessidades, a Sistema METRA \u00e9 a empresa certa para voc\u00ea. Somos especializados em solu\u00e7\u00f5es para gest\u00e3o de SST e eSocial e oferecemos um sistema completo e eficiente para auxiliar na gest\u00e3o de seguran\u00e7a do trabalho [&hellip;]<\/p>\n","protected":false},"author":3,"featured_media":581,"comment_status":"open","ping_status":"open","sticky":false,"template":"","format":"standard","meta":{"footnotes":""},"categories":[25],"tags":[],"class_list":["post-580","post","type-post","status-publish","format-standard","has-post-thumbnail","hentry","category-seguranca-do-trabalho"],"yoast_head":"<!-- This site is optimized with the Yoast SEO plugin v27.5 - https:\/\/yoast.com\/product\/yoast-seo-wordpress\/ -->\n<title>Sistema de gest\u00e3o integrada seguran\u00e7a do trabalho | Sistema Metra<\/title>\n<meta name=\"robots\" content=\"index, follow, max-snippet:-1, max-image-preview:large, max-video-preview:-1\" \/>\n<link rel=\"canonical\" href=\"https:\/\/www.sistemametra.com.br\/blog\/sistema-gestao-integrada-seguranca-do-trabalho\/\" \/>\n<meta property=\"og:locale\" content=\"pt_BR\" \/>\n<meta property=\"og:type\" content=\"article\" \/>\n<meta property=\"og:title\" content=\"Sistema de gest\u00e3o integrada seguran\u00e7a do trabalho | Sistema Metra\" \/>\n<meta property=\"og:description\" content=\"Se voc\u00ea est\u00e1 em busca de um sistema de gest\u00e3o integrada seguran\u00e7a do trabalho confi\u00e1vel e que atenda \u00e0s suas necessidades, a Sistema METRA \u00e9 a empresa certa para voc\u00ea. Somos especializados em solu\u00e7\u00f5es para gest\u00e3o de SST e eSocial e oferecemos um sistema completo e eficiente para auxiliar na gest\u00e3o de seguran\u00e7a do trabalho [&hellip;]\" \/>\n<meta property=\"og:url\" content=\"https:\/\/www.sistemametra.com.br\/blog\/sistema-gestao-integrada-seguranca-do-trabalho\/\" \/>\n<meta property=\"og:site_name\" content=\"Blog Metra\" \/>\n<meta property=\"article:publisher\" content=\"https:\/\/www.facebook.com\/metraweb\" \/>\n<meta property=\"article:published_time\" content=\"2026-03-14T03:00:00+00:00\" \/>\n<meta property=\"article:modified_time\" content=\"2026-04-28T19:51:12+00:00\" \/>\n<meta property=\"og:image\" content=\"https:\/\/www.sistemametra.com.br\/blog\/wp-content\/uploads\/2026\/04\/sistema-gestao-integrada-seguranca-do-trabalho.webp\" \/>\n\t<meta property=\"og:image:width\" content=\"800\" \/>\n\t<meta property=\"og:image:height\" content=\"800\" \/>\n\t<meta property=\"og:image:type\" content=\"image\/jpeg\" \/>\n<meta name=\"author\" content=\"Anderson Fernandes\" \/>\n<meta name=\"twitter:card\" content=\"summary_large_image\" \/>\n<meta name=\"twitter:label1\" content=\"Escrito por\" \/>\n\t<meta name=\"twitter:data1\" content=\"Anderson Fernandes\" \/>\n\t<meta name=\"twitter:label2\" content=\"Est. tempo de leitura\" \/>\n\t<meta name=\"twitter:data2\" content=\"3 minutos\" \/>\n<script type=\"application\/ld+json\" class=\"yoast-schema-graph\">{\"@context\":\"https:\\\/\\\/schema.org\",\"@graph\":[{\"@type\":\"Article\",\"@id\":\"https:\\\/\\\/www.sistemametra.com.br\\\/blog\\\/sistema-gestao-integrada-seguranca-do-trabalho\\\/#article\",\"isPartOf\":{\"@id\":\"https:\\\/\\\/www.sistemametra.com.br\\\/blog\\\/sistema-gestao-integrada-seguranca-do-trabalho\\\/\"},\"author\":{\"name\":\"Anderson Fernandes\",\"@id\":\"https:\\\/\\\/www.sistemametra.com.br\\\/blog\\\/#\\\/schema\\\/person\\\/7c04d9110a7e64758ca9951890e56d82\"},\"headline\":\"Como Aprimorar o Sistema de gest\u00e3o integrada seguran\u00e7a do trabalho\",\"datePublished\":\"2026-03-14T03:00:00+00:00\",\"dateModified\":\"2026-04-28T19:51:12+00:00\",\"mainEntityOfPage\":{\"@id\":\"https:\\\/\\\/www.sistemametra.com.br\\\/blog\\\/sistema-gestao-integrada-seguranca-do-trabalho\\\/\"},\"wordCount\":658,\"commentCount\":0,\"publisher\":{\"@id\":\"https:\\\/\\\/www.sistemametra.com.br\\\/blog\\\/#organization\"},\"image\":{\"@id\":\"https:\\\/\\\/www.sistemametra.com.br\\\/blog\\\/sistema-gestao-integrada-seguranca-do-trabalho\\\/#primaryimage\"},\"thumbnailUrl\":\"https:\\\/\\\/www.sistemametra.com.br\\\/blog\\\/wp-content\\\/uploads\\\/2026\\\/04\\\/sistema-gestao-integrada-seguranca-do-trabalho.webp\",\"articleSection\":[\"Seguran\u00e7a do Trabalho\"],\"inLanguage\":\"pt-BR\",\"potentialAction\":[{\"@type\":\"CommentAction\",\"name\":\"Comment\",\"target\":[\"https:\\\/\\\/www.sistemametra.com.br\\\/blog\\\/sistema-gestao-integrada-seguranca-do-trabalho\\\/#respond\"]}]},{\"@type\":\"WebPage\",\"@id\":\"https:\\\/\\\/www.sistemametra.com.br\\\/blog\\\/sistema-gestao-integrada-seguranca-do-trabalho\\\/\",\"url\":\"https:\\\/\\\/www.sistemametra.com.br\\\/blog\\\/sistema-gestao-integrada-seguranca-do-trabalho\\\/\",\"name\":\"Sistema de gest\u00e3o integrada seguran\u00e7a do trabalho | Sistema Metra\",\"isPartOf\":{\"@id\":\"https:\\\/\\\/www.sistemametra.com.br\\\/blog\\\/#website\"},\"primaryImageOfPage\":{\"@id\":\"https:\\\/\\\/www.sistemametra.com.br\\\/blog\\\/sistema-gestao-integrada-seguranca-do-trabalho\\\/#primaryimage\"},\"image\":{\"@id\":\"https:\\\/\\\/www.sistemametra.com.br\\\/blog\\\/sistema-gestao-integrada-seguranca-do-trabalho\\\/#primaryimage\"},\"thumbnailUrl\":\"https:\\\/\\\/www.sistemametra.com.br\\\/blog\\\/wp-content\\\/uploads\\\/2026\\\/04\\\/sistema-gestao-integrada-seguranca-do-trabalho.webp\",\"datePublished\":\"2026-03-14T03:00:00+00:00\",\"dateModified\":\"2026-04-28T19:51:12+00:00\",\"breadcrumb\":{\"@id\":\"https:\\\/\\\/www.sistemametra.com.br\\\/blog\\\/sistema-gestao-integrada-seguranca-do-trabalho\\\/#breadcrumb\"},\"inLanguage\":\"pt-BR\",\"potentialAction\":[{\"@type\":\"ReadAction\",\"target\":[\"https:\\\/\\\/www.sistemametra.com.br\\\/blog\\\/sistema-gestao-integrada-seguranca-do-trabalho\\\/\"]}]},{\"@type\":\"ImageObject\",\"inLanguage\":\"pt-BR\",\"@id\":\"https:\\\/\\\/www.sistemametra.com.br\\\/blog\\\/sistema-gestao-integrada-seguranca-do-trabalho\\\/#primaryimage\",\"url\":\"https:\\\/\\\/www.sistemametra.com.br\\\/blog\\\/wp-content\\\/uploads\\\/2026\\\/04\\\/sistema-gestao-integrada-seguranca-do-trabalho.webp\",\"contentUrl\":\"https:\\\/\\\/www.sistemametra.com.br\\\/blog\\\/wp-content\\\/uploads\\\/2026\\\/04\\\/sistema-gestao-integrada-seguranca-do-trabalho.webp\",\"width\":800,\"height\":800,\"caption\":\"sobre gest\u00e3o integrada seguran\u00e7a do trabalho | Blog Metra\"},{\"@type\":\"BreadcrumbList\",\"@id\":\"https:\\\/\\\/www.sistemametra.com.br\\\/blog\\\/sistema-gestao-integrada-seguranca-do-trabalho\\\/#breadcrumb\",\"itemListElement\":[{\"@type\":\"ListItem\",\"position\":1,\"name\":\"In\u00edcio\",\"item\":\"https:\\\/\\\/www.sistemametra.com.br\\\/blog\\\/\"},{\"@type\":\"ListItem\",\"position\":2,\"name\":\"Como Aprimorar o Sistema de gest\u00e3o integrada seguran\u00e7a do trabalho\"}]},{\"@type\":\"WebSite\",\"@id\":\"https:\\\/\\\/www.sistemametra.com.br\\\/blog\\\/#website\",\"url\":\"https:\\\/\\\/www.sistemametra.com.br\\\/blog\\\/\",\"name\":\"Blog Metra\",\"description\":\"Conte\u00fado pr\u00e1tico sobre Sa\u00fade e Seguran\u00e7a do Trabalho: normas, documentos e obriga\u00e7\u00f5es explicados de forma direta para profissionais e empresas.\",\"publisher\":{\"@id\":\"https:\\\/\\\/www.sistemametra.com.br\\\/blog\\\/#organization\"},\"alternateName\":\"Sistema Metra\",\"potentialAction\":[{\"@type\":\"SearchAction\",\"target\":{\"@type\":\"EntryPoint\",\"urlTemplate\":\"https:\\\/\\\/www.sistemametra.com.br\\\/blog\\\/?s={search_term_string}\"},\"query-input\":{\"@type\":\"PropertyValueSpecification\",\"valueRequired\":true,\"valueName\":\"search_term_string\"}}],\"inLanguage\":\"pt-BR\"},{\"@type\":\"Organization\",\"@id\":\"https:\\\/\\\/www.sistemametra.com.br\\\/blog\\\/#organization\",\"name\":\"Sistema Metra\",\"url\":\"https:\\\/\\\/www.sistemametra.com.br\\\/blog\\\/\",\"logo\":{\"@type\":\"ImageObject\",\"inLanguage\":\"pt-BR\",\"@id\":\"https:\\\/\\\/www.sistemametra.com.br\\\/blog\\\/#\\\/schema\\\/logo\\\/image\\\/\",\"url\":\"https:\\\/\\\/www.sistemametra.com.br\\\/blog\\\/wp-content\\\/uploads\\\/2026\\\/04\\\/blog-metra.webp\",\"contentUrl\":\"https:\\\/\\\/www.sistemametra.com.br\\\/blog\\\/wp-content\\\/uploads\\\/2026\\\/04\\\/blog-metra.webp\",\"width\":800,\"height\":800,\"caption\":\"Sistema Metra\"},\"image\":{\"@id\":\"https:\\\/\\\/www.sistemametra.com.br\\\/blog\\\/#\\\/schema\\\/logo\\\/image\\\/\"},\"sameAs\":[\"https:\\\/\\\/www.facebook.com\\\/metraweb\",\"https:\\\/\\\/www.linkedin.com\\\/company\\\/metra-web\\\/?viewAsMember=true\",\"https:\\\/\\\/www.youtube.com\\\/@SistemaMetra\"]},{\"@type\":\"Person\",\"@id\":\"https:\\\/\\\/www.sistemametra.com.br\\\/blog\\\/#\\\/schema\\\/person\\\/7c04d9110a7e64758ca9951890e56d82\",\"name\":\"Anderson Fernandes\",\"image\":{\"@type\":\"ImageObject\",\"inLanguage\":\"pt-BR\",\"@id\":\"https:\\\/\\\/secure.gravatar.com\\\/avatar\\\/fbe9c5fc3e57710af6aceaea09e3d466e4721a3069e8568b6c9655c7231c5b5e?s=96&d=mm&r=g\",\"url\":\"https:\\\/\\\/secure.gravatar.com\\\/avatar\\\/fbe9c5fc3e57710af6aceaea09e3d466e4721a3069e8568b6c9655c7231c5b5e?s=96&d=mm&r=g\",\"contentUrl\":\"https:\\\/\\\/secure.gravatar.com\\\/avatar\\\/fbe9c5fc3e57710af6aceaea09e3d466e4721a3069e8568b6c9655c7231c5b5e?s=96&d=mm&r=g\",\"caption\":\"Anderson Fernandes\"},\"description\":\"Com forma\u00e7\u00e3o superior \u00e9 t\u00e9cnico em Seguran\u00e7a do Trabalho do Sistema Metra. H\u00e1 30 anos trabalhando ininterruptamente na \u00e1rea desde 2002. Formado ainda no Curso de Tecn\u00f3logo em Seguran\u00e7a do Trabalho e cursando Engenharia visando a p\u00f3s gradua\u00e7\u00e3o em Seguran\u00e7a do Trabalho. Atua ainda como int\u00e9rprete de LIBRAS e atualmente \u00e9 consultor de diversas empresas em ramos de atividade como: Minera\u00e7\u00e3o, Automobil\u00edstica, Manuten\u00e7\u00e3o El\u00e9trica de Grande Porte, Cer\u00e2mica, Refrat\u00e1rios, Sa\u00fade entre outros. \u00c9 propriet\u00e1rio da empresa Mais Sa\u00fade e Seguran\u00e7a do Trabalho e atende seus clientes de forma personalizada moldando a\u00e7\u00f5es conforme as caracter\u00edsticas de cliente.\",\"sameAs\":[\"https:\\\/\\\/www.sistemametra.com.br\",\"https:\\\/\\\/www.instagram.com\\\/andfergom17121999\"],\"url\":\"https:\\\/\\\/www.sistemametra.com.br\\\/blog\\\/author\\\/anderson-fernandes\\\/\"}]}<\/script>\n<!-- \/ Yoast SEO plugin. -->","yoast_head_json":{"title":"Sistema de gest\u00e3o integrada seguran\u00e7a do trabalho | Sistema Metra","robots":{"index":"index","follow":"follow","max-snippet":"max-snippet:-1","max-image-preview":"max-image-preview:large","max-video-preview":"max-video-preview:-1"},"canonical":"https:\/\/www.sistemametra.com.br\/blog\/sistema-gestao-integrada-seguranca-do-trabalho\/","og_locale":"pt_BR","og_type":"article","og_title":"Sistema de gest\u00e3o integrada seguran\u00e7a do trabalho | Sistema Metra","og_description":"Se voc\u00ea est\u00e1 em busca de um sistema de gest\u00e3o integrada seguran\u00e7a do trabalho confi\u00e1vel e que atenda \u00e0s suas necessidades, a Sistema METRA \u00e9 a empresa certa para voc\u00ea. Somos especializados em solu\u00e7\u00f5es para gest\u00e3o de SST e eSocial e oferecemos um sistema completo e eficiente para auxiliar na gest\u00e3o de seguran\u00e7a do trabalho [&hellip;]","og_url":"https:\/\/www.sistemametra.com.br\/blog\/sistema-gestao-integrada-seguranca-do-trabalho\/","og_site_name":"Blog Metra","article_publisher":"https:\/\/www.facebook.com\/metraweb","article_published_time":"2026-03-14T03:00:00+00:00","article_modified_time":"2026-04-28T19:51:12+00:00","og_image":[{"width":800,"height":800,"url":"https:\/\/www.sistemametra.com.br\/blog\/wp-content\/uploads\/2026\/04\/sistema-gestao-integrada-seguranca-do-trabalho.webp","type":"image\/jpeg"}],"author":"Anderson Fernandes","twitter_card":"summary_large_image","twitter_misc":{"Escrito por":"Anderson Fernandes","Est. tempo de leitura":"3 minutos"},"schema":{"@context":"https:\/\/schema.org","@graph":[{"@type":"Article","@id":"https:\/\/www.sistemametra.com.br\/blog\/sistema-gestao-integrada-seguranca-do-trabalho\/#article","isPartOf":{"@id":"https:\/\/www.sistemametra.com.br\/blog\/sistema-gestao-integrada-seguranca-do-trabalho\/"},"author":{"name":"Anderson Fernandes","@id":"https:\/\/www.sistemametra.com.br\/blog\/#\/schema\/person\/7c04d9110a7e64758ca9951890e56d82"},"headline":"Como Aprimorar o Sistema de gest\u00e3o integrada seguran\u00e7a do trabalho","datePublished":"2026-03-14T03:00:00+00:00","dateModified":"2026-04-28T19:51:12+00:00","mainEntityOfPage":{"@id":"https:\/\/www.sistemametra.com.br\/blog\/sistema-gestao-integrada-seguranca-do-trabalho\/"},"wordCount":658,"commentCount":0,"publisher":{"@id":"https:\/\/www.sistemametra.com.br\/blog\/#organization"},"image":{"@id":"https:\/\/www.sistemametra.com.br\/blog\/sistema-gestao-integrada-seguranca-do-trabalho\/#primaryimage"},"thumbnailUrl":"https:\/\/www.sistemametra.com.br\/blog\/wp-content\/uploads\/2026\/04\/sistema-gestao-integrada-seguranca-do-trabalho.webp","articleSection":["Seguran\u00e7a do Trabalho"],"inLanguage":"pt-BR","potentialAction":[{"@type":"CommentAction","name":"Comment","target":["https:\/\/www.sistemametra.com.br\/blog\/sistema-gestao-integrada-seguranca-do-trabalho\/#respond"]}]},{"@type":"WebPage","@id":"https:\/\/www.sistemametra.com.br\/blog\/sistema-gestao-integrada-seguranca-do-trabalho\/","url":"https:\/\/www.sistemametra.com.br\/blog\/sistema-gestao-integrada-seguranca-do-trabalho\/","name":"Sistema de gest\u00e3o integrada seguran\u00e7a do trabalho | Sistema Metra","isPartOf":{"@id":"https:\/\/www.sistemametra.com.br\/blog\/#website"},"primaryImageOfPage":{"@id":"https:\/\/www.sistemametra.com.br\/blog\/sistema-gestao-integrada-seguranca-do-trabalho\/#primaryimage"},"image":{"@id":"https:\/\/www.sistemametra.com.br\/blog\/sistema-gestao-integrada-seguranca-do-trabalho\/#primaryimage"},"thumbnailUrl":"https:\/\/www.sistemametra.com.br\/blog\/wp-content\/uploads\/2026\/04\/sistema-gestao-integrada-seguranca-do-trabalho.webp","datePublished":"2026-03-14T03:00:00+00:00","dateModified":"2026-04-28T19:51:12+00:00","breadcrumb":{"@id":"https:\/\/www.sistemametra.com.br\/blog\/sistema-gestao-integrada-seguranca-do-trabalho\/#breadcrumb"},"inLanguage":"pt-BR","potentialAction":[{"@type":"ReadAction","target":["https:\/\/www.sistemametra.com.br\/blog\/sistema-gestao-integrada-seguranca-do-trabalho\/"]}]},{"@type":"ImageObject","inLanguage":"pt-BR","@id":"https:\/\/www.sistemametra.com.br\/blog\/sistema-gestao-integrada-seguranca-do-trabalho\/#primaryimage","url":"https:\/\/www.sistemametra.com.br\/blog\/wp-content\/uploads\/2026\/04\/sistema-gestao-integrada-seguranca-do-trabalho.webp","contentUrl":"https:\/\/www.sistemametra.com.br\/blog\/wp-content\/uploads\/2026\/04\/sistema-gestao-integrada-seguranca-do-trabalho.webp","width":800,"height":800,"caption":"sobre gest\u00e3o integrada seguran\u00e7a do trabalho | Blog Metra"},{"@type":"BreadcrumbList","@id":"https:\/\/www.sistemametra.com.br\/blog\/sistema-gestao-integrada-seguranca-do-trabalho\/#breadcrumb","itemListElement":[{"@type":"ListItem","position":1,"name":"In\u00edcio","item":"https:\/\/www.sistemametra.com.br\/blog\/"},{"@type":"ListItem","position":2,"name":"Como Aprimorar o Sistema de gest\u00e3o integrada seguran\u00e7a do trabalho"}]},{"@type":"WebSite","@id":"https:\/\/www.sistemametra.com.br\/blog\/#website","url":"https:\/\/www.sistemametra.com.br\/blog\/","name":"Blog Metra","description":"Conte\u00fado pr\u00e1tico sobre Sa\u00fade e Seguran\u00e7a do Trabalho: normas, documentos e obriga\u00e7\u00f5es explicados de forma direta para profissionais e empresas.","publisher":{"@id":"https:\/\/www.sistemametra.com.br\/blog\/#organization"},"alternateName":"Sistema Metra","potentialAction":[{"@type":"SearchAction","target":{"@type":"EntryPoint","urlTemplate":"https:\/\/www.sistemametra.com.br\/blog\/?s={search_term_string}"},"query-input":{"@type":"PropertyValueSpecification","valueRequired":true,"valueName":"search_term_string"}}],"inLanguage":"pt-BR"},{"@type":"Organization","@id":"https:\/\/www.sistemametra.com.br\/blog\/#organization","name":"Sistema Metra","url":"https:\/\/www.sistemametra.com.br\/blog\/","logo":{"@type":"ImageObject","inLanguage":"pt-BR","@id":"https:\/\/www.sistemametra.com.br\/blog\/#\/schema\/logo\/image\/","url":"https:\/\/www.sistemametra.com.br\/blog\/wp-content\/uploads\/2026\/04\/blog-metra.webp","contentUrl":"https:\/\/www.sistemametra.com.br\/blog\/wp-content\/uploads\/2026\/04\/blog-metra.webp","width":800,"height":800,"caption":"Sistema Metra"},"image":{"@id":"https:\/\/www.sistemametra.com.br\/blog\/#\/schema\/logo\/image\/"},"sameAs":["https:\/\/www.facebook.com\/metraweb","https:\/\/www.linkedin.com\/company\/metra-web\/?viewAsMember=true","https:\/\/www.youtube.com\/@SistemaMetra"]},{"@type":"Person","@id":"https:\/\/www.sistemametra.com.br\/blog\/#\/schema\/person\/7c04d9110a7e64758ca9951890e56d82","name":"Anderson Fernandes","image":{"@type":"ImageObject","inLanguage":"pt-BR","@id":"https:\/\/secure.gravatar.com\/avatar\/fbe9c5fc3e57710af6aceaea09e3d466e4721a3069e8568b6c9655c7231c5b5e?s=96&d=mm&r=g","url":"https:\/\/secure.gravatar.com\/avatar\/fbe9c5fc3e57710af6aceaea09e3d466e4721a3069e8568b6c9655c7231c5b5e?s=96&d=mm&r=g","contentUrl":"https:\/\/secure.gravatar.com\/avatar\/fbe9c5fc3e57710af6aceaea09e3d466e4721a3069e8568b6c9655c7231c5b5e?s=96&d=mm&r=g","caption":"Anderson Fernandes"},"description":"Com forma\u00e7\u00e3o superior \u00e9 t\u00e9cnico em Seguran\u00e7a do Trabalho do Sistema Metra. H\u00e1 30 anos trabalhando ininterruptamente na \u00e1rea desde 2002. Formado ainda no Curso de Tecn\u00f3logo em Seguran\u00e7a do Trabalho e cursando Engenharia visando a p\u00f3s gradua\u00e7\u00e3o em Seguran\u00e7a do Trabalho. Atua ainda como int\u00e9rprete de LIBRAS e atualmente \u00e9 consultor de diversas empresas em ramos de atividade como: Minera\u00e7\u00e3o, Automobil\u00edstica, Manuten\u00e7\u00e3o El\u00e9trica de Grande Porte, Cer\u00e2mica, Refrat\u00e1rios, Sa\u00fade entre outros. \u00c9 propriet\u00e1rio da empresa Mais Sa\u00fade e Seguran\u00e7a do Trabalho e atende seus clientes de forma personalizada moldando a\u00e7\u00f5es conforme as caracter\u00edsticas de cliente.","sameAs":["https:\/\/www.sistemametra.com.br","https:\/\/www.instagram.com\/andfergom17121999"],"url":"https:\/\/www.sistemametra.com.br\/blog\/author\/anderson-fernandes\/"}]}},"_links":{"self":[{"href":"https:\/\/www.sistemametra.com.br\/blog\/wp-json\/wp\/v2\/posts\/580","targetHints":{"allow":["GET"]}}],"collection":[{"href":"https:\/\/www.sistemametra.com.br\/blog\/wp-json\/wp\/v2\/posts"}],"about":[{"href":"https:\/\/www.sistemametra.com.br\/blog\/wp-json\/wp\/v2\/types\/post"}],"author":[{"embeddable":true,"href":"https:\/\/www.sistemametra.com.br\/blog\/wp-json\/wp\/v2\/users\/3"}],"replies":[{"embeddable":true,"href":"https:\/\/www.sistemametra.com.br\/blog\/wp-json\/wp\/v2\/comments?post=580"}],"version-history":[{"count":1,"href":"https:\/\/www.sistemametra.com.br\/blog\/wp-json\/wp\/v2\/posts\/580\/revisions"}],"predecessor-version":[{"id":794,"href":"https:\/\/www.sistemametra.com.br\/blog\/wp-json\/wp\/v2\/posts\/580\/revisions\/794"}],"wp:featuredmedia":[{"embeddable":true,"href":"https:\/\/www.sistemametra.com.br\/blog\/wp-json\/wp\/v2\/media\/581"}],"wp:attachment":[{"href":"https:\/\/www.sistemametra.com.br\/blog\/wp-json\/wp\/v2\/media?parent=580"}],"wp:term":[{"taxonomy":"category","embeddable":true,"href":"https:\/\/www.sistemametra.com.br\/blog\/wp-json\/wp\/v2\/categories?post=580"},{"taxonomy":"post_tag","embeddable":true,"href":"https:\/\/www.sistemametra.com.br\/blog\/wp-json\/wp\/v2\/tags?post=580"}],"curies":[{"name":"wp","href":"https:\/\/api.w.org\/{rel}","templated":true}]}}