{"id":584,"date":"2026-03-16T00:00:00","date_gmt":"2026-03-16T03:00:00","guid":{"rendered":"https:\/\/www.sistemametra.com.br\/blog\/sistema-medicina-do-trabalho-sst\/"},"modified":"2026-04-28T16:51:11","modified_gmt":"2026-04-28T19:51:11","slug":"sistema-medicina-do-trabalho-sst","status":"publish","type":"post","link":"https:\/\/www.sistemametra.com.br\/blog\/sistema-medicina-do-trabalho-sst\/","title":{"rendered":"Como Aprimorar o Sistema de medicina do trabalho e sst"},"content":{"rendered":"<article>\n<h2>SISTEMA DE MEDICINA DO TRABALHO E SST: A IMPORT\u00c2NCIA DA GEST\u00c3O DA SA\u00daDE E SEGURAN\u00c7A NO TRABALHO<\/h2>\n<p>Est\u00e1 em busca de um sistema eficiente para gerenciar a medicina e seguran\u00e7a do trabalho em sua empresa? Ent\u00e3o conhe\u00e7a o Sistema METRA do segmento de Como Aprimorar o Sistema de Solu\u00e7\u00f5es para Gest\u00e3o de SST e eSocial. Com ele, voc\u00ea ter\u00e1 uma gest\u00e3o completa e eficaz da sa\u00fade e seguran\u00e7a de seus colaboradores, garantindo a conformidade com as normas e leis trabalhistas e, consequentemente, melhorando o desempenho da sua empresa.<\/p>\n<h2>O QUE \u00c9 O SISTEMA DE MEDICINA DO TRABALHO E SST E COMO ELE PODE AJUDAR SUA EMPRESA?<\/h2>\n<p>O <strong>sistema de medicina do trabalho e sst<\/strong> \u00e9 um sistema de gest\u00e3o completo que engloba m\u00f3dulos de medicina do trabalho e seguran\u00e7a do trabalho. Sua funcionalidade \u00e9 proporcionar uma melhor gest\u00e3o da sa\u00fade e seguran\u00e7a dos colaboradores, monitorando e controlando os principais riscos e indicadores de forma automatizada e eficiente.<\/p>\n<p>Com o <strong>sistema de medicina do trabalho e sst<\/strong>, \u00e9 poss\u00edvel realizar todas as etapas da gest\u00e3o de medicina e seguran\u00e7a do trabalho, desde a coleta de dados e emiss\u00e3o de documentos at\u00e9 a an\u00e1lise e gerenciamento de indicadores. Tudo isso de forma integrada e com informa\u00e7\u00f5es precisas, facilitando a tomada de decis\u00f5es e garantindo a conformidade com as normas vigentes.<\/p>\n<h3>Vantagens do Sistema METRA para gest\u00e3o de medicina e seguran\u00e7a do trabalho<\/h3>\n<p>Maior agilidade e efici\u00eancia nos processos de gest\u00e3o da sa\u00fade e seguran\u00e7a do trabalho;<\/p>\n<p>Redu\u00e7\u00e3o de erros na emiss\u00e3o de documentos e cumprimento das obriga\u00e7\u00f5es legais;<\/p>\n<p>Maior controle e monitoramento dos riscos e indicadores laborais;<\/p>\n<p>Melhoria da qualidade de vida e produtividade dos colaboradores;<\/p>\n<p>Facilidade na gera\u00e7\u00e3o de relat\u00f3rios e an\u00e1lise de dados;<\/p>\n<p>Integra\u00e7\u00e3o com o eSocial, facilitando o cumprimento das obriga\u00e7\u00f5es fiscais e previdenci\u00e1rias;<\/p>\n<p>Atualiza\u00e7\u00f5es constantes e suporte t\u00e9cnico especializado.<\/p>\n<h2>APLICABILIDADE DO SISTEMA DE MEDICINA DO TRABALHO E SST PARA EMPRESAS DE DIVERSOS SEGMENTOS<\/h2>\n<p>O Sistema METRA \u00e9 uma solu\u00e7\u00e3o vers\u00e1til, podendo ser utilizado por empresas de diversos segmentos, desde pequenas at\u00e9 grandes organiza\u00e7\u00f5es. Ele se adapta \u00e0s necessidades de cada empresa, garantindo uma gest\u00e3o personalizada e eficiente.<\/p>\n<p>Al\u00e9m disso, o Sistema METRA tamb\u00e9m \u00e9 indicado para empresas que possuem um grande n\u00famero de colaboradores e que precisam cumprir as exig\u00eancias da legisla\u00e7\u00e3o trabalhista. Com ele, voc\u00ea ter\u00e1 mais seguran\u00e7a e tranquilidade na gest\u00e3o da medicina e seguran\u00e7a do trabalho em sua empresa.<\/p>\n<h2>RECOMENDA\u00c7\u00d5ES SOBRE A UTILIZA\u00c7\u00c3O DO SISTEMA METRA<\/h2>\n<p>Para garantir a efici\u00eancia e efic\u00e1cia do Sistema METRA, \u00e9 importante seguir algumas recomenda\u00e7\u00f5es, como:<\/p>\n<p>Investir em treinamento e capacita\u00e7\u00e3o dos colaboradores;<\/p>\n<p>Mapear e entender os processos de medicina e seguran\u00e7a do trabalho em sua empresa;<\/p>\n<p>Atualizar constantemente o sistema e acompanhar as mudan\u00e7as nas normas e legisla\u00e7\u00e3o trabalhista;<\/p>\n<p>Realizar auditorias e monitorar os indicadores de sa\u00fade e seguran\u00e7a dos colaboradores.<\/p>\n<p>Com essas a\u00e7\u00f5es, voc\u00ea garantir\u00e1 uma gest\u00e3o eficiente e efetiva do Sistema METRA em sua empresa, proporcionando um ambiente de trabalho mais seguro e saud\u00e1vel para seus colaboradores e garantindo o cumprimento das obriga\u00e7\u00f5es legais.<\/p>\n<h2>ENTRE EM CONTATO COM A EQUIPE DO SISTEMA DE MEDICINA DO TRABALHO E SST E SOLICITE UMA COTA\u00c7\u00c3O<\/h2>\n<p>Agora que voc\u00ea j\u00e1 conhece a import\u00e2ncia da gest\u00e3o da medicina e seguran\u00e7a do trabalho e as vantagens do Sistema METRA, entre em contato com nossa equipe e solicite uma cota\u00e7\u00e3o. Garanta o melhor sistema de solu\u00e7\u00f5es para gest\u00e3o de SST e eSocial para sua empresa e tenha uma gest\u00e3o eficiente e segura da sa\u00fade e seguran\u00e7a dos seus colaboradores.<\/p>\n<h2>Para saber mais sobre Como Aprimorar o Sistema de medicina do trabalho e sst<\/h2>\n<p>Ligue para <strong>0800-707-5900<\/strong> ou clique aqui e entre em contato por email.<\/p>\n<p>O conte\u00fado do texto desta p\u00e1gina \u00e9 de direito reservado. Sua reprodu\u00e7\u00e3o, parcial ou total, mesmo citando nossos links, \u00e9 proibida sem a autoriza\u00e7\u00e3o do autor. Crime de viola\u00e7\u00e3o de direito autoral \u2013 artigo 184 do C\u00f3digo Penal \u2013 Lei 9610\/98 &#8211; Lei de direitos autorais. <\/article>\n","protected":false},"excerpt":{"rendered":"<p>SISTEMA DE MEDICINA DO TRABALHO E SST: A IMPORT\u00c2NCIA DA GEST\u00c3O DA SA\u00daDE E SEGURAN\u00c7A NO TRABALHO Est\u00e1 em busca de um sistema eficiente para gerenciar a medicina e seguran\u00e7a do trabalho em sua empresa? Ent\u00e3o conhe\u00e7a o Sistema METRA do segmento de Como Aprimorar o Sistema de Solu\u00e7\u00f5es para Gest\u00e3o de SST e eSocial. [&hellip;]<\/p>\n","protected":false},"author":3,"featured_media":585,"comment_status":"open","ping_status":"open","sticky":false,"template":"","format":"standard","meta":{"footnotes":""},"categories":[8],"tags":[],"class_list":["post-584","post","type-post","status-publish","format-standard","has-post-thumbnail","hentry","category-saude-ocupacional"],"yoast_head":"<!-- This site is optimized with the Yoast SEO plugin v27.5 - https:\/\/yoast.com\/product\/yoast-seo-wordpress\/ -->\n<title>Sistema de medicina do trabalho e sst | Sistema Metra<\/title>\n<meta name=\"robots\" content=\"index, follow, max-snippet:-1, max-image-preview:large, max-video-preview:-1\" \/>\n<link rel=\"canonical\" href=\"https:\/\/www.sistemametra.com.br\/blog\/sistema-medicina-do-trabalho-sst\/\" \/>\n<meta property=\"og:locale\" content=\"pt_BR\" \/>\n<meta property=\"og:type\" content=\"article\" \/>\n<meta property=\"og:title\" content=\"Sistema de medicina do trabalho e sst | Sistema Metra\" \/>\n<meta property=\"og:description\" content=\"SISTEMA DE MEDICINA DO TRABALHO E SST: A IMPORT\u00c2NCIA DA GEST\u00c3O DA SA\u00daDE E SEGURAN\u00c7A NO TRABALHO Est\u00e1 em busca de um sistema eficiente para gerenciar a medicina e seguran\u00e7a do trabalho em sua empresa? Ent\u00e3o conhe\u00e7a o Sistema METRA do segmento de Como Aprimorar o Sistema de Solu\u00e7\u00f5es para Gest\u00e3o de SST e eSocial. [&hellip;]\" \/>\n<meta property=\"og:url\" content=\"https:\/\/www.sistemametra.com.br\/blog\/sistema-medicina-do-trabalho-sst\/\" \/>\n<meta property=\"og:site_name\" content=\"Blog Metra\" \/>\n<meta property=\"article:publisher\" content=\"https:\/\/www.facebook.com\/metraweb\" \/>\n<meta property=\"article:published_time\" content=\"2026-03-16T03:00:00+00:00\" \/>\n<meta property=\"article:modified_time\" content=\"2026-04-28T19:51:11+00:00\" \/>\n<meta property=\"og:image\" content=\"https:\/\/www.sistemametra.com.br\/blog\/wp-content\/uploads\/2026\/04\/sistema-medicina-do-trabalho-sst.webp\" \/>\n\t<meta property=\"og:image:width\" content=\"800\" \/>\n\t<meta property=\"og:image:height\" content=\"800\" \/>\n\t<meta property=\"og:image:type\" content=\"image\/jpeg\" \/>\n<meta name=\"author\" content=\"Anderson Fernandes\" \/>\n<meta name=\"twitter:card\" content=\"summary_large_image\" \/>\n<meta name=\"twitter:label1\" content=\"Escrito por\" \/>\n\t<meta name=\"twitter:data1\" content=\"Anderson Fernandes\" \/>\n\t<meta name=\"twitter:label2\" content=\"Est. tempo de leitura\" \/>\n\t<meta name=\"twitter:data2\" content=\"4 minutos\" \/>\n<script type=\"application\/ld+json\" class=\"yoast-schema-graph\">{\"@context\":\"https:\\\/\\\/schema.org\",\"@graph\":[{\"@type\":\"Article\",\"@id\":\"https:\\\/\\\/www.sistemametra.com.br\\\/blog\\\/sistema-medicina-do-trabalho-sst\\\/#article\",\"isPartOf\":{\"@id\":\"https:\\\/\\\/www.sistemametra.com.br\\\/blog\\\/sistema-medicina-do-trabalho-sst\\\/\"},\"author\":{\"name\":\"Anderson Fernandes\",\"@id\":\"https:\\\/\\\/www.sistemametra.com.br\\\/blog\\\/#\\\/schema\\\/person\\\/7c04d9110a7e64758ca9951890e56d82\"},\"headline\":\"Como Aprimorar o Sistema de medicina do trabalho e sst\",\"datePublished\":\"2026-03-16T03:00:00+00:00\",\"dateModified\":\"2026-04-28T19:51:11+00:00\",\"mainEntityOfPage\":{\"@id\":\"https:\\\/\\\/www.sistemametra.com.br\\\/blog\\\/sistema-medicina-do-trabalho-sst\\\/\"},\"wordCount\":730,\"commentCount\":0,\"publisher\":{\"@id\":\"https:\\\/\\\/www.sistemametra.com.br\\\/blog\\\/#organization\"},\"image\":{\"@id\":\"https:\\\/\\\/www.sistemametra.com.br\\\/blog\\\/sistema-medicina-do-trabalho-sst\\\/#primaryimage\"},\"thumbnailUrl\":\"https:\\\/\\\/www.sistemametra.com.br\\\/blog\\\/wp-content\\\/uploads\\\/2026\\\/04\\\/sistema-medicina-do-trabalho-sst.webp\",\"articleSection\":[\"Sa\u00fade Ocupacional\"],\"inLanguage\":\"pt-BR\",\"potentialAction\":[{\"@type\":\"CommentAction\",\"name\":\"Comment\",\"target\":[\"https:\\\/\\\/www.sistemametra.com.br\\\/blog\\\/sistema-medicina-do-trabalho-sst\\\/#respond\"]}]},{\"@type\":\"WebPage\",\"@id\":\"https:\\\/\\\/www.sistemametra.com.br\\\/blog\\\/sistema-medicina-do-trabalho-sst\\\/\",\"url\":\"https:\\\/\\\/www.sistemametra.com.br\\\/blog\\\/sistema-medicina-do-trabalho-sst\\\/\",\"name\":\"Sistema de medicina do trabalho e sst | Sistema Metra\",\"isPartOf\":{\"@id\":\"https:\\\/\\\/www.sistemametra.com.br\\\/blog\\\/#website\"},\"primaryImageOfPage\":{\"@id\":\"https:\\\/\\\/www.sistemametra.com.br\\\/blog\\\/sistema-medicina-do-trabalho-sst\\\/#primaryimage\"},\"image\":{\"@id\":\"https:\\\/\\\/www.sistemametra.com.br\\\/blog\\\/sistema-medicina-do-trabalho-sst\\\/#primaryimage\"},\"thumbnailUrl\":\"https:\\\/\\\/www.sistemametra.com.br\\\/blog\\\/wp-content\\\/uploads\\\/2026\\\/04\\\/sistema-medicina-do-trabalho-sst.webp\",\"datePublished\":\"2026-03-16T03:00:00+00:00\",\"dateModified\":\"2026-04-28T19:51:11+00:00\",\"breadcrumb\":{\"@id\":\"https:\\\/\\\/www.sistemametra.com.br\\\/blog\\\/sistema-medicina-do-trabalho-sst\\\/#breadcrumb\"},\"inLanguage\":\"pt-BR\",\"potentialAction\":[{\"@type\":\"ReadAction\",\"target\":[\"https:\\\/\\\/www.sistemametra.com.br\\\/blog\\\/sistema-medicina-do-trabalho-sst\\\/\"]}]},{\"@type\":\"ImageObject\",\"inLanguage\":\"pt-BR\",\"@id\":\"https:\\\/\\\/www.sistemametra.com.br\\\/blog\\\/sistema-medicina-do-trabalho-sst\\\/#primaryimage\",\"url\":\"https:\\\/\\\/www.sistemametra.com.br\\\/blog\\\/wp-content\\\/uploads\\\/2026\\\/04\\\/sistema-medicina-do-trabalho-sst.webp\",\"contentUrl\":\"https:\\\/\\\/www.sistemametra.com.br\\\/blog\\\/wp-content\\\/uploads\\\/2026\\\/04\\\/sistema-medicina-do-trabalho-sst.webp\",\"width\":800,\"height\":800,\"caption\":\"sobre medicina do trabalho e sst | Blog Metra\"},{\"@type\":\"BreadcrumbList\",\"@id\":\"https:\\\/\\\/www.sistemametra.com.br\\\/blog\\\/sistema-medicina-do-trabalho-sst\\\/#breadcrumb\",\"itemListElement\":[{\"@type\":\"ListItem\",\"position\":1,\"name\":\"In\u00edcio\",\"item\":\"https:\\\/\\\/www.sistemametra.com.br\\\/blog\\\/\"},{\"@type\":\"ListItem\",\"position\":2,\"name\":\"Como Aprimorar o Sistema de medicina do trabalho e sst\"}]},{\"@type\":\"WebSite\",\"@id\":\"https:\\\/\\\/www.sistemametra.com.br\\\/blog\\\/#website\",\"url\":\"https:\\\/\\\/www.sistemametra.com.br\\\/blog\\\/\",\"name\":\"Blog Metra\",\"description\":\"Conte\u00fado pr\u00e1tico sobre Sa\u00fade e Seguran\u00e7a do Trabalho: normas, documentos e obriga\u00e7\u00f5es explicados de forma direta para profissionais e empresas.\",\"publisher\":{\"@id\":\"https:\\\/\\\/www.sistemametra.com.br\\\/blog\\\/#organization\"},\"alternateName\":\"Sistema Metra\",\"potentialAction\":[{\"@type\":\"SearchAction\",\"target\":{\"@type\":\"EntryPoint\",\"urlTemplate\":\"https:\\\/\\\/www.sistemametra.com.br\\\/blog\\\/?s={search_term_string}\"},\"query-input\":{\"@type\":\"PropertyValueSpecification\",\"valueRequired\":true,\"valueName\":\"search_term_string\"}}],\"inLanguage\":\"pt-BR\"},{\"@type\":\"Organization\",\"@id\":\"https:\\\/\\\/www.sistemametra.com.br\\\/blog\\\/#organization\",\"name\":\"Sistema Metra\",\"url\":\"https:\\\/\\\/www.sistemametra.com.br\\\/blog\\\/\",\"logo\":{\"@type\":\"ImageObject\",\"inLanguage\":\"pt-BR\",\"@id\":\"https:\\\/\\\/www.sistemametra.com.br\\\/blog\\\/#\\\/schema\\\/logo\\\/image\\\/\",\"url\":\"https:\\\/\\\/www.sistemametra.com.br\\\/blog\\\/wp-content\\\/uploads\\\/2026\\\/04\\\/blog-metra.webp\",\"contentUrl\":\"https:\\\/\\\/www.sistemametra.com.br\\\/blog\\\/wp-content\\\/uploads\\\/2026\\\/04\\\/blog-metra.webp\",\"width\":800,\"height\":800,\"caption\":\"Sistema Metra\"},\"image\":{\"@id\":\"https:\\\/\\\/www.sistemametra.com.br\\\/blog\\\/#\\\/schema\\\/logo\\\/image\\\/\"},\"sameAs\":[\"https:\\\/\\\/www.facebook.com\\\/metraweb\",\"https:\\\/\\\/www.linkedin.com\\\/company\\\/metra-web\\\/?viewAsMember=true\",\"https:\\\/\\\/www.youtube.com\\\/@SistemaMetra\"]},{\"@type\":\"Person\",\"@id\":\"https:\\\/\\\/www.sistemametra.com.br\\\/blog\\\/#\\\/schema\\\/person\\\/7c04d9110a7e64758ca9951890e56d82\",\"name\":\"Anderson Fernandes\",\"image\":{\"@type\":\"ImageObject\",\"inLanguage\":\"pt-BR\",\"@id\":\"https:\\\/\\\/secure.gravatar.com\\\/avatar\\\/fbe9c5fc3e57710af6aceaea09e3d466e4721a3069e8568b6c9655c7231c5b5e?s=96&d=mm&r=g\",\"url\":\"https:\\\/\\\/secure.gravatar.com\\\/avatar\\\/fbe9c5fc3e57710af6aceaea09e3d466e4721a3069e8568b6c9655c7231c5b5e?s=96&d=mm&r=g\",\"contentUrl\":\"https:\\\/\\\/secure.gravatar.com\\\/avatar\\\/fbe9c5fc3e57710af6aceaea09e3d466e4721a3069e8568b6c9655c7231c5b5e?s=96&d=mm&r=g\",\"caption\":\"Anderson Fernandes\"},\"description\":\"Com forma\u00e7\u00e3o superior \u00e9 t\u00e9cnico em Seguran\u00e7a do Trabalho do Sistema Metra. H\u00e1 30 anos trabalhando ininterruptamente na \u00e1rea desde 2002. Formado ainda no Curso de Tecn\u00f3logo em Seguran\u00e7a do Trabalho e cursando Engenharia visando a p\u00f3s gradua\u00e7\u00e3o em Seguran\u00e7a do Trabalho. Atua ainda como int\u00e9rprete de LIBRAS e atualmente \u00e9 consultor de diversas empresas em ramos de atividade como: Minera\u00e7\u00e3o, Automobil\u00edstica, Manuten\u00e7\u00e3o El\u00e9trica de Grande Porte, Cer\u00e2mica, Refrat\u00e1rios, Sa\u00fade entre outros. \u00c9 propriet\u00e1rio da empresa Mais Sa\u00fade e Seguran\u00e7a do Trabalho e atende seus clientes de forma personalizada moldando a\u00e7\u00f5es conforme as caracter\u00edsticas de cliente.\",\"sameAs\":[\"https:\\\/\\\/www.sistemametra.com.br\",\"https:\\\/\\\/www.instagram.com\\\/andfergom17121999\"],\"url\":\"https:\\\/\\\/www.sistemametra.com.br\\\/blog\\\/author\\\/anderson-fernandes\\\/\"}]}<\/script>\n<!-- \/ Yoast SEO plugin. -->","yoast_head_json":{"title":"Sistema de medicina do trabalho e sst | Sistema Metra","robots":{"index":"index","follow":"follow","max-snippet":"max-snippet:-1","max-image-preview":"max-image-preview:large","max-video-preview":"max-video-preview:-1"},"canonical":"https:\/\/www.sistemametra.com.br\/blog\/sistema-medicina-do-trabalho-sst\/","og_locale":"pt_BR","og_type":"article","og_title":"Sistema de medicina do trabalho e sst | Sistema Metra","og_description":"SISTEMA DE MEDICINA DO TRABALHO E SST: A IMPORT\u00c2NCIA DA GEST\u00c3O DA SA\u00daDE E SEGURAN\u00c7A NO TRABALHO Est\u00e1 em busca de um sistema eficiente para gerenciar a medicina e seguran\u00e7a do trabalho em sua empresa? Ent\u00e3o conhe\u00e7a o Sistema METRA do segmento de Como Aprimorar o Sistema de Solu\u00e7\u00f5es para Gest\u00e3o de SST e eSocial. [&hellip;]","og_url":"https:\/\/www.sistemametra.com.br\/blog\/sistema-medicina-do-trabalho-sst\/","og_site_name":"Blog Metra","article_publisher":"https:\/\/www.facebook.com\/metraweb","article_published_time":"2026-03-16T03:00:00+00:00","article_modified_time":"2026-04-28T19:51:11+00:00","og_image":[{"width":800,"height":800,"url":"https:\/\/www.sistemametra.com.br\/blog\/wp-content\/uploads\/2026\/04\/sistema-medicina-do-trabalho-sst.webp","type":"image\/jpeg"}],"author":"Anderson Fernandes","twitter_card":"summary_large_image","twitter_misc":{"Escrito por":"Anderson Fernandes","Est. tempo de leitura":"4 minutos"},"schema":{"@context":"https:\/\/schema.org","@graph":[{"@type":"Article","@id":"https:\/\/www.sistemametra.com.br\/blog\/sistema-medicina-do-trabalho-sst\/#article","isPartOf":{"@id":"https:\/\/www.sistemametra.com.br\/blog\/sistema-medicina-do-trabalho-sst\/"},"author":{"name":"Anderson Fernandes","@id":"https:\/\/www.sistemametra.com.br\/blog\/#\/schema\/person\/7c04d9110a7e64758ca9951890e56d82"},"headline":"Como Aprimorar o Sistema de medicina do trabalho e sst","datePublished":"2026-03-16T03:00:00+00:00","dateModified":"2026-04-28T19:51:11+00:00","mainEntityOfPage":{"@id":"https:\/\/www.sistemametra.com.br\/blog\/sistema-medicina-do-trabalho-sst\/"},"wordCount":730,"commentCount":0,"publisher":{"@id":"https:\/\/www.sistemametra.com.br\/blog\/#organization"},"image":{"@id":"https:\/\/www.sistemametra.com.br\/blog\/sistema-medicina-do-trabalho-sst\/#primaryimage"},"thumbnailUrl":"https:\/\/www.sistemametra.com.br\/blog\/wp-content\/uploads\/2026\/04\/sistema-medicina-do-trabalho-sst.webp","articleSection":["Sa\u00fade Ocupacional"],"inLanguage":"pt-BR","potentialAction":[{"@type":"CommentAction","name":"Comment","target":["https:\/\/www.sistemametra.com.br\/blog\/sistema-medicina-do-trabalho-sst\/#respond"]}]},{"@type":"WebPage","@id":"https:\/\/www.sistemametra.com.br\/blog\/sistema-medicina-do-trabalho-sst\/","url":"https:\/\/www.sistemametra.com.br\/blog\/sistema-medicina-do-trabalho-sst\/","name":"Sistema de medicina do trabalho e sst | Sistema Metra","isPartOf":{"@id":"https:\/\/www.sistemametra.com.br\/blog\/#website"},"primaryImageOfPage":{"@id":"https:\/\/www.sistemametra.com.br\/blog\/sistema-medicina-do-trabalho-sst\/#primaryimage"},"image":{"@id":"https:\/\/www.sistemametra.com.br\/blog\/sistema-medicina-do-trabalho-sst\/#primaryimage"},"thumbnailUrl":"https:\/\/www.sistemametra.com.br\/blog\/wp-content\/uploads\/2026\/04\/sistema-medicina-do-trabalho-sst.webp","datePublished":"2026-03-16T03:00:00+00:00","dateModified":"2026-04-28T19:51:11+00:00","breadcrumb":{"@id":"https:\/\/www.sistemametra.com.br\/blog\/sistema-medicina-do-trabalho-sst\/#breadcrumb"},"inLanguage":"pt-BR","potentialAction":[{"@type":"ReadAction","target":["https:\/\/www.sistemametra.com.br\/blog\/sistema-medicina-do-trabalho-sst\/"]}]},{"@type":"ImageObject","inLanguage":"pt-BR","@id":"https:\/\/www.sistemametra.com.br\/blog\/sistema-medicina-do-trabalho-sst\/#primaryimage","url":"https:\/\/www.sistemametra.com.br\/blog\/wp-content\/uploads\/2026\/04\/sistema-medicina-do-trabalho-sst.webp","contentUrl":"https:\/\/www.sistemametra.com.br\/blog\/wp-content\/uploads\/2026\/04\/sistema-medicina-do-trabalho-sst.webp","width":800,"height":800,"caption":"sobre medicina do trabalho e sst | Blog Metra"},{"@type":"BreadcrumbList","@id":"https:\/\/www.sistemametra.com.br\/blog\/sistema-medicina-do-trabalho-sst\/#breadcrumb","itemListElement":[{"@type":"ListItem","position":1,"name":"In\u00edcio","item":"https:\/\/www.sistemametra.com.br\/blog\/"},{"@type":"ListItem","position":2,"name":"Como Aprimorar o Sistema de medicina do trabalho e sst"}]},{"@type":"WebSite","@id":"https:\/\/www.sistemametra.com.br\/blog\/#website","url":"https:\/\/www.sistemametra.com.br\/blog\/","name":"Blog Metra","description":"Conte\u00fado pr\u00e1tico sobre Sa\u00fade e Seguran\u00e7a do Trabalho: normas, documentos e obriga\u00e7\u00f5es explicados de forma direta para profissionais e empresas.","publisher":{"@id":"https:\/\/www.sistemametra.com.br\/blog\/#organization"},"alternateName":"Sistema Metra","potentialAction":[{"@type":"SearchAction","target":{"@type":"EntryPoint","urlTemplate":"https:\/\/www.sistemametra.com.br\/blog\/?s={search_term_string}"},"query-input":{"@type":"PropertyValueSpecification","valueRequired":true,"valueName":"search_term_string"}}],"inLanguage":"pt-BR"},{"@type":"Organization","@id":"https:\/\/www.sistemametra.com.br\/blog\/#organization","name":"Sistema Metra","url":"https:\/\/www.sistemametra.com.br\/blog\/","logo":{"@type":"ImageObject","inLanguage":"pt-BR","@id":"https:\/\/www.sistemametra.com.br\/blog\/#\/schema\/logo\/image\/","url":"https:\/\/www.sistemametra.com.br\/blog\/wp-content\/uploads\/2026\/04\/blog-metra.webp","contentUrl":"https:\/\/www.sistemametra.com.br\/blog\/wp-content\/uploads\/2026\/04\/blog-metra.webp","width":800,"height":800,"caption":"Sistema Metra"},"image":{"@id":"https:\/\/www.sistemametra.com.br\/blog\/#\/schema\/logo\/image\/"},"sameAs":["https:\/\/www.facebook.com\/metraweb","https:\/\/www.linkedin.com\/company\/metra-web\/?viewAsMember=true","https:\/\/www.youtube.com\/@SistemaMetra"]},{"@type":"Person","@id":"https:\/\/www.sistemametra.com.br\/blog\/#\/schema\/person\/7c04d9110a7e64758ca9951890e56d82","name":"Anderson Fernandes","image":{"@type":"ImageObject","inLanguage":"pt-BR","@id":"https:\/\/secure.gravatar.com\/avatar\/fbe9c5fc3e57710af6aceaea09e3d466e4721a3069e8568b6c9655c7231c5b5e?s=96&d=mm&r=g","url":"https:\/\/secure.gravatar.com\/avatar\/fbe9c5fc3e57710af6aceaea09e3d466e4721a3069e8568b6c9655c7231c5b5e?s=96&d=mm&r=g","contentUrl":"https:\/\/secure.gravatar.com\/avatar\/fbe9c5fc3e57710af6aceaea09e3d466e4721a3069e8568b6c9655c7231c5b5e?s=96&d=mm&r=g","caption":"Anderson Fernandes"},"description":"Com forma\u00e7\u00e3o superior \u00e9 t\u00e9cnico em Seguran\u00e7a do Trabalho do Sistema Metra. H\u00e1 30 anos trabalhando ininterruptamente na \u00e1rea desde 2002. Formado ainda no Curso de Tecn\u00f3logo em Seguran\u00e7a do Trabalho e cursando Engenharia visando a p\u00f3s gradua\u00e7\u00e3o em Seguran\u00e7a do Trabalho. Atua ainda como int\u00e9rprete de LIBRAS e atualmente \u00e9 consultor de diversas empresas em ramos de atividade como: Minera\u00e7\u00e3o, Automobil\u00edstica, Manuten\u00e7\u00e3o El\u00e9trica de Grande Porte, Cer\u00e2mica, Refrat\u00e1rios, Sa\u00fade entre outros. \u00c9 propriet\u00e1rio da empresa Mais Sa\u00fade e Seguran\u00e7a do Trabalho e atende seus clientes de forma personalizada moldando a\u00e7\u00f5es conforme as caracter\u00edsticas de cliente.","sameAs":["https:\/\/www.sistemametra.com.br","https:\/\/www.instagram.com\/andfergom17121999"],"url":"https:\/\/www.sistemametra.com.br\/blog\/author\/anderson-fernandes\/"}]}},"_links":{"self":[{"href":"https:\/\/www.sistemametra.com.br\/blog\/wp-json\/wp\/v2\/posts\/584","targetHints":{"allow":["GET"]}}],"collection":[{"href":"https:\/\/www.sistemametra.com.br\/blog\/wp-json\/wp\/v2\/posts"}],"about":[{"href":"https:\/\/www.sistemametra.com.br\/blog\/wp-json\/wp\/v2\/types\/post"}],"author":[{"embeddable":true,"href":"https:\/\/www.sistemametra.com.br\/blog\/wp-json\/wp\/v2\/users\/3"}],"replies":[{"embeddable":true,"href":"https:\/\/www.sistemametra.com.br\/blog\/wp-json\/wp\/v2\/comments?post=584"}],"version-history":[{"count":1,"href":"https:\/\/www.sistemametra.com.br\/blog\/wp-json\/wp\/v2\/posts\/584\/revisions"}],"predecessor-version":[{"id":792,"href":"https:\/\/www.sistemametra.com.br\/blog\/wp-json\/wp\/v2\/posts\/584\/revisions\/792"}],"wp:featuredmedia":[{"embeddable":true,"href":"https:\/\/www.sistemametra.com.br\/blog\/wp-json\/wp\/v2\/media\/585"}],"wp:attachment":[{"href":"https:\/\/www.sistemametra.com.br\/blog\/wp-json\/wp\/v2\/media?parent=584"}],"wp:term":[{"taxonomy":"category","embeddable":true,"href":"https:\/\/www.sistemametra.com.br\/blog\/wp-json\/wp\/v2\/categories?post=584"},{"taxonomy":"post_tag","embeddable":true,"href":"https:\/\/www.sistemametra.com.br\/blog\/wp-json\/wp\/v2\/tags?post=584"}],"curies":[{"name":"wp","href":"https:\/\/api.w.org\/{rel}","templated":true}]}}