{"id":590,"date":"2026-03-19T00:00:00","date_gmt":"2026-03-19T03:00:00","guid":{"rendered":"https:\/\/www.sistemametra.com.br\/blog\/sistema-saude-ocupacional-com-esocial\/"},"modified":"2026-04-28T16:51:10","modified_gmt":"2026-04-28T19:51:10","slug":"sistema-saude-ocupacional-com-esocial","status":"publish","type":"post","link":"https:\/\/www.sistemametra.com.br\/blog\/sistema-saude-ocupacional-com-esocial\/","title":{"rendered":"Como Aprimorar o Sistema de sa\u00fade ocupacional com esocial"},"content":{"rendered":"<article>\n<p>Se voc\u00ea \u00e9 gestor de uma empresa e est\u00e1 procurando uma solu\u00e7\u00e3o eficiente para gerir o sistema de sa\u00fade ocupacional e o eSocial, est\u00e1 no lugar certo. A Sistema METRA \u00e9 especialista em Solu\u00e7\u00f5es para Gest\u00e3o de SST e eSocial e pode ser a parceira ideal para a sua empresa. Fa\u00e7a agora uma cota\u00e7\u00e3o e descubra como podemos ajud\u00e1-lo a otimizar os processos e garantir a conformidade com as exig\u00eancias do governo.<\/p>\n<h2>SISTEMA DE SA\u00daDE OCUPACIONAL COM ESOCIAL: O QUE \u00c9 E COMO FUNCIONA<\/h2>\n<p>O sistema de sa\u00fade ocupacional \u00e9 uma ferramenta de gest\u00e3o essencial para empresas que buscam assegurar a sa\u00fade e a seguran\u00e7a dos seus colaboradores. Ele consiste em um conjunto de medidas, procedimentos e a\u00e7\u00f5es que visam prevenir acidentes e doen\u00e7as relacionadas ao trabalho. J\u00e1 o eSocial \u00e9 uma plataforma do governo federal que unifica o envio de informa\u00e7\u00f5es trabalhistas, previdenci\u00e1rias e fiscais por parte das empresas.<\/p>\n<p>Com a obrigatoriedade do eSocial, as empresas precisam estar atentas \u00e0 gest\u00e3o do sistema de sa\u00fade ocupacional, garantindo que todas as informa\u00e7\u00f5es estejam corretas e atualizadas na plataforma. A falta de conformidade com as exig\u00eancias do eSocial pode resultar em penalidades e multas para as empresas.<\/p>\n<h3>Vantagens do uso do sistema de sa\u00fade ocupacional com eSocial<\/h3>\n<p>Al\u00e9m de garantir a conformidade com as exig\u00eancias do governo, o uso do sistema de sa\u00fade ocupacional em conjunto com o eSocial traz diversas vantagens para as empresas. Entre elas, podemos destacar:<\/p>\n<p>Maior seguran\u00e7a e prote\u00e7\u00e3o para os colaboradores;<\/p>\n<p>Redu\u00e7\u00e3o de acidentes e afastamentos;<\/p>\n<p>Melhora na produtividade e qualidade do trabalho;<\/p>\n<p>Otimiza\u00e7\u00e3o dos processos internos;<\/p>\n<p>Melhoria na imagem da empresa;<\/p>\n<p>Evita problemas legais e multas.<\/p>\n<h2>FUNCIONALIDADE E APLICABILIDADE DO SISTEMA DE SA\u00daDE OCUPACIONAL COM ESOCIAL<\/h2>\n<p>O <strong>sistema de sa\u00fade ocupacional com esocial<\/strong> tem como objetivo principal facilitar a gest\u00e3o da sa\u00fade e seguran\u00e7a do trabalho. Ele permite o registro e monitoramento de dados relacionados \u00e0 sa\u00fade dos colaboradores, como exames m\u00e9dicos, acidentes de trabalho, afastamentos e medidas de preven\u00e7\u00e3o. Al\u00e9m disso, tamb\u00e9m possibilita a elabora\u00e7\u00e3o de relat\u00f3rios e envio de informa\u00e7\u00f5es de forma unificada para a plataforma do eSocial.<\/p>\n<p>Esse sistema \u00e9 aplic\u00e1vel a empresas de todos os portes e segmentos, sendo obrigat\u00f3rio apenas para aquelas com mais de 20 funcion\u00e1rios. No entanto, mesmo as empresas com menos de 20 funcion\u00e1rios podem se beneficiar do uso do sistema para garantir a seguran\u00e7a e bem-estar dos seus colaboradores.<\/p>\n<h2>RECOMENDA\u00c7\u00d5ES PARA A GEST\u00c3O DO SISTEMA DE SA\u00daDE OCUPACIONAL COM ESOCIAL<\/h2>\n<p>Para uma gest\u00e3o eficiente do <strong>sistema de sa\u00fade ocupacional com esocial<\/strong>, \u00e9 fundamental que a empresa conte com uma equipe qualificada e dedicada a esse processo. Al\u00e9m disso, \u00e9 importante manter os dados atualizados e realizar treinamentos para garantir que todos os colaboradores estejam cientes das medidas de preven\u00e7\u00e3o e procedimentos em caso de acidentes.<\/p>\n<p>Outra dica importante \u00e9 buscar por uma empresa especializada em Solu\u00e7\u00f5es para Gest\u00e3o de SST e eSocial, como a Sistema METRA, para garantir que o sistema seja utilizado de forma correta e eficiente.<\/p>\n<p>Com todas essas informa\u00e7\u00f5es, fica claro que o <strong>sistema de sa\u00fade ocupacional com esocial<\/strong> \u00e9 essencial para o bom funcionamento e conformidade de uma empresa. N\u00e3o deixe de investir nessa ferramenta e garanta a sa\u00fade e seguran\u00e7a dos seus colaboradores, assim como a sustentabilidade do seu neg\u00f3cio. Entre em contato com a Sistema METRA e conhe\u00e7a mais sobre nossas solu\u00e7\u00f5es para gest\u00e3o de SST e eSocial.<\/p>\n<h2>Para saber mais sobre Como Aprimorar o Sistema de sa\u00fade ocupacional com esocial<\/h2>\n<p>Ligue para <strong>0800-707-5900 <\/strong>ou clique aqui e entre em contato por email.<\/p>\n<p>O conte\u00fado do texto desta p\u00e1gina \u00e9 de direito reservado. Sua reprodu\u00e7\u00e3o, parcial ou total, mesmo citando nossos links, \u00e9 proibida sem a autoriza\u00e7\u00e3o do autor. Crime de viola\u00e7\u00e3o de direito autoral \u2013 artigo 184 do C\u00f3digo Penal \u2013 Lei 9610\/98 &#8211; Lei de direitos autorais. <\/article>\n","protected":false},"excerpt":{"rendered":"<p>Se voc\u00ea \u00e9 gestor de uma empresa e est\u00e1 procurando uma solu\u00e7\u00e3o eficiente para gerir o sistema de sa\u00fade ocupacional e o eSocial, est\u00e1 no lugar certo. A Sistema METRA \u00e9 especialista em Solu\u00e7\u00f5es para Gest\u00e3o de SST e eSocial e pode ser a parceira ideal para a sua empresa. Fa\u00e7a agora uma cota\u00e7\u00e3o e [&hellip;]<\/p>\n","protected":false},"author":3,"featured_media":591,"comment_status":"open","ping_status":"open","sticky":false,"template":"","format":"standard","meta":{"footnotes":""},"categories":[5,27],"tags":[],"class_list":["post-590","post","type-post","status-publish","format-standard","has-post-thumbnail","hentry","category-esocial","category-esocial-sst"],"yoast_head":"<!-- This site is optimized with the Yoast SEO plugin v27.5 - https:\/\/yoast.com\/product\/yoast-seo-wordpress\/ -->\n<title>Sistema de sa\u00fade ocupacional com esocial | Sistema Metra<\/title>\n<meta name=\"robots\" content=\"index, follow, max-snippet:-1, max-image-preview:large, max-video-preview:-1\" \/>\n<link rel=\"canonical\" href=\"https:\/\/www.sistemametra.com.br\/blog\/sistema-saude-ocupacional-com-esocial\/\" \/>\n<meta property=\"og:locale\" content=\"pt_BR\" \/>\n<meta property=\"og:type\" content=\"article\" \/>\n<meta property=\"og:title\" content=\"Sistema de sa\u00fade ocupacional com esocial | Sistema Metra\" \/>\n<meta property=\"og:description\" content=\"Se voc\u00ea \u00e9 gestor de uma empresa e est\u00e1 procurando uma solu\u00e7\u00e3o eficiente para gerir o sistema de sa\u00fade ocupacional e o eSocial, est\u00e1 no lugar certo. A Sistema METRA \u00e9 especialista em Solu\u00e7\u00f5es para Gest\u00e3o de SST e eSocial e pode ser a parceira ideal para a sua empresa. Fa\u00e7a agora uma cota\u00e7\u00e3o e [&hellip;]\" \/>\n<meta property=\"og:url\" content=\"https:\/\/www.sistemametra.com.br\/blog\/sistema-saude-ocupacional-com-esocial\/\" \/>\n<meta property=\"og:site_name\" content=\"Blog Metra\" \/>\n<meta property=\"article:publisher\" content=\"https:\/\/www.facebook.com\/metraweb\" \/>\n<meta property=\"article:published_time\" content=\"2026-03-19T03:00:00+00:00\" \/>\n<meta property=\"article:modified_time\" content=\"2026-04-28T19:51:10+00:00\" \/>\n<meta property=\"og:image\" content=\"https:\/\/www.sistemametra.com.br\/blog\/wp-content\/uploads\/2026\/04\/sistema-saude-ocupacional-com-esocial.webp\" \/>\n\t<meta property=\"og:image:width\" content=\"800\" \/>\n\t<meta property=\"og:image:height\" content=\"800\" \/>\n\t<meta property=\"og:image:type\" content=\"image\/jpeg\" \/>\n<meta name=\"author\" content=\"Anderson Fernandes\" \/>\n<meta name=\"twitter:card\" content=\"summary_large_image\" \/>\n<meta name=\"twitter:label1\" content=\"Escrito por\" \/>\n\t<meta name=\"twitter:data1\" content=\"Anderson Fernandes\" \/>\n\t<meta name=\"twitter:label2\" content=\"Est. tempo de leitura\" \/>\n\t<meta name=\"twitter:data2\" content=\"3 minutos\" \/>\n<script type=\"application\/ld+json\" class=\"yoast-schema-graph\">{\"@context\":\"https:\\\/\\\/schema.org\",\"@graph\":[{\"@type\":\"Article\",\"@id\":\"https:\\\/\\\/www.sistemametra.com.br\\\/blog\\\/sistema-saude-ocupacional-com-esocial\\\/#article\",\"isPartOf\":{\"@id\":\"https:\\\/\\\/www.sistemametra.com.br\\\/blog\\\/sistema-saude-ocupacional-com-esocial\\\/\"},\"author\":{\"name\":\"Anderson Fernandes\",\"@id\":\"https:\\\/\\\/www.sistemametra.com.br\\\/blog\\\/#\\\/schema\\\/person\\\/7c04d9110a7e64758ca9951890e56d82\"},\"headline\":\"Como Aprimorar o Sistema de sa\u00fade ocupacional com esocial\",\"datePublished\":\"2026-03-19T03:00:00+00:00\",\"dateModified\":\"2026-04-28T19:51:10+00:00\",\"mainEntityOfPage\":{\"@id\":\"https:\\\/\\\/www.sistemametra.com.br\\\/blog\\\/sistema-saude-ocupacional-com-esocial\\\/\"},\"wordCount\":692,\"commentCount\":0,\"publisher\":{\"@id\":\"https:\\\/\\\/www.sistemametra.com.br\\\/blog\\\/#organization\"},\"image\":{\"@id\":\"https:\\\/\\\/www.sistemametra.com.br\\\/blog\\\/sistema-saude-ocupacional-com-esocial\\\/#primaryimage\"},\"thumbnailUrl\":\"https:\\\/\\\/www.sistemametra.com.br\\\/blog\\\/wp-content\\\/uploads\\\/2026\\\/04\\\/sistema-saude-ocupacional-com-esocial.webp\",\"articleSection\":[\"eSocial\",\"eSocial SST\"],\"inLanguage\":\"pt-BR\",\"potentialAction\":[{\"@type\":\"CommentAction\",\"name\":\"Comment\",\"target\":[\"https:\\\/\\\/www.sistemametra.com.br\\\/blog\\\/sistema-saude-ocupacional-com-esocial\\\/#respond\"]}]},{\"@type\":\"WebPage\",\"@id\":\"https:\\\/\\\/www.sistemametra.com.br\\\/blog\\\/sistema-saude-ocupacional-com-esocial\\\/\",\"url\":\"https:\\\/\\\/www.sistemametra.com.br\\\/blog\\\/sistema-saude-ocupacional-com-esocial\\\/\",\"name\":\"Sistema de sa\u00fade ocupacional com esocial | Sistema Metra\",\"isPartOf\":{\"@id\":\"https:\\\/\\\/www.sistemametra.com.br\\\/blog\\\/#website\"},\"primaryImageOfPage\":{\"@id\":\"https:\\\/\\\/www.sistemametra.com.br\\\/blog\\\/sistema-saude-ocupacional-com-esocial\\\/#primaryimage\"},\"image\":{\"@id\":\"https:\\\/\\\/www.sistemametra.com.br\\\/blog\\\/sistema-saude-ocupacional-com-esocial\\\/#primaryimage\"},\"thumbnailUrl\":\"https:\\\/\\\/www.sistemametra.com.br\\\/blog\\\/wp-content\\\/uploads\\\/2026\\\/04\\\/sistema-saude-ocupacional-com-esocial.webp\",\"datePublished\":\"2026-03-19T03:00:00+00:00\",\"dateModified\":\"2026-04-28T19:51:10+00:00\",\"breadcrumb\":{\"@id\":\"https:\\\/\\\/www.sistemametra.com.br\\\/blog\\\/sistema-saude-ocupacional-com-esocial\\\/#breadcrumb\"},\"inLanguage\":\"pt-BR\",\"potentialAction\":[{\"@type\":\"ReadAction\",\"target\":[\"https:\\\/\\\/www.sistemametra.com.br\\\/blog\\\/sistema-saude-ocupacional-com-esocial\\\/\"]}]},{\"@type\":\"ImageObject\",\"inLanguage\":\"pt-BR\",\"@id\":\"https:\\\/\\\/www.sistemametra.com.br\\\/blog\\\/sistema-saude-ocupacional-com-esocial\\\/#primaryimage\",\"url\":\"https:\\\/\\\/www.sistemametra.com.br\\\/blog\\\/wp-content\\\/uploads\\\/2026\\\/04\\\/sistema-saude-ocupacional-com-esocial.webp\",\"contentUrl\":\"https:\\\/\\\/www.sistemametra.com.br\\\/blog\\\/wp-content\\\/uploads\\\/2026\\\/04\\\/sistema-saude-ocupacional-com-esocial.webp\",\"width\":800,\"height\":800,\"caption\":\"sobre sa\u00fade ocupacional com esocial | Blog Metra\"},{\"@type\":\"BreadcrumbList\",\"@id\":\"https:\\\/\\\/www.sistemametra.com.br\\\/blog\\\/sistema-saude-ocupacional-com-esocial\\\/#breadcrumb\",\"itemListElement\":[{\"@type\":\"ListItem\",\"position\":1,\"name\":\"In\u00edcio\",\"item\":\"https:\\\/\\\/www.sistemametra.com.br\\\/blog\\\/\"},{\"@type\":\"ListItem\",\"position\":2,\"name\":\"Como Aprimorar o Sistema de sa\u00fade ocupacional com esocial\"}]},{\"@type\":\"WebSite\",\"@id\":\"https:\\\/\\\/www.sistemametra.com.br\\\/blog\\\/#website\",\"url\":\"https:\\\/\\\/www.sistemametra.com.br\\\/blog\\\/\",\"name\":\"Blog Metra\",\"description\":\"Conte\u00fado pr\u00e1tico sobre Sa\u00fade e Seguran\u00e7a do Trabalho: normas, documentos e obriga\u00e7\u00f5es explicados de forma direta para profissionais e empresas.\",\"publisher\":{\"@id\":\"https:\\\/\\\/www.sistemametra.com.br\\\/blog\\\/#organization\"},\"alternateName\":\"Sistema Metra\",\"potentialAction\":[{\"@type\":\"SearchAction\",\"target\":{\"@type\":\"EntryPoint\",\"urlTemplate\":\"https:\\\/\\\/www.sistemametra.com.br\\\/blog\\\/?s={search_term_string}\"},\"query-input\":{\"@type\":\"PropertyValueSpecification\",\"valueRequired\":true,\"valueName\":\"search_term_string\"}}],\"inLanguage\":\"pt-BR\"},{\"@type\":\"Organization\",\"@id\":\"https:\\\/\\\/www.sistemametra.com.br\\\/blog\\\/#organization\",\"name\":\"Sistema Metra\",\"url\":\"https:\\\/\\\/www.sistemametra.com.br\\\/blog\\\/\",\"logo\":{\"@type\":\"ImageObject\",\"inLanguage\":\"pt-BR\",\"@id\":\"https:\\\/\\\/www.sistemametra.com.br\\\/blog\\\/#\\\/schema\\\/logo\\\/image\\\/\",\"url\":\"https:\\\/\\\/www.sistemametra.com.br\\\/blog\\\/wp-content\\\/uploads\\\/2026\\\/04\\\/blog-metra.webp\",\"contentUrl\":\"https:\\\/\\\/www.sistemametra.com.br\\\/blog\\\/wp-content\\\/uploads\\\/2026\\\/04\\\/blog-metra.webp\",\"width\":800,\"height\":800,\"caption\":\"Sistema Metra\"},\"image\":{\"@id\":\"https:\\\/\\\/www.sistemametra.com.br\\\/blog\\\/#\\\/schema\\\/logo\\\/image\\\/\"},\"sameAs\":[\"https:\\\/\\\/www.facebook.com\\\/metraweb\",\"https:\\\/\\\/www.linkedin.com\\\/company\\\/metra-web\\\/?viewAsMember=true\",\"https:\\\/\\\/www.youtube.com\\\/@SistemaMetra\"]},{\"@type\":\"Person\",\"@id\":\"https:\\\/\\\/www.sistemametra.com.br\\\/blog\\\/#\\\/schema\\\/person\\\/7c04d9110a7e64758ca9951890e56d82\",\"name\":\"Anderson Fernandes\",\"image\":{\"@type\":\"ImageObject\",\"inLanguage\":\"pt-BR\",\"@id\":\"https:\\\/\\\/secure.gravatar.com\\\/avatar\\\/fbe9c5fc3e57710af6aceaea09e3d466e4721a3069e8568b6c9655c7231c5b5e?s=96&d=mm&r=g\",\"url\":\"https:\\\/\\\/secure.gravatar.com\\\/avatar\\\/fbe9c5fc3e57710af6aceaea09e3d466e4721a3069e8568b6c9655c7231c5b5e?s=96&d=mm&r=g\",\"contentUrl\":\"https:\\\/\\\/secure.gravatar.com\\\/avatar\\\/fbe9c5fc3e57710af6aceaea09e3d466e4721a3069e8568b6c9655c7231c5b5e?s=96&d=mm&r=g\",\"caption\":\"Anderson Fernandes\"},\"description\":\"Com forma\u00e7\u00e3o superior \u00e9 t\u00e9cnico em Seguran\u00e7a do Trabalho do Sistema Metra. H\u00e1 30 anos trabalhando ininterruptamente na \u00e1rea desde 2002. Formado ainda no Curso de Tecn\u00f3logo em Seguran\u00e7a do Trabalho e cursando Engenharia visando a p\u00f3s gradua\u00e7\u00e3o em Seguran\u00e7a do Trabalho. Atua ainda como int\u00e9rprete de LIBRAS e atualmente \u00e9 consultor de diversas empresas em ramos de atividade como: Minera\u00e7\u00e3o, Automobil\u00edstica, Manuten\u00e7\u00e3o El\u00e9trica de Grande Porte, Cer\u00e2mica, Refrat\u00e1rios, Sa\u00fade entre outros. \u00c9 propriet\u00e1rio da empresa Mais Sa\u00fade e Seguran\u00e7a do Trabalho e atende seus clientes de forma personalizada moldando a\u00e7\u00f5es conforme as caracter\u00edsticas de cliente.\",\"sameAs\":[\"https:\\\/\\\/www.sistemametra.com.br\",\"https:\\\/\\\/www.instagram.com\\\/andfergom17121999\"],\"url\":\"https:\\\/\\\/www.sistemametra.com.br\\\/blog\\\/author\\\/anderson-fernandes\\\/\"}]}<\/script>\n<!-- \/ Yoast SEO plugin. -->","yoast_head_json":{"title":"Sistema de sa\u00fade ocupacional com esocial | Sistema Metra","robots":{"index":"index","follow":"follow","max-snippet":"max-snippet:-1","max-image-preview":"max-image-preview:large","max-video-preview":"max-video-preview:-1"},"canonical":"https:\/\/www.sistemametra.com.br\/blog\/sistema-saude-ocupacional-com-esocial\/","og_locale":"pt_BR","og_type":"article","og_title":"Sistema de sa\u00fade ocupacional com esocial | Sistema Metra","og_description":"Se voc\u00ea \u00e9 gestor de uma empresa e est\u00e1 procurando uma solu\u00e7\u00e3o eficiente para gerir o sistema de sa\u00fade ocupacional e o eSocial, est\u00e1 no lugar certo. A Sistema METRA \u00e9 especialista em Solu\u00e7\u00f5es para Gest\u00e3o de SST e eSocial e pode ser a parceira ideal para a sua empresa. Fa\u00e7a agora uma cota\u00e7\u00e3o e [&hellip;]","og_url":"https:\/\/www.sistemametra.com.br\/blog\/sistema-saude-ocupacional-com-esocial\/","og_site_name":"Blog Metra","article_publisher":"https:\/\/www.facebook.com\/metraweb","article_published_time":"2026-03-19T03:00:00+00:00","article_modified_time":"2026-04-28T19:51:10+00:00","og_image":[{"width":800,"height":800,"url":"https:\/\/www.sistemametra.com.br\/blog\/wp-content\/uploads\/2026\/04\/sistema-saude-ocupacional-com-esocial.webp","type":"image\/jpeg"}],"author":"Anderson Fernandes","twitter_card":"summary_large_image","twitter_misc":{"Escrito por":"Anderson Fernandes","Est. tempo de leitura":"3 minutos"},"schema":{"@context":"https:\/\/schema.org","@graph":[{"@type":"Article","@id":"https:\/\/www.sistemametra.com.br\/blog\/sistema-saude-ocupacional-com-esocial\/#article","isPartOf":{"@id":"https:\/\/www.sistemametra.com.br\/blog\/sistema-saude-ocupacional-com-esocial\/"},"author":{"name":"Anderson Fernandes","@id":"https:\/\/www.sistemametra.com.br\/blog\/#\/schema\/person\/7c04d9110a7e64758ca9951890e56d82"},"headline":"Como Aprimorar o Sistema de sa\u00fade ocupacional com esocial","datePublished":"2026-03-19T03:00:00+00:00","dateModified":"2026-04-28T19:51:10+00:00","mainEntityOfPage":{"@id":"https:\/\/www.sistemametra.com.br\/blog\/sistema-saude-ocupacional-com-esocial\/"},"wordCount":692,"commentCount":0,"publisher":{"@id":"https:\/\/www.sistemametra.com.br\/blog\/#organization"},"image":{"@id":"https:\/\/www.sistemametra.com.br\/blog\/sistema-saude-ocupacional-com-esocial\/#primaryimage"},"thumbnailUrl":"https:\/\/www.sistemametra.com.br\/blog\/wp-content\/uploads\/2026\/04\/sistema-saude-ocupacional-com-esocial.webp","articleSection":["eSocial","eSocial SST"],"inLanguage":"pt-BR","potentialAction":[{"@type":"CommentAction","name":"Comment","target":["https:\/\/www.sistemametra.com.br\/blog\/sistema-saude-ocupacional-com-esocial\/#respond"]}]},{"@type":"WebPage","@id":"https:\/\/www.sistemametra.com.br\/blog\/sistema-saude-ocupacional-com-esocial\/","url":"https:\/\/www.sistemametra.com.br\/blog\/sistema-saude-ocupacional-com-esocial\/","name":"Sistema de sa\u00fade ocupacional com esocial | Sistema Metra","isPartOf":{"@id":"https:\/\/www.sistemametra.com.br\/blog\/#website"},"primaryImageOfPage":{"@id":"https:\/\/www.sistemametra.com.br\/blog\/sistema-saude-ocupacional-com-esocial\/#primaryimage"},"image":{"@id":"https:\/\/www.sistemametra.com.br\/blog\/sistema-saude-ocupacional-com-esocial\/#primaryimage"},"thumbnailUrl":"https:\/\/www.sistemametra.com.br\/blog\/wp-content\/uploads\/2026\/04\/sistema-saude-ocupacional-com-esocial.webp","datePublished":"2026-03-19T03:00:00+00:00","dateModified":"2026-04-28T19:51:10+00:00","breadcrumb":{"@id":"https:\/\/www.sistemametra.com.br\/blog\/sistema-saude-ocupacional-com-esocial\/#breadcrumb"},"inLanguage":"pt-BR","potentialAction":[{"@type":"ReadAction","target":["https:\/\/www.sistemametra.com.br\/blog\/sistema-saude-ocupacional-com-esocial\/"]}]},{"@type":"ImageObject","inLanguage":"pt-BR","@id":"https:\/\/www.sistemametra.com.br\/blog\/sistema-saude-ocupacional-com-esocial\/#primaryimage","url":"https:\/\/www.sistemametra.com.br\/blog\/wp-content\/uploads\/2026\/04\/sistema-saude-ocupacional-com-esocial.webp","contentUrl":"https:\/\/www.sistemametra.com.br\/blog\/wp-content\/uploads\/2026\/04\/sistema-saude-ocupacional-com-esocial.webp","width":800,"height":800,"caption":"sobre sa\u00fade ocupacional com esocial | Blog Metra"},{"@type":"BreadcrumbList","@id":"https:\/\/www.sistemametra.com.br\/blog\/sistema-saude-ocupacional-com-esocial\/#breadcrumb","itemListElement":[{"@type":"ListItem","position":1,"name":"In\u00edcio","item":"https:\/\/www.sistemametra.com.br\/blog\/"},{"@type":"ListItem","position":2,"name":"Como Aprimorar o Sistema de sa\u00fade ocupacional com esocial"}]},{"@type":"WebSite","@id":"https:\/\/www.sistemametra.com.br\/blog\/#website","url":"https:\/\/www.sistemametra.com.br\/blog\/","name":"Blog Metra","description":"Conte\u00fado pr\u00e1tico sobre Sa\u00fade e Seguran\u00e7a do Trabalho: normas, documentos e obriga\u00e7\u00f5es explicados de forma direta para profissionais e empresas.","publisher":{"@id":"https:\/\/www.sistemametra.com.br\/blog\/#organization"},"alternateName":"Sistema Metra","potentialAction":[{"@type":"SearchAction","target":{"@type":"EntryPoint","urlTemplate":"https:\/\/www.sistemametra.com.br\/blog\/?s={search_term_string}"},"query-input":{"@type":"PropertyValueSpecification","valueRequired":true,"valueName":"search_term_string"}}],"inLanguage":"pt-BR"},{"@type":"Organization","@id":"https:\/\/www.sistemametra.com.br\/blog\/#organization","name":"Sistema Metra","url":"https:\/\/www.sistemametra.com.br\/blog\/","logo":{"@type":"ImageObject","inLanguage":"pt-BR","@id":"https:\/\/www.sistemametra.com.br\/blog\/#\/schema\/logo\/image\/","url":"https:\/\/www.sistemametra.com.br\/blog\/wp-content\/uploads\/2026\/04\/blog-metra.webp","contentUrl":"https:\/\/www.sistemametra.com.br\/blog\/wp-content\/uploads\/2026\/04\/blog-metra.webp","width":800,"height":800,"caption":"Sistema Metra"},"image":{"@id":"https:\/\/www.sistemametra.com.br\/blog\/#\/schema\/logo\/image\/"},"sameAs":["https:\/\/www.facebook.com\/metraweb","https:\/\/www.linkedin.com\/company\/metra-web\/?viewAsMember=true","https:\/\/www.youtube.com\/@SistemaMetra"]},{"@type":"Person","@id":"https:\/\/www.sistemametra.com.br\/blog\/#\/schema\/person\/7c04d9110a7e64758ca9951890e56d82","name":"Anderson Fernandes","image":{"@type":"ImageObject","inLanguage":"pt-BR","@id":"https:\/\/secure.gravatar.com\/avatar\/fbe9c5fc3e57710af6aceaea09e3d466e4721a3069e8568b6c9655c7231c5b5e?s=96&d=mm&r=g","url":"https:\/\/secure.gravatar.com\/avatar\/fbe9c5fc3e57710af6aceaea09e3d466e4721a3069e8568b6c9655c7231c5b5e?s=96&d=mm&r=g","contentUrl":"https:\/\/secure.gravatar.com\/avatar\/fbe9c5fc3e57710af6aceaea09e3d466e4721a3069e8568b6c9655c7231c5b5e?s=96&d=mm&r=g","caption":"Anderson Fernandes"},"description":"Com forma\u00e7\u00e3o superior \u00e9 t\u00e9cnico em Seguran\u00e7a do Trabalho do Sistema Metra. H\u00e1 30 anos trabalhando ininterruptamente na \u00e1rea desde 2002. Formado ainda no Curso de Tecn\u00f3logo em Seguran\u00e7a do Trabalho e cursando Engenharia visando a p\u00f3s gradua\u00e7\u00e3o em Seguran\u00e7a do Trabalho. Atua ainda como int\u00e9rprete de LIBRAS e atualmente \u00e9 consultor de diversas empresas em ramos de atividade como: Minera\u00e7\u00e3o, Automobil\u00edstica, Manuten\u00e7\u00e3o El\u00e9trica de Grande Porte, Cer\u00e2mica, Refrat\u00e1rios, Sa\u00fade entre outros. \u00c9 propriet\u00e1rio da empresa Mais Sa\u00fade e Seguran\u00e7a do Trabalho e atende seus clientes de forma personalizada moldando a\u00e7\u00f5es conforme as caracter\u00edsticas de cliente.","sameAs":["https:\/\/www.sistemametra.com.br","https:\/\/www.instagram.com\/andfergom17121999"],"url":"https:\/\/www.sistemametra.com.br\/blog\/author\/anderson-fernandes\/"}]}},"_links":{"self":[{"href":"https:\/\/www.sistemametra.com.br\/blog\/wp-json\/wp\/v2\/posts\/590","targetHints":{"allow":["GET"]}}],"collection":[{"href":"https:\/\/www.sistemametra.com.br\/blog\/wp-json\/wp\/v2\/posts"}],"about":[{"href":"https:\/\/www.sistemametra.com.br\/blog\/wp-json\/wp\/v2\/types\/post"}],"author":[{"embeddable":true,"href":"https:\/\/www.sistemametra.com.br\/blog\/wp-json\/wp\/v2\/users\/3"}],"replies":[{"embeddable":true,"href":"https:\/\/www.sistemametra.com.br\/blog\/wp-json\/wp\/v2\/comments?post=590"}],"version-history":[{"count":1,"href":"https:\/\/www.sistemametra.com.br\/blog\/wp-json\/wp\/v2\/posts\/590\/revisions"}],"predecessor-version":[{"id":789,"href":"https:\/\/www.sistemametra.com.br\/blog\/wp-json\/wp\/v2\/posts\/590\/revisions\/789"}],"wp:featuredmedia":[{"embeddable":true,"href":"https:\/\/www.sistemametra.com.br\/blog\/wp-json\/wp\/v2\/media\/591"}],"wp:attachment":[{"href":"https:\/\/www.sistemametra.com.br\/blog\/wp-json\/wp\/v2\/media?parent=590"}],"wp:term":[{"taxonomy":"category","embeddable":true,"href":"https:\/\/www.sistemametra.com.br\/blog\/wp-json\/wp\/v2\/categories?post=590"},{"taxonomy":"post_tag","embeddable":true,"href":"https:\/\/www.sistemametra.com.br\/blog\/wp-json\/wp\/v2\/tags?post=590"}],"curies":[{"name":"wp","href":"https:\/\/api.w.org\/{rel}","templated":true}]}}