{"id":646,"date":"2026-04-16T00:00:00","date_gmt":"2026-04-16T03:00:00","guid":{"rendered":"https:\/\/www.sistemametra.com.br\/blog\/software-saude-ocupacional-esocial\/"},"modified":"2026-04-28T16:50:57","modified_gmt":"2026-04-28T19:50:57","slug":"software-saude-ocupacional-esocial","status":"publish","type":"post","link":"https:\/\/www.sistemametra.com.br\/blog\/software-saude-ocupacional-esocial\/","title":{"rendered":"Os Melhores Software de sa\u00fade ocupacional com esocial"},"content":{"rendered":"<article>\n<p>Voc\u00ea, empres\u00e1rio e gestor, est\u00e1 procurando uma forma eficiente de gerenciar a sa\u00fade ocupacional de seus colaboradores? Ent\u00e3o fa\u00e7a agora mesmo uma cota\u00e7\u00e3o na Sistema METRA. Nosso software \u00e9 especializado em solu\u00e7\u00f5es para Gest\u00e3o de SST e eSocial, garantindo a seguran\u00e7a e o bem-estar de seus funcion\u00e1rios. Com a regulariza\u00e7\u00e3o do eSocial, torna-se cada vez mais importante contar com um sistema integrado que facilite o cumprimento das obriga\u00e7\u00f5es e garanta o bom funcionamento da empresa. Conte com a Sistema METRA para cuidar da sa\u00fade dos seus colaboradores!<\/p>\n<h2>CONHE\u00c7A SOBRE SOFTWARE DE SA\u00daDE OCUPACIONAL COM ESOCIAL<\/h2>\n<p>O <strong>software de sa\u00fade ocupacional com esocial<\/strong> \u00e9 uma ferramenta indispens\u00e1vel para empresas que desejam ter um controle eficiente e organizado da sa\u00fade de seus colaboradores. Com a regulariza\u00e7\u00e3o do eSocial, que tem como objetivo unificar as informa\u00e7\u00f5es trabalhistas, previdenci\u00e1rias e fiscais das empresas, tornou-se essencial contar com um sistema que facilite o cumprimento das obriga\u00e7\u00f5es e garanta a seguran\u00e7a e bem-estar dos funcion\u00e1rios.<\/p>\n<h2>USO E VANTAGENS DO SOFTWARE DE SA\u00daDE OCUPACIONAL COM ESOCIAL<\/h2>\n<p>O principal uso do <strong>software de sa\u00fade ocupacional com esocial<\/strong> \u00e9 o gerenciamento de todas as informa\u00e7\u00f5es relacionadas \u00e0 sa\u00fade do trabalhador, como exames m\u00e9dicos, atestados, afastamentos, entre outros. Al\u00e9m disso, esse sistema proporciona in\u00fameras vantagens para as empresas, como:<\/p>\n<p>Facilita o cumprimento das obriga\u00e7\u00f5es do eSocial;<\/p>\n<p>Integra todos os setores da empresa;<\/p>\n<p>Reduz o tempo gasto com burocracias;<\/p>\n<p>Garante a seguran\u00e7a e a privacidade dos dados dos funcion\u00e1rios;<\/p>\n<p>Possibilita a gest\u00e3o eficiente da sa\u00fade ocupacional, prevenindo doen\u00e7as e acidentes de trabalho;<\/p>\n<p>Permite an\u00e1lise de dados para tomada de decis\u00e3o mais estrat\u00e9gica;<\/p>\n<p>Rapidez e agilidade nas informa\u00e7\u00f5es geradas;<\/p>\n<p>Controle de prazos e vencimentos de exames m\u00e9dicos e documentos;<\/p>\n<p>Otimiza\u00e7\u00e3o do tempo e dos recursos da empresa.<\/p>\n<h2>FUNCIONALIDADE E APLICABILIDADE DO SOFTWARE DE SA\u00daDE OCUPACIONAL COM ESOCIAL<\/h2>\n<p>O <strong>software de sa\u00fade ocupacional com esocial<\/strong> possui diversas funcionalidades que facilitam a gest\u00e3o da sa\u00fade dos funcion\u00e1rios, como:<\/p>\n<p>Registro e controle de exames m\u00e9dicos e atestados;<\/p>\n<p>Gest\u00e3o de afastamentos por motivo de sa\u00fade;<\/p>\n<p>Emiss\u00e3o de CAT (Comunica\u00e7\u00e3o de Acidente de Trabalho);<\/p>\n<p>Gerenciamento de programas de sa\u00fade ocupacional;<\/p>\n<p>Controle de vencimentos de exames m\u00e9dicos e documentos;<\/p>\n<p>Registro de a\u00e7\u00f5es de preven\u00e7\u00e3o de doen\u00e7as ocupacionais;<\/p>\n<p>Integra\u00e7\u00e3o com o eSocial.<\/p>\n<p>O <strong>software de sa\u00fade ocupacional com esocial<\/strong> \u00e9 aplic\u00e1vel a empresas de todos os segmentos, independentemente do porte ou n\u00famero de colaboradores. \u00c9 uma ferramenta que se adapta \u00e0s necessidades de cada empresa, proporcionando uma gest\u00e3o mais eficiente e segura da sa\u00fade dos trabalhadores.<\/p>\n<h2>RECOMENDA\u00c7\u00d5ES PARA A ESCOLHA DO SOFTWARE DE SA\u00daDE OCUPACIONAL COM ESOCIAL<\/h2>\n<p>Ao escolher um <strong>software de sa\u00fade ocupacional com esocial<\/strong>, \u00e9 importante considerar alguns pontos para garantir que ele atenda \u00e0s necessidades da sua empresa, como:<\/p>\n<p>Integra\u00e7\u00e3o com o eSocial;<\/p>\n<p>Facilidade de uso e navegabilidade;<\/p>\n<p>Seguran\u00e7a na prote\u00e7\u00e3o dos dados dos funcion\u00e1rios;<\/p>\n<p>Funcionalidades que atendam \u00e0s demandas da empresa;<\/p>\n<p>Suporte t\u00e9cnico qualificado;<\/p>\n<p>Atualiza\u00e7\u00f5es constantes do sistema;<\/p>\n<p>Reputa\u00e7\u00e3o e confiabilidade da empresa que oferece o software.<\/p>\n<p>Agora que voc\u00ea j\u00e1 sabe a import\u00e2ncia e as vantagens de contar com um <strong>software de sa\u00fade ocupacional com esocial<\/strong>, n\u00e3o deixe de fazer uma cota\u00e7\u00e3o na Sistema METRA e garantir a seguran\u00e7a e bem-estar dos seus colaboradores. Invista na sa\u00fade dos seus funcion\u00e1rios e tenha uma empresa mais produtiva e em conformidade com as obriga\u00e7\u00f5es do eSocial.<\/p>\n<h2>Para saber mais sobre Os Melhores Software de sa\u00fade ocupacional com esocial<\/h2>\n<p>Ligue para <strong>0800-707-5900<\/strong> ou clique aqui e entre em contato por email.<\/p>\n<p>O conte\u00fado do texto desta p\u00e1gina \u00e9 de direito reservado. Sua reprodu\u00e7\u00e3o, parcial ou total, mesmo citando nossos links, \u00e9 proibida sem a autoriza\u00e7\u00e3o do autor. Crime de viola\u00e7\u00e3o de direito autoral \u2013 artigo 184 do C\u00f3digo Penal \u2013 Lei 9610\/98 &#8211; Lei de direitos autorais. <\/article>\n","protected":false},"excerpt":{"rendered":"<p>Voc\u00ea, empres\u00e1rio e gestor, est\u00e1 procurando uma forma eficiente de gerenciar a sa\u00fade ocupacional de seus colaboradores? Ent\u00e3o fa\u00e7a agora mesmo uma cota\u00e7\u00e3o na Sistema METRA. Nosso software \u00e9 especializado em solu\u00e7\u00f5es para Gest\u00e3o de SST e eSocial, garantindo a seguran\u00e7a e o bem-estar de seus funcion\u00e1rios. Com a regulariza\u00e7\u00e3o do eSocial, torna-se cada vez [&hellip;]<\/p>\n","protected":false},"author":3,"featured_media":647,"comment_status":"open","ping_status":"open","sticky":false,"template":"","format":"standard","meta":{"footnotes":""},"categories":[5,29],"tags":[],"class_list":["post-646","post","type-post","status-publish","format-standard","has-post-thumbnail","hentry","category-esocial","category-software-para-esocial"],"yoast_head":"<!-- This site is optimized with the Yoast SEO plugin v27.5 - https:\/\/yoast.com\/product\/yoast-seo-wordpress\/ -->\n<title>Software de sa\u00fade ocupacional com esocial | Sistema Metra<\/title>\n<meta name=\"robots\" content=\"index, follow, max-snippet:-1, max-image-preview:large, max-video-preview:-1\" \/>\n<link rel=\"canonical\" href=\"https:\/\/www.sistemametra.com.br\/blog\/software-saude-ocupacional-esocial\/\" \/>\n<meta property=\"og:locale\" content=\"pt_BR\" \/>\n<meta property=\"og:type\" content=\"article\" \/>\n<meta property=\"og:title\" content=\"Software de sa\u00fade ocupacional com esocial | Sistema Metra\" \/>\n<meta property=\"og:description\" content=\"Voc\u00ea, empres\u00e1rio e gestor, est\u00e1 procurando uma forma eficiente de gerenciar a sa\u00fade ocupacional de seus colaboradores? Ent\u00e3o fa\u00e7a agora mesmo uma cota\u00e7\u00e3o na Sistema METRA. Nosso software \u00e9 especializado em solu\u00e7\u00f5es para Gest\u00e3o de SST e eSocial, garantindo a seguran\u00e7a e o bem-estar de seus funcion\u00e1rios. Com a regulariza\u00e7\u00e3o do eSocial, torna-se cada vez [&hellip;]\" \/>\n<meta property=\"og:url\" content=\"https:\/\/www.sistemametra.com.br\/blog\/software-saude-ocupacional-esocial\/\" \/>\n<meta property=\"og:site_name\" content=\"Blog Metra\" \/>\n<meta property=\"article:publisher\" content=\"https:\/\/www.facebook.com\/metraweb\" \/>\n<meta property=\"article:published_time\" content=\"2026-04-16T03:00:00+00:00\" \/>\n<meta property=\"article:modified_time\" content=\"2026-04-28T19:50:57+00:00\" \/>\n<meta property=\"og:image\" content=\"https:\/\/www.sistemametra.com.br\/blog\/wp-content\/uploads\/2026\/04\/software-saude-ocupacional-esocial.webp\" \/>\n\t<meta property=\"og:image:width\" content=\"800\" \/>\n\t<meta property=\"og:image:height\" content=\"800\" \/>\n\t<meta property=\"og:image:type\" content=\"image\/jpeg\" \/>\n<meta name=\"author\" content=\"Anderson Fernandes\" \/>\n<meta name=\"twitter:card\" content=\"summary_large_image\" \/>\n<meta name=\"twitter:label1\" content=\"Escrito por\" \/>\n\t<meta name=\"twitter:data1\" content=\"Anderson Fernandes\" \/>\n\t<meta name=\"twitter:label2\" content=\"Est. tempo de leitura\" \/>\n\t<meta name=\"twitter:data2\" content=\"3 minutos\" \/>\n<script type=\"application\/ld+json\" class=\"yoast-schema-graph\">{\"@context\":\"https:\\\/\\\/schema.org\",\"@graph\":[{\"@type\":\"Article\",\"@id\":\"https:\\\/\\\/www.sistemametra.com.br\\\/blog\\\/software-saude-ocupacional-esocial\\\/#article\",\"isPartOf\":{\"@id\":\"https:\\\/\\\/www.sistemametra.com.br\\\/blog\\\/software-saude-ocupacional-esocial\\\/\"},\"author\":{\"name\":\"Anderson Fernandes\",\"@id\":\"https:\\\/\\\/www.sistemametra.com.br\\\/blog\\\/#\\\/schema\\\/person\\\/7c04d9110a7e64758ca9951890e56d82\"},\"headline\":\"Os Melhores Software de sa\u00fade ocupacional com esocial\",\"datePublished\":\"2026-04-16T03:00:00+00:00\",\"dateModified\":\"2026-04-28T19:50:57+00:00\",\"mainEntityOfPage\":{\"@id\":\"https:\\\/\\\/www.sistemametra.com.br\\\/blog\\\/software-saude-ocupacional-esocial\\\/\"},\"wordCount\":695,\"commentCount\":0,\"publisher\":{\"@id\":\"https:\\\/\\\/www.sistemametra.com.br\\\/blog\\\/#organization\"},\"image\":{\"@id\":\"https:\\\/\\\/www.sistemametra.com.br\\\/blog\\\/software-saude-ocupacional-esocial\\\/#primaryimage\"},\"thumbnailUrl\":\"https:\\\/\\\/www.sistemametra.com.br\\\/blog\\\/wp-content\\\/uploads\\\/2026\\\/04\\\/software-saude-ocupacional-esocial.webp\",\"articleSection\":[\"eSocial\",\"Software para eSocial\"],\"inLanguage\":\"pt-BR\",\"potentialAction\":[{\"@type\":\"CommentAction\",\"name\":\"Comment\",\"target\":[\"https:\\\/\\\/www.sistemametra.com.br\\\/blog\\\/software-saude-ocupacional-esocial\\\/#respond\"]}]},{\"@type\":\"WebPage\",\"@id\":\"https:\\\/\\\/www.sistemametra.com.br\\\/blog\\\/software-saude-ocupacional-esocial\\\/\",\"url\":\"https:\\\/\\\/www.sistemametra.com.br\\\/blog\\\/software-saude-ocupacional-esocial\\\/\",\"name\":\"Software de sa\u00fade ocupacional com esocial | Sistema Metra\",\"isPartOf\":{\"@id\":\"https:\\\/\\\/www.sistemametra.com.br\\\/blog\\\/#website\"},\"primaryImageOfPage\":{\"@id\":\"https:\\\/\\\/www.sistemametra.com.br\\\/blog\\\/software-saude-ocupacional-esocial\\\/#primaryimage\"},\"image\":{\"@id\":\"https:\\\/\\\/www.sistemametra.com.br\\\/blog\\\/software-saude-ocupacional-esocial\\\/#primaryimage\"},\"thumbnailUrl\":\"https:\\\/\\\/www.sistemametra.com.br\\\/blog\\\/wp-content\\\/uploads\\\/2026\\\/04\\\/software-saude-ocupacional-esocial.webp\",\"datePublished\":\"2026-04-16T03:00:00+00:00\",\"dateModified\":\"2026-04-28T19:50:57+00:00\",\"breadcrumb\":{\"@id\":\"https:\\\/\\\/www.sistemametra.com.br\\\/blog\\\/software-saude-ocupacional-esocial\\\/#breadcrumb\"},\"inLanguage\":\"pt-BR\",\"potentialAction\":[{\"@type\":\"ReadAction\",\"target\":[\"https:\\\/\\\/www.sistemametra.com.br\\\/blog\\\/software-saude-ocupacional-esocial\\\/\"]}]},{\"@type\":\"ImageObject\",\"inLanguage\":\"pt-BR\",\"@id\":\"https:\\\/\\\/www.sistemametra.com.br\\\/blog\\\/software-saude-ocupacional-esocial\\\/#primaryimage\",\"url\":\"https:\\\/\\\/www.sistemametra.com.br\\\/blog\\\/wp-content\\\/uploads\\\/2026\\\/04\\\/software-saude-ocupacional-esocial.webp\",\"contentUrl\":\"https:\\\/\\\/www.sistemametra.com.br\\\/blog\\\/wp-content\\\/uploads\\\/2026\\\/04\\\/software-saude-ocupacional-esocial.webp\",\"width\":800,\"height\":800,\"caption\":\"sobre software de sa\u00fade ocupacional com esocial | Blog Metra\"},{\"@type\":\"BreadcrumbList\",\"@id\":\"https:\\\/\\\/www.sistemametra.com.br\\\/blog\\\/software-saude-ocupacional-esocial\\\/#breadcrumb\",\"itemListElement\":[{\"@type\":\"ListItem\",\"position\":1,\"name\":\"In\u00edcio\",\"item\":\"https:\\\/\\\/www.sistemametra.com.br\\\/blog\\\/\"},{\"@type\":\"ListItem\",\"position\":2,\"name\":\"Os Melhores Software de sa\u00fade ocupacional com esocial\"}]},{\"@type\":\"WebSite\",\"@id\":\"https:\\\/\\\/www.sistemametra.com.br\\\/blog\\\/#website\",\"url\":\"https:\\\/\\\/www.sistemametra.com.br\\\/blog\\\/\",\"name\":\"Blog Metra\",\"description\":\"Conte\u00fado pr\u00e1tico sobre Sa\u00fade e Seguran\u00e7a do Trabalho: normas, documentos e obriga\u00e7\u00f5es explicados de forma direta para profissionais e empresas.\",\"publisher\":{\"@id\":\"https:\\\/\\\/www.sistemametra.com.br\\\/blog\\\/#organization\"},\"alternateName\":\"Sistema Metra\",\"potentialAction\":[{\"@type\":\"SearchAction\",\"target\":{\"@type\":\"EntryPoint\",\"urlTemplate\":\"https:\\\/\\\/www.sistemametra.com.br\\\/blog\\\/?s={search_term_string}\"},\"query-input\":{\"@type\":\"PropertyValueSpecification\",\"valueRequired\":true,\"valueName\":\"search_term_string\"}}],\"inLanguage\":\"pt-BR\"},{\"@type\":\"Organization\",\"@id\":\"https:\\\/\\\/www.sistemametra.com.br\\\/blog\\\/#organization\",\"name\":\"Sistema Metra\",\"url\":\"https:\\\/\\\/www.sistemametra.com.br\\\/blog\\\/\",\"logo\":{\"@type\":\"ImageObject\",\"inLanguage\":\"pt-BR\",\"@id\":\"https:\\\/\\\/www.sistemametra.com.br\\\/blog\\\/#\\\/schema\\\/logo\\\/image\\\/\",\"url\":\"https:\\\/\\\/www.sistemametra.com.br\\\/blog\\\/wp-content\\\/uploads\\\/2026\\\/04\\\/blog-metra.webp\",\"contentUrl\":\"https:\\\/\\\/www.sistemametra.com.br\\\/blog\\\/wp-content\\\/uploads\\\/2026\\\/04\\\/blog-metra.webp\",\"width\":800,\"height\":800,\"caption\":\"Sistema Metra\"},\"image\":{\"@id\":\"https:\\\/\\\/www.sistemametra.com.br\\\/blog\\\/#\\\/schema\\\/logo\\\/image\\\/\"},\"sameAs\":[\"https:\\\/\\\/www.facebook.com\\\/metraweb\",\"https:\\\/\\\/www.linkedin.com\\\/company\\\/metra-web\\\/?viewAsMember=true\",\"https:\\\/\\\/www.youtube.com\\\/@SistemaMetra\"]},{\"@type\":\"Person\",\"@id\":\"https:\\\/\\\/www.sistemametra.com.br\\\/blog\\\/#\\\/schema\\\/person\\\/7c04d9110a7e64758ca9951890e56d82\",\"name\":\"Anderson Fernandes\",\"image\":{\"@type\":\"ImageObject\",\"inLanguage\":\"pt-BR\",\"@id\":\"https:\\\/\\\/secure.gravatar.com\\\/avatar\\\/fbe9c5fc3e57710af6aceaea09e3d466e4721a3069e8568b6c9655c7231c5b5e?s=96&d=mm&r=g\",\"url\":\"https:\\\/\\\/secure.gravatar.com\\\/avatar\\\/fbe9c5fc3e57710af6aceaea09e3d466e4721a3069e8568b6c9655c7231c5b5e?s=96&d=mm&r=g\",\"contentUrl\":\"https:\\\/\\\/secure.gravatar.com\\\/avatar\\\/fbe9c5fc3e57710af6aceaea09e3d466e4721a3069e8568b6c9655c7231c5b5e?s=96&d=mm&r=g\",\"caption\":\"Anderson Fernandes\"},\"description\":\"Com forma\u00e7\u00e3o superior \u00e9 t\u00e9cnico em Seguran\u00e7a do Trabalho do Sistema Metra. H\u00e1 30 anos trabalhando ininterruptamente na \u00e1rea desde 2002. Formado ainda no Curso de Tecn\u00f3logo em Seguran\u00e7a do Trabalho e cursando Engenharia visando a p\u00f3s gradua\u00e7\u00e3o em Seguran\u00e7a do Trabalho. Atua ainda como int\u00e9rprete de LIBRAS e atualmente \u00e9 consultor de diversas empresas em ramos de atividade como: Minera\u00e7\u00e3o, Automobil\u00edstica, Manuten\u00e7\u00e3o El\u00e9trica de Grande Porte, Cer\u00e2mica, Refrat\u00e1rios, Sa\u00fade entre outros. \u00c9 propriet\u00e1rio da empresa Mais Sa\u00fade e Seguran\u00e7a do Trabalho e atende seus clientes de forma personalizada moldando a\u00e7\u00f5es conforme as caracter\u00edsticas de cliente.\",\"sameAs\":[\"https:\\\/\\\/www.sistemametra.com.br\",\"https:\\\/\\\/www.instagram.com\\\/andfergom17121999\"],\"url\":\"https:\\\/\\\/www.sistemametra.com.br\\\/blog\\\/author\\\/anderson-fernandes\\\/\"}]}<\/script>\n<!-- \/ Yoast SEO plugin. -->","yoast_head_json":{"title":"Software de sa\u00fade ocupacional com esocial | Sistema Metra","robots":{"index":"index","follow":"follow","max-snippet":"max-snippet:-1","max-image-preview":"max-image-preview:large","max-video-preview":"max-video-preview:-1"},"canonical":"https:\/\/www.sistemametra.com.br\/blog\/software-saude-ocupacional-esocial\/","og_locale":"pt_BR","og_type":"article","og_title":"Software de sa\u00fade ocupacional com esocial | Sistema Metra","og_description":"Voc\u00ea, empres\u00e1rio e gestor, est\u00e1 procurando uma forma eficiente de gerenciar a sa\u00fade ocupacional de seus colaboradores? Ent\u00e3o fa\u00e7a agora mesmo uma cota\u00e7\u00e3o na Sistema METRA. Nosso software \u00e9 especializado em solu\u00e7\u00f5es para Gest\u00e3o de SST e eSocial, garantindo a seguran\u00e7a e o bem-estar de seus funcion\u00e1rios. Com a regulariza\u00e7\u00e3o do eSocial, torna-se cada vez [&hellip;]","og_url":"https:\/\/www.sistemametra.com.br\/blog\/software-saude-ocupacional-esocial\/","og_site_name":"Blog Metra","article_publisher":"https:\/\/www.facebook.com\/metraweb","article_published_time":"2026-04-16T03:00:00+00:00","article_modified_time":"2026-04-28T19:50:57+00:00","og_image":[{"width":800,"height":800,"url":"https:\/\/www.sistemametra.com.br\/blog\/wp-content\/uploads\/2026\/04\/software-saude-ocupacional-esocial.webp","type":"image\/jpeg"}],"author":"Anderson Fernandes","twitter_card":"summary_large_image","twitter_misc":{"Escrito por":"Anderson Fernandes","Est. tempo de leitura":"3 minutos"},"schema":{"@context":"https:\/\/schema.org","@graph":[{"@type":"Article","@id":"https:\/\/www.sistemametra.com.br\/blog\/software-saude-ocupacional-esocial\/#article","isPartOf":{"@id":"https:\/\/www.sistemametra.com.br\/blog\/software-saude-ocupacional-esocial\/"},"author":{"name":"Anderson Fernandes","@id":"https:\/\/www.sistemametra.com.br\/blog\/#\/schema\/person\/7c04d9110a7e64758ca9951890e56d82"},"headline":"Os Melhores Software de sa\u00fade ocupacional com esocial","datePublished":"2026-04-16T03:00:00+00:00","dateModified":"2026-04-28T19:50:57+00:00","mainEntityOfPage":{"@id":"https:\/\/www.sistemametra.com.br\/blog\/software-saude-ocupacional-esocial\/"},"wordCount":695,"commentCount":0,"publisher":{"@id":"https:\/\/www.sistemametra.com.br\/blog\/#organization"},"image":{"@id":"https:\/\/www.sistemametra.com.br\/blog\/software-saude-ocupacional-esocial\/#primaryimage"},"thumbnailUrl":"https:\/\/www.sistemametra.com.br\/blog\/wp-content\/uploads\/2026\/04\/software-saude-ocupacional-esocial.webp","articleSection":["eSocial","Software para eSocial"],"inLanguage":"pt-BR","potentialAction":[{"@type":"CommentAction","name":"Comment","target":["https:\/\/www.sistemametra.com.br\/blog\/software-saude-ocupacional-esocial\/#respond"]}]},{"@type":"WebPage","@id":"https:\/\/www.sistemametra.com.br\/blog\/software-saude-ocupacional-esocial\/","url":"https:\/\/www.sistemametra.com.br\/blog\/software-saude-ocupacional-esocial\/","name":"Software de sa\u00fade ocupacional com esocial | Sistema Metra","isPartOf":{"@id":"https:\/\/www.sistemametra.com.br\/blog\/#website"},"primaryImageOfPage":{"@id":"https:\/\/www.sistemametra.com.br\/blog\/software-saude-ocupacional-esocial\/#primaryimage"},"image":{"@id":"https:\/\/www.sistemametra.com.br\/blog\/software-saude-ocupacional-esocial\/#primaryimage"},"thumbnailUrl":"https:\/\/www.sistemametra.com.br\/blog\/wp-content\/uploads\/2026\/04\/software-saude-ocupacional-esocial.webp","datePublished":"2026-04-16T03:00:00+00:00","dateModified":"2026-04-28T19:50:57+00:00","breadcrumb":{"@id":"https:\/\/www.sistemametra.com.br\/blog\/software-saude-ocupacional-esocial\/#breadcrumb"},"inLanguage":"pt-BR","potentialAction":[{"@type":"ReadAction","target":["https:\/\/www.sistemametra.com.br\/blog\/software-saude-ocupacional-esocial\/"]}]},{"@type":"ImageObject","inLanguage":"pt-BR","@id":"https:\/\/www.sistemametra.com.br\/blog\/software-saude-ocupacional-esocial\/#primaryimage","url":"https:\/\/www.sistemametra.com.br\/blog\/wp-content\/uploads\/2026\/04\/software-saude-ocupacional-esocial.webp","contentUrl":"https:\/\/www.sistemametra.com.br\/blog\/wp-content\/uploads\/2026\/04\/software-saude-ocupacional-esocial.webp","width":800,"height":800,"caption":"sobre software de sa\u00fade ocupacional com esocial | Blog Metra"},{"@type":"BreadcrumbList","@id":"https:\/\/www.sistemametra.com.br\/blog\/software-saude-ocupacional-esocial\/#breadcrumb","itemListElement":[{"@type":"ListItem","position":1,"name":"In\u00edcio","item":"https:\/\/www.sistemametra.com.br\/blog\/"},{"@type":"ListItem","position":2,"name":"Os Melhores Software de sa\u00fade ocupacional com esocial"}]},{"@type":"WebSite","@id":"https:\/\/www.sistemametra.com.br\/blog\/#website","url":"https:\/\/www.sistemametra.com.br\/blog\/","name":"Blog Metra","description":"Conte\u00fado pr\u00e1tico sobre Sa\u00fade e Seguran\u00e7a do Trabalho: normas, documentos e obriga\u00e7\u00f5es explicados de forma direta para profissionais e empresas.","publisher":{"@id":"https:\/\/www.sistemametra.com.br\/blog\/#organization"},"alternateName":"Sistema Metra","potentialAction":[{"@type":"SearchAction","target":{"@type":"EntryPoint","urlTemplate":"https:\/\/www.sistemametra.com.br\/blog\/?s={search_term_string}"},"query-input":{"@type":"PropertyValueSpecification","valueRequired":true,"valueName":"search_term_string"}}],"inLanguage":"pt-BR"},{"@type":"Organization","@id":"https:\/\/www.sistemametra.com.br\/blog\/#organization","name":"Sistema Metra","url":"https:\/\/www.sistemametra.com.br\/blog\/","logo":{"@type":"ImageObject","inLanguage":"pt-BR","@id":"https:\/\/www.sistemametra.com.br\/blog\/#\/schema\/logo\/image\/","url":"https:\/\/www.sistemametra.com.br\/blog\/wp-content\/uploads\/2026\/04\/blog-metra.webp","contentUrl":"https:\/\/www.sistemametra.com.br\/blog\/wp-content\/uploads\/2026\/04\/blog-metra.webp","width":800,"height":800,"caption":"Sistema Metra"},"image":{"@id":"https:\/\/www.sistemametra.com.br\/blog\/#\/schema\/logo\/image\/"},"sameAs":["https:\/\/www.facebook.com\/metraweb","https:\/\/www.linkedin.com\/company\/metra-web\/?viewAsMember=true","https:\/\/www.youtube.com\/@SistemaMetra"]},{"@type":"Person","@id":"https:\/\/www.sistemametra.com.br\/blog\/#\/schema\/person\/7c04d9110a7e64758ca9951890e56d82","name":"Anderson Fernandes","image":{"@type":"ImageObject","inLanguage":"pt-BR","@id":"https:\/\/secure.gravatar.com\/avatar\/fbe9c5fc3e57710af6aceaea09e3d466e4721a3069e8568b6c9655c7231c5b5e?s=96&d=mm&r=g","url":"https:\/\/secure.gravatar.com\/avatar\/fbe9c5fc3e57710af6aceaea09e3d466e4721a3069e8568b6c9655c7231c5b5e?s=96&d=mm&r=g","contentUrl":"https:\/\/secure.gravatar.com\/avatar\/fbe9c5fc3e57710af6aceaea09e3d466e4721a3069e8568b6c9655c7231c5b5e?s=96&d=mm&r=g","caption":"Anderson Fernandes"},"description":"Com forma\u00e7\u00e3o superior \u00e9 t\u00e9cnico em Seguran\u00e7a do Trabalho do Sistema Metra. H\u00e1 30 anos trabalhando ininterruptamente na \u00e1rea desde 2002. Formado ainda no Curso de Tecn\u00f3logo em Seguran\u00e7a do Trabalho e cursando Engenharia visando a p\u00f3s gradua\u00e7\u00e3o em Seguran\u00e7a do Trabalho. Atua ainda como int\u00e9rprete de LIBRAS e atualmente \u00e9 consultor de diversas empresas em ramos de atividade como: Minera\u00e7\u00e3o, Automobil\u00edstica, Manuten\u00e7\u00e3o El\u00e9trica de Grande Porte, Cer\u00e2mica, Refrat\u00e1rios, Sa\u00fade entre outros. \u00c9 propriet\u00e1rio da empresa Mais Sa\u00fade e Seguran\u00e7a do Trabalho e atende seus clientes de forma personalizada moldando a\u00e7\u00f5es conforme as caracter\u00edsticas de cliente.","sameAs":["https:\/\/www.sistemametra.com.br","https:\/\/www.instagram.com\/andfergom17121999"],"url":"https:\/\/www.sistemametra.com.br\/blog\/author\/anderson-fernandes\/"}]}},"_links":{"self":[{"href":"https:\/\/www.sistemametra.com.br\/blog\/wp-json\/wp\/v2\/posts\/646","targetHints":{"allow":["GET"]}}],"collection":[{"href":"https:\/\/www.sistemametra.com.br\/blog\/wp-json\/wp\/v2\/posts"}],"about":[{"href":"https:\/\/www.sistemametra.com.br\/blog\/wp-json\/wp\/v2\/types\/post"}],"author":[{"embeddable":true,"href":"https:\/\/www.sistemametra.com.br\/blog\/wp-json\/wp\/v2\/users\/3"}],"replies":[{"embeddable":true,"href":"https:\/\/www.sistemametra.com.br\/blog\/wp-json\/wp\/v2\/comments?post=646"}],"version-history":[{"count":1,"href":"https:\/\/www.sistemametra.com.br\/blog\/wp-json\/wp\/v2\/posts\/646\/revisions"}],"predecessor-version":[{"id":761,"href":"https:\/\/www.sistemametra.com.br\/blog\/wp-json\/wp\/v2\/posts\/646\/revisions\/761"}],"wp:featuredmedia":[{"embeddable":true,"href":"https:\/\/www.sistemametra.com.br\/blog\/wp-json\/wp\/v2\/media\/647"}],"wp:attachment":[{"href":"https:\/\/www.sistemametra.com.br\/blog\/wp-json\/wp\/v2\/media?parent=646"}],"wp:term":[{"taxonomy":"category","embeddable":true,"href":"https:\/\/www.sistemametra.com.br\/blog\/wp-json\/wp\/v2\/categories?post=646"},{"taxonomy":"post_tag","embeddable":true,"href":"https:\/\/www.sistemametra.com.br\/blog\/wp-json\/wp\/v2\/tags?post=646"}],"curies":[{"name":"wp","href":"https:\/\/api.w.org\/{rel}","templated":true}]}}