{"id":998,"date":"2026-05-01T19:41:10","date_gmt":"2026-05-01T22:41:10","guid":{"rendered":"https:\/\/www.sistemametra.com.br\/blog\/?p=998"},"modified":"2026-05-01T19:45:28","modified_gmt":"2026-05-01T22:45:28","slug":"epi-equipamento-de-protecao-individual","status":"publish","type":"post","link":"https:\/\/www.sistemametra.com.br\/blog\/epi-equipamento-de-protecao-individual\/","title":{"rendered":"O que \u00e9 EPI: Entenda o Equipamento de Prote\u00e7\u00e3o Individual"},"content":{"rendered":"\n<p>EPI \u00e9 a sigla para <strong><em>Equipamento de Prote\u00e7\u00e3o Individual<\/em><\/strong>. Na pr\u00e1tica, \u00e9 todo equipamento usado pelo trabalhador para reduzir riscos que podem afetar sua sa\u00fade ou seguran\u00e7a durante a atividade.<\/p>\n\n\n\n<p>Capacete, luva, bota, \u00f3culos de prote\u00e7\u00e3o, m\u00e1scara, protetor auricular, avental e cintur\u00e3o de seguran\u00e7a s\u00e3o alguns exemplos comuns. Mas o ponto mais importante \u00e9 entender que EPI n\u00e3o deve ser escolhido \u201cno chute\u201d.<\/p>\n\n\n\n<p>O EPI certo depende do risco da atividade, da parte do corpo exposta e da forma como a empresa controla a entrega, o uso, a troca e a conserva\u00e7\u00e3o do equipamento.<\/p>\n\n\n\n<figure class=\"wp-block-table\"><table class=\"has-fixed-layout\"><thead><tr><th>EPI na pr\u00e1tica<\/th><th>O que significa<\/th><\/tr><\/thead><tbody><tr><td>Proteger<\/td><td>Reduzir a exposi\u00e7\u00e3o do trabalhador a riscos<\/td><\/tr><tr><td>Adequar<\/td><td>Escolher o equipamento certo para cada atividade<\/td><\/tr><tr><td>Controlar<\/td><td>Registrar entrega, uso, treinamento e substitui\u00e7\u00e3o<\/td><\/tr><\/tbody><\/table><\/figure>\n\n\n\n<p>Ou seja, EPI n\u00e3o \u00e9 apenas um item de seguran\u00e7a. Ele faz parte da <a href=\"https:\/\/www.sistemametra.com.br\/blog\/categoria\/sst\/gestao-de-sst\/\">gest\u00e3o de SST<\/a> da empresa.<\/p>\n\n\n\n<h2 class=\"wp-block-heading has-large-font-size\"><strong>O que \u00e9 EPI?<\/strong><\/h2>\n\n\n\n<p><em>EPI<\/em> \u00e9 o <em>equipamento de uso individual<\/em> utilizado pelo trabalhador para prote\u00e7\u00e3o contra riscos ocupacionais existentes no ambiente de trabalho. A NR-6 define o EPI como dispositivo ou produto de uso individual, concebido e fabricado para oferecer prote\u00e7\u00e3o contra riscos ocupacionais.<\/p>\n\n\n\n<p>Em uma linguagem mais simples: EPI \u00e9 o equipamento que protege uma pessoa contra um risco espec\u00edfico no trabalho.<\/p>\n\n\n\n<p>Por exemplo:<\/p>\n\n\n\n<figure class=\"wp-block-table\"><table class=\"has-fixed-layout\"><thead><tr><th>Risco<\/th><th>EPI comum<\/th><\/tr><\/thead><tbody><tr><td>Queda de objetos<\/td><td>Capacete de seguran\u00e7a<\/td><\/tr><tr><td>Ru\u00eddo<\/td><td>Protetor auricular<\/td><\/tr><tr><td>Cortes<\/td><td>Luvas de prote\u00e7\u00e3o<\/td><\/tr><tr><td>Poeira ou agentes qu\u00edmicos<\/td><td>M\u00e1scara ou respirador<\/td><\/tr><tr><td>Impacto nos olhos<\/td><td>\u00d3culos de prote\u00e7\u00e3o<\/td><\/tr><tr><td>Queda de altura<\/td><td>Cintur\u00e3o de seguran\u00e7a<\/td><\/tr><tr><td>Perfura\u00e7\u00e3o nos p\u00e9s<\/td><td>Cal\u00e7ado de seguran\u00e7a<\/td><\/tr><\/tbody><\/table><\/figure>\n\n\n\n<p>O EPI deve ser usado quando existe risco que n\u00e3o foi totalmente eliminado por outras medidas de prote\u00e7\u00e3o. Por isso, ele precisa estar ligado \u00e0 realidade da fun\u00e7\u00e3o, e n\u00e3o apenas a uma lista gen\u00e9rica.<\/p>\n\n\n\n<h2 class=\"wp-block-heading has-large-font-size\">Para que serve o EPI?<\/h2>\n\n\n\n<figure class=\"wp-block-image size-full\"><img fetchpriority=\"high\" decoding=\"async\" width=\"788\" height=\"788\" src=\"https:\/\/www.sistemametra.com.br\/blog\/wp-content\/uploads\/2026\/05\/seguranca-no-trabalho-com-api.webp\" alt=\"Para que serve o EPI\" class=\"wp-image-999\" style=\"object-fit:cover\" srcset=\"https:\/\/www.sistemametra.com.br\/blog\/wp-content\/uploads\/2026\/05\/seguranca-no-trabalho-com-api.webp 788w, https:\/\/www.sistemametra.com.br\/blog\/wp-content\/uploads\/2026\/05\/seguranca-no-trabalho-com-api-300x300.webp 300w, https:\/\/www.sistemametra.com.br\/blog\/wp-content\/uploads\/2026\/05\/seguranca-no-trabalho-com-api-150x150.webp 150w, https:\/\/www.sistemametra.com.br\/blog\/wp-content\/uploads\/2026\/05\/seguranca-no-trabalho-com-api-768x768.webp 768w\" sizes=\"(max-width: 788px) 100vw, 788px\" \/><\/figure>\n\n\n\n<p>O EPI serve para <strong>proteger o trabalhador<\/strong> contra acidentes, doen\u00e7as ocupacionais e exposi\u00e7\u00e3o a agentes de risco.<\/p>\n\n\n\n<p>Ele pode proteger contra:<\/p>\n\n\n\n<ul class=\"wp-block-list\">\n<li>impactos;<\/li>\n\n\n\n<li>cortes;<\/li>\n\n\n\n<li>perfura\u00e7\u00f5es;<\/li>\n\n\n\n<li>quedas;<\/li>\n\n\n\n<li>ru\u00eddo;<\/li>\n\n\n\n<li>poeira;<\/li>\n\n\n\n<li>agentes qu\u00edmicos;<\/li>\n\n\n\n<li>agentes biol\u00f3gicos;<\/li>\n\n\n\n<li>calor;<\/li>\n\n\n\n<li>frio;<\/li>\n\n\n\n<li>eletricidade;<\/li>\n\n\n\n<li>respingos;<\/li>\n\n\n\n<li>radia\u00e7\u00e3o;<\/li>\n\n\n\n<li>contato com materiais perigosos.<\/li>\n<\/ul>\n\n\n\n<p>Mas \u00e9 importante entender uma coisa: EPI n\u00e3o resolve tudo sozinho. Ele precisa fazer parte de uma rotina maior de seguran\u00e7a, com an\u00e1lise de risco, treinamento, fiscaliza\u00e7\u00e3o, troca adequada e controle documental.<\/p>\n\n\n\n<p>Quando a empresa apenas entrega o EPI, mas n\u00e3o orienta, n\u00e3o registra e n\u00e3o acompanha o uso, a prote\u00e7\u00e3o fica fraca.<\/p>\n\n\n\n<h2 class=\"wp-block-heading has-large-font-size\">Qual a diferen\u00e7a entre EPI e EPC?<\/h2>\n\n\n\n<p>EPI \u00e9 o equipamento usado individualmente pelo trabalhador. EPC \u00e9 o Equipamento de Prote\u00e7\u00e3o Coletiva, criado para proteger v\u00e1rias pessoas ao mesmo tempo.<\/p>\n\n\n\n<figure class=\"wp-block-table\"><table class=\"has-fixed-layout\"><thead><tr><th>Tipo<\/th><th>O que protege<\/th><th>Exemplos<\/th><\/tr><\/thead><tbody><tr><td><strong>EPI<\/strong><\/td><td>Uma pessoa<\/td><td>Capacete, luva, bota, \u00f3culos, m\u00e1scara<\/td><\/tr><tr><td><strong>EPC<\/strong><\/td><td>Um grupo de pessoas<\/td><td>Guarda-corpo, sinaliza\u00e7\u00e3o, ventila\u00e7\u00e3o, enclausuramento, extintores<\/td><\/tr><\/tbody><\/table><\/figure>\n\n\n\n<p>O ideal \u00e9 que a empresa pense primeiro em medidas coletivas e de controle do ambiente. O EPI entra como prote\u00e7\u00e3o direta para o trabalhador, principalmente quando ainda existe risco na atividade.<\/p>\n\n\n\n<p>Exemplo simples: em um local com risco de queda, o guarda-corpo \u00e9 um EPC. J\u00e1 o cintur\u00e3o de seguran\u00e7a usado pelo trabalhador \u00e9 um EPI.<\/p>\n\n\n\n<div style=\"height:50px\" aria-hidden=\"true\" class=\"wp-block-spacer\"><\/div>\n\n\n\n<div class=\"wp-block-media-text is-stacked-on-mobile\" style=\"grid-template-columns:45% auto\"><figure class=\"wp-block-media-text__media\"><img decoding=\"async\" width=\"2000\" height=\"1104\" src=\"https:\/\/www.sistemametra.com.br\/blog\/wp-content\/uploads\/2026\/04\/software-gestao-de-sst-esocial-Metra.avif\" alt=\"Sistema Metra\" class=\"wp-image-49 size-full\" srcset=\"https:\/\/www.sistemametra.com.br\/blog\/wp-content\/uploads\/2026\/04\/software-gestao-de-sst-esocial-Metra.avif 2000w, https:\/\/www.sistemametra.com.br\/blog\/wp-content\/uploads\/2026\/04\/software-gestao-de-sst-esocial-Metra-300x166.avif 300w, https:\/\/www.sistemametra.com.br\/blog\/wp-content\/uploads\/2026\/04\/software-gestao-de-sst-esocial-Metra-1024x565.avif 1024w, https:\/\/www.sistemametra.com.br\/blog\/wp-content\/uploads\/2026\/04\/software-gestao-de-sst-esocial-Metra-768x424.avif 768w, https:\/\/www.sistemametra.com.br\/blog\/wp-content\/uploads\/2026\/04\/software-gestao-de-sst-esocial-Metra-1536x848.avif 1536w\" sizes=\"(max-width: 2000px) 100vw, 2000px\" \/><\/figure><div class=\"wp-block-media-text__content\">\n<p><strong>Quer controlar EPIs com mais seguran\u00e7a e menos planilhas?<\/strong><\/p>\n\n\n\n<div class=\"wp-block-buttons has-custom-font-size has-medium-font-size is-content-justification-center is-nowrap is-layout-flex wp-container-core-buttons-is-layout-12a27398 wp-block-buttons-is-layout-flex\">\n<div class=\"wp-block-button has-custom-width wp-block-button__width-50\"><a class=\"wp-block-button__link has-black-color has-luminous-vivid-amber-background-color has-text-color has-background has-link-color has-medium-font-size has-custom-font-size wp-element-button\" href=\"https:\/\/www.sistemametra.com.br\/\">Saiba Mais<\/a><\/div>\n<\/div>\n<\/div><\/div>\n\n\n\n<div style=\"height:50px\" aria-hidden=\"true\" class=\"wp-block-spacer\"><\/div>\n\n\n\n<h2 class=\"wp-block-heading has-large-font-size\">EPI \u00e9 obrigat\u00f3rio?<\/h2>\n\n\n\n<p>Sim, quando a atividade apresenta riscos que exigem prote\u00e7\u00e3o individual.<\/p>\n\n\n\n<p>A <a href=\"https:\/\/www.gov.br\/trabalho-e-emprego\/pt-br\/acesso-a-informacao\/participacao-social\/conselhos-e-orgaos-colegiados\/comissao-tripartite-partitaria-permanente\/normas-regulamentadora\/normas-regulamentadoras-vigentes\/norma-regulamentadora-no-6-nr-6\" target=\"_blank\" rel=\"noreferrer noopener\">NR-6<\/a> estabelece requisitos para aprova\u00e7\u00e3o, comercializa\u00e7\u00e3o, fornecimento e utiliza\u00e7\u00e3o dos Equipamentos de Prote\u00e7\u00e3o Individual. A norma se aplica \u00e0s organiza\u00e7\u00f5es que compram EPI, aos trabalhadores que utilizam os equipamentos e tamb\u00e9m aos fabricantes e importadores.<\/p>\n\n\n\n<p>A empresa deve fornecer o EPI adequado ao risco, em perfeito estado de conserva\u00e7\u00e3o e funcionamento, al\u00e9m de orientar e treinar o trabalhador. A norma tamb\u00e9m determina que o EPI s\u00f3 pode ser comercializado ou usado com Certificado de Aprova\u00e7\u00e3o, conhecido como CA.<\/p>\n\n\n\n<p>Em resumo: n\u00e3o basta comprar qualquer equipamento. O EPI precisa ser adequado ao risco, aprovado, entregue corretamente e usado da forma certa.<\/p>\n\n\n\n<h2 class=\"wp-block-heading has-large-font-size\">O que \u00e9 Certificado de Aprova\u00e7\u00e3o do EPI?<\/h2>\n\n\n\n<p>O <a href=\"https:\/\/caepi.mte.gov.br\/internet\/consultacainternet.aspx\" target=\"_blank\" rel=\"noreferrer noopener\">Certificado de Aprova\u00e7\u00e3o<\/a>, conhecido como <strong>CA<\/strong>, \u00e9 o registro que indica que o EPI foi aprovado pelo \u00f3rg\u00e3o competente em seguran\u00e7a e sa\u00fade no trabalho.<\/p>\n\n\n\n<p>Na pr\u00e1tica, o CA ajuda a confirmar que aquele equipamento passou por avalia\u00e7\u00e3o e pode ser usado como EPI.<\/p>\n\n\n\n<p>Antes de comprar ou fornecer um equipamento, a empresa deve verificar se ele tem CA v\u00e1lido e se o produto \u00e9 adequado ao risco da atividade.<\/p>\n\n\n\n<figure class=\"wp-block-table\"><table class=\"has-fixed-layout\"><thead><tr><th>Ponto de aten\u00e7\u00e3o<\/th><th>Por que importa<\/th><\/tr><\/thead><tbody><tr><td>CA do equipamento<\/td><td>Mostra que o produto foi aprovado como EPI<\/td><\/tr><tr><td>Risco da atividade<\/td><td>Define qual prote\u00e7\u00e3o \u00e9 necess\u00e1ria<\/td><\/tr><tr><td>Tamanho e ajuste<\/td><td>Influencia conforto e uso correto<\/td><\/tr><tr><td>Estado de conserva\u00e7\u00e3o<\/td><td>EPI danificado pode perder a prote\u00e7\u00e3o<\/td><\/tr><tr><td>Registro de entrega<\/td><td>Comprova que a empresa forneceu o equipamento<\/td><\/tr><\/tbody><\/table><\/figure>\n\n\n\n<p>Um erro comum \u00e9 comprar EPI apenas pelo pre\u00e7o. Isso pode sair caro se o equipamento n\u00e3o for adequado, n\u00e3o tiver CA ou n\u00e3o proteger corretamente o trabalhador.<\/p>\n\n\n\n<h2 class=\"wp-block-heading has-large-font-size\">Principais tipos de EPI<\/h2>\n\n\n\n<p>Os EPIs podem ser organizados conforme a parte do corpo que protegem.<\/p>\n\n\n\n<figure class=\"wp-block-table\"><table class=\"has-fixed-layout\"><thead><tr><th>Parte protegida<\/th><th>Exemplos de EPI<\/th><\/tr><\/thead><tbody><tr><td>Cabe\u00e7a<\/td><td>Capacete de seguran\u00e7a<\/td><\/tr><tr><td>Olhos e face<\/td><td>\u00d3culos, viseira, protetor facial<\/td><\/tr><tr><td>Ouvidos<\/td><td>Protetor auricular tipo plug ou concha<\/td><\/tr><tr><td>Respira\u00e7\u00e3o<\/td><td>M\u00e1scara, respirador, filtro<\/td><\/tr><tr><td>M\u00e3os e bra\u00e7os<\/td><td>Luvas, mangotes<\/td><\/tr><tr><td>P\u00e9s e pernas<\/td><td>Botas, cal\u00e7ados de seguran\u00e7a, perneiras<\/td><\/tr><tr><td>Corpo<\/td><td>Avental, macac\u00e3o, vestimenta de prote\u00e7\u00e3o<\/td><\/tr><tr><td>Queda de altura<\/td><td>Cintur\u00e3o, talabarte, trava-quedas<\/td><\/tr><\/tbody><\/table><\/figure>\n\n\n\n<p>Essa divis\u00e3o ajuda, mas n\u00e3o substitui a an\u00e1lise da atividade. Uma luva, por exemplo, pode proteger contra corte, calor, produto qu\u00edmico ou eletricidade. Cada risco exige um tipo diferente de luva.<\/p>\n\n\n\n<h2 class=\"wp-block-heading has-large-font-size\">Como escolher o EPI correto?<\/h2>\n\n\n\n<p>A escolha do EPI deve come\u00e7ar pelo risco, n\u00e3o pelo produto.<\/p>\n\n\n\n<p>Antes de definir o equipamento, a empresa precisa responder algumas perguntas:<\/p>\n\n\n\n<ol class=\"wp-block-list\">\n<li>Qual atividade ser\u00e1 executada?<\/li>\n\n\n\n<li>Quais riscos existem nessa atividade?<\/li>\n\n\n\n<li>Qual parte do corpo est\u00e1 exposta?<\/li>\n\n\n\n<li>Existe medida coletiva para reduzir o risco?<\/li>\n\n\n\n<li>Qual EPI \u00e9 adequado para esse risco?<\/li>\n\n\n\n<li>O equipamento tem CA?<\/li>\n\n\n\n<li>O trabalhador sabe usar, guardar e conservar o EPI?<\/li>\n\n\n\n<li>A empresa consegue registrar a entrega e controlar a troca?<\/li>\n<\/ol>\n\n\n\n<p>Essa l\u00f3gica evita um erro muito comum: entregar o mesmo EPI para todo mundo, sem considerar a fun\u00e7\u00e3o, o ambiente e o tipo de exposi\u00e7\u00e3o.<\/p>\n\n\n\n<h2 class=\"wp-block-heading has-large-font-size\">Exemplo pr\u00e1tico de escolha de EPI<\/h2>\n\n\n\n<p>Imagine um trabalhador que atua na constru\u00e7\u00e3o civil, em \u00e1rea com risco de queda de objetos, poeira, ru\u00eddo e perfura\u00e7\u00e3o nos p\u00e9s.<\/p>\n\n\n\n<p>Nesse caso, a empresa pode precisar avaliar:<\/p>\n\n\n\n<figure class=\"wp-block-table\"><table class=\"has-fixed-layout\"><thead><tr><th>Risco<\/th><th>Poss\u00edvel EPI<\/th><\/tr><\/thead><tbody><tr><td>Queda de objeto<\/td><td>Capacete de seguran\u00e7a<\/td><\/tr><tr><td>Poeira<\/td><td>M\u00e1scara ou respirador<\/td><\/tr><tr><td>Ru\u00eddo<\/td><td>Protetor auricular<\/td><\/tr><tr><td>Perfura\u00e7\u00e3o nos p\u00e9s<\/td><td>Bota de seguran\u00e7a<\/td><\/tr><tr><td>Proje\u00e7\u00e3o de part\u00edculas<\/td><td>\u00d3culos de prote\u00e7\u00e3o<\/td><\/tr><tr><td>Trabalho em altura<\/td><td>Cintur\u00e3o de seguran\u00e7a<\/td><\/tr><\/tbody><\/table><\/figure>\n\n\n\n<p>Perceba que n\u00e3o existe \u201cum EPI para constru\u00e7\u00e3o civil\u201d. Existem EPIs diferentes conforme o risco da atividade.<\/p>\n\n\n\n<p>Esse racioc\u00ednio tamb\u00e9m vale para hospitais, ind\u00fastrias, supermercados, transporte, limpeza, eletricidade, laborat\u00f3rios, oficinas e outros ambientes.<\/p>\n\n\n\n<h2 class=\"wp-block-heading has-large-font-size\">Responsabilidades da empresa<\/h2>\n\n\n\n<p>A empresa tem papel central no controle dos EPIs. De acordo com a NR-6, cabe \u00e0 organiza\u00e7\u00e3o adquirir EPI aprovado, orientar e treinar o empregado, fornecer gratuitamente o equipamento adequado ao risco e em perfeito estado de conserva\u00e7\u00e3o e funcionamento.<\/p>\n\n\n\n<p>Na pr\u00e1tica, a empresa deve:<\/p>\n\n\n\n<ul class=\"wp-block-list\">\n<li>escolher EPI adequado ao risco;<\/li>\n\n\n\n<li>fornecer gratuitamente;<\/li>\n\n\n\n<li>verificar o CA;<\/li>\n\n\n\n<li>orientar e treinar o trabalhador;<\/li>\n\n\n\n<li>exigir o uso correto;<\/li>\n\n\n\n<li>substituir quando estiver danificado ou extraviado;<\/li>\n\n\n\n<li>registrar a entrega;<\/li>\n\n\n\n<li>manter controle de troca e validade;<\/li>\n\n\n\n<li>acompanhar se o equipamento est\u00e1 sendo usado.<\/li>\n<\/ul>\n\n\n\n<p>A entrega do EPI n\u00e3o pode ser tratada como um ato isolado. Ela precisa fazer parte da gest\u00e3o de <a href=\"https:\/\/www.sistemametra.com.br\/blog\/categoria\/sst\/seguranca-do-trabalho\/\">seguran\u00e7a do trabalho<\/a>.<\/p>\n\n\n\n<h2 class=\"wp-block-heading has-large-font-size\">Responsabilidades do trabalhador<\/h2>\n\n\n\n<p>O trabalhador tamb\u00e9m tem responsabilidades.<\/p>\n\n\n\n<p>Ele deve usar o EPI conforme a orienta\u00e7\u00e3o recebida, conservar o equipamento, utilizar apenas para a finalidade correta e comunicar quando houver dano, perda ou qualquer problema que comprometa a prote\u00e7\u00e3o.<\/p>\n\n\n\n<p>Na pr\u00e1tica, o trabalhador precisa entender que EPI n\u00e3o \u00e9 enfeite, nem burocracia. \u00c9 uma barreira entre ele e o risco.<\/p>\n\n\n\n<p>Mas para isso funcionar, a empresa precisa explicar o motivo do uso. Quando o colaborador entende o risco, a chance de ades\u00e3o \u00e9 maior.<\/p>\n\n\n\n<h2 class=\"wp-block-heading has-large-font-size\">Por que controlar a entrega de EPI?<\/h2>\n\n\n\n<p>Controlar a entrega de EPI \u00e9 importante por tr\u00eas motivos: seguran\u00e7a, gest\u00e3o e prova documental.<\/p>\n\n\n\n<p>Se a empresa n\u00e3o registra a entrega, pode ter dificuldade para comprovar que forneceu o equipamento. Se n\u00e3o controla a troca, pode deixar trabalhadores usando EPIs vencidos, danificados ou inadequados.<\/p>\n\n\n\n<p>A pr\u00f3pria NR-6 menciona que, caso seja adotado sistema eletr\u00f4nico para registro de fornecimento de EPI, ele deve permitir a extra\u00e7\u00e3o de relat\u00f3rios.<\/p>\n\n\n\n<figure class=\"wp-block-table\"><table class=\"has-fixed-layout\"><thead><tr><th>Controle<\/th><th>O que deve mostrar<\/th><\/tr><\/thead><tbody><tr><td>Entrega<\/td><td>Quem recebeu, quando recebeu e qual EPI recebeu<\/td><\/tr><tr><td>CA<\/td><td>N\u00famero do Certificado de Aprova\u00e7\u00e3o<\/td><\/tr><tr><td>Troca<\/td><td>Motivo da substitui\u00e7\u00e3o e data<\/td><\/tr><tr><td>Treinamento<\/td><td>Orienta\u00e7\u00e3o dada ao trabalhador<\/td><\/tr><tr><td>Assinatura<\/td><td>Comprova\u00e7\u00e3o do recebimento<\/td><\/tr><tr><td>Relat\u00f3rio<\/td><td>Hist\u00f3rico para consulta e auditoria<\/td><\/tr><\/tbody><\/table><\/figure>\n\n\n\n<p>Esse controle evita bagun\u00e7a, reduz retrabalho e ajuda a empresa em fiscaliza\u00e7\u00f5es, auditorias e processos internos.<\/p>\n\n\n\n<h2 class=\"wp-block-heading has-large-font-size\">EPI dentro da rotina de SST<\/h2>\n\n\n\n<p>O EPI n\u00e3o deve ficar separado da gest\u00e3o de <a href=\"https:\/\/www.sistemametra.com.br\/blog\/o-que-e-sst-seguranca-do-trabalho\/\">SST<\/a>. Ele precisa conversar com o PGR, com os riscos ocupacionais, com os treinamentos, com os documentos e com a rotina de fiscaliza\u00e7\u00e3o.<\/p>\n\n\n\n<p>Uma gest\u00e3o de EPI bem feita ajuda a empresa a responder perguntas simples:<\/p>\n\n\n\n<figure class=\"wp-block-table\"><table class=\"has-fixed-layout\"><thead><tr><th>Pergunta<\/th><th>Por que importa<\/th><\/tr><\/thead><tbody><tr><td>Quem recebeu EPI?<\/td><td>Comprova entrega<\/td><\/tr><tr><td>Qual EPI foi entregue?<\/td><td>Mostra adequa\u00e7\u00e3o ao risco<\/td><\/tr><tr><td>O equipamento tem CA?<\/td><td>Confirma aprova\u00e7\u00e3o<\/td><\/tr><tr><td>Quando deve trocar?<\/td><td>Evita uso de EPI inadequado<\/td><\/tr><tr><td>O trabalhador foi treinado?<\/td><td>Reduz uso errado<\/td><\/tr><tr><td>O EPI est\u00e1 ligado ao risco da fun\u00e7\u00e3o?<\/td><td>Evita entrega gen\u00e9rica<\/td><\/tr><\/tbody><\/table><\/figure>\n\n\n\n<p>Quando essas respostas est\u00e3o espalhadas em papel, planilha ou mem\u00f3ria, a empresa perde controle.<\/p>\n\n\n\n<h2 class=\"wp-block-heading has-large-font-size\">EPI e acidentes de trabalho no Brasil<\/h2>\n\n\n\n<p>A import\u00e2ncia do EPI fica mais clara quando olhamos para os dados de acidentes de trabalho.<\/p>\n\n\n\n<p>O Observat\u00f3rio de Seguran\u00e7a e Sa\u00fade no Trabalho, da iniciativa <a href=\"https:\/\/smartlabbr.org\/sst\/\" target=\"_blank\" rel=\"noreferrer noopener\">SmartLab<\/a>, informa que foram notificadas mais de 8,8 milh\u00f5es de ocorr\u00eancias de acidentes de trabalho entre 2012 e 2024. A plataforma re\u00fane dados p\u00fablicos para apoiar pol\u00edticas de preven\u00e7\u00e3o e trabalho decente.<\/p>\n\n\n\n<p>Com base no panorama informado no briefing, os principais n\u00fameros do per\u00edodo s\u00e3o:<\/p>\n\n\n\n<figure class=\"wp-block-table\"><table class=\"has-fixed-layout\"><thead><tr><th>Indicador<\/th><th>Total acumulado<\/th><\/tr><\/thead><tbody><tr><td>Notifica\u00e7\u00f5es de acidentes<\/td><td>8.824.286<\/td><\/tr><tr><td>\u00d3bitos notificados<\/td><td>31.981<\/td><\/tr><tr><td>Gastos previdenci\u00e1rios<\/td><td>R$ 173,9 bilh\u00f5es<\/td><\/tr><tr><td>Dias de trabalho perdidos<\/td><td>573.797.179<\/td><\/tr><tr><td>Notifica\u00e7\u00f5es SINAN\/SUS<\/td><td>3.589.296<\/td><\/tr><\/tbody><\/table><\/figure>\n\n\n\n<p>Esses n\u00fameros mostram que seguran\u00e7a do trabalho n\u00e3o \u00e9 apenas obriga\u00e7\u00e3o. \u00c9 preven\u00e7\u00e3o de perdas humanas, afastamentos, custos e falhas operacionais.<\/p>\n\n\n\n<p>O EPI n\u00e3o elimina todos os acidentes, mas pode reduzir a exposi\u00e7\u00e3o do trabalhador quando usado no contexto correto: risco identificado, equipamento adequado, treinamento e controle.<\/p>\n\n\n\n<h2 class=\"wp-block-heading has-large-font-size\">Erros comuns no uso de EPI<\/h2>\n\n\n\n<p>Alguns erros aparecem com frequ\u00eancia nas empresas:<\/p>\n\n\n\n<ul class=\"wp-block-list\">\n<li>entregar EPI sem treinamento;<\/li>\n\n\n\n<li>usar o mesmo equipamento para riscos diferentes;<\/li>\n\n\n\n<li>n\u00e3o verificar o CA;<\/li>\n\n\n\n<li>n\u00e3o registrar a entrega;<\/li>\n\n\n\n<li>n\u00e3o substituir equipamento danificado;<\/li>\n\n\n\n<li>n\u00e3o fiscalizar o uso;<\/li>\n\n\n\n<li>comprar apenas pelo menor pre\u00e7o;<\/li>\n\n\n\n<li>n\u00e3o relacionar o EPI ao PGR;<\/li>\n\n\n\n<li>deixar fichas de EPI desatualizadas;<\/li>\n\n\n\n<li>n\u00e3o explicar ao trabalhador o risco da atividade.<\/li>\n<\/ul>\n\n\n\n<p>O problema \u00e9 que cada um desses erros enfraquece a prote\u00e7\u00e3o. \u00c0s vezes, o equipamento at\u00e9 existe, mas a gest\u00e3o falha.<\/p>\n\n\n\n<h2 class=\"wp-block-heading has-large-font-size\">Como organizar a gest\u00e3o de EPI na empresa<\/h2>\n\n\n\n<p>Uma rotina simples pode resolver boa parte dos problemas.<\/p>\n\n\n\n<ol class=\"wp-block-list\">\n<li>Identifique os riscos de cada fun\u00e7\u00e3o.<\/li>\n\n\n\n<li>Defina os EPIs adequados.<\/li>\n\n\n\n<li>Verifique o CA dos equipamentos.<\/li>\n\n\n\n<li>Entregue gratuitamente ao trabalhador.<\/li>\n\n\n\n<li>Oriente e treine sobre uso correto.<\/li>\n\n\n\n<li>Registre a entrega.<\/li>\n\n\n\n<li>Controle troca, dano e extravio.<\/li>\n\n\n\n<li>Fiscalize o uso na rotina.<\/li>\n\n\n\n<li>Revise os EPIs quando a atividade mudar.<\/li>\n<\/ol>\n\n\n\n<p>Esse controle ajuda a transformar EPI em gest\u00e3o, e n\u00e3o apenas em compra de equipamento.<\/p>\n\n\n\n<h2 class=\"wp-block-heading has-large-font-size\">Conclus\u00e3o<\/h2>\n\n\n\n<p><strong>EPI \u00e9 o Equipamento de Prote\u00e7\u00e3o Individual<\/strong> usado para proteger o trabalhador contra riscos da atividade. Mas a prote\u00e7\u00e3o n\u00e3o est\u00e1 apenas no equipamento. Est\u00e1 na escolha correta, no treinamento, no uso adequado e no controle feito pela empresa.<\/p>\n\n\n\n<p>O EPI certo \u00e9 aquele que responde ao risco certo.<\/p>\n\n\n\n<p>Por isso, a empresa precisa olhar para a rotina real: quais atividades s\u00e3o feitas, quais riscos existem, quem est\u00e1 exposto, quais equipamentos s\u00e3o necess\u00e1rios e como ser\u00e1 feito o registro de entrega, troca e conserva\u00e7\u00e3o.<\/p>\n\n\n\n<p>Quando a gest\u00e3o de EPI \u00e9 organizada, a empresa protege melhor seus trabalhadores, reduz falhas, melhora a rotina de SST e ganha mais seguran\u00e7a para auditorias, fiscaliza\u00e7\u00f5es e tomada de decis\u00e3o.<\/p>\n\n\n\n<h2 class=\"wp-block-heading\">Perguntas Frequentes sobre EPI<\/h2>\n\n\n\n<div class=\"schema-faq wp-block-yoast-faq-block\"><div class=\"schema-faq-section\" id=\"faq-question-1777674789527\"><strong class=\"schema-faq-question\">O que significa EPI?<\/strong> <p class=\"schema-faq-answer\">EPI significa <strong>Equipamento de Prote\u00e7\u00e3o Individual<\/strong>. \u00c9 o equipamento usado por uma pessoa para se proteger contra riscos do ambiente de trabalho.<\/p> <\/div> <div class=\"schema-faq-section\" id=\"faq-question-1777674850041\"><strong class=\"schema-faq-question\">Para que serve o EPI?<\/strong> <p class=\"schema-faq-answer\">Serve para reduzir a exposi\u00e7\u00e3o do trabalhador a riscos como cortes, quedas, impactos, ru\u00eddo, poeira, produtos qu\u00edmicos, agentes biol\u00f3gicos, calor, frio e eletricidade.<\/p> <\/div> <div class=\"schema-faq-section\" id=\"faq-question-1777674851002\"><strong class=\"schema-faq-question\">Quem deve fornecer o EPI?<\/strong> <p class=\"schema-faq-answer\">A empresa deve fornecer o EPI adequado ao risco, gratuitamente, em bom estado de conserva\u00e7\u00e3o e funcionamento, al\u00e9m de orientar e treinar o trabalhador.<\/p> <\/div> <div class=\"schema-faq-section\" id=\"faq-question-1777674851809\"><strong class=\"schema-faq-question\">O trabalhador \u00e9 obrigado a usar EPI?<\/strong> <p class=\"schema-faq-answer\">Sim, quando o uso for necess\u00e1rio para a atividade. O trabalhador deve usar corretamente, conservar e comunicar problemas no equipamento.<\/p> <\/div> <div class=\"schema-faq-section\" id=\"faq-question-1777674852498\"><strong class=\"schema-faq-question\">Qual a diferen\u00e7a entre EPI e EPC?<\/strong> <p class=\"schema-faq-answer\">EPI protege uma pessoa. EPC protege v\u00e1rias pessoas ao mesmo tempo. Capacete e luva s\u00e3o EPIs. Guarda-corpo, sinaliza\u00e7\u00e3o e ventila\u00e7\u00e3o s\u00e3o exemplos de EPCs.<\/p> <\/div> <div class=\"schema-faq-section\" id=\"faq-question-1777674897212\"><strong class=\"schema-faq-question\">Todo EPI precisa ter CA?<\/strong> <p class=\"schema-faq-answer\">Sim. A NR-6 determina que o EPI s\u00f3 pode ser comercializado ou utilizado com indica\u00e7\u00e3o do Certificado de Aprova\u00e7\u00e3o, expedido pelo \u00f3rg\u00e3o competente.<\/p> <\/div> <div class=\"schema-faq-section\" id=\"faq-question-1777674898056\"><strong class=\"schema-faq-question\">Luva, bota e capacete servem para qualquer atividade?<\/strong> <p class=\"schema-faq-answer\">N\u00e3o. Cada EPI deve ser escolhido conforme o risco. Existem luvas, botas e capacetes com finalidades diferentes.<\/p> <\/div> <\/div>\n\n\n\n<hr class=\"wp-block-separator has-alpha-channel-opacity\"\/>\n\n\n\n<h3 class=\"wp-block-heading\"><strong>Quer controlar EPIs com mais seguran\u00e7a e menos planilhas?<\/strong><\/h3>\n\n\n\n<p>Conhe\u00e7a o <strong><a href=\"https:\/\/www.sistemametra.com.br\/\" target=\"_blank\" rel=\"noreferrer noopener\">Sistema Metra<\/a><\/strong> e veja como organizar entrega de EPIs, vencimentos, documentos, treinamentos e rotinas de SST em uma plataforma integrada.<\/p>\n","protected":false},"excerpt":{"rendered":"<p>EPI \u00e9 a sigla para Equipamento de Prote\u00e7\u00e3o Individual. Na pr\u00e1tica, \u00e9 todo equipamento usado pelo trabalhador para reduzir riscos que podem afetar sua sa\u00fade ou seguran\u00e7a durante a atividade. Capacete, luva, bota, \u00f3culos de prote\u00e7\u00e3o, m\u00e1scara, protetor auricular, avental e cintur\u00e3o de seguran\u00e7a s\u00e3o alguns exemplos comuns. Mas o ponto mais importante \u00e9 entender [&hellip;]<\/p>\n","protected":false},"author":3,"featured_media":1000,"comment_status":"open","ping_status":"open","sticky":false,"template":"","format":"standard","meta":{"footnotes":""},"categories":[25,4],"tags":[53,54,55],"class_list":["post-998","post","type-post","status-publish","format-standard","has-post-thumbnail","hentry","category-seguranca-do-trabalho","category-sst","tag-epi","tag-equipamento-de-protecao-individual","tag-equipamento-de-seguranca-individual"],"yoast_head":"<!-- This site is optimized with the Yoast SEO plugin v27.5 - https:\/\/yoast.com\/product\/yoast-seo-wordpress\/ -->\n<title>O que \u00e9 EPI: Entenda o Equipamento de Prote\u00e7\u00e3o Individual<\/title>\n<meta name=\"description\" content=\"Entenda o que \u00e9 EPI, para que serve, quais s\u00e3o os principais tipos, quando o uso \u00e9 obrigat\u00f3rio e como controlar os Equipamentos de Prote\u00e7\u00e3o Individual na empresa.\" \/>\n<meta name=\"robots\" content=\"index, follow, max-snippet:-1, max-image-preview:large, max-video-preview:-1\" \/>\n<link rel=\"canonical\" href=\"https:\/\/www.sistemametra.com.br\/blog\/epi-equipamento-de-protecao-individual\/\" \/>\n<meta property=\"og:locale\" content=\"pt_BR\" \/>\n<meta property=\"og:type\" content=\"article\" \/>\n<meta property=\"og:title\" content=\"O que \u00e9 EPI: Entenda o Equipamento de Prote\u00e7\u00e3o Individual\" \/>\n<meta property=\"og:description\" content=\"Entenda o que \u00e9 EPI, para que serve, quais s\u00e3o os principais tipos, quando o uso \u00e9 obrigat\u00f3rio e como controlar os Equipamentos de Prote\u00e7\u00e3o Individual na empresa.\" \/>\n<meta property=\"og:url\" content=\"https:\/\/www.sistemametra.com.br\/blog\/epi-equipamento-de-protecao-individual\/\" \/>\n<meta property=\"og:site_name\" content=\"Blog Metra\" \/>\n<meta property=\"article:publisher\" content=\"https:\/\/www.facebook.com\/metraweb\" \/>\n<meta property=\"article:published_time\" content=\"2026-05-01T22:41:10+00:00\" \/>\n<meta property=\"article:modified_time\" content=\"2026-05-01T22:45:28+00:00\" \/>\n<meta property=\"og:image\" content=\"https:\/\/www.sistemametra.com.br\/blog\/wp-content\/uploads\/2026\/05\/o-que-e-epi.webp\" \/>\n\t<meta property=\"og:image:width\" content=\"1200\" \/>\n\t<meta property=\"og:image:height\" content=\"675\" \/>\n\t<meta property=\"og:image:type\" content=\"image\/webp\" \/>\n<meta name=\"author\" content=\"Anderson Fernandes\" \/>\n<meta name=\"twitter:card\" content=\"summary_large_image\" \/>\n<meta name=\"twitter:label1\" content=\"Escrito por\" \/>\n\t<meta name=\"twitter:data1\" content=\"Anderson Fernandes\" \/>\n\t<meta name=\"twitter:label2\" content=\"Est. tempo de leitura\" \/>\n\t<meta name=\"twitter:data2\" content=\"13 minutos\" \/>\n<script type=\"application\/ld+json\" class=\"yoast-schema-graph\">{\"@context\":\"https:\\\/\\\/schema.org\",\"@graph\":[{\"@type\":\"Article\",\"@id\":\"https:\\\/\\\/www.sistemametra.com.br\\\/blog\\\/epi-equipamento-de-protecao-individual\\\/#article\",\"isPartOf\":{\"@id\":\"https:\\\/\\\/www.sistemametra.com.br\\\/blog\\\/epi-equipamento-de-protecao-individual\\\/\"},\"author\":{\"name\":\"Anderson Fernandes\",\"@id\":\"https:\\\/\\\/www.sistemametra.com.br\\\/blog\\\/#\\\/schema\\\/person\\\/7c04d9110a7e64758ca9951890e56d82\"},\"headline\":\"O que \u00e9 EPI: Entenda o Equipamento de Prote\u00e7\u00e3o Individual\",\"datePublished\":\"2026-05-01T22:41:10+00:00\",\"dateModified\":\"2026-05-01T22:45:28+00:00\",\"mainEntityOfPage\":{\"@id\":\"https:\\\/\\\/www.sistemametra.com.br\\\/blog\\\/epi-equipamento-de-protecao-individual\\\/\"},\"wordCount\":2392,\"commentCount\":0,\"publisher\":{\"@id\":\"https:\\\/\\\/www.sistemametra.com.br\\\/blog\\\/#organization\"},\"image\":{\"@id\":\"https:\\\/\\\/www.sistemametra.com.br\\\/blog\\\/epi-equipamento-de-protecao-individual\\\/#primaryimage\"},\"thumbnailUrl\":\"https:\\\/\\\/www.sistemametra.com.br\\\/blog\\\/wp-content\\\/uploads\\\/2026\\\/05\\\/o-que-e-epi.webp\",\"keywords\":[\"epi\",\"equipamento de prote\u00e7\u00e3o individual\",\"equipamento de seguran\u00e7a individual\"],\"articleSection\":[\"Seguran\u00e7a do Trabalho\",\"SST\"],\"inLanguage\":\"pt-BR\",\"potentialAction\":[{\"@type\":\"CommentAction\",\"name\":\"Comment\",\"target\":[\"https:\\\/\\\/www.sistemametra.com.br\\\/blog\\\/epi-equipamento-de-protecao-individual\\\/#respond\"]}]},{\"@type\":[\"WebPage\",\"FAQPage\"],\"@id\":\"https:\\\/\\\/www.sistemametra.com.br\\\/blog\\\/epi-equipamento-de-protecao-individual\\\/\",\"url\":\"https:\\\/\\\/www.sistemametra.com.br\\\/blog\\\/epi-equipamento-de-protecao-individual\\\/\",\"name\":\"O que \u00e9 EPI: Entenda o Equipamento de Prote\u00e7\u00e3o Individual\",\"isPartOf\":{\"@id\":\"https:\\\/\\\/www.sistemametra.com.br\\\/blog\\\/#website\"},\"primaryImageOfPage\":{\"@id\":\"https:\\\/\\\/www.sistemametra.com.br\\\/blog\\\/epi-equipamento-de-protecao-individual\\\/#primaryimage\"},\"image\":{\"@id\":\"https:\\\/\\\/www.sistemametra.com.br\\\/blog\\\/epi-equipamento-de-protecao-individual\\\/#primaryimage\"},\"thumbnailUrl\":\"https:\\\/\\\/www.sistemametra.com.br\\\/blog\\\/wp-content\\\/uploads\\\/2026\\\/05\\\/o-que-e-epi.webp\",\"datePublished\":\"2026-05-01T22:41:10+00:00\",\"dateModified\":\"2026-05-01T22:45:28+00:00\",\"description\":\"Entenda o que \u00e9 EPI, para que serve, quais s\u00e3o os principais tipos, quando o uso \u00e9 obrigat\u00f3rio e como controlar os Equipamentos de Prote\u00e7\u00e3o Individual na empresa.\",\"breadcrumb\":{\"@id\":\"https:\\\/\\\/www.sistemametra.com.br\\\/blog\\\/epi-equipamento-de-protecao-individual\\\/#breadcrumb\"},\"mainEntity\":[{\"@id\":\"https:\\\/\\\/www.sistemametra.com.br\\\/blog\\\/epi-equipamento-de-protecao-individual\\\/#faq-question-1777674789527\"},{\"@id\":\"https:\\\/\\\/www.sistemametra.com.br\\\/blog\\\/epi-equipamento-de-protecao-individual\\\/#faq-question-1777674850041\"},{\"@id\":\"https:\\\/\\\/www.sistemametra.com.br\\\/blog\\\/epi-equipamento-de-protecao-individual\\\/#faq-question-1777674851002\"},{\"@id\":\"https:\\\/\\\/www.sistemametra.com.br\\\/blog\\\/epi-equipamento-de-protecao-individual\\\/#faq-question-1777674851809\"},{\"@id\":\"https:\\\/\\\/www.sistemametra.com.br\\\/blog\\\/epi-equipamento-de-protecao-individual\\\/#faq-question-1777674852498\"},{\"@id\":\"https:\\\/\\\/www.sistemametra.com.br\\\/blog\\\/epi-equipamento-de-protecao-individual\\\/#faq-question-1777674897212\"},{\"@id\":\"https:\\\/\\\/www.sistemametra.com.br\\\/blog\\\/epi-equipamento-de-protecao-individual\\\/#faq-question-1777674898056\"}],\"inLanguage\":\"pt-BR\",\"potentialAction\":[{\"@type\":\"ReadAction\",\"target\":[\"https:\\\/\\\/www.sistemametra.com.br\\\/blog\\\/epi-equipamento-de-protecao-individual\\\/\"]}]},{\"@type\":\"ImageObject\",\"inLanguage\":\"pt-BR\",\"@id\":\"https:\\\/\\\/www.sistemametra.com.br\\\/blog\\\/epi-equipamento-de-protecao-individual\\\/#primaryimage\",\"url\":\"https:\\\/\\\/www.sistemametra.com.br\\\/blog\\\/wp-content\\\/uploads\\\/2026\\\/05\\\/o-que-e-epi.webp\",\"contentUrl\":\"https:\\\/\\\/www.sistemametra.com.br\\\/blog\\\/wp-content\\\/uploads\\\/2026\\\/05\\\/o-que-e-epi.webp\",\"width\":1200,\"height\":675,\"caption\":\"Equipamento de Prote\u00e7\u00e3o Individual\"},{\"@type\":\"BreadcrumbList\",\"@id\":\"https:\\\/\\\/www.sistemametra.com.br\\\/blog\\\/epi-equipamento-de-protecao-individual\\\/#breadcrumb\",\"itemListElement\":[{\"@type\":\"ListItem\",\"position\":1,\"name\":\"In\u00edcio\",\"item\":\"https:\\\/\\\/www.sistemametra.com.br\\\/blog\\\/\"},{\"@type\":\"ListItem\",\"position\":2,\"name\":\"O que \u00e9 EPI: Entenda o Equipamento de Prote\u00e7\u00e3o Individual\"}]},{\"@type\":\"WebSite\",\"@id\":\"https:\\\/\\\/www.sistemametra.com.br\\\/blog\\\/#website\",\"url\":\"https:\\\/\\\/www.sistemametra.com.br\\\/blog\\\/\",\"name\":\"Blog Metra\",\"description\":\"Conte\u00fado pr\u00e1tico sobre Sa\u00fade e Seguran\u00e7a do Trabalho: normas, documentos e obriga\u00e7\u00f5es explicados de forma direta para profissionais e empresas.\",\"publisher\":{\"@id\":\"https:\\\/\\\/www.sistemametra.com.br\\\/blog\\\/#organization\"},\"alternateName\":\"Sistema Metra\",\"potentialAction\":[{\"@type\":\"SearchAction\",\"target\":{\"@type\":\"EntryPoint\",\"urlTemplate\":\"https:\\\/\\\/www.sistemametra.com.br\\\/blog\\\/?s={search_term_string}\"},\"query-input\":{\"@type\":\"PropertyValueSpecification\",\"valueRequired\":true,\"valueName\":\"search_term_string\"}}],\"inLanguage\":\"pt-BR\"},{\"@type\":\"Organization\",\"@id\":\"https:\\\/\\\/www.sistemametra.com.br\\\/blog\\\/#organization\",\"name\":\"Sistema Metra\",\"url\":\"https:\\\/\\\/www.sistemametra.com.br\\\/blog\\\/\",\"logo\":{\"@type\":\"ImageObject\",\"inLanguage\":\"pt-BR\",\"@id\":\"https:\\\/\\\/www.sistemametra.com.br\\\/blog\\\/#\\\/schema\\\/logo\\\/image\\\/\",\"url\":\"https:\\\/\\\/www.sistemametra.com.br\\\/blog\\\/wp-content\\\/uploads\\\/2026\\\/04\\\/blog-metra.webp\",\"contentUrl\":\"https:\\\/\\\/www.sistemametra.com.br\\\/blog\\\/wp-content\\\/uploads\\\/2026\\\/04\\\/blog-metra.webp\",\"width\":800,\"height\":800,\"caption\":\"Sistema Metra\"},\"image\":{\"@id\":\"https:\\\/\\\/www.sistemametra.com.br\\\/blog\\\/#\\\/schema\\\/logo\\\/image\\\/\"},\"sameAs\":[\"https:\\\/\\\/www.facebook.com\\\/metraweb\",\"https:\\\/\\\/www.linkedin.com\\\/company\\\/metra-web\\\/?viewAsMember=true\",\"https:\\\/\\\/www.youtube.com\\\/@SistemaMetra\"]},{\"@type\":\"Person\",\"@id\":\"https:\\\/\\\/www.sistemametra.com.br\\\/blog\\\/#\\\/schema\\\/person\\\/7c04d9110a7e64758ca9951890e56d82\",\"name\":\"Anderson Fernandes\",\"pronouns\":\"Ele\",\"image\":{\"@type\":\"ImageObject\",\"inLanguage\":\"pt-BR\",\"@id\":\"https:\\\/\\\/secure.gravatar.com\\\/avatar\\\/fbe9c5fc3e57710af6aceaea09e3d466e4721a3069e8568b6c9655c7231c5b5e?s=96&d=mm&r=g\",\"url\":\"https:\\\/\\\/secure.gravatar.com\\\/avatar\\\/fbe9c5fc3e57710af6aceaea09e3d466e4721a3069e8568b6c9655c7231c5b5e?s=96&d=mm&r=g\",\"contentUrl\":\"https:\\\/\\\/secure.gravatar.com\\\/avatar\\\/fbe9c5fc3e57710af6aceaea09e3d466e4721a3069e8568b6c9655c7231c5b5e?s=96&d=mm&r=g\",\"caption\":\"Anderson Fernandes\"},\"description\":\"Com forma\u00e7\u00e3o superior \u00e9 t\u00e9cnico em Seguran\u00e7a do Trabalho do Sistema Metra. H\u00e1 30 anos trabalhando ininterruptamente na \u00e1rea desde 2002. Formado ainda no Curso de Tecn\u00f3logo em Seguran\u00e7a do Trabalho e cursando Engenharia visando a p\u00f3s gradua\u00e7\u00e3o em Seguran\u00e7a do Trabalho. Atua ainda como int\u00e9rprete de LIBRAS e atualmente \u00e9 consultor de diversas empresas em ramos de atividade como: Minera\u00e7\u00e3o, Automobil\u00edstica, Manuten\u00e7\u00e3o El\u00e9trica de Grande Porte, Cer\u00e2mica, Refrat\u00e1rios, Sa\u00fade entre outros. \u00c9 propriet\u00e1rio da empresa Mais Sa\u00fade e Seguran\u00e7a do Trabalho e atende seus clientes de forma personalizada moldando a\u00e7\u00f5es conforme as caracter\u00edsticas de cliente.\",\"sameAs\":[\"https:\\\/\\\/www.sistemametra.com.br\",\"https:\\\/\\\/www.instagram.com\\\/andfergom17121999\"],\"url\":\"https:\\\/\\\/www.sistemametra.com.br\\\/blog\\\/author\\\/anderson-fernandes\\\/\"},{\"@type\":\"Question\",\"@id\":\"https:\\\/\\\/www.sistemametra.com.br\\\/blog\\\/epi-equipamento-de-protecao-individual\\\/#faq-question-1777674789527\",\"position\":1,\"url\":\"https:\\\/\\\/www.sistemametra.com.br\\\/blog\\\/epi-equipamento-de-protecao-individual\\\/#faq-question-1777674789527\",\"name\":\"O que significa EPI?\",\"answerCount\":1,\"acceptedAnswer\":{\"@type\":\"Answer\",\"text\":\"EPI significa <strong>Equipamento de Prote\u00e7\u00e3o Individual<\\\/strong>. \u00c9 o equipamento usado por uma pessoa para se proteger contra riscos do ambiente de trabalho.\",\"inLanguage\":\"pt-BR\"},\"inLanguage\":\"pt-BR\"},{\"@type\":\"Question\",\"@id\":\"https:\\\/\\\/www.sistemametra.com.br\\\/blog\\\/epi-equipamento-de-protecao-individual\\\/#faq-question-1777674850041\",\"position\":2,\"url\":\"https:\\\/\\\/www.sistemametra.com.br\\\/blog\\\/epi-equipamento-de-protecao-individual\\\/#faq-question-1777674850041\",\"name\":\"Para que serve o EPI?\",\"answerCount\":1,\"acceptedAnswer\":{\"@type\":\"Answer\",\"text\":\"Serve para reduzir a exposi\u00e7\u00e3o do trabalhador a riscos como cortes, quedas, impactos, ru\u00eddo, poeira, produtos qu\u00edmicos, agentes biol\u00f3gicos, calor, frio e eletricidade.\",\"inLanguage\":\"pt-BR\"},\"inLanguage\":\"pt-BR\"},{\"@type\":\"Question\",\"@id\":\"https:\\\/\\\/www.sistemametra.com.br\\\/blog\\\/epi-equipamento-de-protecao-individual\\\/#faq-question-1777674851002\",\"position\":3,\"url\":\"https:\\\/\\\/www.sistemametra.com.br\\\/blog\\\/epi-equipamento-de-protecao-individual\\\/#faq-question-1777674851002\",\"name\":\"Quem deve fornecer o EPI?\",\"answerCount\":1,\"acceptedAnswer\":{\"@type\":\"Answer\",\"text\":\"A empresa deve fornecer o EPI adequado ao risco, gratuitamente, em bom estado de conserva\u00e7\u00e3o e funcionamento, al\u00e9m de orientar e treinar o trabalhador.\",\"inLanguage\":\"pt-BR\"},\"inLanguage\":\"pt-BR\"},{\"@type\":\"Question\",\"@id\":\"https:\\\/\\\/www.sistemametra.com.br\\\/blog\\\/epi-equipamento-de-protecao-individual\\\/#faq-question-1777674851809\",\"position\":4,\"url\":\"https:\\\/\\\/www.sistemametra.com.br\\\/blog\\\/epi-equipamento-de-protecao-individual\\\/#faq-question-1777674851809\",\"name\":\"O trabalhador \u00e9 obrigado a usar EPI?\",\"answerCount\":1,\"acceptedAnswer\":{\"@type\":\"Answer\",\"text\":\"Sim, quando o uso for necess\u00e1rio para a atividade. O trabalhador deve usar corretamente, conservar e comunicar problemas no equipamento.\",\"inLanguage\":\"pt-BR\"},\"inLanguage\":\"pt-BR\"},{\"@type\":\"Question\",\"@id\":\"https:\\\/\\\/www.sistemametra.com.br\\\/blog\\\/epi-equipamento-de-protecao-individual\\\/#faq-question-1777674852498\",\"position\":5,\"url\":\"https:\\\/\\\/www.sistemametra.com.br\\\/blog\\\/epi-equipamento-de-protecao-individual\\\/#faq-question-1777674852498\",\"name\":\"Qual a diferen\u00e7a entre EPI e EPC?\",\"answerCount\":1,\"acceptedAnswer\":{\"@type\":\"Answer\",\"text\":\"EPI protege uma pessoa. EPC protege v\u00e1rias pessoas ao mesmo tempo. Capacete e luva s\u00e3o EPIs. Guarda-corpo, sinaliza\u00e7\u00e3o e ventila\u00e7\u00e3o s\u00e3o exemplos de EPCs.\",\"inLanguage\":\"pt-BR\"},\"inLanguage\":\"pt-BR\"},{\"@type\":\"Question\",\"@id\":\"https:\\\/\\\/www.sistemametra.com.br\\\/blog\\\/epi-equipamento-de-protecao-individual\\\/#faq-question-1777674897212\",\"position\":6,\"url\":\"https:\\\/\\\/www.sistemametra.com.br\\\/blog\\\/epi-equipamento-de-protecao-individual\\\/#faq-question-1777674897212\",\"name\":\"Todo EPI precisa ter CA?\",\"answerCount\":1,\"acceptedAnswer\":{\"@type\":\"Answer\",\"text\":\"Sim. A NR-6 determina que o EPI s\u00f3 pode ser comercializado ou utilizado com indica\u00e7\u00e3o do Certificado de Aprova\u00e7\u00e3o, expedido pelo \u00f3rg\u00e3o competente.\",\"inLanguage\":\"pt-BR\"},\"inLanguage\":\"pt-BR\"},{\"@type\":\"Question\",\"@id\":\"https:\\\/\\\/www.sistemametra.com.br\\\/blog\\\/epi-equipamento-de-protecao-individual\\\/#faq-question-1777674898056\",\"position\":7,\"url\":\"https:\\\/\\\/www.sistemametra.com.br\\\/blog\\\/epi-equipamento-de-protecao-individual\\\/#faq-question-1777674898056\",\"name\":\"Luva, bota e capacete servem para qualquer atividade?\",\"answerCount\":1,\"acceptedAnswer\":{\"@type\":\"Answer\",\"text\":\"N\u00e3o. Cada EPI deve ser escolhido conforme o risco. Existem luvas, botas e capacetes com finalidades diferentes.\",\"inLanguage\":\"pt-BR\"},\"inLanguage\":\"pt-BR\"}]}<\/script>\n<!-- \/ Yoast SEO plugin. -->","yoast_head_json":{"title":"O que \u00e9 EPI: Entenda o Equipamento de Prote\u00e7\u00e3o Individual","description":"Entenda o que \u00e9 EPI, para que serve, quais s\u00e3o os principais tipos, quando o uso \u00e9 obrigat\u00f3rio e como controlar os Equipamentos de Prote\u00e7\u00e3o Individual na empresa.","robots":{"index":"index","follow":"follow","max-snippet":"max-snippet:-1","max-image-preview":"max-image-preview:large","max-video-preview":"max-video-preview:-1"},"canonical":"https:\/\/www.sistemametra.com.br\/blog\/epi-equipamento-de-protecao-individual\/","og_locale":"pt_BR","og_type":"article","og_title":"O que \u00e9 EPI: Entenda o Equipamento de Prote\u00e7\u00e3o Individual","og_description":"Entenda o que \u00e9 EPI, para que serve, quais s\u00e3o os principais tipos, quando o uso \u00e9 obrigat\u00f3rio e como controlar os Equipamentos de Prote\u00e7\u00e3o Individual na empresa.","og_url":"https:\/\/www.sistemametra.com.br\/blog\/epi-equipamento-de-protecao-individual\/","og_site_name":"Blog Metra","article_publisher":"https:\/\/www.facebook.com\/metraweb","article_published_time":"2026-05-01T22:41:10+00:00","article_modified_time":"2026-05-01T22:45:28+00:00","og_image":[{"width":1200,"height":675,"url":"https:\/\/www.sistemametra.com.br\/blog\/wp-content\/uploads\/2026\/05\/o-que-e-epi.webp","type":"image\/webp"}],"author":"Anderson Fernandes","twitter_card":"summary_large_image","twitter_misc":{"Escrito por":"Anderson Fernandes","Est. tempo de leitura":"13 minutos"},"schema":{"@context":"https:\/\/schema.org","@graph":[{"@type":"Article","@id":"https:\/\/www.sistemametra.com.br\/blog\/epi-equipamento-de-protecao-individual\/#article","isPartOf":{"@id":"https:\/\/www.sistemametra.com.br\/blog\/epi-equipamento-de-protecao-individual\/"},"author":{"name":"Anderson Fernandes","@id":"https:\/\/www.sistemametra.com.br\/blog\/#\/schema\/person\/7c04d9110a7e64758ca9951890e56d82"},"headline":"O que \u00e9 EPI: Entenda o Equipamento de Prote\u00e7\u00e3o Individual","datePublished":"2026-05-01T22:41:10+00:00","dateModified":"2026-05-01T22:45:28+00:00","mainEntityOfPage":{"@id":"https:\/\/www.sistemametra.com.br\/blog\/epi-equipamento-de-protecao-individual\/"},"wordCount":2392,"commentCount":0,"publisher":{"@id":"https:\/\/www.sistemametra.com.br\/blog\/#organization"},"image":{"@id":"https:\/\/www.sistemametra.com.br\/blog\/epi-equipamento-de-protecao-individual\/#primaryimage"},"thumbnailUrl":"https:\/\/www.sistemametra.com.br\/blog\/wp-content\/uploads\/2026\/05\/o-que-e-epi.webp","keywords":["epi","equipamento de prote\u00e7\u00e3o individual","equipamento de seguran\u00e7a individual"],"articleSection":["Seguran\u00e7a do Trabalho","SST"],"inLanguage":"pt-BR","potentialAction":[{"@type":"CommentAction","name":"Comment","target":["https:\/\/www.sistemametra.com.br\/blog\/epi-equipamento-de-protecao-individual\/#respond"]}]},{"@type":["WebPage","FAQPage"],"@id":"https:\/\/www.sistemametra.com.br\/blog\/epi-equipamento-de-protecao-individual\/","url":"https:\/\/www.sistemametra.com.br\/blog\/epi-equipamento-de-protecao-individual\/","name":"O que \u00e9 EPI: Entenda o Equipamento de Prote\u00e7\u00e3o Individual","isPartOf":{"@id":"https:\/\/www.sistemametra.com.br\/blog\/#website"},"primaryImageOfPage":{"@id":"https:\/\/www.sistemametra.com.br\/blog\/epi-equipamento-de-protecao-individual\/#primaryimage"},"image":{"@id":"https:\/\/www.sistemametra.com.br\/blog\/epi-equipamento-de-protecao-individual\/#primaryimage"},"thumbnailUrl":"https:\/\/www.sistemametra.com.br\/blog\/wp-content\/uploads\/2026\/05\/o-que-e-epi.webp","datePublished":"2026-05-01T22:41:10+00:00","dateModified":"2026-05-01T22:45:28+00:00","description":"Entenda o que \u00e9 EPI, para que serve, quais s\u00e3o os principais tipos, quando o uso \u00e9 obrigat\u00f3rio e como controlar os Equipamentos de Prote\u00e7\u00e3o Individual na empresa.","breadcrumb":{"@id":"https:\/\/www.sistemametra.com.br\/blog\/epi-equipamento-de-protecao-individual\/#breadcrumb"},"mainEntity":[{"@id":"https:\/\/www.sistemametra.com.br\/blog\/epi-equipamento-de-protecao-individual\/#faq-question-1777674789527"},{"@id":"https:\/\/www.sistemametra.com.br\/blog\/epi-equipamento-de-protecao-individual\/#faq-question-1777674850041"},{"@id":"https:\/\/www.sistemametra.com.br\/blog\/epi-equipamento-de-protecao-individual\/#faq-question-1777674851002"},{"@id":"https:\/\/www.sistemametra.com.br\/blog\/epi-equipamento-de-protecao-individual\/#faq-question-1777674851809"},{"@id":"https:\/\/www.sistemametra.com.br\/blog\/epi-equipamento-de-protecao-individual\/#faq-question-1777674852498"},{"@id":"https:\/\/www.sistemametra.com.br\/blog\/epi-equipamento-de-protecao-individual\/#faq-question-1777674897212"},{"@id":"https:\/\/www.sistemametra.com.br\/blog\/epi-equipamento-de-protecao-individual\/#faq-question-1777674898056"}],"inLanguage":"pt-BR","potentialAction":[{"@type":"ReadAction","target":["https:\/\/www.sistemametra.com.br\/blog\/epi-equipamento-de-protecao-individual\/"]}]},{"@type":"ImageObject","inLanguage":"pt-BR","@id":"https:\/\/www.sistemametra.com.br\/blog\/epi-equipamento-de-protecao-individual\/#primaryimage","url":"https:\/\/www.sistemametra.com.br\/blog\/wp-content\/uploads\/2026\/05\/o-que-e-epi.webp","contentUrl":"https:\/\/www.sistemametra.com.br\/blog\/wp-content\/uploads\/2026\/05\/o-que-e-epi.webp","width":1200,"height":675,"caption":"Equipamento de Prote\u00e7\u00e3o Individual"},{"@type":"BreadcrumbList","@id":"https:\/\/www.sistemametra.com.br\/blog\/epi-equipamento-de-protecao-individual\/#breadcrumb","itemListElement":[{"@type":"ListItem","position":1,"name":"In\u00edcio","item":"https:\/\/www.sistemametra.com.br\/blog\/"},{"@type":"ListItem","position":2,"name":"O que \u00e9 EPI: Entenda o Equipamento de Prote\u00e7\u00e3o Individual"}]},{"@type":"WebSite","@id":"https:\/\/www.sistemametra.com.br\/blog\/#website","url":"https:\/\/www.sistemametra.com.br\/blog\/","name":"Blog Metra","description":"Conte\u00fado pr\u00e1tico sobre Sa\u00fade e Seguran\u00e7a do Trabalho: normas, documentos e obriga\u00e7\u00f5es explicados de forma direta para profissionais e empresas.","publisher":{"@id":"https:\/\/www.sistemametra.com.br\/blog\/#organization"},"alternateName":"Sistema Metra","potentialAction":[{"@type":"SearchAction","target":{"@type":"EntryPoint","urlTemplate":"https:\/\/www.sistemametra.com.br\/blog\/?s={search_term_string}"},"query-input":{"@type":"PropertyValueSpecification","valueRequired":true,"valueName":"search_term_string"}}],"inLanguage":"pt-BR"},{"@type":"Organization","@id":"https:\/\/www.sistemametra.com.br\/blog\/#organization","name":"Sistema Metra","url":"https:\/\/www.sistemametra.com.br\/blog\/","logo":{"@type":"ImageObject","inLanguage":"pt-BR","@id":"https:\/\/www.sistemametra.com.br\/blog\/#\/schema\/logo\/image\/","url":"https:\/\/www.sistemametra.com.br\/blog\/wp-content\/uploads\/2026\/04\/blog-metra.webp","contentUrl":"https:\/\/www.sistemametra.com.br\/blog\/wp-content\/uploads\/2026\/04\/blog-metra.webp","width":800,"height":800,"caption":"Sistema Metra"},"image":{"@id":"https:\/\/www.sistemametra.com.br\/blog\/#\/schema\/logo\/image\/"},"sameAs":["https:\/\/www.facebook.com\/metraweb","https:\/\/www.linkedin.com\/company\/metra-web\/?viewAsMember=true","https:\/\/www.youtube.com\/@SistemaMetra"]},{"@type":"Person","@id":"https:\/\/www.sistemametra.com.br\/blog\/#\/schema\/person\/7c04d9110a7e64758ca9951890e56d82","name":"Anderson Fernandes","pronouns":"Ele","image":{"@type":"ImageObject","inLanguage":"pt-BR","@id":"https:\/\/secure.gravatar.com\/avatar\/fbe9c5fc3e57710af6aceaea09e3d466e4721a3069e8568b6c9655c7231c5b5e?s=96&d=mm&r=g","url":"https:\/\/secure.gravatar.com\/avatar\/fbe9c5fc3e57710af6aceaea09e3d466e4721a3069e8568b6c9655c7231c5b5e?s=96&d=mm&r=g","contentUrl":"https:\/\/secure.gravatar.com\/avatar\/fbe9c5fc3e57710af6aceaea09e3d466e4721a3069e8568b6c9655c7231c5b5e?s=96&d=mm&r=g","caption":"Anderson Fernandes"},"description":"Com forma\u00e7\u00e3o superior \u00e9 t\u00e9cnico em Seguran\u00e7a do Trabalho do Sistema Metra. H\u00e1 30 anos trabalhando ininterruptamente na \u00e1rea desde 2002. Formado ainda no Curso de Tecn\u00f3logo em Seguran\u00e7a do Trabalho e cursando Engenharia visando a p\u00f3s gradua\u00e7\u00e3o em Seguran\u00e7a do Trabalho. Atua ainda como int\u00e9rprete de LIBRAS e atualmente \u00e9 consultor de diversas empresas em ramos de atividade como: Minera\u00e7\u00e3o, Automobil\u00edstica, Manuten\u00e7\u00e3o El\u00e9trica de Grande Porte, Cer\u00e2mica, Refrat\u00e1rios, Sa\u00fade entre outros. \u00c9 propriet\u00e1rio da empresa Mais Sa\u00fade e Seguran\u00e7a do Trabalho e atende seus clientes de forma personalizada moldando a\u00e7\u00f5es conforme as caracter\u00edsticas de cliente.","sameAs":["https:\/\/www.sistemametra.com.br","https:\/\/www.instagram.com\/andfergom17121999"],"url":"https:\/\/www.sistemametra.com.br\/blog\/author\/anderson-fernandes\/"},{"@type":"Question","@id":"https:\/\/www.sistemametra.com.br\/blog\/epi-equipamento-de-protecao-individual\/#faq-question-1777674789527","position":1,"url":"https:\/\/www.sistemametra.com.br\/blog\/epi-equipamento-de-protecao-individual\/#faq-question-1777674789527","name":"O que significa EPI?","answerCount":1,"acceptedAnswer":{"@type":"Answer","text":"EPI significa <strong>Equipamento de Prote\u00e7\u00e3o Individual<\/strong>. \u00c9 o equipamento usado por uma pessoa para se proteger contra riscos do ambiente de trabalho.","inLanguage":"pt-BR"},"inLanguage":"pt-BR"},{"@type":"Question","@id":"https:\/\/www.sistemametra.com.br\/blog\/epi-equipamento-de-protecao-individual\/#faq-question-1777674850041","position":2,"url":"https:\/\/www.sistemametra.com.br\/blog\/epi-equipamento-de-protecao-individual\/#faq-question-1777674850041","name":"Para que serve o EPI?","answerCount":1,"acceptedAnswer":{"@type":"Answer","text":"Serve para reduzir a exposi\u00e7\u00e3o do trabalhador a riscos como cortes, quedas, impactos, ru\u00eddo, poeira, produtos qu\u00edmicos, agentes biol\u00f3gicos, calor, frio e eletricidade.","inLanguage":"pt-BR"},"inLanguage":"pt-BR"},{"@type":"Question","@id":"https:\/\/www.sistemametra.com.br\/blog\/epi-equipamento-de-protecao-individual\/#faq-question-1777674851002","position":3,"url":"https:\/\/www.sistemametra.com.br\/blog\/epi-equipamento-de-protecao-individual\/#faq-question-1777674851002","name":"Quem deve fornecer o EPI?","answerCount":1,"acceptedAnswer":{"@type":"Answer","text":"A empresa deve fornecer o EPI adequado ao risco, gratuitamente, em bom estado de conserva\u00e7\u00e3o e funcionamento, al\u00e9m de orientar e treinar o trabalhador.","inLanguage":"pt-BR"},"inLanguage":"pt-BR"},{"@type":"Question","@id":"https:\/\/www.sistemametra.com.br\/blog\/epi-equipamento-de-protecao-individual\/#faq-question-1777674851809","position":4,"url":"https:\/\/www.sistemametra.com.br\/blog\/epi-equipamento-de-protecao-individual\/#faq-question-1777674851809","name":"O trabalhador \u00e9 obrigado a usar EPI?","answerCount":1,"acceptedAnswer":{"@type":"Answer","text":"Sim, quando o uso for necess\u00e1rio para a atividade. O trabalhador deve usar corretamente, conservar e comunicar problemas no equipamento.","inLanguage":"pt-BR"},"inLanguage":"pt-BR"},{"@type":"Question","@id":"https:\/\/www.sistemametra.com.br\/blog\/epi-equipamento-de-protecao-individual\/#faq-question-1777674852498","position":5,"url":"https:\/\/www.sistemametra.com.br\/blog\/epi-equipamento-de-protecao-individual\/#faq-question-1777674852498","name":"Qual a diferen\u00e7a entre EPI e EPC?","answerCount":1,"acceptedAnswer":{"@type":"Answer","text":"EPI protege uma pessoa. EPC protege v\u00e1rias pessoas ao mesmo tempo. Capacete e luva s\u00e3o EPIs. Guarda-corpo, sinaliza\u00e7\u00e3o e ventila\u00e7\u00e3o s\u00e3o exemplos de EPCs.","inLanguage":"pt-BR"},"inLanguage":"pt-BR"},{"@type":"Question","@id":"https:\/\/www.sistemametra.com.br\/blog\/epi-equipamento-de-protecao-individual\/#faq-question-1777674897212","position":6,"url":"https:\/\/www.sistemametra.com.br\/blog\/epi-equipamento-de-protecao-individual\/#faq-question-1777674897212","name":"Todo EPI precisa ter CA?","answerCount":1,"acceptedAnswer":{"@type":"Answer","text":"Sim. A NR-6 determina que o EPI s\u00f3 pode ser comercializado ou utilizado com indica\u00e7\u00e3o do Certificado de Aprova\u00e7\u00e3o, expedido pelo \u00f3rg\u00e3o competente.","inLanguage":"pt-BR"},"inLanguage":"pt-BR"},{"@type":"Question","@id":"https:\/\/www.sistemametra.com.br\/blog\/epi-equipamento-de-protecao-individual\/#faq-question-1777674898056","position":7,"url":"https:\/\/www.sistemametra.com.br\/blog\/epi-equipamento-de-protecao-individual\/#faq-question-1777674898056","name":"Luva, bota e capacete servem para qualquer atividade?","answerCount":1,"acceptedAnswer":{"@type":"Answer","text":"N\u00e3o. Cada EPI deve ser escolhido conforme o risco. Existem luvas, botas e capacetes com finalidades diferentes.","inLanguage":"pt-BR"},"inLanguage":"pt-BR"}]}},"_links":{"self":[{"href":"https:\/\/www.sistemametra.com.br\/blog\/wp-json\/wp\/v2\/posts\/998","targetHints":{"allow":["GET"]}}],"collection":[{"href":"https:\/\/www.sistemametra.com.br\/blog\/wp-json\/wp\/v2\/posts"}],"about":[{"href":"https:\/\/www.sistemametra.com.br\/blog\/wp-json\/wp\/v2\/types\/post"}],"author":[{"embeddable":true,"href":"https:\/\/www.sistemametra.com.br\/blog\/wp-json\/wp\/v2\/users\/3"}],"replies":[{"embeddable":true,"href":"https:\/\/www.sistemametra.com.br\/blog\/wp-json\/wp\/v2\/comments?post=998"}],"version-history":[{"count":4,"href":"https:\/\/www.sistemametra.com.br\/blog\/wp-json\/wp\/v2\/posts\/998\/revisions"}],"predecessor-version":[{"id":1005,"href":"https:\/\/www.sistemametra.com.br\/blog\/wp-json\/wp\/v2\/posts\/998\/revisions\/1005"}],"wp:featuredmedia":[{"embeddable":true,"href":"https:\/\/www.sistemametra.com.br\/blog\/wp-json\/wp\/v2\/media\/1000"}],"wp:attachment":[{"href":"https:\/\/www.sistemametra.com.br\/blog\/wp-json\/wp\/v2\/media?parent=998"}],"wp:term":[{"taxonomy":"category","embeddable":true,"href":"https:\/\/www.sistemametra.com.br\/blog\/wp-json\/wp\/v2\/categories?post=998"},{"taxonomy":"post_tag","embeddable":true,"href":"https:\/\/www.sistemametra.com.br\/blog\/wp-json\/wp\/v2\/tags?post=998"}],"curies":[{"name":"wp","href":"https:\/\/api.w.org\/{rel}","templated":true}]}}